{"id":98313,"date":"2023-01-25T17:52:19","date_gmt":"2023-01-25T17:52:19","guid":{"rendered":"https:\/\/quehacerpolitico.mx\/?p=98313"},"modified":"2023-01-25T17:52:22","modified_gmt":"2023-01-25T17:52:22","slug":"lopez-obrador-rechaza-que-plan-b-de-reforma-electoral-pueda-colapsar-a-ine","status":"publish","type":"post","link":"https:\/\/quehacerpolitico.mx\/?p=98313","title":{"rendered":"L\u00f3pez Obrador rechaza que Plan B de reforma electoral pueda colapsar a INE"},"content":{"rendered":"\n<p>Por Redacci\u00f3n QP<\/p>\n\n\n\n<p>El Mandatario cuestion\u00f3 la pr\u00f3xima y segunda movilizaci\u00f3n que habr\u00e1 en defensa del INE<\/p>\n\n\n\n<p>El Presidente\u00a0Andres Manuel Lopez Obrador inform\u00f3 que su\u00a0Plan B de reforma electoral pueda colapsar al INE o poner<strong>\u00a0en riesgo en la organizaci\u00f3n de las elecciones de 2024, porque solo es que gasten menos recursos.<\/strong><\/p>\n\n\n\n<p>Record\u00f3 que cuando lleg\u00f3 Presidencia de la Rep\u00fablica<strong>\u00a0se ejerc\u00eda un presupuesto de 3 mil 600 millones de pesos, y el a\u00f1o pasado se ejerci\u00f3 500 millones de pesos.<\/strong><\/p>\n\n\n\n<p>&#8220;Y como dice que le va a pasar a la\u00a0INE, se va a colapsar, \u00bfse colaps\u00f3 la Presidencia\u2019, no entonces, pero\u00a0<strong>ellos ganaron, se quedaron con ese presupuesto, los partidos tambi\u00e9n, con much\u00edsimo dinero en vez de 500 diputados propusimos 300, quitar a los pluris, ellos ganaron porque \u00b4el INE no se toca\u00b4 y habr\u00e1n 500.<\/strong><\/p>\n\n\n\n<figure class=\"wp-block-embed is-type-rich is-provider-twitter wp-block-embed-twitter\"><div class=\"wp-block-embed__wrapper\">\n<blockquote class=\"twitter-tweet\" data-width=\"550\" data-dnt=\"true\"><p lang=\"es\" dir=\"ltr\">AMLO llama arribistas y afirma que el Instituto Nacional Electoral no tiene vocaci\u00f3n democr\u00e1tica.<br><br>Esto despu\u00e9s de que el <a href=\"https:\/\/twitter.com\/INEMexico?ref_src=twsrc%5Etfw\">@INEMexico<\/a> dijera que el &quot;plan B&quot; de reforma electoral pone en riesgo la organizaci\u00f3n de elecciones. <a href=\"https:\/\/t.co\/3kEgEcWmwB\">pic.twitter.com\/3kEgEcWmwB<\/a><\/p>&mdash; Ruido en la Red (@RuidoEnLaRed) <a href=\"https:\/\/twitter.com\/RuidoEnLaRed\/status\/1618266875963805696?ref_src=twsrc%5Etfw\">January 25, 2023<\/a><\/blockquote><script async src=\"https:\/\/platform.twitter.com\/widgets.js\" charset=\"utf-8\"><\/script>\n<\/div><\/figure>\n\n\n\n<p>&#8220;Ellos ganaron porque plantemos que solo existiera un Instituto que organizara las elecciones no 32, ganaron porque \u00b4el INE no se toca\u00b4,<strong>&nbsp;lo \u00fanico que se logr\u00f3 es que se reduzcan en sueldo y eso los lleva a presentar una controversia constitucional, nada, nada&#8221;.<\/strong><\/p>\n\n\n\n<p>En conferencia de prensa, el Mandatario cuestion\u00f3 la nueva movilizaci\u00f3n convocada por organizaciones en defensa del Instituto, porque si ellos fueron los que ganaron de qu\u00e9 van a defender al INE.<\/p>\n\n\n\n<p>&#8220;Me dec\u00edan que iban a hacer una marcha, \u00bfno exageran?, solo que usen esa marcha sea para defender a Garc\u00eda Luna, pero \u00bfqu\u00e9 le van a defender al INE si ganaron, si el INE no se toca? a lo mejor Claudio (X Gonz\u00e1lez) y<strong>&nbsp;los machuchones est\u00e1n pensando en eso, en hacer una marcha para defender a Garc\u00eda Luna y sacar como excusa que el INE no se toca, ya chole&#8221;.<\/strong><\/p>\n\n\n\n<p>El presidente L\u00f3pez Obrador les pidi\u00f3 quitarse la m\u00e1scara por completo y que<strong>\u00a0salgan en defensa del exsecretario de Seguridad P\u00fablica investigado en Estados Unidos<\/strong>\u00a0por supuestos v\u00ednculos con el narcotr\u00e1fico.<\/p>\n\n\n\n<p>Con Informaci\u00f3n de SUN <\/p>\n","protected":false},"excerpt":{"rendered":"<p>Por Redacci\u00f3n QP El Mandatario cuestion\u00f3 la pr\u00f3xima y segunda movilizaci\u00f3n que habr\u00e1 en defensa&#8230;<\/p>\n","protected":false},"author":2,"featured_media":98314,"comment_status":"open","ping_status":"open","sticky":false,"template":"","format":"standard","meta":{"_monsterinsights_skip_tracking":false,"_monsterinsights_sitenote_active":false,"_monsterinsights_sitenote_note":"","_monsterinsights_sitenote_category":0,"footnotes":""},"categories":[2],"tags":[],"class_list":["post-98313","post","type-post","status-publish","format-standard","has-post-thumbnail","hentry","category-noticias"],"yoast_head":"<!-- This site is optimized with the Yoast SEO plugin v27.3 - https:\/\/yoast.com\/product\/yoast-seo-wordpress\/ -->\n<title>L\u00f3pez Obrador rechaza que Plan B de reforma electoral pueda colapsar a INE -<\/title>\n<meta name=\"robots\" content=\"index, follow, max-snippet:-1, max-image-preview:large, max-video-preview:-1\" \/>\n<link rel=\"canonical\" href=\"https:\/\/quehacerpolitico.mx\/?p=98313\" \/>\n<meta property=\"og:locale\" content=\"es_MX\" \/>\n<meta property=\"og:type\" content=\"article\" \/>\n<meta property=\"og:title\" content=\"L\u00f3pez Obrador rechaza que Plan B de reforma electoral pueda colapsar a INE -\" \/>\n<meta property=\"og:description\" content=\"Por Redacci\u00f3n QP El Mandatario cuestion\u00f3 la pr\u00f3xima y segunda movilizaci\u00f3n que habr\u00e1 en defensa...\" \/>\n<meta property=\"og:url\" content=\"https:\/\/quehacerpolitico.mx\/?p=98313\" \/>\n<meta property=\"article:published_time\" content=\"2023-01-25T17:52:19+00:00\" \/>\n<meta property=\"article:modified_time\" content=\"2023-01-25T17:52:22+00:00\" \/>\n<meta property=\"og:image\" content=\"https:\/\/quehacerpolitico.mx\/wp-content\/uploads\/2023\/01\/97C4250A-0798-4857-9BD8-FCEBAA0B8FCA.jpeg\" \/>\n\t<meta property=\"og:image:width\" content=\"1284\" \/>\n\t<meta property=\"og:image:height\" content=\"693\" \/>\n\t<meta property=\"og:image:type\" content=\"image\/jpeg\" \/>\n<meta name=\"author\" content=\"Redacci\u00f3n QP\" \/>\n<meta name=\"twitter:card\" content=\"summary_large_image\" \/>\n<meta name=\"twitter:label1\" content=\"Escrito por\" \/>\n\t<meta name=\"twitter:data1\" content=\"Redacci\u00f3n QP\" \/>\n\t<meta name=\"twitter:label2\" content=\"Tiempo de lectura\" \/>\n\t<meta name=\"twitter:data2\" content=\"2 minutos\" \/>\n<script type=\"application\/ld+json\" class=\"yoast-schema-graph\">{\"@context\":\"https:\\\/\\\/schema.org\",\"@graph\":[{\"@type\":\"Article\",\"@id\":\"https:\\\/\\\/quehacerpolitico.mx\\\/?p=98313#article\",\"isPartOf\":{\"@id\":\"https:\\\/\\\/quehacerpolitico.mx\\\/?p=98313\"},\"author\":{\"name\":\"Redacci\u00f3n QP\",\"@id\":\"https:\\\/\\\/quehacerpolitico.mx\\\/#\\\/schema\\\/person\\\/496d8ad2d1d3f8036101dca7ee39e585\"},\"headline\":\"L\u00f3pez Obrador rechaza que Plan B de reforma electoral pueda colapsar a INE\",\"datePublished\":\"2023-01-25T17:52:19+00:00\",\"dateModified\":\"2023-01-25T17:52:22+00:00\",\"mainEntityOfPage\":{\"@id\":\"https:\\\/\\\/quehacerpolitico.mx\\\/?p=98313\"},\"wordCount\":363,\"commentCount\":0,\"image\":{\"@id\":\"https:\\\/\\\/quehacerpolitico.mx\\\/?p=98313#primaryimage\"},\"thumbnailUrl\":\"https:\\\/\\\/quehacerpolitico.mx\\\/wp-content\\\/uploads\\\/2023\\\/01\\\/97C4250A-0798-4857-9BD8-FCEBAA0B8FCA.jpeg\",\"articleSection\":[\"Noticias\"],\"inLanguage\":\"es\",\"potentialAction\":[{\"@type\":\"CommentAction\",\"name\":\"Comment\",\"target\":[\"https:\\\/\\\/quehacerpolitico.mx\\\/?p=98313#respond\"]}]},{\"@type\":\"WebPage\",\"@id\":\"https:\\\/\\\/quehacerpolitico.mx\\\/?p=98313\",\"url\":\"https:\\\/\\\/quehacerpolitico.mx\\\/?p=98313\",\"name\":\"L\u00f3pez Obrador rechaza que Plan B de reforma electoral pueda colapsar a INE -\",\"isPartOf\":{\"@id\":\"https:\\\/\\\/quehacerpolitico.mx\\\/#website\"},\"primaryImageOfPage\":{\"@id\":\"https:\\\/\\\/quehacerpolitico.mx\\\/?p=98313#primaryimage\"},\"image\":{\"@id\":\"https:\\\/\\\/quehacerpolitico.mx\\\/?p=98313#primaryimage\"},\"thumbnailUrl\":\"https:\\\/\\\/quehacerpolitico.mx\\\/wp-content\\\/uploads\\\/2023\\\/01\\\/97C4250A-0798-4857-9BD8-FCEBAA0B8FCA.jpeg\",\"datePublished\":\"2023-01-25T17:52:19+00:00\",\"dateModified\":\"2023-01-25T17:52:22+00:00\",\"author\":{\"@id\":\"https:\\\/\\\/quehacerpolitico.mx\\\/#\\\/schema\\\/person\\\/496d8ad2d1d3f8036101dca7ee39e585\"},\"breadcrumb\":{\"@id\":\"https:\\\/\\\/quehacerpolitico.mx\\\/?p=98313#breadcrumb\"},\"inLanguage\":\"es\",\"potentialAction\":[{\"@type\":\"ReadAction\",\"target\":[\"https:\\\/\\\/quehacerpolitico.mx\\\/?p=98313\"]}]},{\"@type\":\"ImageObject\",\"inLanguage\":\"es\",\"@id\":\"https:\\\/\\\/quehacerpolitico.mx\\\/?p=98313#primaryimage\",\"url\":\"https:\\\/\\\/quehacerpolitico.mx\\\/wp-content\\\/uploads\\\/2023\\\/01\\\/97C4250A-0798-4857-9BD8-FCEBAA0B8FCA.jpeg\",\"contentUrl\":\"https:\\\/\\\/quehacerpolitico.mx\\\/wp-content\\\/uploads\\\/2023\\\/01\\\/97C4250A-0798-4857-9BD8-FCEBAA0B8FCA.jpeg\",\"width\":1284,\"height\":693},{\"@type\":\"BreadcrumbList\",\"@id\":\"https:\\\/\\\/quehacerpolitico.mx\\\/?p=98313#breadcrumb\",\"itemListElement\":[{\"@type\":\"ListItem\",\"position\":1,\"name\":\"Inicio\",\"item\":\"https:\\\/\\\/quehacerpolitico.mx\\\/\"},{\"@type\":\"ListItem\",\"position\":2,\"name\":\"L\u00f3pez Obrador rechaza que Plan B de reforma electoral pueda colapsar a INE\"}]},{\"@type\":\"WebSite\",\"@id\":\"https:\\\/\\\/quehacerpolitico.mx\\\/#website\",\"url\":\"https:\\\/\\\/quehacerpolitico.mx\\\/\",\"name\":\"\",\"description\":\"\",\"potentialAction\":[{\"@type\":\"SearchAction\",\"target\":{\"@type\":\"EntryPoint\",\"urlTemplate\":\"https:\\\/\\\/quehacerpolitico.mx\\\/?s={search_term_string}\"},\"query-input\":{\"@type\":\"PropertyValueSpecification\",\"valueRequired\":true,\"valueName\":\"search_term_string\"}}],\"inLanguage\":\"es\"},{\"@type\":\"Person\",\"@id\":\"https:\\\/\\\/quehacerpolitico.mx\\\/#\\\/schema\\\/person\\\/496d8ad2d1d3f8036101dca7ee39e585\",\"name\":\"Redacci\u00f3n QP\",\"image\":{\"@type\":\"ImageObject\",\"inLanguage\":\"es\",\"@id\":\"https:\\\/\\\/secure.gravatar.com\\\/avatar\\\/c7164ed6fdec453195284ad24a5ae5b6e1eed2b848477fa2a4787ba9adf39a41?s=96&d=mm&r=g\",\"url\":\"https:\\\/\\\/secure.gravatar.com\\\/avatar\\\/c7164ed6fdec453195284ad24a5ae5b6e1eed2b848477fa2a4787ba9adf39a41?s=96&d=mm&r=g\",\"contentUrl\":\"https:\\\/\\\/secure.gravatar.com\\\/avatar\\\/c7164ed6fdec453195284ad24a5ae5b6e1eed2b848477fa2a4787ba9adf39a41?s=96&d=mm&r=g\",\"caption\":\"Redacci\u00f3n QP\"},\"url\":\"https:\\\/\\\/quehacerpolitico.mx\\\/?author=2\"}]}<\/script>\n<!-- \/ Yoast SEO plugin. -->","yoast_head_json":{"title":"L\u00f3pez Obrador rechaza que Plan B de reforma electoral pueda colapsar a INE -","robots":{"index":"index","follow":"follow","max-snippet":"max-snippet:-1","max-image-preview":"max-image-preview:large","max-video-preview":"max-video-preview:-1"},"canonical":"https:\/\/quehacerpolitico.mx\/?p=98313","og_locale":"es_MX","og_type":"article","og_title":"L\u00f3pez Obrador rechaza que Plan B de reforma electoral pueda colapsar a INE -","og_description":"Por Redacci\u00f3n QP El Mandatario cuestion\u00f3 la pr\u00f3xima y segunda movilizaci\u00f3n que habr\u00e1 en defensa...","og_url":"https:\/\/quehacerpolitico.mx\/?p=98313","article_published_time":"2023-01-25T17:52:19+00:00","article_modified_time":"2023-01-25T17:52:22+00:00","og_image":[{"width":1284,"height":693,"url":"https:\/\/quehacerpolitico.mx\/wp-content\/uploads\/2023\/01\/97C4250A-0798-4857-9BD8-FCEBAA0B8FCA.jpeg","type":"image\/jpeg"}],"author":"Redacci\u00f3n QP","twitter_card":"summary_large_image","twitter_misc":{"Escrito por":"Redacci\u00f3n QP","Tiempo de lectura":"2 minutos"},"schema":{"@context":"https:\/\/schema.org","@graph":[{"@type":"Article","@id":"https:\/\/quehacerpolitico.mx\/?p=98313#article","isPartOf":{"@id":"https:\/\/quehacerpolitico.mx\/?p=98313"},"author":{"name":"Redacci\u00f3n QP","@id":"https:\/\/quehacerpolitico.mx\/#\/schema\/person\/496d8ad2d1d3f8036101dca7ee39e585"},"headline":"L\u00f3pez Obrador rechaza que Plan B de reforma electoral pueda colapsar a INE","datePublished":"2023-01-25T17:52:19+00:00","dateModified":"2023-01-25T17:52:22+00:00","mainEntityOfPage":{"@id":"https:\/\/quehacerpolitico.mx\/?p=98313"},"wordCount":363,"commentCount":0,"image":{"@id":"https:\/\/quehacerpolitico.mx\/?p=98313#primaryimage"},"thumbnailUrl":"https:\/\/quehacerpolitico.mx\/wp-content\/uploads\/2023\/01\/97C4250A-0798-4857-9BD8-FCEBAA0B8FCA.jpeg","articleSection":["Noticias"],"inLanguage":"es","potentialAction":[{"@type":"CommentAction","name":"Comment","target":["https:\/\/quehacerpolitico.mx\/?p=98313#respond"]}]},{"@type":"WebPage","@id":"https:\/\/quehacerpolitico.mx\/?p=98313","url":"https:\/\/quehacerpolitico.mx\/?p=98313","name":"L\u00f3pez Obrador rechaza que Plan B de reforma electoral pueda colapsar a INE -","isPartOf":{"@id":"https:\/\/quehacerpolitico.mx\/#website"},"primaryImageOfPage":{"@id":"https:\/\/quehacerpolitico.mx\/?p=98313#primaryimage"},"image":{"@id":"https:\/\/quehacerpolitico.mx\/?p=98313#primaryimage"},"thumbnailUrl":"https:\/\/quehacerpolitico.mx\/wp-content\/uploads\/2023\/01\/97C4250A-0798-4857-9BD8-FCEBAA0B8FCA.jpeg","datePublished":"2023-01-25T17:52:19+00:00","dateModified":"2023-01-25T17:52:22+00:00","author":{"@id":"https:\/\/quehacerpolitico.mx\/#\/schema\/person\/496d8ad2d1d3f8036101dca7ee39e585"},"breadcrumb":{"@id":"https:\/\/quehacerpolitico.mx\/?p=98313#breadcrumb"},"inLanguage":"es","potentialAction":[{"@type":"ReadAction","target":["https:\/\/quehacerpolitico.mx\/?p=98313"]}]},{"@type":"ImageObject","inLanguage":"es","@id":"https:\/\/quehacerpolitico.mx\/?p=98313#primaryimage","url":"https:\/\/quehacerpolitico.mx\/wp-content\/uploads\/2023\/01\/97C4250A-0798-4857-9BD8-FCEBAA0B8FCA.jpeg","contentUrl":"https:\/\/quehacerpolitico.mx\/wp-content\/uploads\/2023\/01\/97C4250A-0798-4857-9BD8-FCEBAA0B8FCA.jpeg","width":1284,"height":693},{"@type":"BreadcrumbList","@id":"https:\/\/quehacerpolitico.mx\/?p=98313#breadcrumb","itemListElement":[{"@type":"ListItem","position":1,"name":"Inicio","item":"https:\/\/quehacerpolitico.mx\/"},{"@type":"ListItem","position":2,"name":"L\u00f3pez Obrador rechaza que Plan B de reforma electoral pueda colapsar a INE"}]},{"@type":"WebSite","@id":"https:\/\/quehacerpolitico.mx\/#website","url":"https:\/\/quehacerpolitico.mx\/","name":"","description":"","potentialAction":[{"@type":"SearchAction","target":{"@type":"EntryPoint","urlTemplate":"https:\/\/quehacerpolitico.mx\/?s={search_term_string}"},"query-input":{"@type":"PropertyValueSpecification","valueRequired":true,"valueName":"search_term_string"}}],"inLanguage":"es"},{"@type":"Person","@id":"https:\/\/quehacerpolitico.mx\/#\/schema\/person\/496d8ad2d1d3f8036101dca7ee39e585","name":"Redacci\u00f3n QP","image":{"@type":"ImageObject","inLanguage":"es","@id":"https:\/\/secure.gravatar.com\/avatar\/c7164ed6fdec453195284ad24a5ae5b6e1eed2b848477fa2a4787ba9adf39a41?s=96&d=mm&r=g","url":"https:\/\/secure.gravatar.com\/avatar\/c7164ed6fdec453195284ad24a5ae5b6e1eed2b848477fa2a4787ba9adf39a41?s=96&d=mm&r=g","contentUrl":"https:\/\/secure.gravatar.com\/avatar\/c7164ed6fdec453195284ad24a5ae5b6e1eed2b848477fa2a4787ba9adf39a41?s=96&d=mm&r=g","caption":"Redacci\u00f3n QP"},"url":"https:\/\/quehacerpolitico.mx\/?author=2"}]}},"featured_image_urls":{"full":["https:\/\/quehacerpolitico.mx\/wp-content\/uploads\/2023\/01\/97C4250A-0798-4857-9BD8-FCEBAA0B8FCA.jpeg",1284,693,false],"thumbnail":["https:\/\/quehacerpolitico.mx\/wp-content\/uploads\/2023\/01\/97C4250A-0798-4857-9BD8-FCEBAA0B8FCA-150x150.jpeg",150,150,true],"medium":["https:\/\/quehacerpolitico.mx\/wp-content\/uploads\/2023\/01\/97C4250A-0798-4857-9BD8-FCEBAA0B8FCA-300x162.jpeg",300,162,true],"medium_large":["https:\/\/quehacerpolitico.mx\/wp-content\/uploads\/2023\/01\/97C4250A-0798-4857-9BD8-FCEBAA0B8FCA-768x415.jpeg",640,346,true],"large":["https:\/\/quehacerpolitico.mx\/wp-content\/uploads\/2023\/01\/97C4250A-0798-4857-9BD8-FCEBAA0B8FCA-1024x553.jpeg",640,346,true],"1536x1536":["https:\/\/quehacerpolitico.mx\/wp-content\/uploads\/2023\/01\/97C4250A-0798-4857-9BD8-FCEBAA0B8FCA.jpeg",1284,693,false],"2048x2048":["https:\/\/quehacerpolitico.mx\/wp-content\/uploads\/2023\/01\/97C4250A-0798-4857-9BD8-FCEBAA0B8FCA.jpeg",1284,693,false],"covernews-featured":["https:\/\/quehacerpolitico.mx\/wp-content\/uploads\/2023\/01\/97C4250A-0798-4857-9BD8-FCEBAA0B8FCA.jpeg",1024,553,false],"covernews-medium":["https:\/\/quehacerpolitico.mx\/wp-content\/uploads\/2023\/01\/97C4250A-0798-4857-9BD8-FCEBAA0B8FCA.jpeg",540,291,false]},"author_info":{"display_name":"Redacci\u00f3n QP","author_link":"https:\/\/quehacerpolitico.mx\/?author=2"},"category_info":"<a href=\"https:\/\/quehacerpolitico.mx\/?cat=2\" rel=\"category\">Noticias<\/a>","tag_info":"Noticias","comment_count":"0","_links":{"self":[{"href":"https:\/\/quehacerpolitico.mx\/index.php?rest_route=\/wp\/v2\/posts\/98313","targetHints":{"allow":["GET"]}}],"collection":[{"href":"https:\/\/quehacerpolitico.mx\/index.php?rest_route=\/wp\/v2\/posts"}],"about":[{"href":"https:\/\/quehacerpolitico.mx\/index.php?rest_route=\/wp\/v2\/types\/post"}],"author":[{"embeddable":true,"href":"https:\/\/quehacerpolitico.mx\/index.php?rest_route=\/wp\/v2\/users\/2"}],"replies":[{"embeddable":true,"href":"https:\/\/quehacerpolitico.mx\/index.php?rest_route=%2Fwp%2Fv2%2Fcomments&post=98313"}],"version-history":[{"count":1,"href":"https:\/\/quehacerpolitico.mx\/index.php?rest_route=\/wp\/v2\/posts\/98313\/revisions"}],"predecessor-version":[{"id":98315,"href":"https:\/\/quehacerpolitico.mx\/index.php?rest_route=\/wp\/v2\/posts\/98313\/revisions\/98315"}],"wp:featuredmedia":[{"embeddable":true,"href":"https:\/\/quehacerpolitico.mx\/index.php?rest_route=\/wp\/v2\/media\/98314"}],"wp:attachment":[{"href":"https:\/\/quehacerpolitico.mx\/index.php?rest_route=%2Fwp%2Fv2%2Fmedia&parent=98313"}],"wp:term":[{"taxonomy":"category","embeddable":true,"href":"https:\/\/quehacerpolitico.mx\/index.php?rest_route=%2Fwp%2Fv2%2Fcategories&post=98313"},{"taxonomy":"post_tag","embeddable":true,"href":"https:\/\/quehacerpolitico.mx\/index.php?rest_route=%2Fwp%2Fv2%2Ftags&post=98313"}],"curies":[{"name":"wp","href":"https:\/\/api.w.org\/{rel}","templated":true}]}}