{"id":98310,"date":"2023-01-25T17:21:59","date_gmt":"2023-01-25T17:21:59","guid":{"rendered":"https:\/\/quehacerpolitico.mx\/?p=98310"},"modified":"2023-01-25T17:22:03","modified_gmt":"2023-01-25T17:22:03","slug":"plan-b-pone-en-riesgo-eleccion-de-2024-ine","status":"publish","type":"post","link":"https:\/\/quehacerpolitico.mx\/?p=98310","title":{"rendered":"Plan B pone en riesgo elecci\u00f3n de 2024: INE"},"content":{"rendered":"\n<p>Por Redacci\u00f3n QP<\/p>\n\n\n\n<p>Advierten que se pone en riesgo el mecanismo de vigilancia a la democracia del pa\u00eds<\/p>\n\n\n\n<p>El\u00a0Plan B de la reforma electoral pone en riesgo la organizaci\u00f3n de las elecciones de 2024 con el adelgazamiento de<strong>\u00a0la estructura del \u00f3rgano electoral, la reducci\u00f3n de personal y la vulneraci\u00f3n de su autonom\u00eda e independencia, alert\u00f3 el Instituto Nacional Electoral en un an\u00e1lisis interno.<\/strong><\/p>\n\n\n\n<p>El documento, que ser\u00e1 presentado ante el Consejo General del INE este mi\u00e9rcoles, apunta que el proyecto de decreto propone una profunda reestructura org\u00e1nica del INE,<strong>\u00a0tanto de \u00f3rganos y \u00e1reas centrales como de sus \u00f3rganos desconcentrados, que reduce sus conformaciones en aras de ahorro y austeridad,<\/strong>\u00a0sin un an\u00e1lisis previo.<\/p>\n\n\n\n<p>Lo anterior, advierte,\u00a0<strong>&#8220;pone en riesgo severo la organizaci\u00f3n de elecciones y de mecanismos de participaci\u00f3n ciudadanas bajo los principios<\/strong>\u00a0y est\u00e1ndares establecidos, as\u00ed como de otras actividades sustantivas de car\u00e1cter permanente que afectan el ejercicio efectivo de derechos fundamentales de naturaleza pol\u00edtica, a la identidad y a la informaci\u00f3n, entre otros&#8221;.<\/p>\n\n\n\n<p>El INE expuso que hay riesgo de que no existan los instrumentos de coordinaci\u00f3n y colaboraci\u00f3n debidamente formalizados previamente al inicio del proceso electoral concurrente a efectuarse en 2024, lo cual<strong>&nbsp;podr\u00eda derivar en la incertidumbre de la distribuci\u00f3n de las tareas a realizar por cada una de las partes e incurrir en retrasos que interfieran en desarrollo de los procesos electorales.<\/strong><\/p>\n\n\n\n<p>Adem\u00e1s, se\u00f1ala que la reforma no responde a criterios t\u00e9cnicos, sino de &#8220;oportunidad pol\u00edtica&#8221;.<\/p>\n\n\n\n<p><strong>&#8220;Los dos decretos de reformas (el que ya se public\u00f3 y entr\u00f3 en vigor, as\u00ed como el que est\u00e1 pendiente de concluir con su proceso legislativo)<\/strong>tendr\u00e1n repercusiones negativas en el ejercicio de la funci\u00f3n estatal de organizar las elecciones en nuestro pa\u00eds, pues afectar\u00e1n aspectos sustanciales para la organizaci\u00f3n de los comicios, as\u00ed como tambi\u00e9n las condiciones de la competencia electoral&#8221;, subraya.<\/p>\n\n\n\n<p>Sostiene que la reforma electoral modifica la naturaleza constitucional de los \u00f3rganos directivos, ejecutivos, t\u00e9cnicos y de vigilancia del INE, lo cual &#8220;tergiversa y confunde su car\u00e1cter&#8221;.<\/p>\n\n\n\n<p>Adem\u00e1s, se\u00f1ala que al \u00d3rgano Interno de Control del INE se le adicionan funciones que rebasan de manera excesiva su funci\u00f3n constitucional de&nbsp;<strong>fiscalizar los ingresos y egresos de la autoridad electoral nacional.<\/strong><\/p>\n\n\n\n<p><strong>Respecto a la publicidad oficial, expuso que los cambios inciden en la eficacia de garant\u00edas constitucionales dispuestas para generar condiciones de equidad en la contienda<\/strong>&nbsp;y, al mismo tiempo, a fin de procurar un sufragio aut\u00e9nticamente libre.<\/p>\n\n\n\n<p>El \u00f3rgano electoral tambi\u00e9n subray\u00f3 que la eliminaci\u00f3n de la sanci\u00f3n de la p\u00e9rdida del registro es una propuesta regresiva.<\/p>\n\n\n\n<p>Esta modificaci\u00f3n, alert\u00f3, &#8220;podr\u00e1 afectar algunas medidas que el INE ha implementado para prevenir, sancionar y erradicar la violencia contra las mujeres, como es la medida 3 de 3 contra la violencia para el registro de candidaturas, dado que se excluir\u00eda de la misma la manifestaci\u00f3n de no ser persona deudora alimentaria morosa o no estar inscrita en el Registro Nacional de Personas Sancionadas en materia de Violencia Pol\u00edtica contra las Mujeres en Raz\u00f3n de G\u00e9nero,&nbsp;<strong>al tratarse de sanciones distintas a las penales, as\u00ed como la posibilidad de que una persona no puede ser candidata cuando se desvirt\u00faa su modo honesto de vivir derivado de la comisi\u00f3n de violencia pol\u00edtica contra las mujeres&#8221;.<\/strong><\/p>\n\n\n\n<p>En otro punto, apunta que con la eliminaci\u00f3n de las Juntas Locales Ejecutivas se suprimir\u00edan 262 plazas, con lo que quedar\u00e1n vigentes 96 para el Servicio Profesional Electoral.<\/p>\n\n\n\n<p>En cuanto a las Juntas Distritales, se eliminar\u00edan mil 500 plazas, restando s\u00f3lo 300, es decir, que\u00a0<strong>la reforma plantea la eliminaci\u00f3n de 84.6% del Servicio Profesional Electoral.<\/strong><\/p>\n\n\n\n<p>Con informaci\u00f3n de SUN <\/p>\n","protected":false},"excerpt":{"rendered":"<p>Por Redacci\u00f3n QP Advierten que se pone en riesgo el mecanismo de vigilancia a la&#8230;<\/p>\n","protected":false},"author":2,"featured_media":98311,"comment_status":"open","ping_status":"open","sticky":false,"template":"","format":"standard","meta":{"_monsterinsights_skip_tracking":false,"_monsterinsights_sitenote_active":false,"_monsterinsights_sitenote_note":"","_monsterinsights_sitenote_category":0,"footnotes":""},"categories":[2],"tags":[],"class_list":["post-98310","post","type-post","status-publish","format-standard","has-post-thumbnail","hentry","category-noticias"],"yoast_head":"<!-- This site is optimized with the Yoast SEO plugin v27.3 - https:\/\/yoast.com\/product\/yoast-seo-wordpress\/ -->\n<title>Plan B pone en riesgo elecci\u00f3n de 2024: INE -<\/title>\n<meta name=\"robots\" content=\"index, follow, max-snippet:-1, max-image-preview:large, max-video-preview:-1\" \/>\n<link rel=\"canonical\" href=\"https:\/\/quehacerpolitico.mx\/?p=98310\" \/>\n<meta property=\"og:locale\" content=\"es_MX\" \/>\n<meta property=\"og:type\" content=\"article\" \/>\n<meta property=\"og:title\" content=\"Plan B pone en riesgo elecci\u00f3n de 2024: INE -\" \/>\n<meta property=\"og:description\" content=\"Por Redacci\u00f3n QP Advierten que se pone en riesgo el mecanismo de vigilancia a la...\" \/>\n<meta property=\"og:url\" content=\"https:\/\/quehacerpolitico.mx\/?p=98310\" \/>\n<meta property=\"article:published_time\" content=\"2023-01-25T17:21:59+00:00\" \/>\n<meta property=\"article:modified_time\" content=\"2023-01-25T17:22:03+00:00\" \/>\n<meta property=\"og:image\" content=\"https:\/\/quehacerpolitico.mx\/wp-content\/uploads\/2023\/01\/B281FE44-491D-4E49-95EA-59ED208A91DC.jpeg\" \/>\n\t<meta property=\"og:image:width\" content=\"678\" \/>\n\t<meta property=\"og:image:height\" content=\"453\" \/>\n\t<meta property=\"og:image:type\" content=\"image\/jpeg\" \/>\n<meta name=\"author\" content=\"Redacci\u00f3n QP\" \/>\n<meta name=\"twitter:card\" content=\"summary_large_image\" \/>\n<meta name=\"twitter:label1\" content=\"Escrito por\" \/>\n\t<meta name=\"twitter:data1\" content=\"Redacci\u00f3n QP\" \/>\n\t<meta name=\"twitter:label2\" content=\"Tiempo de lectura\" \/>\n\t<meta name=\"twitter:data2\" content=\"3 minutos\" \/>\n<script type=\"application\/ld+json\" class=\"yoast-schema-graph\">{\"@context\":\"https:\\\/\\\/schema.org\",\"@graph\":[{\"@type\":\"Article\",\"@id\":\"https:\\\/\\\/quehacerpolitico.mx\\\/?p=98310#article\",\"isPartOf\":{\"@id\":\"https:\\\/\\\/quehacerpolitico.mx\\\/?p=98310\"},\"author\":{\"name\":\"Redacci\u00f3n QP\",\"@id\":\"https:\\\/\\\/quehacerpolitico.mx\\\/#\\\/schema\\\/person\\\/496d8ad2d1d3f8036101dca7ee39e585\"},\"headline\":\"Plan B pone en riesgo elecci\u00f3n de 2024: INE\",\"datePublished\":\"2023-01-25T17:21:59+00:00\",\"dateModified\":\"2023-01-25T17:22:03+00:00\",\"mainEntityOfPage\":{\"@id\":\"https:\\\/\\\/quehacerpolitico.mx\\\/?p=98310\"},\"wordCount\":659,\"commentCount\":0,\"image\":{\"@id\":\"https:\\\/\\\/quehacerpolitico.mx\\\/?p=98310#primaryimage\"},\"thumbnailUrl\":\"https:\\\/\\\/quehacerpolitico.mx\\\/wp-content\\\/uploads\\\/2023\\\/01\\\/B281FE44-491D-4E49-95EA-59ED208A91DC.jpeg\",\"articleSection\":[\"Noticias\"],\"inLanguage\":\"es\",\"potentialAction\":[{\"@type\":\"CommentAction\",\"name\":\"Comment\",\"target\":[\"https:\\\/\\\/quehacerpolitico.mx\\\/?p=98310#respond\"]}]},{\"@type\":\"WebPage\",\"@id\":\"https:\\\/\\\/quehacerpolitico.mx\\\/?p=98310\",\"url\":\"https:\\\/\\\/quehacerpolitico.mx\\\/?p=98310\",\"name\":\"Plan B pone en riesgo elecci\u00f3n de 2024: INE -\",\"isPartOf\":{\"@id\":\"https:\\\/\\\/quehacerpolitico.mx\\\/#website\"},\"primaryImageOfPage\":{\"@id\":\"https:\\\/\\\/quehacerpolitico.mx\\\/?p=98310#primaryimage\"},\"image\":{\"@id\":\"https:\\\/\\\/quehacerpolitico.mx\\\/?p=98310#primaryimage\"},\"thumbnailUrl\":\"https:\\\/\\\/quehacerpolitico.mx\\\/wp-content\\\/uploads\\\/2023\\\/01\\\/B281FE44-491D-4E49-95EA-59ED208A91DC.jpeg\",\"datePublished\":\"2023-01-25T17:21:59+00:00\",\"dateModified\":\"2023-01-25T17:22:03+00:00\",\"author\":{\"@id\":\"https:\\\/\\\/quehacerpolitico.mx\\\/#\\\/schema\\\/person\\\/496d8ad2d1d3f8036101dca7ee39e585\"},\"breadcrumb\":{\"@id\":\"https:\\\/\\\/quehacerpolitico.mx\\\/?p=98310#breadcrumb\"},\"inLanguage\":\"es\",\"potentialAction\":[{\"@type\":\"ReadAction\",\"target\":[\"https:\\\/\\\/quehacerpolitico.mx\\\/?p=98310\"]}]},{\"@type\":\"ImageObject\",\"inLanguage\":\"es\",\"@id\":\"https:\\\/\\\/quehacerpolitico.mx\\\/?p=98310#primaryimage\",\"url\":\"https:\\\/\\\/quehacerpolitico.mx\\\/wp-content\\\/uploads\\\/2023\\\/01\\\/B281FE44-491D-4E49-95EA-59ED208A91DC.jpeg\",\"contentUrl\":\"https:\\\/\\\/quehacerpolitico.mx\\\/wp-content\\\/uploads\\\/2023\\\/01\\\/B281FE44-491D-4E49-95EA-59ED208A91DC.jpeg\",\"width\":678,\"height\":453},{\"@type\":\"BreadcrumbList\",\"@id\":\"https:\\\/\\\/quehacerpolitico.mx\\\/?p=98310#breadcrumb\",\"itemListElement\":[{\"@type\":\"ListItem\",\"position\":1,\"name\":\"Inicio\",\"item\":\"https:\\\/\\\/quehacerpolitico.mx\\\/\"},{\"@type\":\"ListItem\",\"position\":2,\"name\":\"Plan B pone en riesgo elecci\u00f3n de 2024: INE\"}]},{\"@type\":\"WebSite\",\"@id\":\"https:\\\/\\\/quehacerpolitico.mx\\\/#website\",\"url\":\"https:\\\/\\\/quehacerpolitico.mx\\\/\",\"name\":\"\",\"description\":\"\",\"potentialAction\":[{\"@type\":\"SearchAction\",\"target\":{\"@type\":\"EntryPoint\",\"urlTemplate\":\"https:\\\/\\\/quehacerpolitico.mx\\\/?s={search_term_string}\"},\"query-input\":{\"@type\":\"PropertyValueSpecification\",\"valueRequired\":true,\"valueName\":\"search_term_string\"}}],\"inLanguage\":\"es\"},{\"@type\":\"Person\",\"@id\":\"https:\\\/\\\/quehacerpolitico.mx\\\/#\\\/schema\\\/person\\\/496d8ad2d1d3f8036101dca7ee39e585\",\"name\":\"Redacci\u00f3n QP\",\"image\":{\"@type\":\"ImageObject\",\"inLanguage\":\"es\",\"@id\":\"https:\\\/\\\/secure.gravatar.com\\\/avatar\\\/c7164ed6fdec453195284ad24a5ae5b6e1eed2b848477fa2a4787ba9adf39a41?s=96&d=mm&r=g\",\"url\":\"https:\\\/\\\/secure.gravatar.com\\\/avatar\\\/c7164ed6fdec453195284ad24a5ae5b6e1eed2b848477fa2a4787ba9adf39a41?s=96&d=mm&r=g\",\"contentUrl\":\"https:\\\/\\\/secure.gravatar.com\\\/avatar\\\/c7164ed6fdec453195284ad24a5ae5b6e1eed2b848477fa2a4787ba9adf39a41?s=96&d=mm&r=g\",\"caption\":\"Redacci\u00f3n QP\"},\"url\":\"https:\\\/\\\/quehacerpolitico.mx\\\/?author=2\"}]}<\/script>\n<!-- \/ Yoast SEO plugin. -->","yoast_head_json":{"title":"Plan B pone en riesgo elecci\u00f3n de 2024: INE -","robots":{"index":"index","follow":"follow","max-snippet":"max-snippet:-1","max-image-preview":"max-image-preview:large","max-video-preview":"max-video-preview:-1"},"canonical":"https:\/\/quehacerpolitico.mx\/?p=98310","og_locale":"es_MX","og_type":"article","og_title":"Plan B pone en riesgo elecci\u00f3n de 2024: INE -","og_description":"Por Redacci\u00f3n QP Advierten que se pone en riesgo el mecanismo de vigilancia a la...","og_url":"https:\/\/quehacerpolitico.mx\/?p=98310","article_published_time":"2023-01-25T17:21:59+00:00","article_modified_time":"2023-01-25T17:22:03+00:00","og_image":[{"width":678,"height":453,"url":"https:\/\/quehacerpolitico.mx\/wp-content\/uploads\/2023\/01\/B281FE44-491D-4E49-95EA-59ED208A91DC.jpeg","type":"image\/jpeg"}],"author":"Redacci\u00f3n QP","twitter_card":"summary_large_image","twitter_misc":{"Escrito por":"Redacci\u00f3n QP","Tiempo de lectura":"3 minutos"},"schema":{"@context":"https:\/\/schema.org","@graph":[{"@type":"Article","@id":"https:\/\/quehacerpolitico.mx\/?p=98310#article","isPartOf":{"@id":"https:\/\/quehacerpolitico.mx\/?p=98310"},"author":{"name":"Redacci\u00f3n QP","@id":"https:\/\/quehacerpolitico.mx\/#\/schema\/person\/496d8ad2d1d3f8036101dca7ee39e585"},"headline":"Plan B pone en riesgo elecci\u00f3n de 2024: INE","datePublished":"2023-01-25T17:21:59+00:00","dateModified":"2023-01-25T17:22:03+00:00","mainEntityOfPage":{"@id":"https:\/\/quehacerpolitico.mx\/?p=98310"},"wordCount":659,"commentCount":0,"image":{"@id":"https:\/\/quehacerpolitico.mx\/?p=98310#primaryimage"},"thumbnailUrl":"https:\/\/quehacerpolitico.mx\/wp-content\/uploads\/2023\/01\/B281FE44-491D-4E49-95EA-59ED208A91DC.jpeg","articleSection":["Noticias"],"inLanguage":"es","potentialAction":[{"@type":"CommentAction","name":"Comment","target":["https:\/\/quehacerpolitico.mx\/?p=98310#respond"]}]},{"@type":"WebPage","@id":"https:\/\/quehacerpolitico.mx\/?p=98310","url":"https:\/\/quehacerpolitico.mx\/?p=98310","name":"Plan B pone en riesgo elecci\u00f3n de 2024: INE -","isPartOf":{"@id":"https:\/\/quehacerpolitico.mx\/#website"},"primaryImageOfPage":{"@id":"https:\/\/quehacerpolitico.mx\/?p=98310#primaryimage"},"image":{"@id":"https:\/\/quehacerpolitico.mx\/?p=98310#primaryimage"},"thumbnailUrl":"https:\/\/quehacerpolitico.mx\/wp-content\/uploads\/2023\/01\/B281FE44-491D-4E49-95EA-59ED208A91DC.jpeg","datePublished":"2023-01-25T17:21:59+00:00","dateModified":"2023-01-25T17:22:03+00:00","author":{"@id":"https:\/\/quehacerpolitico.mx\/#\/schema\/person\/496d8ad2d1d3f8036101dca7ee39e585"},"breadcrumb":{"@id":"https:\/\/quehacerpolitico.mx\/?p=98310#breadcrumb"},"inLanguage":"es","potentialAction":[{"@type":"ReadAction","target":["https:\/\/quehacerpolitico.mx\/?p=98310"]}]},{"@type":"ImageObject","inLanguage":"es","@id":"https:\/\/quehacerpolitico.mx\/?p=98310#primaryimage","url":"https:\/\/quehacerpolitico.mx\/wp-content\/uploads\/2023\/01\/B281FE44-491D-4E49-95EA-59ED208A91DC.jpeg","contentUrl":"https:\/\/quehacerpolitico.mx\/wp-content\/uploads\/2023\/01\/B281FE44-491D-4E49-95EA-59ED208A91DC.jpeg","width":678,"height":453},{"@type":"BreadcrumbList","@id":"https:\/\/quehacerpolitico.mx\/?p=98310#breadcrumb","itemListElement":[{"@type":"ListItem","position":1,"name":"Inicio","item":"https:\/\/quehacerpolitico.mx\/"},{"@type":"ListItem","position":2,"name":"Plan B pone en riesgo elecci\u00f3n de 2024: INE"}]},{"@type":"WebSite","@id":"https:\/\/quehacerpolitico.mx\/#website","url":"https:\/\/quehacerpolitico.mx\/","name":"","description":"","potentialAction":[{"@type":"SearchAction","target":{"@type":"EntryPoint","urlTemplate":"https:\/\/quehacerpolitico.mx\/?s={search_term_string}"},"query-input":{"@type":"PropertyValueSpecification","valueRequired":true,"valueName":"search_term_string"}}],"inLanguage":"es"},{"@type":"Person","@id":"https:\/\/quehacerpolitico.mx\/#\/schema\/person\/496d8ad2d1d3f8036101dca7ee39e585","name":"Redacci\u00f3n QP","image":{"@type":"ImageObject","inLanguage":"es","@id":"https:\/\/secure.gravatar.com\/avatar\/c7164ed6fdec453195284ad24a5ae5b6e1eed2b848477fa2a4787ba9adf39a41?s=96&d=mm&r=g","url":"https:\/\/secure.gravatar.com\/avatar\/c7164ed6fdec453195284ad24a5ae5b6e1eed2b848477fa2a4787ba9adf39a41?s=96&d=mm&r=g","contentUrl":"https:\/\/secure.gravatar.com\/avatar\/c7164ed6fdec453195284ad24a5ae5b6e1eed2b848477fa2a4787ba9adf39a41?s=96&d=mm&r=g","caption":"Redacci\u00f3n QP"},"url":"https:\/\/quehacerpolitico.mx\/?author=2"}]}},"featured_image_urls":{"full":["https:\/\/quehacerpolitico.mx\/wp-content\/uploads\/2023\/01\/B281FE44-491D-4E49-95EA-59ED208A91DC.jpeg",678,453,false],"thumbnail":["https:\/\/quehacerpolitico.mx\/wp-content\/uploads\/2023\/01\/B281FE44-491D-4E49-95EA-59ED208A91DC-150x150.jpeg",150,150,true],"medium":["https:\/\/quehacerpolitico.mx\/wp-content\/uploads\/2023\/01\/B281FE44-491D-4E49-95EA-59ED208A91DC-300x200.jpeg",300,200,true],"medium_large":["https:\/\/quehacerpolitico.mx\/wp-content\/uploads\/2023\/01\/B281FE44-491D-4E49-95EA-59ED208A91DC.jpeg",640,428,false],"large":["https:\/\/quehacerpolitico.mx\/wp-content\/uploads\/2023\/01\/B281FE44-491D-4E49-95EA-59ED208A91DC.jpeg",640,428,false],"1536x1536":["https:\/\/quehacerpolitico.mx\/wp-content\/uploads\/2023\/01\/B281FE44-491D-4E49-95EA-59ED208A91DC.jpeg",678,453,false],"2048x2048":["https:\/\/quehacerpolitico.mx\/wp-content\/uploads\/2023\/01\/B281FE44-491D-4E49-95EA-59ED208A91DC.jpeg",678,453,false],"covernews-featured":["https:\/\/quehacerpolitico.mx\/wp-content\/uploads\/2023\/01\/B281FE44-491D-4E49-95EA-59ED208A91DC.jpeg",678,453,false],"covernews-medium":["https:\/\/quehacerpolitico.mx\/wp-content\/uploads\/2023\/01\/B281FE44-491D-4E49-95EA-59ED208A91DC.jpeg",509,340,false]},"author_info":{"display_name":"Redacci\u00f3n QP","author_link":"https:\/\/quehacerpolitico.mx\/?author=2"},"category_info":"<a href=\"https:\/\/quehacerpolitico.mx\/?cat=2\" rel=\"category\">Noticias<\/a>","tag_info":"Noticias","comment_count":"0","_links":{"self":[{"href":"https:\/\/quehacerpolitico.mx\/index.php?rest_route=\/wp\/v2\/posts\/98310","targetHints":{"allow":["GET"]}}],"collection":[{"href":"https:\/\/quehacerpolitico.mx\/index.php?rest_route=\/wp\/v2\/posts"}],"about":[{"href":"https:\/\/quehacerpolitico.mx\/index.php?rest_route=\/wp\/v2\/types\/post"}],"author":[{"embeddable":true,"href":"https:\/\/quehacerpolitico.mx\/index.php?rest_route=\/wp\/v2\/users\/2"}],"replies":[{"embeddable":true,"href":"https:\/\/quehacerpolitico.mx\/index.php?rest_route=%2Fwp%2Fv2%2Fcomments&post=98310"}],"version-history":[{"count":1,"href":"https:\/\/quehacerpolitico.mx\/index.php?rest_route=\/wp\/v2\/posts\/98310\/revisions"}],"predecessor-version":[{"id":98312,"href":"https:\/\/quehacerpolitico.mx\/index.php?rest_route=\/wp\/v2\/posts\/98310\/revisions\/98312"}],"wp:featuredmedia":[{"embeddable":true,"href":"https:\/\/quehacerpolitico.mx\/index.php?rest_route=\/wp\/v2\/media\/98311"}],"wp:attachment":[{"href":"https:\/\/quehacerpolitico.mx\/index.php?rest_route=%2Fwp%2Fv2%2Fmedia&parent=98310"}],"wp:term":[{"taxonomy":"category","embeddable":true,"href":"https:\/\/quehacerpolitico.mx\/index.php?rest_route=%2Fwp%2Fv2%2Fcategories&post=98310"},{"taxonomy":"post_tag","embeddable":true,"href":"https:\/\/quehacerpolitico.mx\/index.php?rest_route=%2Fwp%2Fv2%2Ftags&post=98310"}],"curies":[{"name":"wp","href":"https:\/\/api.w.org\/{rel}","templated":true}]}}