{"id":98307,"date":"2023-01-25T17:04:06","date_gmt":"2023-01-25T17:04:06","guid":{"rendered":"https:\/\/quehacerpolitico.mx\/?p=98307"},"modified":"2023-01-25T17:04:11","modified_gmt":"2023-01-25T17:04:11","slug":"informe-de-garcia-luna-en-mananera-omite-senalar-a-que-cartel-se-apoyo","status":"publish","type":"post","link":"https:\/\/quehacerpolitico.mx\/?p=98307","title":{"rendered":"Informe de Garc\u00eda Luna en &#8220;ma\u00f1anera&#8221; omite se\u00f1alar a qu\u00e9 c\u00e1rtel se apoy\u00f3"},"content":{"rendered":"\n<p>Por Redacci\u00f3n QP<\/p>\n\n\n\n<p>Presentan un resumen en video en el cual no se hace ninguna menci\u00f3n sobre el apoyo de una parte del Ej\u00e9rcito al C\u00e1rtel de Sinaloa<\/p>\n\n\n\n<p>En el segundo informe de Presidencia sobre el juicio contra Genaro Garc\u00eda Luna en Estados Unidos,\u00a0<strong>se omiti\u00f3 se\u00f1alar que de acuerdo con el testimonio del narcotraficante Sergio Villarreal, &#8220;El Grande&#8221;, el exsecretario de Seguridad y una parte del Ej\u00e9rcito eligieron a que c\u00e1rtel apoyar.<\/strong><\/p>\n\n\n\n<p>El Presidente Andr\u00e9s Manuel L\u00f3pez Obrador critic\u00f3 que el juicio en contra del exsecretario de Seguridad del expresidente Felipe Calder\u00f3n<strong>\u00a0no ha tenido la suficiente difusi\u00f3n por parte de los medios convencionales.<\/strong><\/p>\n\n\n\n<p>&#8220;No tiene difusi\u00f3n suficiente el caso en los medios convencionales en M\u00e9xico, se apuesta a defender a Garc\u00eda Luna, tiene que ver con ese pasado que imper\u00f3 durante mucho tiempo y con el proyecto que avalaron las \u00e9lites, los medios y los intelectuales org\u00e1nicos, alcahuetes del r\u00e9gimen&#8221;.<\/p>\n\n\n\n<p>Se\u00f1al\u00f3 que los informes de Presidencia sobre el juicio buscan estigmatizar y rechazar todo aquello que tiene que ver con la corrupci\u00f3n para que &#8220;sea aleccionador y no se repita, es prevenir&#8221;.<\/p>\n\n\n\n<p>El vocero de Presidencia, Jes\u00fas Ram\u00edrez Cuevas, <strong>hizo un resumen del segundo d\u00eda del juicio contra Garc\u00eda Luna en una corte en Estados Unidos.<\/strong><\/p>\n\n\n\n<p>Se refiri\u00f3 al testimonio de Sergio Villarreal, quien dio su versi\u00f3n de los sobornos que recibi\u00f3 Garc\u00eda Luna por medio de Luis C\u00e1rdenas Palomino, subdirector de Seguridad Privada de la SSP, pero cuando ya no atend\u00edan las llamadas Garc\u00eda Luna fue secuestrado en la carretera a Cocoyoc, Morelos,<strong>&nbsp;para pedirle una explicaci\u00f3n sobre a qu\u00e9 c\u00e1rtel apoyaba.<\/strong><\/p>\n\n\n\n<p>Adem\u00e1s dijo que el abogado de Garc\u00eda Luna cometi\u00f3 errores al confundir nombres al momento de interrogar al testigo.<\/p>\n\n\n\n<p>Tambi\u00e9n presentaron un video con un resumen del segundo d\u00eda del juicio contra Garc\u00eda Luna en el cual\u00a0<strong>no se hace ninguna menci\u00f3n sobre el apoyo de una parte del Ej\u00e9rcito al C\u00e1rtel de Sinaloa, de Joaqu\u00edn &#8220;El Chapo&#8221; Guzm\u00e1n.<\/strong><\/p>\n\n\n\n<p>Con Informaci\u00f3n de SUN <\/p>\n","protected":false},"excerpt":{"rendered":"<p>Por Redacci\u00f3n QP Presentan un resumen en video en el cual no se hace ninguna&#8230;<\/p>\n","protected":false},"author":2,"featured_media":98308,"comment_status":"open","ping_status":"open","sticky":false,"template":"","format":"standard","meta":{"_monsterinsights_skip_tracking":false,"_monsterinsights_sitenote_active":false,"_monsterinsights_sitenote_note":"","_monsterinsights_sitenote_category":0,"footnotes":""},"categories":[2],"tags":[],"class_list":["post-98307","post","type-post","status-publish","format-standard","has-post-thumbnail","hentry","category-noticias"],"yoast_head":"<!-- This site is optimized with the Yoast SEO plugin v27.3 - https:\/\/yoast.com\/product\/yoast-seo-wordpress\/ -->\n<title>Informe de Garc\u00eda Luna en &quot;ma\u00f1anera&quot; omite se\u00f1alar a qu\u00e9 c\u00e1rtel se apoy\u00f3 -<\/title>\n<meta name=\"robots\" content=\"index, follow, max-snippet:-1, max-image-preview:large, max-video-preview:-1\" \/>\n<link rel=\"canonical\" href=\"https:\/\/quehacerpolitico.mx\/?p=98307\" \/>\n<meta property=\"og:locale\" content=\"es_MX\" \/>\n<meta property=\"og:type\" content=\"article\" \/>\n<meta property=\"og:title\" content=\"Informe de Garc\u00eda Luna en &quot;ma\u00f1anera&quot; omite se\u00f1alar a qu\u00e9 c\u00e1rtel se apoy\u00f3 -\" \/>\n<meta property=\"og:description\" content=\"Por Redacci\u00f3n QP Presentan un resumen en video en el cual no se hace ninguna...\" \/>\n<meta property=\"og:url\" content=\"https:\/\/quehacerpolitico.mx\/?p=98307\" \/>\n<meta property=\"article:published_time\" content=\"2023-01-25T17:04:06+00:00\" \/>\n<meta property=\"article:modified_time\" content=\"2023-01-25T17:04:11+00:00\" \/>\n<meta property=\"og:image\" content=\"https:\/\/quehacerpolitico.mx\/wp-content\/uploads\/2023\/01\/746647D8-5BE6-4561-9E10-BF9B388F9793.jpeg\" \/>\n\t<meta property=\"og:image:width\" content=\"1284\" \/>\n\t<meta property=\"og:image:height\" content=\"667\" \/>\n\t<meta property=\"og:image:type\" content=\"image\/jpeg\" \/>\n<meta name=\"author\" content=\"Redacci\u00f3n QP\" \/>\n<meta name=\"twitter:card\" content=\"summary_large_image\" \/>\n<meta name=\"twitter:label1\" content=\"Escrito por\" \/>\n\t<meta name=\"twitter:data1\" content=\"Redacci\u00f3n QP\" \/>\n\t<meta name=\"twitter:label2\" content=\"Tiempo de lectura\" \/>\n\t<meta name=\"twitter:data2\" content=\"2 minutos\" \/>\n<script type=\"application\/ld+json\" class=\"yoast-schema-graph\">{\"@context\":\"https:\\\/\\\/schema.org\",\"@graph\":[{\"@type\":\"Article\",\"@id\":\"https:\\\/\\\/quehacerpolitico.mx\\\/?p=98307#article\",\"isPartOf\":{\"@id\":\"https:\\\/\\\/quehacerpolitico.mx\\\/?p=98307\"},\"author\":{\"name\":\"Redacci\u00f3n QP\",\"@id\":\"https:\\\/\\\/quehacerpolitico.mx\\\/#\\\/schema\\\/person\\\/496d8ad2d1d3f8036101dca7ee39e585\"},\"headline\":\"Informe de Garc\u00eda Luna en &#8220;ma\u00f1anera&#8221; omite se\u00f1alar a qu\u00e9 c\u00e1rtel se apoy\u00f3\",\"datePublished\":\"2023-01-25T17:04:06+00:00\",\"dateModified\":\"2023-01-25T17:04:11+00:00\",\"mainEntityOfPage\":{\"@id\":\"https:\\\/\\\/quehacerpolitico.mx\\\/?p=98307\"},\"wordCount\":387,\"commentCount\":0,\"image\":{\"@id\":\"https:\\\/\\\/quehacerpolitico.mx\\\/?p=98307#primaryimage\"},\"thumbnailUrl\":\"https:\\\/\\\/quehacerpolitico.mx\\\/wp-content\\\/uploads\\\/2023\\\/01\\\/746647D8-5BE6-4561-9E10-BF9B388F9793.jpeg\",\"articleSection\":[\"Noticias\"],\"inLanguage\":\"es\",\"potentialAction\":[{\"@type\":\"CommentAction\",\"name\":\"Comment\",\"target\":[\"https:\\\/\\\/quehacerpolitico.mx\\\/?p=98307#respond\"]}]},{\"@type\":\"WebPage\",\"@id\":\"https:\\\/\\\/quehacerpolitico.mx\\\/?p=98307\",\"url\":\"https:\\\/\\\/quehacerpolitico.mx\\\/?p=98307\",\"name\":\"Informe de Garc\u00eda Luna en \\\"ma\u00f1anera\\\" omite se\u00f1alar a qu\u00e9 c\u00e1rtel se apoy\u00f3 -\",\"isPartOf\":{\"@id\":\"https:\\\/\\\/quehacerpolitico.mx\\\/#website\"},\"primaryImageOfPage\":{\"@id\":\"https:\\\/\\\/quehacerpolitico.mx\\\/?p=98307#primaryimage\"},\"image\":{\"@id\":\"https:\\\/\\\/quehacerpolitico.mx\\\/?p=98307#primaryimage\"},\"thumbnailUrl\":\"https:\\\/\\\/quehacerpolitico.mx\\\/wp-content\\\/uploads\\\/2023\\\/01\\\/746647D8-5BE6-4561-9E10-BF9B388F9793.jpeg\",\"datePublished\":\"2023-01-25T17:04:06+00:00\",\"dateModified\":\"2023-01-25T17:04:11+00:00\",\"author\":{\"@id\":\"https:\\\/\\\/quehacerpolitico.mx\\\/#\\\/schema\\\/person\\\/496d8ad2d1d3f8036101dca7ee39e585\"},\"breadcrumb\":{\"@id\":\"https:\\\/\\\/quehacerpolitico.mx\\\/?p=98307#breadcrumb\"},\"inLanguage\":\"es\",\"potentialAction\":[{\"@type\":\"ReadAction\",\"target\":[\"https:\\\/\\\/quehacerpolitico.mx\\\/?p=98307\"]}]},{\"@type\":\"ImageObject\",\"inLanguage\":\"es\",\"@id\":\"https:\\\/\\\/quehacerpolitico.mx\\\/?p=98307#primaryimage\",\"url\":\"https:\\\/\\\/quehacerpolitico.mx\\\/wp-content\\\/uploads\\\/2023\\\/01\\\/746647D8-5BE6-4561-9E10-BF9B388F9793.jpeg\",\"contentUrl\":\"https:\\\/\\\/quehacerpolitico.mx\\\/wp-content\\\/uploads\\\/2023\\\/01\\\/746647D8-5BE6-4561-9E10-BF9B388F9793.jpeg\",\"width\":1284,\"height\":667},{\"@type\":\"BreadcrumbList\",\"@id\":\"https:\\\/\\\/quehacerpolitico.mx\\\/?p=98307#breadcrumb\",\"itemListElement\":[{\"@type\":\"ListItem\",\"position\":1,\"name\":\"Inicio\",\"item\":\"https:\\\/\\\/quehacerpolitico.mx\\\/\"},{\"@type\":\"ListItem\",\"position\":2,\"name\":\"Informe de Garc\u00eda Luna en &#8220;ma\u00f1anera&#8221; omite se\u00f1alar a qu\u00e9 c\u00e1rtel se apoy\u00f3\"}]},{\"@type\":\"WebSite\",\"@id\":\"https:\\\/\\\/quehacerpolitico.mx\\\/#website\",\"url\":\"https:\\\/\\\/quehacerpolitico.mx\\\/\",\"name\":\"\",\"description\":\"\",\"potentialAction\":[{\"@type\":\"SearchAction\",\"target\":{\"@type\":\"EntryPoint\",\"urlTemplate\":\"https:\\\/\\\/quehacerpolitico.mx\\\/?s={search_term_string}\"},\"query-input\":{\"@type\":\"PropertyValueSpecification\",\"valueRequired\":true,\"valueName\":\"search_term_string\"}}],\"inLanguage\":\"es\"},{\"@type\":\"Person\",\"@id\":\"https:\\\/\\\/quehacerpolitico.mx\\\/#\\\/schema\\\/person\\\/496d8ad2d1d3f8036101dca7ee39e585\",\"name\":\"Redacci\u00f3n QP\",\"image\":{\"@type\":\"ImageObject\",\"inLanguage\":\"es\",\"@id\":\"https:\\\/\\\/secure.gravatar.com\\\/avatar\\\/c7164ed6fdec453195284ad24a5ae5b6e1eed2b848477fa2a4787ba9adf39a41?s=96&d=mm&r=g\",\"url\":\"https:\\\/\\\/secure.gravatar.com\\\/avatar\\\/c7164ed6fdec453195284ad24a5ae5b6e1eed2b848477fa2a4787ba9adf39a41?s=96&d=mm&r=g\",\"contentUrl\":\"https:\\\/\\\/secure.gravatar.com\\\/avatar\\\/c7164ed6fdec453195284ad24a5ae5b6e1eed2b848477fa2a4787ba9adf39a41?s=96&d=mm&r=g\",\"caption\":\"Redacci\u00f3n QP\"},\"url\":\"https:\\\/\\\/quehacerpolitico.mx\\\/?author=2\"}]}<\/script>\n<!-- \/ Yoast SEO plugin. -->","yoast_head_json":{"title":"Informe de Garc\u00eda Luna en \"ma\u00f1anera\" omite se\u00f1alar a qu\u00e9 c\u00e1rtel se apoy\u00f3 -","robots":{"index":"index","follow":"follow","max-snippet":"max-snippet:-1","max-image-preview":"max-image-preview:large","max-video-preview":"max-video-preview:-1"},"canonical":"https:\/\/quehacerpolitico.mx\/?p=98307","og_locale":"es_MX","og_type":"article","og_title":"Informe de Garc\u00eda Luna en \"ma\u00f1anera\" omite se\u00f1alar a qu\u00e9 c\u00e1rtel se apoy\u00f3 -","og_description":"Por Redacci\u00f3n QP Presentan un resumen en video en el cual no se hace ninguna...","og_url":"https:\/\/quehacerpolitico.mx\/?p=98307","article_published_time":"2023-01-25T17:04:06+00:00","article_modified_time":"2023-01-25T17:04:11+00:00","og_image":[{"width":1284,"height":667,"url":"https:\/\/quehacerpolitico.mx\/wp-content\/uploads\/2023\/01\/746647D8-5BE6-4561-9E10-BF9B388F9793.jpeg","type":"image\/jpeg"}],"author":"Redacci\u00f3n QP","twitter_card":"summary_large_image","twitter_misc":{"Escrito por":"Redacci\u00f3n QP","Tiempo de lectura":"2 minutos"},"schema":{"@context":"https:\/\/schema.org","@graph":[{"@type":"Article","@id":"https:\/\/quehacerpolitico.mx\/?p=98307#article","isPartOf":{"@id":"https:\/\/quehacerpolitico.mx\/?p=98307"},"author":{"name":"Redacci\u00f3n QP","@id":"https:\/\/quehacerpolitico.mx\/#\/schema\/person\/496d8ad2d1d3f8036101dca7ee39e585"},"headline":"Informe de Garc\u00eda Luna en &#8220;ma\u00f1anera&#8221; omite se\u00f1alar a qu\u00e9 c\u00e1rtel se apoy\u00f3","datePublished":"2023-01-25T17:04:06+00:00","dateModified":"2023-01-25T17:04:11+00:00","mainEntityOfPage":{"@id":"https:\/\/quehacerpolitico.mx\/?p=98307"},"wordCount":387,"commentCount":0,"image":{"@id":"https:\/\/quehacerpolitico.mx\/?p=98307#primaryimage"},"thumbnailUrl":"https:\/\/quehacerpolitico.mx\/wp-content\/uploads\/2023\/01\/746647D8-5BE6-4561-9E10-BF9B388F9793.jpeg","articleSection":["Noticias"],"inLanguage":"es","potentialAction":[{"@type":"CommentAction","name":"Comment","target":["https:\/\/quehacerpolitico.mx\/?p=98307#respond"]}]},{"@type":"WebPage","@id":"https:\/\/quehacerpolitico.mx\/?p=98307","url":"https:\/\/quehacerpolitico.mx\/?p=98307","name":"Informe de Garc\u00eda Luna en \"ma\u00f1anera\" omite se\u00f1alar a qu\u00e9 c\u00e1rtel se apoy\u00f3 -","isPartOf":{"@id":"https:\/\/quehacerpolitico.mx\/#website"},"primaryImageOfPage":{"@id":"https:\/\/quehacerpolitico.mx\/?p=98307#primaryimage"},"image":{"@id":"https:\/\/quehacerpolitico.mx\/?p=98307#primaryimage"},"thumbnailUrl":"https:\/\/quehacerpolitico.mx\/wp-content\/uploads\/2023\/01\/746647D8-5BE6-4561-9E10-BF9B388F9793.jpeg","datePublished":"2023-01-25T17:04:06+00:00","dateModified":"2023-01-25T17:04:11+00:00","author":{"@id":"https:\/\/quehacerpolitico.mx\/#\/schema\/person\/496d8ad2d1d3f8036101dca7ee39e585"},"breadcrumb":{"@id":"https:\/\/quehacerpolitico.mx\/?p=98307#breadcrumb"},"inLanguage":"es","potentialAction":[{"@type":"ReadAction","target":["https:\/\/quehacerpolitico.mx\/?p=98307"]}]},{"@type":"ImageObject","inLanguage":"es","@id":"https:\/\/quehacerpolitico.mx\/?p=98307#primaryimage","url":"https:\/\/quehacerpolitico.mx\/wp-content\/uploads\/2023\/01\/746647D8-5BE6-4561-9E10-BF9B388F9793.jpeg","contentUrl":"https:\/\/quehacerpolitico.mx\/wp-content\/uploads\/2023\/01\/746647D8-5BE6-4561-9E10-BF9B388F9793.jpeg","width":1284,"height":667},{"@type":"BreadcrumbList","@id":"https:\/\/quehacerpolitico.mx\/?p=98307#breadcrumb","itemListElement":[{"@type":"ListItem","position":1,"name":"Inicio","item":"https:\/\/quehacerpolitico.mx\/"},{"@type":"ListItem","position":2,"name":"Informe de Garc\u00eda Luna en &#8220;ma\u00f1anera&#8221; omite se\u00f1alar a qu\u00e9 c\u00e1rtel se apoy\u00f3"}]},{"@type":"WebSite","@id":"https:\/\/quehacerpolitico.mx\/#website","url":"https:\/\/quehacerpolitico.mx\/","name":"","description":"","potentialAction":[{"@type":"SearchAction","target":{"@type":"EntryPoint","urlTemplate":"https:\/\/quehacerpolitico.mx\/?s={search_term_string}"},"query-input":{"@type":"PropertyValueSpecification","valueRequired":true,"valueName":"search_term_string"}}],"inLanguage":"es"},{"@type":"Person","@id":"https:\/\/quehacerpolitico.mx\/#\/schema\/person\/496d8ad2d1d3f8036101dca7ee39e585","name":"Redacci\u00f3n QP","image":{"@type":"ImageObject","inLanguage":"es","@id":"https:\/\/secure.gravatar.com\/avatar\/c7164ed6fdec453195284ad24a5ae5b6e1eed2b848477fa2a4787ba9adf39a41?s=96&d=mm&r=g","url":"https:\/\/secure.gravatar.com\/avatar\/c7164ed6fdec453195284ad24a5ae5b6e1eed2b848477fa2a4787ba9adf39a41?s=96&d=mm&r=g","contentUrl":"https:\/\/secure.gravatar.com\/avatar\/c7164ed6fdec453195284ad24a5ae5b6e1eed2b848477fa2a4787ba9adf39a41?s=96&d=mm&r=g","caption":"Redacci\u00f3n QP"},"url":"https:\/\/quehacerpolitico.mx\/?author=2"}]}},"featured_image_urls":{"full":["https:\/\/quehacerpolitico.mx\/wp-content\/uploads\/2023\/01\/746647D8-5BE6-4561-9E10-BF9B388F9793.jpeg",1284,667,false],"thumbnail":["https:\/\/quehacerpolitico.mx\/wp-content\/uploads\/2023\/01\/746647D8-5BE6-4561-9E10-BF9B388F9793-150x150.jpeg",150,150,true],"medium":["https:\/\/quehacerpolitico.mx\/wp-content\/uploads\/2023\/01\/746647D8-5BE6-4561-9E10-BF9B388F9793-300x156.jpeg",300,156,true],"medium_large":["https:\/\/quehacerpolitico.mx\/wp-content\/uploads\/2023\/01\/746647D8-5BE6-4561-9E10-BF9B388F9793-768x399.jpeg",640,333,true],"large":["https:\/\/quehacerpolitico.mx\/wp-content\/uploads\/2023\/01\/746647D8-5BE6-4561-9E10-BF9B388F9793-1024x532.jpeg",640,333,true],"1536x1536":["https:\/\/quehacerpolitico.mx\/wp-content\/uploads\/2023\/01\/746647D8-5BE6-4561-9E10-BF9B388F9793.jpeg",1284,667,false],"2048x2048":["https:\/\/quehacerpolitico.mx\/wp-content\/uploads\/2023\/01\/746647D8-5BE6-4561-9E10-BF9B388F9793.jpeg",1284,667,false],"covernews-featured":["https:\/\/quehacerpolitico.mx\/wp-content\/uploads\/2023\/01\/746647D8-5BE6-4561-9E10-BF9B388F9793.jpeg",1024,532,false],"covernews-medium":["https:\/\/quehacerpolitico.mx\/wp-content\/uploads\/2023\/01\/746647D8-5BE6-4561-9E10-BF9B388F9793.jpeg",540,281,false]},"author_info":{"display_name":"Redacci\u00f3n QP","author_link":"https:\/\/quehacerpolitico.mx\/?author=2"},"category_info":"<a href=\"https:\/\/quehacerpolitico.mx\/?cat=2\" rel=\"category\">Noticias<\/a>","tag_info":"Noticias","comment_count":"0","_links":{"self":[{"href":"https:\/\/quehacerpolitico.mx\/index.php?rest_route=\/wp\/v2\/posts\/98307","targetHints":{"allow":["GET"]}}],"collection":[{"href":"https:\/\/quehacerpolitico.mx\/index.php?rest_route=\/wp\/v2\/posts"}],"about":[{"href":"https:\/\/quehacerpolitico.mx\/index.php?rest_route=\/wp\/v2\/types\/post"}],"author":[{"embeddable":true,"href":"https:\/\/quehacerpolitico.mx\/index.php?rest_route=\/wp\/v2\/users\/2"}],"replies":[{"embeddable":true,"href":"https:\/\/quehacerpolitico.mx\/index.php?rest_route=%2Fwp%2Fv2%2Fcomments&post=98307"}],"version-history":[{"count":1,"href":"https:\/\/quehacerpolitico.mx\/index.php?rest_route=\/wp\/v2\/posts\/98307\/revisions"}],"predecessor-version":[{"id":98309,"href":"https:\/\/quehacerpolitico.mx\/index.php?rest_route=\/wp\/v2\/posts\/98307\/revisions\/98309"}],"wp:featuredmedia":[{"embeddable":true,"href":"https:\/\/quehacerpolitico.mx\/index.php?rest_route=\/wp\/v2\/media\/98308"}],"wp:attachment":[{"href":"https:\/\/quehacerpolitico.mx\/index.php?rest_route=%2Fwp%2Fv2%2Fmedia&parent=98307"}],"wp:term":[{"taxonomy":"category","embeddable":true,"href":"https:\/\/quehacerpolitico.mx\/index.php?rest_route=%2Fwp%2Fv2%2Fcategories&post=98307"},{"taxonomy":"post_tag","embeddable":true,"href":"https:\/\/quehacerpolitico.mx\/index.php?rest_route=%2Fwp%2Fv2%2Ftags&post=98307"}],"curies":[{"name":"wp","href":"https:\/\/api.w.org\/{rel}","templated":true}]}}