{"id":98304,"date":"2023-01-25T16:48:23","date_gmt":"2023-01-25T16:48:23","guid":{"rendered":"https:\/\/quehacerpolitico.mx\/?p=98304"},"modified":"2023-01-25T16:48:27","modified_gmt":"2023-01-25T16:48:27","slug":"alemania-envio-tanques-a-ucrania-por-presion-de-medios-de-comunicacion-lopez-obrador","status":"publish","type":"post","link":"https:\/\/quehacerpolitico.mx\/?p=98304","title":{"rendered":"Alemania envi\u00f3 tanques a Ucrania &#8220;por presi\u00f3n de medios de comunicaci\u00f3n&#8221;: L\u00f3pez Obrador"},"content":{"rendered":"\n<p>Por Redacci\u00f3n QP<\/p>\n\n\n\n<p>&#8220;El poder medi\u00e1tico es usado por las oligarqu\u00edas en el mundo para someter gobiernos&#8221;, se\u00f1al\u00f3 el Presidente al criticar el env\u00edo de m\u00e1s armas<\/p>\n\n\n\n<p>El Presidente Andr\u00e9s Manuel L\u00f3pez Obrador\u00a0<strong>critic\u00f3 este mi\u00e9rcoles que el gobierno de Alemania haya decidido mandar m\u00e1s Armas a Ucrania ante el conflicto que sostiene con Rusia<\/strong>, por la presi\u00f3n de los medios de comunicaci\u00f3n y en contra de la mayor\u00eda de la poblaci\u00f3n.<\/p>\n\n\n\n<p>&#8220;El poder medi\u00e1tico es usado por las oligarqu\u00edas en el mundo para someter gobiernos. No quer\u00eda, por ejemplo, Alemania involucrarse mucho en la guerra de Rusia y Ucrania y en contra de la poblaci\u00f3n de Alemania o de la mayor\u00eda de los alemanes\u00a0<strong>decide el gobierno mandar m\u00e1s armas a Ucrania por la presi\u00f3n de los medios de comunicaci\u00f3n alemanes y eso se replica en todos lados<\/strong>&#8220;, dijo.<\/p>\n\n\n\n<figure class=\"wp-block-embed is-type-video is-provider-youtube wp-block-embed-youtube wp-embed-aspect-16-9 wp-has-aspect-ratio\"><div class=\"wp-block-embed__wrapper\">\n<iframe loading=\"lazy\" title=\"Critica AMLO que Alemania haya enviado m\u00e1s armas a Ucrania\" width=\"640\" height=\"360\" src=\"https:\/\/www.youtube.com\/embed\/n647_lNnp-4?feature=oembed\" frameborder=\"0\" allow=\"accelerometer; autoplay; clipboard-write; encrypted-media; gyroscope; picture-in-picture; web-share\" referrerpolicy=\"strict-origin-when-cross-origin\" allowfullscreen><\/iframe>\n<\/div><\/figure>\n\n\n\n<p>En conferencia de prensa matutina, L\u00f3pez Obrador afirm\u00f3 que desde la \u00e9poca de la presidencia de Francisco I. Madero no se desataba una campa\u00f1a en contra de un gobierno como &#8220;la que estamos padeciendo&#8221;.<\/p>\n\n\n\n<p>&#8220;<strong>Desde la \u00e9poca de Madero no se hab\u00eda desatado una campa\u00f1a en contra del gobierno como la que estamos padeciendo&nbsp;<\/strong>y hagan la revisi\u00f3n ustedes que son mirones profesionales, porque hab\u00eda mucha simulaci\u00f3n, una doble moral, un doble discurso, mucha hipocres\u00eda y ahora ya qued\u00f3 de manifiesto de que el rey va desnudo, de que tenemos medios de informaci\u00f3n que defienden grupo de inter\u00e9s creados, defienden el pensamiento y la acci\u00f3n del conservadurismo&#8221;.<\/p>\n\n\n\n<p>&#8220;Antes &#8216;robaleaban&#8217;, andaban en dos aguas, se hac\u00edan pasar como independientes de la sociedad civil y ahora no, ahora no hay para d\u00f3nde hacerse&#8221;, agreg\u00f3.<\/p>\n\n\n\n<p>Con Informaci\u00f3n de SUN <\/p>\n","protected":false},"excerpt":{"rendered":"<p>Por Redacci\u00f3n QP &#8220;El poder medi\u00e1tico es usado por las oligarqu\u00edas en el mundo para&#8230;<\/p>\n","protected":false},"author":2,"featured_media":98305,"comment_status":"open","ping_status":"open","sticky":false,"template":"","format":"standard","meta":{"_monsterinsights_skip_tracking":false,"_monsterinsights_sitenote_active":false,"_monsterinsights_sitenote_note":"","_monsterinsights_sitenote_category":0,"footnotes":""},"categories":[2],"tags":[],"class_list":["post-98304","post","type-post","status-publish","format-standard","has-post-thumbnail","hentry","category-noticias"],"yoast_head":"<!-- This site is optimized with the Yoast SEO plugin v27.3 - https:\/\/yoast.com\/product\/yoast-seo-wordpress\/ -->\n<title>Alemania envi\u00f3 tanques a Ucrania &quot;por presi\u00f3n de medios de comunicaci\u00f3n&quot;: L\u00f3pez Obrador -<\/title>\n<meta name=\"robots\" content=\"index, follow, max-snippet:-1, max-image-preview:large, max-video-preview:-1\" \/>\n<link rel=\"canonical\" href=\"https:\/\/quehacerpolitico.mx\/?p=98304\" \/>\n<meta property=\"og:locale\" content=\"es_MX\" \/>\n<meta property=\"og:type\" content=\"article\" \/>\n<meta property=\"og:title\" content=\"Alemania envi\u00f3 tanques a Ucrania &quot;por presi\u00f3n de medios de comunicaci\u00f3n&quot;: L\u00f3pez Obrador -\" \/>\n<meta property=\"og:description\" content=\"Por Redacci\u00f3n QP &#8220;El poder medi\u00e1tico es usado por las oligarqu\u00edas en el mundo para...\" \/>\n<meta property=\"og:url\" content=\"https:\/\/quehacerpolitico.mx\/?p=98304\" \/>\n<meta property=\"article:published_time\" content=\"2023-01-25T16:48:23+00:00\" \/>\n<meta property=\"article:modified_time\" content=\"2023-01-25T16:48:27+00:00\" \/>\n<meta property=\"og:image\" content=\"https:\/\/quehacerpolitico.mx\/wp-content\/uploads\/2023\/01\/79A41D48-9A0C-40B5-B98E-0781FC33A140.jpeg\" \/>\n\t<meta property=\"og:image:width\" content=\"950\" \/>\n\t<meta property=\"og:image:height\" content=\"711\" \/>\n\t<meta property=\"og:image:type\" content=\"image\/jpeg\" \/>\n<meta name=\"author\" content=\"Redacci\u00f3n QP\" \/>\n<meta name=\"twitter:card\" content=\"summary_large_image\" \/>\n<meta name=\"twitter:label1\" content=\"Escrito por\" \/>\n\t<meta name=\"twitter:data1\" content=\"Redacci\u00f3n QP\" \/>\n\t<meta name=\"twitter:label2\" content=\"Tiempo de lectura\" \/>\n\t<meta name=\"twitter:data2\" content=\"2 minutos\" \/>\n<script type=\"application\/ld+json\" class=\"yoast-schema-graph\">{\"@context\":\"https:\\\/\\\/schema.org\",\"@graph\":[{\"@type\":\"Article\",\"@id\":\"https:\\\/\\\/quehacerpolitico.mx\\\/?p=98304#article\",\"isPartOf\":{\"@id\":\"https:\\\/\\\/quehacerpolitico.mx\\\/?p=98304\"},\"author\":{\"name\":\"Redacci\u00f3n QP\",\"@id\":\"https:\\\/\\\/quehacerpolitico.mx\\\/#\\\/schema\\\/person\\\/496d8ad2d1d3f8036101dca7ee39e585\"},\"headline\":\"Alemania envi\u00f3 tanques a Ucrania &#8220;por presi\u00f3n de medios de comunicaci\u00f3n&#8221;: L\u00f3pez Obrador\",\"datePublished\":\"2023-01-25T16:48:23+00:00\",\"dateModified\":\"2023-01-25T16:48:27+00:00\",\"mainEntityOfPage\":{\"@id\":\"https:\\\/\\\/quehacerpolitico.mx\\\/?p=98304\"},\"wordCount\":334,\"commentCount\":0,\"image\":{\"@id\":\"https:\\\/\\\/quehacerpolitico.mx\\\/?p=98304#primaryimage\"},\"thumbnailUrl\":\"https:\\\/\\\/quehacerpolitico.mx\\\/wp-content\\\/uploads\\\/2023\\\/01\\\/79A41D48-9A0C-40B5-B98E-0781FC33A140.jpeg\",\"articleSection\":[\"Noticias\"],\"inLanguage\":\"es\",\"potentialAction\":[{\"@type\":\"CommentAction\",\"name\":\"Comment\",\"target\":[\"https:\\\/\\\/quehacerpolitico.mx\\\/?p=98304#respond\"]}]},{\"@type\":\"WebPage\",\"@id\":\"https:\\\/\\\/quehacerpolitico.mx\\\/?p=98304\",\"url\":\"https:\\\/\\\/quehacerpolitico.mx\\\/?p=98304\",\"name\":\"Alemania envi\u00f3 tanques a Ucrania \\\"por presi\u00f3n de medios de comunicaci\u00f3n\\\": L\u00f3pez Obrador -\",\"isPartOf\":{\"@id\":\"https:\\\/\\\/quehacerpolitico.mx\\\/#website\"},\"primaryImageOfPage\":{\"@id\":\"https:\\\/\\\/quehacerpolitico.mx\\\/?p=98304#primaryimage\"},\"image\":{\"@id\":\"https:\\\/\\\/quehacerpolitico.mx\\\/?p=98304#primaryimage\"},\"thumbnailUrl\":\"https:\\\/\\\/quehacerpolitico.mx\\\/wp-content\\\/uploads\\\/2023\\\/01\\\/79A41D48-9A0C-40B5-B98E-0781FC33A140.jpeg\",\"datePublished\":\"2023-01-25T16:48:23+00:00\",\"dateModified\":\"2023-01-25T16:48:27+00:00\",\"author\":{\"@id\":\"https:\\\/\\\/quehacerpolitico.mx\\\/#\\\/schema\\\/person\\\/496d8ad2d1d3f8036101dca7ee39e585\"},\"breadcrumb\":{\"@id\":\"https:\\\/\\\/quehacerpolitico.mx\\\/?p=98304#breadcrumb\"},\"inLanguage\":\"es\",\"potentialAction\":[{\"@type\":\"ReadAction\",\"target\":[\"https:\\\/\\\/quehacerpolitico.mx\\\/?p=98304\"]}]},{\"@type\":\"ImageObject\",\"inLanguage\":\"es\",\"@id\":\"https:\\\/\\\/quehacerpolitico.mx\\\/?p=98304#primaryimage\",\"url\":\"https:\\\/\\\/quehacerpolitico.mx\\\/wp-content\\\/uploads\\\/2023\\\/01\\\/79A41D48-9A0C-40B5-B98E-0781FC33A140.jpeg\",\"contentUrl\":\"https:\\\/\\\/quehacerpolitico.mx\\\/wp-content\\\/uploads\\\/2023\\\/01\\\/79A41D48-9A0C-40B5-B98E-0781FC33A140.jpeg\",\"width\":950,\"height\":711},{\"@type\":\"BreadcrumbList\",\"@id\":\"https:\\\/\\\/quehacerpolitico.mx\\\/?p=98304#breadcrumb\",\"itemListElement\":[{\"@type\":\"ListItem\",\"position\":1,\"name\":\"Inicio\",\"item\":\"https:\\\/\\\/quehacerpolitico.mx\\\/\"},{\"@type\":\"ListItem\",\"position\":2,\"name\":\"Alemania envi\u00f3 tanques a Ucrania &#8220;por presi\u00f3n de medios de comunicaci\u00f3n&#8221;: L\u00f3pez Obrador\"}]},{\"@type\":\"WebSite\",\"@id\":\"https:\\\/\\\/quehacerpolitico.mx\\\/#website\",\"url\":\"https:\\\/\\\/quehacerpolitico.mx\\\/\",\"name\":\"\",\"description\":\"\",\"potentialAction\":[{\"@type\":\"SearchAction\",\"target\":{\"@type\":\"EntryPoint\",\"urlTemplate\":\"https:\\\/\\\/quehacerpolitico.mx\\\/?s={search_term_string}\"},\"query-input\":{\"@type\":\"PropertyValueSpecification\",\"valueRequired\":true,\"valueName\":\"search_term_string\"}}],\"inLanguage\":\"es\"},{\"@type\":\"Person\",\"@id\":\"https:\\\/\\\/quehacerpolitico.mx\\\/#\\\/schema\\\/person\\\/496d8ad2d1d3f8036101dca7ee39e585\",\"name\":\"Redacci\u00f3n QP\",\"image\":{\"@type\":\"ImageObject\",\"inLanguage\":\"es\",\"@id\":\"https:\\\/\\\/secure.gravatar.com\\\/avatar\\\/c7164ed6fdec453195284ad24a5ae5b6e1eed2b848477fa2a4787ba9adf39a41?s=96&d=mm&r=g\",\"url\":\"https:\\\/\\\/secure.gravatar.com\\\/avatar\\\/c7164ed6fdec453195284ad24a5ae5b6e1eed2b848477fa2a4787ba9adf39a41?s=96&d=mm&r=g\",\"contentUrl\":\"https:\\\/\\\/secure.gravatar.com\\\/avatar\\\/c7164ed6fdec453195284ad24a5ae5b6e1eed2b848477fa2a4787ba9adf39a41?s=96&d=mm&r=g\",\"caption\":\"Redacci\u00f3n QP\"},\"url\":\"https:\\\/\\\/quehacerpolitico.mx\\\/?author=2\"}]}<\/script>\n<!-- \/ Yoast SEO plugin. -->","yoast_head_json":{"title":"Alemania envi\u00f3 tanques a Ucrania \"por presi\u00f3n de medios de comunicaci\u00f3n\": L\u00f3pez Obrador -","robots":{"index":"index","follow":"follow","max-snippet":"max-snippet:-1","max-image-preview":"max-image-preview:large","max-video-preview":"max-video-preview:-1"},"canonical":"https:\/\/quehacerpolitico.mx\/?p=98304","og_locale":"es_MX","og_type":"article","og_title":"Alemania envi\u00f3 tanques a Ucrania \"por presi\u00f3n de medios de comunicaci\u00f3n\": L\u00f3pez Obrador -","og_description":"Por Redacci\u00f3n QP &#8220;El poder medi\u00e1tico es usado por las oligarqu\u00edas en el mundo para...","og_url":"https:\/\/quehacerpolitico.mx\/?p=98304","article_published_time":"2023-01-25T16:48:23+00:00","article_modified_time":"2023-01-25T16:48:27+00:00","og_image":[{"width":950,"height":711,"url":"https:\/\/quehacerpolitico.mx\/wp-content\/uploads\/2023\/01\/79A41D48-9A0C-40B5-B98E-0781FC33A140.jpeg","type":"image\/jpeg"}],"author":"Redacci\u00f3n QP","twitter_card":"summary_large_image","twitter_misc":{"Escrito por":"Redacci\u00f3n QP","Tiempo de lectura":"2 minutos"},"schema":{"@context":"https:\/\/schema.org","@graph":[{"@type":"Article","@id":"https:\/\/quehacerpolitico.mx\/?p=98304#article","isPartOf":{"@id":"https:\/\/quehacerpolitico.mx\/?p=98304"},"author":{"name":"Redacci\u00f3n QP","@id":"https:\/\/quehacerpolitico.mx\/#\/schema\/person\/496d8ad2d1d3f8036101dca7ee39e585"},"headline":"Alemania envi\u00f3 tanques a Ucrania &#8220;por presi\u00f3n de medios de comunicaci\u00f3n&#8221;: L\u00f3pez Obrador","datePublished":"2023-01-25T16:48:23+00:00","dateModified":"2023-01-25T16:48:27+00:00","mainEntityOfPage":{"@id":"https:\/\/quehacerpolitico.mx\/?p=98304"},"wordCount":334,"commentCount":0,"image":{"@id":"https:\/\/quehacerpolitico.mx\/?p=98304#primaryimage"},"thumbnailUrl":"https:\/\/quehacerpolitico.mx\/wp-content\/uploads\/2023\/01\/79A41D48-9A0C-40B5-B98E-0781FC33A140.jpeg","articleSection":["Noticias"],"inLanguage":"es","potentialAction":[{"@type":"CommentAction","name":"Comment","target":["https:\/\/quehacerpolitico.mx\/?p=98304#respond"]}]},{"@type":"WebPage","@id":"https:\/\/quehacerpolitico.mx\/?p=98304","url":"https:\/\/quehacerpolitico.mx\/?p=98304","name":"Alemania envi\u00f3 tanques a Ucrania \"por presi\u00f3n de medios de comunicaci\u00f3n\": L\u00f3pez Obrador -","isPartOf":{"@id":"https:\/\/quehacerpolitico.mx\/#website"},"primaryImageOfPage":{"@id":"https:\/\/quehacerpolitico.mx\/?p=98304#primaryimage"},"image":{"@id":"https:\/\/quehacerpolitico.mx\/?p=98304#primaryimage"},"thumbnailUrl":"https:\/\/quehacerpolitico.mx\/wp-content\/uploads\/2023\/01\/79A41D48-9A0C-40B5-B98E-0781FC33A140.jpeg","datePublished":"2023-01-25T16:48:23+00:00","dateModified":"2023-01-25T16:48:27+00:00","author":{"@id":"https:\/\/quehacerpolitico.mx\/#\/schema\/person\/496d8ad2d1d3f8036101dca7ee39e585"},"breadcrumb":{"@id":"https:\/\/quehacerpolitico.mx\/?p=98304#breadcrumb"},"inLanguage":"es","potentialAction":[{"@type":"ReadAction","target":["https:\/\/quehacerpolitico.mx\/?p=98304"]}]},{"@type":"ImageObject","inLanguage":"es","@id":"https:\/\/quehacerpolitico.mx\/?p=98304#primaryimage","url":"https:\/\/quehacerpolitico.mx\/wp-content\/uploads\/2023\/01\/79A41D48-9A0C-40B5-B98E-0781FC33A140.jpeg","contentUrl":"https:\/\/quehacerpolitico.mx\/wp-content\/uploads\/2023\/01\/79A41D48-9A0C-40B5-B98E-0781FC33A140.jpeg","width":950,"height":711},{"@type":"BreadcrumbList","@id":"https:\/\/quehacerpolitico.mx\/?p=98304#breadcrumb","itemListElement":[{"@type":"ListItem","position":1,"name":"Inicio","item":"https:\/\/quehacerpolitico.mx\/"},{"@type":"ListItem","position":2,"name":"Alemania envi\u00f3 tanques a Ucrania &#8220;por presi\u00f3n de medios de comunicaci\u00f3n&#8221;: L\u00f3pez Obrador"}]},{"@type":"WebSite","@id":"https:\/\/quehacerpolitico.mx\/#website","url":"https:\/\/quehacerpolitico.mx\/","name":"","description":"","potentialAction":[{"@type":"SearchAction","target":{"@type":"EntryPoint","urlTemplate":"https:\/\/quehacerpolitico.mx\/?s={search_term_string}"},"query-input":{"@type":"PropertyValueSpecification","valueRequired":true,"valueName":"search_term_string"}}],"inLanguage":"es"},{"@type":"Person","@id":"https:\/\/quehacerpolitico.mx\/#\/schema\/person\/496d8ad2d1d3f8036101dca7ee39e585","name":"Redacci\u00f3n QP","image":{"@type":"ImageObject","inLanguage":"es","@id":"https:\/\/secure.gravatar.com\/avatar\/c7164ed6fdec453195284ad24a5ae5b6e1eed2b848477fa2a4787ba9adf39a41?s=96&d=mm&r=g","url":"https:\/\/secure.gravatar.com\/avatar\/c7164ed6fdec453195284ad24a5ae5b6e1eed2b848477fa2a4787ba9adf39a41?s=96&d=mm&r=g","contentUrl":"https:\/\/secure.gravatar.com\/avatar\/c7164ed6fdec453195284ad24a5ae5b6e1eed2b848477fa2a4787ba9adf39a41?s=96&d=mm&r=g","caption":"Redacci\u00f3n QP"},"url":"https:\/\/quehacerpolitico.mx\/?author=2"}]}},"featured_image_urls":{"full":["https:\/\/quehacerpolitico.mx\/wp-content\/uploads\/2023\/01\/79A41D48-9A0C-40B5-B98E-0781FC33A140.jpeg",950,711,false],"thumbnail":["https:\/\/quehacerpolitico.mx\/wp-content\/uploads\/2023\/01\/79A41D48-9A0C-40B5-B98E-0781FC33A140-150x150.jpeg",150,150,true],"medium":["https:\/\/quehacerpolitico.mx\/wp-content\/uploads\/2023\/01\/79A41D48-9A0C-40B5-B98E-0781FC33A140-300x225.jpeg",300,225,true],"medium_large":["https:\/\/quehacerpolitico.mx\/wp-content\/uploads\/2023\/01\/79A41D48-9A0C-40B5-B98E-0781FC33A140-768x575.jpeg",640,479,true],"large":["https:\/\/quehacerpolitico.mx\/wp-content\/uploads\/2023\/01\/79A41D48-9A0C-40B5-B98E-0781FC33A140.jpeg",640,479,false],"1536x1536":["https:\/\/quehacerpolitico.mx\/wp-content\/uploads\/2023\/01\/79A41D48-9A0C-40B5-B98E-0781FC33A140.jpeg",950,711,false],"2048x2048":["https:\/\/quehacerpolitico.mx\/wp-content\/uploads\/2023\/01\/79A41D48-9A0C-40B5-B98E-0781FC33A140.jpeg",950,711,false],"covernews-featured":["https:\/\/quehacerpolitico.mx\/wp-content\/uploads\/2023\/01\/79A41D48-9A0C-40B5-B98E-0781FC33A140.jpeg",950,711,false],"covernews-medium":["https:\/\/quehacerpolitico.mx\/wp-content\/uploads\/2023\/01\/79A41D48-9A0C-40B5-B98E-0781FC33A140.jpeg",454,340,false]},"author_info":{"display_name":"Redacci\u00f3n QP","author_link":"https:\/\/quehacerpolitico.mx\/?author=2"},"category_info":"<a href=\"https:\/\/quehacerpolitico.mx\/?cat=2\" rel=\"category\">Noticias<\/a>","tag_info":"Noticias","comment_count":"0","_links":{"self":[{"href":"https:\/\/quehacerpolitico.mx\/index.php?rest_route=\/wp\/v2\/posts\/98304","targetHints":{"allow":["GET"]}}],"collection":[{"href":"https:\/\/quehacerpolitico.mx\/index.php?rest_route=\/wp\/v2\/posts"}],"about":[{"href":"https:\/\/quehacerpolitico.mx\/index.php?rest_route=\/wp\/v2\/types\/post"}],"author":[{"embeddable":true,"href":"https:\/\/quehacerpolitico.mx\/index.php?rest_route=\/wp\/v2\/users\/2"}],"replies":[{"embeddable":true,"href":"https:\/\/quehacerpolitico.mx\/index.php?rest_route=%2Fwp%2Fv2%2Fcomments&post=98304"}],"version-history":[{"count":1,"href":"https:\/\/quehacerpolitico.mx\/index.php?rest_route=\/wp\/v2\/posts\/98304\/revisions"}],"predecessor-version":[{"id":98306,"href":"https:\/\/quehacerpolitico.mx\/index.php?rest_route=\/wp\/v2\/posts\/98304\/revisions\/98306"}],"wp:featuredmedia":[{"embeddable":true,"href":"https:\/\/quehacerpolitico.mx\/index.php?rest_route=\/wp\/v2\/media\/98305"}],"wp:attachment":[{"href":"https:\/\/quehacerpolitico.mx\/index.php?rest_route=%2Fwp%2Fv2%2Fmedia&parent=98304"}],"wp:term":[{"taxonomy":"category","embeddable":true,"href":"https:\/\/quehacerpolitico.mx\/index.php?rest_route=%2Fwp%2Fv2%2Fcategories&post=98304"},{"taxonomy":"post_tag","embeddable":true,"href":"https:\/\/quehacerpolitico.mx\/index.php?rest_route=%2Fwp%2Fv2%2Ftags&post=98304"}],"curies":[{"name":"wp","href":"https:\/\/api.w.org\/{rel}","templated":true}]}}