{"id":98298,"date":"2023-01-25T16:22:33","date_gmt":"2023-01-25T16:22:33","guid":{"rendered":"https:\/\/quehacerpolitico.mx\/?p=98298"},"modified":"2023-01-25T16:22:37","modified_gmt":"2023-01-25T16:22:37","slug":"el-inai-ordena-a-lopez-obrador-revelar-expediente-de-eu-sobre-ayotzinapa","status":"publish","type":"post","link":"https:\/\/quehacerpolitico.mx\/?p=98298","title":{"rendered":"El Inai ordena a L\u00f3pez Obrador revelar expediente de EU sobre Ayotzinapa"},"content":{"rendered":"\n<p>Por Redacci\u00f3n QP<\/p>\n\n\n\n<p>Comisionados determinan que el Presidente debe publicar los documentos que \u00e9l dijo recibir en mayo de 2021<\/p>\n\n\n\n<p>El Instituto Nacional de Transparencia y Acceso a la Informaci\u00f3n (Inai) orden\u00f3 este mi\u00e9rcoles a la Presidencia de M\u00e9xic<strong>o revelar el expediente que comparti\u00f3 la vicepresidenta de Estados Unidos, Kamala Harri<\/strong>s, sobre los 43 estudiantes desaparecidos de Ayotzinapa.<\/p>\n\n\n\n<p>Los comisionados del \u00f3rgano aut\u00f3nomo determinaron que el Presidente, Andr\u00e9s Manuel L\u00f3pez Obrador,<strong>\u00a0debe publicar los documentos que \u00e9l dijo recibir en mayo de 2021<\/strong>, tras una reuni\u00f3n virtual con Harris, sobre los j\u00f3venes desaparecidos en el sure\u00f1o estado de Guerrero en septiembre de 2014.<\/p>\n\n\n\n<figure class=\"wp-block-image\"><img decoding=\"async\" src=\"https:\/\/www.informador.mx\/export\/sites\/elinformador\/img\/2023\/01\/25\/2.jpg_596417318.jpg\" alt=\"\" title=\"\"\/><\/figure>\n\n\n\n<p>&#8220;En el Inai impulsamos siempre el principio a la m\u00e1xima publicidad, ya que el acceso a la justicia, a la verdad y a la memoria hist\u00f3rica es parte de una verdadera reparaci\u00f3n del da\u00f1o&#8221;, argument\u00f3 la comisionada Norma Julieta del R\u00edo, seg\u00fan el reporte del organismo.<\/p>\n\n\n\n<p><strong>L\u00f3pez Obrador pidi\u00f3 el expediente a Harris como parte de la investigaci\u00f3n de la Comisi\u00f3n de la Verdad de su Gobierno,<\/strong>&nbsp;que en agosto pasado determin\u00f3 que el caso de Ayotzinapa fue &#8220;un crimen de Estado&#8221; que involucr\u00f3 a autoridades de todos los niveles, incluyendo militares.<\/p>\n\n\n\n<p>Los archivos de Estados Unidos<strong>\u00a0incluyen intervenciones telef\u00f3nicas realizadas al grupo criminal Guerreros Unidos<\/strong>, que est\u00e1 relacionado con la desaparici\u00f3n de los 43 estudiantes, seg\u00fan detall\u00f3 el Inai.<\/p>\n\n\n\n<p>El organismo aut\u00f3nomo justific\u00f3 su decisi\u00f3n porque el caso &#8220;es emblem\u00e1tico de la crisis en materia de violaciones graves a derechos humanos que ha sufrido&#8221; M\u00e9xico.<\/p>\n\n\n\n<p>&#8220;Quienes integramos este pleno hemos impulsado en todas y cada una de nuestras ponencias la apertura de toda la informaci\u00f3n relacionada con el caso Ayotzinapa&#8221;, expuso la comisionada Del R\u00edo.<\/p>\n\n\n\n<p>Con Informaci\u00f3n de EFE<\/p>\n","protected":false},"excerpt":{"rendered":"<p>Por Redacci\u00f3n QP Comisionados determinan que el Presidente debe publicar los documentos que \u00e9l dijo&#8230;<\/p>\n","protected":false},"author":2,"featured_media":98299,"comment_status":"open","ping_status":"open","sticky":false,"template":"","format":"standard","meta":{"_monsterinsights_skip_tracking":false,"_monsterinsights_sitenote_active":false,"_monsterinsights_sitenote_note":"","_monsterinsights_sitenote_category":0,"footnotes":""},"categories":[2],"tags":[],"class_list":["post-98298","post","type-post","status-publish","format-standard","has-post-thumbnail","hentry","category-noticias"],"yoast_head":"<!-- This site is optimized with the Yoast SEO plugin v27.3 - https:\/\/yoast.com\/product\/yoast-seo-wordpress\/ -->\n<title>El Inai ordena a L\u00f3pez Obrador revelar expediente de EU sobre Ayotzinapa -<\/title>\n<meta name=\"robots\" content=\"index, follow, max-snippet:-1, max-image-preview:large, max-video-preview:-1\" \/>\n<link rel=\"canonical\" href=\"https:\/\/quehacerpolitico.mx\/?p=98298\" \/>\n<meta property=\"og:locale\" content=\"es_MX\" \/>\n<meta property=\"og:type\" content=\"article\" \/>\n<meta property=\"og:title\" content=\"El Inai ordena a L\u00f3pez Obrador revelar expediente de EU sobre Ayotzinapa -\" \/>\n<meta property=\"og:description\" content=\"Por Redacci\u00f3n QP Comisionados determinan que el Presidente debe publicar los documentos que \u00e9l dijo...\" \/>\n<meta property=\"og:url\" content=\"https:\/\/quehacerpolitico.mx\/?p=98298\" \/>\n<meta property=\"article:published_time\" content=\"2023-01-25T16:22:33+00:00\" \/>\n<meta property=\"article:modified_time\" content=\"2023-01-25T16:22:37+00:00\" \/>\n<meta property=\"og:image\" content=\"https:\/\/quehacerpolitico.mx\/wp-content\/uploads\/2023\/01\/D5591E7A-79AA-4F67-87A2-02154EDED109.jpeg\" \/>\n\t<meta property=\"og:image:width\" content=\"1284\" \/>\n\t<meta property=\"og:image:height\" content=\"695\" \/>\n\t<meta property=\"og:image:type\" content=\"image\/jpeg\" \/>\n<meta name=\"author\" content=\"Redacci\u00f3n QP\" \/>\n<meta name=\"twitter:card\" content=\"summary_large_image\" \/>\n<meta name=\"twitter:label1\" content=\"Escrito por\" \/>\n\t<meta name=\"twitter:data1\" content=\"Redacci\u00f3n QP\" \/>\n\t<meta name=\"twitter:label2\" content=\"Tiempo de lectura\" \/>\n\t<meta name=\"twitter:data2\" content=\"2 minutos\" \/>\n<script type=\"application\/ld+json\" class=\"yoast-schema-graph\">{\"@context\":\"https:\\\/\\\/schema.org\",\"@graph\":[{\"@type\":\"Article\",\"@id\":\"https:\\\/\\\/quehacerpolitico.mx\\\/?p=98298#article\",\"isPartOf\":{\"@id\":\"https:\\\/\\\/quehacerpolitico.mx\\\/?p=98298\"},\"author\":{\"name\":\"Redacci\u00f3n QP\",\"@id\":\"https:\\\/\\\/quehacerpolitico.mx\\\/#\\\/schema\\\/person\\\/496d8ad2d1d3f8036101dca7ee39e585\"},\"headline\":\"El Inai ordena a L\u00f3pez Obrador revelar expediente de EU sobre Ayotzinapa\",\"datePublished\":\"2023-01-25T16:22:33+00:00\",\"dateModified\":\"2023-01-25T16:22:37+00:00\",\"mainEntityOfPage\":{\"@id\":\"https:\\\/\\\/quehacerpolitico.mx\\\/?p=98298\"},\"wordCount\":321,\"commentCount\":0,\"image\":{\"@id\":\"https:\\\/\\\/quehacerpolitico.mx\\\/?p=98298#primaryimage\"},\"thumbnailUrl\":\"https:\\\/\\\/quehacerpolitico.mx\\\/wp-content\\\/uploads\\\/2023\\\/01\\\/D5591E7A-79AA-4F67-87A2-02154EDED109.jpeg\",\"articleSection\":[\"Noticias\"],\"inLanguage\":\"es\",\"potentialAction\":[{\"@type\":\"CommentAction\",\"name\":\"Comment\",\"target\":[\"https:\\\/\\\/quehacerpolitico.mx\\\/?p=98298#respond\"]}]},{\"@type\":\"WebPage\",\"@id\":\"https:\\\/\\\/quehacerpolitico.mx\\\/?p=98298\",\"url\":\"https:\\\/\\\/quehacerpolitico.mx\\\/?p=98298\",\"name\":\"El Inai ordena a L\u00f3pez Obrador revelar expediente de EU sobre Ayotzinapa -\",\"isPartOf\":{\"@id\":\"https:\\\/\\\/quehacerpolitico.mx\\\/#website\"},\"primaryImageOfPage\":{\"@id\":\"https:\\\/\\\/quehacerpolitico.mx\\\/?p=98298#primaryimage\"},\"image\":{\"@id\":\"https:\\\/\\\/quehacerpolitico.mx\\\/?p=98298#primaryimage\"},\"thumbnailUrl\":\"https:\\\/\\\/quehacerpolitico.mx\\\/wp-content\\\/uploads\\\/2023\\\/01\\\/D5591E7A-79AA-4F67-87A2-02154EDED109.jpeg\",\"datePublished\":\"2023-01-25T16:22:33+00:00\",\"dateModified\":\"2023-01-25T16:22:37+00:00\",\"author\":{\"@id\":\"https:\\\/\\\/quehacerpolitico.mx\\\/#\\\/schema\\\/person\\\/496d8ad2d1d3f8036101dca7ee39e585\"},\"breadcrumb\":{\"@id\":\"https:\\\/\\\/quehacerpolitico.mx\\\/?p=98298#breadcrumb\"},\"inLanguage\":\"es\",\"potentialAction\":[{\"@type\":\"ReadAction\",\"target\":[\"https:\\\/\\\/quehacerpolitico.mx\\\/?p=98298\"]}]},{\"@type\":\"ImageObject\",\"inLanguage\":\"es\",\"@id\":\"https:\\\/\\\/quehacerpolitico.mx\\\/?p=98298#primaryimage\",\"url\":\"https:\\\/\\\/quehacerpolitico.mx\\\/wp-content\\\/uploads\\\/2023\\\/01\\\/D5591E7A-79AA-4F67-87A2-02154EDED109.jpeg\",\"contentUrl\":\"https:\\\/\\\/quehacerpolitico.mx\\\/wp-content\\\/uploads\\\/2023\\\/01\\\/D5591E7A-79AA-4F67-87A2-02154EDED109.jpeg\",\"width\":1284,\"height\":695},{\"@type\":\"BreadcrumbList\",\"@id\":\"https:\\\/\\\/quehacerpolitico.mx\\\/?p=98298#breadcrumb\",\"itemListElement\":[{\"@type\":\"ListItem\",\"position\":1,\"name\":\"Inicio\",\"item\":\"https:\\\/\\\/quehacerpolitico.mx\\\/\"},{\"@type\":\"ListItem\",\"position\":2,\"name\":\"El Inai ordena a L\u00f3pez Obrador revelar expediente de EU sobre Ayotzinapa\"}]},{\"@type\":\"WebSite\",\"@id\":\"https:\\\/\\\/quehacerpolitico.mx\\\/#website\",\"url\":\"https:\\\/\\\/quehacerpolitico.mx\\\/\",\"name\":\"\",\"description\":\"\",\"potentialAction\":[{\"@type\":\"SearchAction\",\"target\":{\"@type\":\"EntryPoint\",\"urlTemplate\":\"https:\\\/\\\/quehacerpolitico.mx\\\/?s={search_term_string}\"},\"query-input\":{\"@type\":\"PropertyValueSpecification\",\"valueRequired\":true,\"valueName\":\"search_term_string\"}}],\"inLanguage\":\"es\"},{\"@type\":\"Person\",\"@id\":\"https:\\\/\\\/quehacerpolitico.mx\\\/#\\\/schema\\\/person\\\/496d8ad2d1d3f8036101dca7ee39e585\",\"name\":\"Redacci\u00f3n QP\",\"image\":{\"@type\":\"ImageObject\",\"inLanguage\":\"es\",\"@id\":\"https:\\\/\\\/secure.gravatar.com\\\/avatar\\\/c7164ed6fdec453195284ad24a5ae5b6e1eed2b848477fa2a4787ba9adf39a41?s=96&d=mm&r=g\",\"url\":\"https:\\\/\\\/secure.gravatar.com\\\/avatar\\\/c7164ed6fdec453195284ad24a5ae5b6e1eed2b848477fa2a4787ba9adf39a41?s=96&d=mm&r=g\",\"contentUrl\":\"https:\\\/\\\/secure.gravatar.com\\\/avatar\\\/c7164ed6fdec453195284ad24a5ae5b6e1eed2b848477fa2a4787ba9adf39a41?s=96&d=mm&r=g\",\"caption\":\"Redacci\u00f3n QP\"},\"url\":\"https:\\\/\\\/quehacerpolitico.mx\\\/?author=2\"}]}<\/script>\n<!-- \/ Yoast SEO plugin. -->","yoast_head_json":{"title":"El Inai ordena a L\u00f3pez Obrador revelar expediente de EU sobre Ayotzinapa -","robots":{"index":"index","follow":"follow","max-snippet":"max-snippet:-1","max-image-preview":"max-image-preview:large","max-video-preview":"max-video-preview:-1"},"canonical":"https:\/\/quehacerpolitico.mx\/?p=98298","og_locale":"es_MX","og_type":"article","og_title":"El Inai ordena a L\u00f3pez Obrador revelar expediente de EU sobre Ayotzinapa -","og_description":"Por Redacci\u00f3n QP Comisionados determinan que el Presidente debe publicar los documentos que \u00e9l dijo...","og_url":"https:\/\/quehacerpolitico.mx\/?p=98298","article_published_time":"2023-01-25T16:22:33+00:00","article_modified_time":"2023-01-25T16:22:37+00:00","og_image":[{"width":1284,"height":695,"url":"https:\/\/quehacerpolitico.mx\/wp-content\/uploads\/2023\/01\/D5591E7A-79AA-4F67-87A2-02154EDED109.jpeg","type":"image\/jpeg"}],"author":"Redacci\u00f3n QP","twitter_card":"summary_large_image","twitter_misc":{"Escrito por":"Redacci\u00f3n QP","Tiempo de lectura":"2 minutos"},"schema":{"@context":"https:\/\/schema.org","@graph":[{"@type":"Article","@id":"https:\/\/quehacerpolitico.mx\/?p=98298#article","isPartOf":{"@id":"https:\/\/quehacerpolitico.mx\/?p=98298"},"author":{"name":"Redacci\u00f3n QP","@id":"https:\/\/quehacerpolitico.mx\/#\/schema\/person\/496d8ad2d1d3f8036101dca7ee39e585"},"headline":"El Inai ordena a L\u00f3pez Obrador revelar expediente de EU sobre Ayotzinapa","datePublished":"2023-01-25T16:22:33+00:00","dateModified":"2023-01-25T16:22:37+00:00","mainEntityOfPage":{"@id":"https:\/\/quehacerpolitico.mx\/?p=98298"},"wordCount":321,"commentCount":0,"image":{"@id":"https:\/\/quehacerpolitico.mx\/?p=98298#primaryimage"},"thumbnailUrl":"https:\/\/quehacerpolitico.mx\/wp-content\/uploads\/2023\/01\/D5591E7A-79AA-4F67-87A2-02154EDED109.jpeg","articleSection":["Noticias"],"inLanguage":"es","potentialAction":[{"@type":"CommentAction","name":"Comment","target":["https:\/\/quehacerpolitico.mx\/?p=98298#respond"]}]},{"@type":"WebPage","@id":"https:\/\/quehacerpolitico.mx\/?p=98298","url":"https:\/\/quehacerpolitico.mx\/?p=98298","name":"El Inai ordena a L\u00f3pez Obrador revelar expediente de EU sobre Ayotzinapa -","isPartOf":{"@id":"https:\/\/quehacerpolitico.mx\/#website"},"primaryImageOfPage":{"@id":"https:\/\/quehacerpolitico.mx\/?p=98298#primaryimage"},"image":{"@id":"https:\/\/quehacerpolitico.mx\/?p=98298#primaryimage"},"thumbnailUrl":"https:\/\/quehacerpolitico.mx\/wp-content\/uploads\/2023\/01\/D5591E7A-79AA-4F67-87A2-02154EDED109.jpeg","datePublished":"2023-01-25T16:22:33+00:00","dateModified":"2023-01-25T16:22:37+00:00","author":{"@id":"https:\/\/quehacerpolitico.mx\/#\/schema\/person\/496d8ad2d1d3f8036101dca7ee39e585"},"breadcrumb":{"@id":"https:\/\/quehacerpolitico.mx\/?p=98298#breadcrumb"},"inLanguage":"es","potentialAction":[{"@type":"ReadAction","target":["https:\/\/quehacerpolitico.mx\/?p=98298"]}]},{"@type":"ImageObject","inLanguage":"es","@id":"https:\/\/quehacerpolitico.mx\/?p=98298#primaryimage","url":"https:\/\/quehacerpolitico.mx\/wp-content\/uploads\/2023\/01\/D5591E7A-79AA-4F67-87A2-02154EDED109.jpeg","contentUrl":"https:\/\/quehacerpolitico.mx\/wp-content\/uploads\/2023\/01\/D5591E7A-79AA-4F67-87A2-02154EDED109.jpeg","width":1284,"height":695},{"@type":"BreadcrumbList","@id":"https:\/\/quehacerpolitico.mx\/?p=98298#breadcrumb","itemListElement":[{"@type":"ListItem","position":1,"name":"Inicio","item":"https:\/\/quehacerpolitico.mx\/"},{"@type":"ListItem","position":2,"name":"El Inai ordena a L\u00f3pez Obrador revelar expediente de EU sobre Ayotzinapa"}]},{"@type":"WebSite","@id":"https:\/\/quehacerpolitico.mx\/#website","url":"https:\/\/quehacerpolitico.mx\/","name":"","description":"","potentialAction":[{"@type":"SearchAction","target":{"@type":"EntryPoint","urlTemplate":"https:\/\/quehacerpolitico.mx\/?s={search_term_string}"},"query-input":{"@type":"PropertyValueSpecification","valueRequired":true,"valueName":"search_term_string"}}],"inLanguage":"es"},{"@type":"Person","@id":"https:\/\/quehacerpolitico.mx\/#\/schema\/person\/496d8ad2d1d3f8036101dca7ee39e585","name":"Redacci\u00f3n QP","image":{"@type":"ImageObject","inLanguage":"es","@id":"https:\/\/secure.gravatar.com\/avatar\/c7164ed6fdec453195284ad24a5ae5b6e1eed2b848477fa2a4787ba9adf39a41?s=96&d=mm&r=g","url":"https:\/\/secure.gravatar.com\/avatar\/c7164ed6fdec453195284ad24a5ae5b6e1eed2b848477fa2a4787ba9adf39a41?s=96&d=mm&r=g","contentUrl":"https:\/\/secure.gravatar.com\/avatar\/c7164ed6fdec453195284ad24a5ae5b6e1eed2b848477fa2a4787ba9adf39a41?s=96&d=mm&r=g","caption":"Redacci\u00f3n QP"},"url":"https:\/\/quehacerpolitico.mx\/?author=2"}]}},"featured_image_urls":{"full":["https:\/\/quehacerpolitico.mx\/wp-content\/uploads\/2023\/01\/D5591E7A-79AA-4F67-87A2-02154EDED109.jpeg",1284,695,false],"thumbnail":["https:\/\/quehacerpolitico.mx\/wp-content\/uploads\/2023\/01\/D5591E7A-79AA-4F67-87A2-02154EDED109-150x150.jpeg",150,150,true],"medium":["https:\/\/quehacerpolitico.mx\/wp-content\/uploads\/2023\/01\/D5591E7A-79AA-4F67-87A2-02154EDED109-300x162.jpeg",300,162,true],"medium_large":["https:\/\/quehacerpolitico.mx\/wp-content\/uploads\/2023\/01\/D5591E7A-79AA-4F67-87A2-02154EDED109-768x416.jpeg",640,347,true],"large":["https:\/\/quehacerpolitico.mx\/wp-content\/uploads\/2023\/01\/D5591E7A-79AA-4F67-87A2-02154EDED109-1024x554.jpeg",640,346,true],"1536x1536":["https:\/\/quehacerpolitico.mx\/wp-content\/uploads\/2023\/01\/D5591E7A-79AA-4F67-87A2-02154EDED109.jpeg",1284,695,false],"2048x2048":["https:\/\/quehacerpolitico.mx\/wp-content\/uploads\/2023\/01\/D5591E7A-79AA-4F67-87A2-02154EDED109.jpeg",1284,695,false],"covernews-featured":["https:\/\/quehacerpolitico.mx\/wp-content\/uploads\/2023\/01\/D5591E7A-79AA-4F67-87A2-02154EDED109.jpeg",1024,554,false],"covernews-medium":["https:\/\/quehacerpolitico.mx\/wp-content\/uploads\/2023\/01\/D5591E7A-79AA-4F67-87A2-02154EDED109.jpeg",540,292,false]},"author_info":{"display_name":"Redacci\u00f3n QP","author_link":"https:\/\/quehacerpolitico.mx\/?author=2"},"category_info":"<a href=\"https:\/\/quehacerpolitico.mx\/?cat=2\" rel=\"category\">Noticias<\/a>","tag_info":"Noticias","comment_count":"0","_links":{"self":[{"href":"https:\/\/quehacerpolitico.mx\/index.php?rest_route=\/wp\/v2\/posts\/98298","targetHints":{"allow":["GET"]}}],"collection":[{"href":"https:\/\/quehacerpolitico.mx\/index.php?rest_route=\/wp\/v2\/posts"}],"about":[{"href":"https:\/\/quehacerpolitico.mx\/index.php?rest_route=\/wp\/v2\/types\/post"}],"author":[{"embeddable":true,"href":"https:\/\/quehacerpolitico.mx\/index.php?rest_route=\/wp\/v2\/users\/2"}],"replies":[{"embeddable":true,"href":"https:\/\/quehacerpolitico.mx\/index.php?rest_route=%2Fwp%2Fv2%2Fcomments&post=98298"}],"version-history":[{"count":1,"href":"https:\/\/quehacerpolitico.mx\/index.php?rest_route=\/wp\/v2\/posts\/98298\/revisions"}],"predecessor-version":[{"id":98300,"href":"https:\/\/quehacerpolitico.mx\/index.php?rest_route=\/wp\/v2\/posts\/98298\/revisions\/98300"}],"wp:featuredmedia":[{"embeddable":true,"href":"https:\/\/quehacerpolitico.mx\/index.php?rest_route=\/wp\/v2\/media\/98299"}],"wp:attachment":[{"href":"https:\/\/quehacerpolitico.mx\/index.php?rest_route=%2Fwp%2Fv2%2Fmedia&parent=98298"}],"wp:term":[{"taxonomy":"category","embeddable":true,"href":"https:\/\/quehacerpolitico.mx\/index.php?rest_route=%2Fwp%2Fv2%2Fcategories&post=98298"},{"taxonomy":"post_tag","embeddable":true,"href":"https:\/\/quehacerpolitico.mx\/index.php?rest_route=%2Fwp%2Fv2%2Ftags&post=98298"}],"curies":[{"name":"wp","href":"https:\/\/api.w.org\/{rel}","templated":true}]}}