{"id":98295,"date":"2023-01-24T17:29:29","date_gmt":"2023-01-24T17:29:29","guid":{"rendered":"https:\/\/quehacerpolitico.mx\/?p=98295"},"modified":"2023-01-24T17:29:33","modified_gmt":"2023-01-24T17:29:33","slug":"gobierno-de-mexico-va-por-700-mdd-en-juicio-contra-garcia-luna","status":"publish","type":"post","link":"https:\/\/quehacerpolitico.mx\/?p=98295","title":{"rendered":"Gobierno de M\u00e9xico va por 700 MDD en juicio contra Garc\u00eda Luna"},"content":{"rendered":"\n<p>Por Redacci\u00f3n QP<\/p>\n\n\n\n<p>El Presidente L\u00f3pez Obrador informa que se litiga en una Corte de Florida el dinero y otros posibles activos de Genaro Garc\u00eda Luna<\/p>\n\n\n\n<p>El Presidente\u00a0Andres Manuel Lopez Obrador inform\u00f3 que\u00a0<strong>su gobierno litiga en una Corte de Florida, Estados Unidos, 700 millones de d\u00f3lares y otros posibles activos<\/strong>\u00a0del exsecretario de Seguridad Genaro Garc\u00eda Luna.<\/p>\n\n\n\n<p><strong>&#8220;Lo que vamos a procurar es recoger el dinero de 700 millones de d\u00f3lares en Florida&#8221;,<\/strong>&nbsp;expres\u00f3 el Presidente L\u00f3pez Obrador.<\/p>\n\n\n\n<p>En conferencia de prensa, en Palacio Nacional, L\u00f3pez Obrador dijo que los abogados del exfuncionario del gobierno de\u00a0Felipe Calder\u00f3n plantearon que no ten\u00eda porque M\u00e9xico ir a litigar en Estados Unidos.<\/p>\n\n\n\n<p>Pero\u00a0<strong>&#8220;un juzgado en Florida nos dio la raz\u00f3n, son 700 millones de foliares y otros posibles activos&#8221;<\/strong>, se\u00f1al\u00f3 el Mandatario.<\/p>\n\n\n\n<figure class=\"wp-block-embed is-type-video is-provider-youtube wp-block-embed-youtube wp-embed-aspect-16-9 wp-has-aspect-ratio\"><div class=\"wp-block-embed__wrapper\">\n<iframe loading=\"lazy\" title=\"M\u00e9xico va por 700 mdd de Garc\u00eda Luna\" width=\"640\" height=\"360\" src=\"https:\/\/www.youtube.com\/embed\/iO41H3zY-uQ?feature=oembed\" frameborder=\"0\" allow=\"accelerometer; autoplay; clipboard-write; encrypted-media; gyroscope; picture-in-picture; web-share\" referrerpolicy=\"strict-origin-when-cross-origin\" allowfullscreen><\/iframe>\n<\/div><\/figure>\n\n\n\n<h2 class=\"wp-block-heading\">Hip\u00f3tesis de L\u00f3pez Obrador sobre Calder\u00f3n en caso Garc\u00eda Luna<\/h2>\n\n\n\n<p>Sobre el posible conocimiento que pudo haber tenido el expresidente Calder\u00f3n de las presuntas actividades il\u00edcitas de\u00a0Genaro Garc\u00eda Luna, el Mandatario reiter\u00f3 que el exsecretario pudo haber enga\u00f1ado al exmandatario.<\/p>\n\n\n\n<p><strong>&#8220;Yo sigo sosteniendo mis tres hip\u00f3tesis: Una que no es culpable Garc\u00eda Luna, que ni se le va a probar nada y que lo tienen que liberar aunque ser\u00eda un fiasco,<\/strong>&nbsp;sobre todo quedar\u00edan muy mal las agencias y gobierno Estados Unidos, pero si es inocente aunque queden mal, porque por encima de todo est\u00e1 la justicia&#8221;.<\/p>\n\n\n\n<p><strong>&#8220;La segunda es que si est\u00e1 involucrado y actu\u00f3 por su cuenta,<\/strong>\u00a0o sea enga\u00f1\u00f3 a autoridades de Estados Unidos, a los expedientes Felipe Calder\u00f3n y a Fox\u2026 y la tercera hip\u00f3tesis es que\u00a0<strong>actuaba as\u00ed, porque ten\u00eda cuando menos la licencia de los expresidentes&#8221;.<\/strong><\/p>\n\n\n\n<p>Con Informaci\u00f3n de SUN <\/p>\n","protected":false},"excerpt":{"rendered":"<p>Por Redacci\u00f3n QP El Presidente L\u00f3pez Obrador informa que se litiga en una Corte de&#8230;<\/p>\n","protected":false},"author":2,"featured_media":98296,"comment_status":"open","ping_status":"open","sticky":false,"template":"","format":"standard","meta":{"_monsterinsights_skip_tracking":false,"_monsterinsights_sitenote_active":false,"_monsterinsights_sitenote_note":"","_monsterinsights_sitenote_category":0,"footnotes":""},"categories":[2],"tags":[],"class_list":["post-98295","post","type-post","status-publish","format-standard","has-post-thumbnail","hentry","category-noticias"],"yoast_head":"<!-- This site is optimized with the Yoast SEO plugin v27.3 - https:\/\/yoast.com\/product\/yoast-seo-wordpress\/ -->\n<title>Gobierno de M\u00e9xico va por 700 MDD en juicio contra Garc\u00eda Luna -<\/title>\n<meta name=\"robots\" content=\"index, follow, max-snippet:-1, max-image-preview:large, max-video-preview:-1\" \/>\n<link rel=\"canonical\" href=\"https:\/\/quehacerpolitico.mx\/?p=98295\" \/>\n<meta property=\"og:locale\" content=\"es_MX\" \/>\n<meta property=\"og:type\" content=\"article\" \/>\n<meta property=\"og:title\" content=\"Gobierno de M\u00e9xico va por 700 MDD en juicio contra Garc\u00eda Luna -\" \/>\n<meta property=\"og:description\" content=\"Por Redacci\u00f3n QP El Presidente L\u00f3pez Obrador informa que se litiga en una Corte de...\" \/>\n<meta property=\"og:url\" content=\"https:\/\/quehacerpolitico.mx\/?p=98295\" \/>\n<meta property=\"article:published_time\" content=\"2023-01-24T17:29:29+00:00\" \/>\n<meta property=\"article:modified_time\" content=\"2023-01-24T17:29:33+00:00\" \/>\n<meta property=\"og:image\" content=\"https:\/\/quehacerpolitico.mx\/wp-content\/uploads\/2023\/01\/ABB6296F-879E-4E5A-8BE3-8CC1899FCFCB.jpeg\" \/>\n\t<meta property=\"og:image:width\" content=\"1284\" \/>\n\t<meta property=\"og:image:height\" content=\"712\" \/>\n\t<meta property=\"og:image:type\" content=\"image\/jpeg\" \/>\n<meta name=\"author\" content=\"Redacci\u00f3n QP\" \/>\n<meta name=\"twitter:card\" content=\"summary_large_image\" \/>\n<meta name=\"twitter:label1\" content=\"Escrito por\" \/>\n\t<meta name=\"twitter:data1\" content=\"Redacci\u00f3n QP\" \/>\n\t<meta name=\"twitter:label2\" content=\"Tiempo de lectura\" \/>\n\t<meta name=\"twitter:data2\" content=\"2 minutos\" \/>\n<script type=\"application\/ld+json\" class=\"yoast-schema-graph\">{\"@context\":\"https:\\\/\\\/schema.org\",\"@graph\":[{\"@type\":\"Article\",\"@id\":\"https:\\\/\\\/quehacerpolitico.mx\\\/?p=98295#article\",\"isPartOf\":{\"@id\":\"https:\\\/\\\/quehacerpolitico.mx\\\/?p=98295\"},\"author\":{\"name\":\"Redacci\u00f3n QP\",\"@id\":\"https:\\\/\\\/quehacerpolitico.mx\\\/#\\\/schema\\\/person\\\/496d8ad2d1d3f8036101dca7ee39e585\"},\"headline\":\"Gobierno de M\u00e9xico va por 700 MDD en juicio contra Garc\u00eda Luna\",\"datePublished\":\"2023-01-24T17:29:29+00:00\",\"dateModified\":\"2023-01-24T17:29:33+00:00\",\"mainEntityOfPage\":{\"@id\":\"https:\\\/\\\/quehacerpolitico.mx\\\/?p=98295\"},\"wordCount\":327,\"commentCount\":0,\"image\":{\"@id\":\"https:\\\/\\\/quehacerpolitico.mx\\\/?p=98295#primaryimage\"},\"thumbnailUrl\":\"https:\\\/\\\/quehacerpolitico.mx\\\/wp-content\\\/uploads\\\/2023\\\/01\\\/ABB6296F-879E-4E5A-8BE3-8CC1899FCFCB.jpeg\",\"articleSection\":[\"Noticias\"],\"inLanguage\":\"es\",\"potentialAction\":[{\"@type\":\"CommentAction\",\"name\":\"Comment\",\"target\":[\"https:\\\/\\\/quehacerpolitico.mx\\\/?p=98295#respond\"]}]},{\"@type\":\"WebPage\",\"@id\":\"https:\\\/\\\/quehacerpolitico.mx\\\/?p=98295\",\"url\":\"https:\\\/\\\/quehacerpolitico.mx\\\/?p=98295\",\"name\":\"Gobierno de M\u00e9xico va por 700 MDD en juicio contra Garc\u00eda Luna -\",\"isPartOf\":{\"@id\":\"https:\\\/\\\/quehacerpolitico.mx\\\/#website\"},\"primaryImageOfPage\":{\"@id\":\"https:\\\/\\\/quehacerpolitico.mx\\\/?p=98295#primaryimage\"},\"image\":{\"@id\":\"https:\\\/\\\/quehacerpolitico.mx\\\/?p=98295#primaryimage\"},\"thumbnailUrl\":\"https:\\\/\\\/quehacerpolitico.mx\\\/wp-content\\\/uploads\\\/2023\\\/01\\\/ABB6296F-879E-4E5A-8BE3-8CC1899FCFCB.jpeg\",\"datePublished\":\"2023-01-24T17:29:29+00:00\",\"dateModified\":\"2023-01-24T17:29:33+00:00\",\"author\":{\"@id\":\"https:\\\/\\\/quehacerpolitico.mx\\\/#\\\/schema\\\/person\\\/496d8ad2d1d3f8036101dca7ee39e585\"},\"breadcrumb\":{\"@id\":\"https:\\\/\\\/quehacerpolitico.mx\\\/?p=98295#breadcrumb\"},\"inLanguage\":\"es\",\"potentialAction\":[{\"@type\":\"ReadAction\",\"target\":[\"https:\\\/\\\/quehacerpolitico.mx\\\/?p=98295\"]}]},{\"@type\":\"ImageObject\",\"inLanguage\":\"es\",\"@id\":\"https:\\\/\\\/quehacerpolitico.mx\\\/?p=98295#primaryimage\",\"url\":\"https:\\\/\\\/quehacerpolitico.mx\\\/wp-content\\\/uploads\\\/2023\\\/01\\\/ABB6296F-879E-4E5A-8BE3-8CC1899FCFCB.jpeg\",\"contentUrl\":\"https:\\\/\\\/quehacerpolitico.mx\\\/wp-content\\\/uploads\\\/2023\\\/01\\\/ABB6296F-879E-4E5A-8BE3-8CC1899FCFCB.jpeg\",\"width\":1284,\"height\":712},{\"@type\":\"BreadcrumbList\",\"@id\":\"https:\\\/\\\/quehacerpolitico.mx\\\/?p=98295#breadcrumb\",\"itemListElement\":[{\"@type\":\"ListItem\",\"position\":1,\"name\":\"Inicio\",\"item\":\"https:\\\/\\\/quehacerpolitico.mx\\\/\"},{\"@type\":\"ListItem\",\"position\":2,\"name\":\"Gobierno de M\u00e9xico va por 700 MDD en juicio contra Garc\u00eda Luna\"}]},{\"@type\":\"WebSite\",\"@id\":\"https:\\\/\\\/quehacerpolitico.mx\\\/#website\",\"url\":\"https:\\\/\\\/quehacerpolitico.mx\\\/\",\"name\":\"\",\"description\":\"\",\"potentialAction\":[{\"@type\":\"SearchAction\",\"target\":{\"@type\":\"EntryPoint\",\"urlTemplate\":\"https:\\\/\\\/quehacerpolitico.mx\\\/?s={search_term_string}\"},\"query-input\":{\"@type\":\"PropertyValueSpecification\",\"valueRequired\":true,\"valueName\":\"search_term_string\"}}],\"inLanguage\":\"es\"},{\"@type\":\"Person\",\"@id\":\"https:\\\/\\\/quehacerpolitico.mx\\\/#\\\/schema\\\/person\\\/496d8ad2d1d3f8036101dca7ee39e585\",\"name\":\"Redacci\u00f3n QP\",\"image\":{\"@type\":\"ImageObject\",\"inLanguage\":\"es\",\"@id\":\"https:\\\/\\\/secure.gravatar.com\\\/avatar\\\/c7164ed6fdec453195284ad24a5ae5b6e1eed2b848477fa2a4787ba9adf39a41?s=96&d=mm&r=g\",\"url\":\"https:\\\/\\\/secure.gravatar.com\\\/avatar\\\/c7164ed6fdec453195284ad24a5ae5b6e1eed2b848477fa2a4787ba9adf39a41?s=96&d=mm&r=g\",\"contentUrl\":\"https:\\\/\\\/secure.gravatar.com\\\/avatar\\\/c7164ed6fdec453195284ad24a5ae5b6e1eed2b848477fa2a4787ba9adf39a41?s=96&d=mm&r=g\",\"caption\":\"Redacci\u00f3n QP\"},\"url\":\"https:\\\/\\\/quehacerpolitico.mx\\\/?author=2\"}]}<\/script>\n<!-- \/ Yoast SEO plugin. -->","yoast_head_json":{"title":"Gobierno de M\u00e9xico va por 700 MDD en juicio contra Garc\u00eda Luna -","robots":{"index":"index","follow":"follow","max-snippet":"max-snippet:-1","max-image-preview":"max-image-preview:large","max-video-preview":"max-video-preview:-1"},"canonical":"https:\/\/quehacerpolitico.mx\/?p=98295","og_locale":"es_MX","og_type":"article","og_title":"Gobierno de M\u00e9xico va por 700 MDD en juicio contra Garc\u00eda Luna -","og_description":"Por Redacci\u00f3n QP El Presidente L\u00f3pez Obrador informa que se litiga en una Corte de...","og_url":"https:\/\/quehacerpolitico.mx\/?p=98295","article_published_time":"2023-01-24T17:29:29+00:00","article_modified_time":"2023-01-24T17:29:33+00:00","og_image":[{"width":1284,"height":712,"url":"https:\/\/quehacerpolitico.mx\/wp-content\/uploads\/2023\/01\/ABB6296F-879E-4E5A-8BE3-8CC1899FCFCB.jpeg","type":"image\/jpeg"}],"author":"Redacci\u00f3n QP","twitter_card":"summary_large_image","twitter_misc":{"Escrito por":"Redacci\u00f3n QP","Tiempo de lectura":"2 minutos"},"schema":{"@context":"https:\/\/schema.org","@graph":[{"@type":"Article","@id":"https:\/\/quehacerpolitico.mx\/?p=98295#article","isPartOf":{"@id":"https:\/\/quehacerpolitico.mx\/?p=98295"},"author":{"name":"Redacci\u00f3n QP","@id":"https:\/\/quehacerpolitico.mx\/#\/schema\/person\/496d8ad2d1d3f8036101dca7ee39e585"},"headline":"Gobierno de M\u00e9xico va por 700 MDD en juicio contra Garc\u00eda Luna","datePublished":"2023-01-24T17:29:29+00:00","dateModified":"2023-01-24T17:29:33+00:00","mainEntityOfPage":{"@id":"https:\/\/quehacerpolitico.mx\/?p=98295"},"wordCount":327,"commentCount":0,"image":{"@id":"https:\/\/quehacerpolitico.mx\/?p=98295#primaryimage"},"thumbnailUrl":"https:\/\/quehacerpolitico.mx\/wp-content\/uploads\/2023\/01\/ABB6296F-879E-4E5A-8BE3-8CC1899FCFCB.jpeg","articleSection":["Noticias"],"inLanguage":"es","potentialAction":[{"@type":"CommentAction","name":"Comment","target":["https:\/\/quehacerpolitico.mx\/?p=98295#respond"]}]},{"@type":"WebPage","@id":"https:\/\/quehacerpolitico.mx\/?p=98295","url":"https:\/\/quehacerpolitico.mx\/?p=98295","name":"Gobierno de M\u00e9xico va por 700 MDD en juicio contra Garc\u00eda Luna -","isPartOf":{"@id":"https:\/\/quehacerpolitico.mx\/#website"},"primaryImageOfPage":{"@id":"https:\/\/quehacerpolitico.mx\/?p=98295#primaryimage"},"image":{"@id":"https:\/\/quehacerpolitico.mx\/?p=98295#primaryimage"},"thumbnailUrl":"https:\/\/quehacerpolitico.mx\/wp-content\/uploads\/2023\/01\/ABB6296F-879E-4E5A-8BE3-8CC1899FCFCB.jpeg","datePublished":"2023-01-24T17:29:29+00:00","dateModified":"2023-01-24T17:29:33+00:00","author":{"@id":"https:\/\/quehacerpolitico.mx\/#\/schema\/person\/496d8ad2d1d3f8036101dca7ee39e585"},"breadcrumb":{"@id":"https:\/\/quehacerpolitico.mx\/?p=98295#breadcrumb"},"inLanguage":"es","potentialAction":[{"@type":"ReadAction","target":["https:\/\/quehacerpolitico.mx\/?p=98295"]}]},{"@type":"ImageObject","inLanguage":"es","@id":"https:\/\/quehacerpolitico.mx\/?p=98295#primaryimage","url":"https:\/\/quehacerpolitico.mx\/wp-content\/uploads\/2023\/01\/ABB6296F-879E-4E5A-8BE3-8CC1899FCFCB.jpeg","contentUrl":"https:\/\/quehacerpolitico.mx\/wp-content\/uploads\/2023\/01\/ABB6296F-879E-4E5A-8BE3-8CC1899FCFCB.jpeg","width":1284,"height":712},{"@type":"BreadcrumbList","@id":"https:\/\/quehacerpolitico.mx\/?p=98295#breadcrumb","itemListElement":[{"@type":"ListItem","position":1,"name":"Inicio","item":"https:\/\/quehacerpolitico.mx\/"},{"@type":"ListItem","position":2,"name":"Gobierno de M\u00e9xico va por 700 MDD en juicio contra Garc\u00eda Luna"}]},{"@type":"WebSite","@id":"https:\/\/quehacerpolitico.mx\/#website","url":"https:\/\/quehacerpolitico.mx\/","name":"","description":"","potentialAction":[{"@type":"SearchAction","target":{"@type":"EntryPoint","urlTemplate":"https:\/\/quehacerpolitico.mx\/?s={search_term_string}"},"query-input":{"@type":"PropertyValueSpecification","valueRequired":true,"valueName":"search_term_string"}}],"inLanguage":"es"},{"@type":"Person","@id":"https:\/\/quehacerpolitico.mx\/#\/schema\/person\/496d8ad2d1d3f8036101dca7ee39e585","name":"Redacci\u00f3n QP","image":{"@type":"ImageObject","inLanguage":"es","@id":"https:\/\/secure.gravatar.com\/avatar\/c7164ed6fdec453195284ad24a5ae5b6e1eed2b848477fa2a4787ba9adf39a41?s=96&d=mm&r=g","url":"https:\/\/secure.gravatar.com\/avatar\/c7164ed6fdec453195284ad24a5ae5b6e1eed2b848477fa2a4787ba9adf39a41?s=96&d=mm&r=g","contentUrl":"https:\/\/secure.gravatar.com\/avatar\/c7164ed6fdec453195284ad24a5ae5b6e1eed2b848477fa2a4787ba9adf39a41?s=96&d=mm&r=g","caption":"Redacci\u00f3n QP"},"url":"https:\/\/quehacerpolitico.mx\/?author=2"}]}},"featured_image_urls":{"full":["https:\/\/quehacerpolitico.mx\/wp-content\/uploads\/2023\/01\/ABB6296F-879E-4E5A-8BE3-8CC1899FCFCB.jpeg",1284,712,false],"thumbnail":["https:\/\/quehacerpolitico.mx\/wp-content\/uploads\/2023\/01\/ABB6296F-879E-4E5A-8BE3-8CC1899FCFCB-150x150.jpeg",150,150,true],"medium":["https:\/\/quehacerpolitico.mx\/wp-content\/uploads\/2023\/01\/ABB6296F-879E-4E5A-8BE3-8CC1899FCFCB-300x166.jpeg",300,166,true],"medium_large":["https:\/\/quehacerpolitico.mx\/wp-content\/uploads\/2023\/01\/ABB6296F-879E-4E5A-8BE3-8CC1899FCFCB-768x426.jpeg",640,355,true],"large":["https:\/\/quehacerpolitico.mx\/wp-content\/uploads\/2023\/01\/ABB6296F-879E-4E5A-8BE3-8CC1899FCFCB-1024x568.jpeg",640,355,true],"1536x1536":["https:\/\/quehacerpolitico.mx\/wp-content\/uploads\/2023\/01\/ABB6296F-879E-4E5A-8BE3-8CC1899FCFCB.jpeg",1284,712,false],"2048x2048":["https:\/\/quehacerpolitico.mx\/wp-content\/uploads\/2023\/01\/ABB6296F-879E-4E5A-8BE3-8CC1899FCFCB.jpeg",1284,712,false],"covernews-featured":["https:\/\/quehacerpolitico.mx\/wp-content\/uploads\/2023\/01\/ABB6296F-879E-4E5A-8BE3-8CC1899FCFCB.jpeg",1024,568,false],"covernews-medium":["https:\/\/quehacerpolitico.mx\/wp-content\/uploads\/2023\/01\/ABB6296F-879E-4E5A-8BE3-8CC1899FCFCB.jpeg",540,299,false]},"author_info":{"display_name":"Redacci\u00f3n QP","author_link":"https:\/\/quehacerpolitico.mx\/?author=2"},"category_info":"<a href=\"https:\/\/quehacerpolitico.mx\/?cat=2\" rel=\"category\">Noticias<\/a>","tag_info":"Noticias","comment_count":"0","_links":{"self":[{"href":"https:\/\/quehacerpolitico.mx\/index.php?rest_route=\/wp\/v2\/posts\/98295","targetHints":{"allow":["GET"]}}],"collection":[{"href":"https:\/\/quehacerpolitico.mx\/index.php?rest_route=\/wp\/v2\/posts"}],"about":[{"href":"https:\/\/quehacerpolitico.mx\/index.php?rest_route=\/wp\/v2\/types\/post"}],"author":[{"embeddable":true,"href":"https:\/\/quehacerpolitico.mx\/index.php?rest_route=\/wp\/v2\/users\/2"}],"replies":[{"embeddable":true,"href":"https:\/\/quehacerpolitico.mx\/index.php?rest_route=%2Fwp%2Fv2%2Fcomments&post=98295"}],"version-history":[{"count":1,"href":"https:\/\/quehacerpolitico.mx\/index.php?rest_route=\/wp\/v2\/posts\/98295\/revisions"}],"predecessor-version":[{"id":98297,"href":"https:\/\/quehacerpolitico.mx\/index.php?rest_route=\/wp\/v2\/posts\/98295\/revisions\/98297"}],"wp:featuredmedia":[{"embeddable":true,"href":"https:\/\/quehacerpolitico.mx\/index.php?rest_route=\/wp\/v2\/media\/98296"}],"wp:attachment":[{"href":"https:\/\/quehacerpolitico.mx\/index.php?rest_route=%2Fwp%2Fv2%2Fmedia&parent=98295"}],"wp:term":[{"taxonomy":"category","embeddable":true,"href":"https:\/\/quehacerpolitico.mx\/index.php?rest_route=%2Fwp%2Fv2%2Fcategories&post=98295"},{"taxonomy":"post_tag","embeddable":true,"href":"https:\/\/quehacerpolitico.mx\/index.php?rest_route=%2Fwp%2Fv2%2Ftags&post=98295"}],"curies":[{"name":"wp","href":"https:\/\/api.w.org\/{rel}","templated":true}]}}