{"id":98292,"date":"2023-01-24T17:14:10","date_gmt":"2023-01-24T17:14:10","guid":{"rendered":"https:\/\/quehacerpolitico.mx\/?p=98292"},"modified":"2023-01-24T17:14:14","modified_gmt":"2023-01-24T17:14:14","slug":"lopez-obrador-promete-acciones-legales-contra-agresor-de-maria-elena-rios","status":"publish","type":"post","link":"https:\/\/quehacerpolitico.mx\/?p=98292","title":{"rendered":"L\u00f3pez Obrador promete acciones legales contra agresor de Mar\u00eda Elena R\u00edos"},"content":{"rendered":"\n<p>Por Redacci\u00f3n QP<\/p>\n\n\n\n<p>El Presidente calific\u00f3 como &#8220;degradaci\u00f3n de la justicia&#8221; y &#8220;un mal ejemplo&#8221; el que el juez Te\u00f3dulo Pacheco le haya otorgado prisi\u00f3n preventiva a Juan Antonio Vera<\/p>\n\n\n\n<p>El Presidente Andr\u00e9s Manuel L\u00f3pez Obrador<strong> calific\u00f3 como &#8220;degradaci\u00f3n de la justicia&#8221; y &#8220;un mal ejemplo&#8221;<\/strong>\u00a0el que el juez Te\u00f3dulo Pacheco Pacheco le haya otorgado prisi\u00f3n preventiva al presunto autor intelectual del intento de feminicidio de la saxofonista oaxaque\u00f1a Mar\u00eda Elena R\u00edos e inform\u00f3 que se hizo una denuncia para que no se otorgue esta libertad condicionada y que se busca que la Fiscal\u00eda General de la Rep\u00fablica (FGR) revise el caso.<\/p>\n\n\n\n<p>En su conferencia de prensa matutina, L\u00f3pez Obrador&nbsp;<strong>destac\u00f3 que el exdiputado priista Juan Antonio Vera, presunto autor intelectual de este intento de feminicidio, sigue en la c\u00e1rcel.<\/strong><\/p>\n\n\n\n<p>&#8220;Ya se est\u00e1 viendo, hoy se trat\u00f3 junto con otros casos este lamentable asunto. Se trata de un juez de Oaxaca, vamos decir del fuero com\u00fan que otorga esta libertad para que el culpable del delito cometido a la saxofonista se vaya a su casa y que all\u00e1 contin\u00fae el juicio. Entonces no ha salido de prisi\u00f3n, porque se est\u00e1 buscando que se revise el asunto por la Fiscal\u00eda General, porque se trata de una agresi\u00f3n extrema a una mujer en su intento de feminicidio, algo muy grave&#8221;.<\/p>\n\n\n\n<figure class=\"wp-block-embed is-type-rich is-provider-twitter wp-block-embed-twitter\"><div class=\"wp-block-embed__wrapper\">\n<blockquote class=\"twitter-tweet\" data-width=\"550\" data-dnt=\"true\"><p lang=\"es\" dir=\"ltr\">AMLO se\u00f1al\u00f3 que se busca que la FGR revise el caso del intento de feminicidio de la saxofonista oaxaque\u00f1a Mar\u00eda\u00a0Elena\u00a0R\u00edos <a href=\"https:\/\/twitter.com\/hashtag\/eluniversalmx?src=hash&amp;ref_src=twsrc%5Etfw\">#eluniversalmx<\/a> <a href=\"https:\/\/t.co\/sNlcMIGBfy\">pic.twitter.com\/sNlcMIGBfy<\/a><\/p>&mdash; El Universal (@El_Universal_Mx) <a href=\"https:\/\/twitter.com\/El_Universal_Mx\/status\/1617905853151195137?ref_src=twsrc%5Etfw\">January 24, 2023<\/a><\/blockquote><script async src=\"https:\/\/platform.twitter.com\/widgets.js\" charset=\"utf-8\"><\/script>\n<\/div><\/figure>\n\n\n\n<p>&#8220;Entonces yo creo que en estos d\u00edas se va atender la informaci\u00f3n,<strong>&nbsp;todav\u00eda el responsable no ha salido de la c\u00e1rcel y se est\u00e1 haciendo una denuncia para que no se otorgue esta libertad condicionada,<\/strong>&nbsp;que no se libere para que siga el juicio en su casa, porque en efecto, es un tremendo da\u00f1o a la sociedad en general, es una degradaci\u00f3n de la justicia, un mal ejemplo. Entonces quienes en el gobierno atienden lo de la defensa de derechos humano, est\u00e1n trabajando en eso&#8221;, declar\u00f3.<\/p>\n\n\n\n<h2 class=\"wp-block-heading\">PIDE QUE LA FGR ATRAIGA EL CASO<\/h2>\n\n\n\n<p>En Palacio Nacional, el Presidente L\u00f3pez Obrador\u00a0<strong>evit\u00f3 dar m\u00e1s informaci\u00f3n sobre el caso para evitar que se use como pretexto para afectar el debido proceso.<\/strong><\/p>\n\n\n\n<p>&#8220;Presidente, Mar\u00eda Elena ha pedido varias ocasiones que la FGR atraiga este caso, \u00bfpodr\u00eda la Fiscal\u00eda, podr\u00edan ustedes como Poder Ejecutivo sugerir que se atraiga este caso de esta joven?&#8221;, se le pregunt\u00f3.<\/p>\n\n\n\n<p>&#8220;Se est\u00e1 atendiendo, pero no puedo tampoco ampliar m\u00e1s informaci\u00f3n para que no vaya a ser usado contra del proceso, que no lo vayan a usar como pretexto en el debido proceso&#8221;, respondi\u00f3.<\/p>\n\n\n\n<p>Con Informaci\u00f3n de SUN <\/p>\n","protected":false},"excerpt":{"rendered":"<p>Por Redacci\u00f3n QP El Presidente calific\u00f3 como &#8220;degradaci\u00f3n de la justicia&#8221; y &#8220;un mal ejemplo&#8221;&#8230;<\/p>\n","protected":false},"author":2,"featured_media":98293,"comment_status":"open","ping_status":"open","sticky":false,"template":"","format":"standard","meta":{"_monsterinsights_skip_tracking":false,"_monsterinsights_sitenote_active":false,"_monsterinsights_sitenote_note":"","_monsterinsights_sitenote_category":0,"footnotes":""},"categories":[2],"tags":[],"class_list":["post-98292","post","type-post","status-publish","format-standard","has-post-thumbnail","hentry","category-noticias"],"yoast_head":"<!-- This site is optimized with the Yoast SEO plugin v27.3 - https:\/\/yoast.com\/product\/yoast-seo-wordpress\/ -->\n<title>L\u00f3pez Obrador promete acciones legales contra agresor de Mar\u00eda Elena R\u00edos -<\/title>\n<meta name=\"robots\" content=\"index, follow, max-snippet:-1, max-image-preview:large, max-video-preview:-1\" \/>\n<link rel=\"canonical\" href=\"https:\/\/quehacerpolitico.mx\/?p=98292\" \/>\n<meta property=\"og:locale\" content=\"es_MX\" \/>\n<meta property=\"og:type\" content=\"article\" \/>\n<meta property=\"og:title\" content=\"L\u00f3pez Obrador promete acciones legales contra agresor de Mar\u00eda Elena R\u00edos -\" \/>\n<meta property=\"og:description\" content=\"Por Redacci\u00f3n QP El Presidente calific\u00f3 como &#8220;degradaci\u00f3n de la justicia&#8221; y &#8220;un mal ejemplo&#8221;...\" \/>\n<meta property=\"og:url\" content=\"https:\/\/quehacerpolitico.mx\/?p=98292\" \/>\n<meta property=\"article:published_time\" content=\"2023-01-24T17:14:10+00:00\" \/>\n<meta property=\"article:modified_time\" content=\"2023-01-24T17:14:14+00:00\" \/>\n<meta property=\"og:image\" content=\"https:\/\/quehacerpolitico.mx\/wp-content\/uploads\/2023\/01\/BDB2D55B-C53B-44AE-9534-422CDA682B64.jpeg\" \/>\n\t<meta property=\"og:image:width\" content=\"1284\" \/>\n\t<meta property=\"og:image:height\" content=\"679\" \/>\n\t<meta property=\"og:image:type\" content=\"image\/jpeg\" \/>\n<meta name=\"author\" content=\"Redacci\u00f3n QP\" \/>\n<meta name=\"twitter:card\" content=\"summary_large_image\" \/>\n<meta name=\"twitter:label1\" content=\"Escrito por\" \/>\n\t<meta name=\"twitter:data1\" content=\"Redacci\u00f3n QP\" \/>\n\t<meta name=\"twitter:label2\" content=\"Tiempo de lectura\" \/>\n\t<meta name=\"twitter:data2\" content=\"2 minutos\" \/>\n<script type=\"application\/ld+json\" class=\"yoast-schema-graph\">{\"@context\":\"https:\\\/\\\/schema.org\",\"@graph\":[{\"@type\":\"Article\",\"@id\":\"https:\\\/\\\/quehacerpolitico.mx\\\/?p=98292#article\",\"isPartOf\":{\"@id\":\"https:\\\/\\\/quehacerpolitico.mx\\\/?p=98292\"},\"author\":{\"name\":\"Redacci\u00f3n QP\",\"@id\":\"https:\\\/\\\/quehacerpolitico.mx\\\/#\\\/schema\\\/person\\\/496d8ad2d1d3f8036101dca7ee39e585\"},\"headline\":\"L\u00f3pez Obrador promete acciones legales contra agresor de Mar\u00eda Elena R\u00edos\",\"datePublished\":\"2023-01-24T17:14:10+00:00\",\"dateModified\":\"2023-01-24T17:14:14+00:00\",\"mainEntityOfPage\":{\"@id\":\"https:\\\/\\\/quehacerpolitico.mx\\\/?p=98292\"},\"wordCount\":477,\"commentCount\":0,\"image\":{\"@id\":\"https:\\\/\\\/quehacerpolitico.mx\\\/?p=98292#primaryimage\"},\"thumbnailUrl\":\"https:\\\/\\\/quehacerpolitico.mx\\\/wp-content\\\/uploads\\\/2023\\\/01\\\/BDB2D55B-C53B-44AE-9534-422CDA682B64.jpeg\",\"articleSection\":[\"Noticias\"],\"inLanguage\":\"es\",\"potentialAction\":[{\"@type\":\"CommentAction\",\"name\":\"Comment\",\"target\":[\"https:\\\/\\\/quehacerpolitico.mx\\\/?p=98292#respond\"]}]},{\"@type\":\"WebPage\",\"@id\":\"https:\\\/\\\/quehacerpolitico.mx\\\/?p=98292\",\"url\":\"https:\\\/\\\/quehacerpolitico.mx\\\/?p=98292\",\"name\":\"L\u00f3pez Obrador promete acciones legales contra agresor de Mar\u00eda Elena R\u00edos -\",\"isPartOf\":{\"@id\":\"https:\\\/\\\/quehacerpolitico.mx\\\/#website\"},\"primaryImageOfPage\":{\"@id\":\"https:\\\/\\\/quehacerpolitico.mx\\\/?p=98292#primaryimage\"},\"image\":{\"@id\":\"https:\\\/\\\/quehacerpolitico.mx\\\/?p=98292#primaryimage\"},\"thumbnailUrl\":\"https:\\\/\\\/quehacerpolitico.mx\\\/wp-content\\\/uploads\\\/2023\\\/01\\\/BDB2D55B-C53B-44AE-9534-422CDA682B64.jpeg\",\"datePublished\":\"2023-01-24T17:14:10+00:00\",\"dateModified\":\"2023-01-24T17:14:14+00:00\",\"author\":{\"@id\":\"https:\\\/\\\/quehacerpolitico.mx\\\/#\\\/schema\\\/person\\\/496d8ad2d1d3f8036101dca7ee39e585\"},\"breadcrumb\":{\"@id\":\"https:\\\/\\\/quehacerpolitico.mx\\\/?p=98292#breadcrumb\"},\"inLanguage\":\"es\",\"potentialAction\":[{\"@type\":\"ReadAction\",\"target\":[\"https:\\\/\\\/quehacerpolitico.mx\\\/?p=98292\"]}]},{\"@type\":\"ImageObject\",\"inLanguage\":\"es\",\"@id\":\"https:\\\/\\\/quehacerpolitico.mx\\\/?p=98292#primaryimage\",\"url\":\"https:\\\/\\\/quehacerpolitico.mx\\\/wp-content\\\/uploads\\\/2023\\\/01\\\/BDB2D55B-C53B-44AE-9534-422CDA682B64.jpeg\",\"contentUrl\":\"https:\\\/\\\/quehacerpolitico.mx\\\/wp-content\\\/uploads\\\/2023\\\/01\\\/BDB2D55B-C53B-44AE-9534-422CDA682B64.jpeg\",\"width\":1284,\"height\":679},{\"@type\":\"BreadcrumbList\",\"@id\":\"https:\\\/\\\/quehacerpolitico.mx\\\/?p=98292#breadcrumb\",\"itemListElement\":[{\"@type\":\"ListItem\",\"position\":1,\"name\":\"Inicio\",\"item\":\"https:\\\/\\\/quehacerpolitico.mx\\\/\"},{\"@type\":\"ListItem\",\"position\":2,\"name\":\"L\u00f3pez Obrador promete acciones legales contra agresor de Mar\u00eda Elena R\u00edos\"}]},{\"@type\":\"WebSite\",\"@id\":\"https:\\\/\\\/quehacerpolitico.mx\\\/#website\",\"url\":\"https:\\\/\\\/quehacerpolitico.mx\\\/\",\"name\":\"\",\"description\":\"\",\"potentialAction\":[{\"@type\":\"SearchAction\",\"target\":{\"@type\":\"EntryPoint\",\"urlTemplate\":\"https:\\\/\\\/quehacerpolitico.mx\\\/?s={search_term_string}\"},\"query-input\":{\"@type\":\"PropertyValueSpecification\",\"valueRequired\":true,\"valueName\":\"search_term_string\"}}],\"inLanguage\":\"es\"},{\"@type\":\"Person\",\"@id\":\"https:\\\/\\\/quehacerpolitico.mx\\\/#\\\/schema\\\/person\\\/496d8ad2d1d3f8036101dca7ee39e585\",\"name\":\"Redacci\u00f3n QP\",\"image\":{\"@type\":\"ImageObject\",\"inLanguage\":\"es\",\"@id\":\"https:\\\/\\\/secure.gravatar.com\\\/avatar\\\/c7164ed6fdec453195284ad24a5ae5b6e1eed2b848477fa2a4787ba9adf39a41?s=96&d=mm&r=g\",\"url\":\"https:\\\/\\\/secure.gravatar.com\\\/avatar\\\/c7164ed6fdec453195284ad24a5ae5b6e1eed2b848477fa2a4787ba9adf39a41?s=96&d=mm&r=g\",\"contentUrl\":\"https:\\\/\\\/secure.gravatar.com\\\/avatar\\\/c7164ed6fdec453195284ad24a5ae5b6e1eed2b848477fa2a4787ba9adf39a41?s=96&d=mm&r=g\",\"caption\":\"Redacci\u00f3n QP\"},\"url\":\"https:\\\/\\\/quehacerpolitico.mx\\\/?author=2\"}]}<\/script>\n<!-- \/ Yoast SEO plugin. -->","yoast_head_json":{"title":"L\u00f3pez Obrador promete acciones legales contra agresor de Mar\u00eda Elena R\u00edos -","robots":{"index":"index","follow":"follow","max-snippet":"max-snippet:-1","max-image-preview":"max-image-preview:large","max-video-preview":"max-video-preview:-1"},"canonical":"https:\/\/quehacerpolitico.mx\/?p=98292","og_locale":"es_MX","og_type":"article","og_title":"L\u00f3pez Obrador promete acciones legales contra agresor de Mar\u00eda Elena R\u00edos -","og_description":"Por Redacci\u00f3n QP El Presidente calific\u00f3 como &#8220;degradaci\u00f3n de la justicia&#8221; y &#8220;un mal ejemplo&#8221;...","og_url":"https:\/\/quehacerpolitico.mx\/?p=98292","article_published_time":"2023-01-24T17:14:10+00:00","article_modified_time":"2023-01-24T17:14:14+00:00","og_image":[{"width":1284,"height":679,"url":"https:\/\/quehacerpolitico.mx\/wp-content\/uploads\/2023\/01\/BDB2D55B-C53B-44AE-9534-422CDA682B64.jpeg","type":"image\/jpeg"}],"author":"Redacci\u00f3n QP","twitter_card":"summary_large_image","twitter_misc":{"Escrito por":"Redacci\u00f3n QP","Tiempo de lectura":"2 minutos"},"schema":{"@context":"https:\/\/schema.org","@graph":[{"@type":"Article","@id":"https:\/\/quehacerpolitico.mx\/?p=98292#article","isPartOf":{"@id":"https:\/\/quehacerpolitico.mx\/?p=98292"},"author":{"name":"Redacci\u00f3n QP","@id":"https:\/\/quehacerpolitico.mx\/#\/schema\/person\/496d8ad2d1d3f8036101dca7ee39e585"},"headline":"L\u00f3pez Obrador promete acciones legales contra agresor de Mar\u00eda Elena R\u00edos","datePublished":"2023-01-24T17:14:10+00:00","dateModified":"2023-01-24T17:14:14+00:00","mainEntityOfPage":{"@id":"https:\/\/quehacerpolitico.mx\/?p=98292"},"wordCount":477,"commentCount":0,"image":{"@id":"https:\/\/quehacerpolitico.mx\/?p=98292#primaryimage"},"thumbnailUrl":"https:\/\/quehacerpolitico.mx\/wp-content\/uploads\/2023\/01\/BDB2D55B-C53B-44AE-9534-422CDA682B64.jpeg","articleSection":["Noticias"],"inLanguage":"es","potentialAction":[{"@type":"CommentAction","name":"Comment","target":["https:\/\/quehacerpolitico.mx\/?p=98292#respond"]}]},{"@type":"WebPage","@id":"https:\/\/quehacerpolitico.mx\/?p=98292","url":"https:\/\/quehacerpolitico.mx\/?p=98292","name":"L\u00f3pez Obrador promete acciones legales contra agresor de Mar\u00eda Elena R\u00edos -","isPartOf":{"@id":"https:\/\/quehacerpolitico.mx\/#website"},"primaryImageOfPage":{"@id":"https:\/\/quehacerpolitico.mx\/?p=98292#primaryimage"},"image":{"@id":"https:\/\/quehacerpolitico.mx\/?p=98292#primaryimage"},"thumbnailUrl":"https:\/\/quehacerpolitico.mx\/wp-content\/uploads\/2023\/01\/BDB2D55B-C53B-44AE-9534-422CDA682B64.jpeg","datePublished":"2023-01-24T17:14:10+00:00","dateModified":"2023-01-24T17:14:14+00:00","author":{"@id":"https:\/\/quehacerpolitico.mx\/#\/schema\/person\/496d8ad2d1d3f8036101dca7ee39e585"},"breadcrumb":{"@id":"https:\/\/quehacerpolitico.mx\/?p=98292#breadcrumb"},"inLanguage":"es","potentialAction":[{"@type":"ReadAction","target":["https:\/\/quehacerpolitico.mx\/?p=98292"]}]},{"@type":"ImageObject","inLanguage":"es","@id":"https:\/\/quehacerpolitico.mx\/?p=98292#primaryimage","url":"https:\/\/quehacerpolitico.mx\/wp-content\/uploads\/2023\/01\/BDB2D55B-C53B-44AE-9534-422CDA682B64.jpeg","contentUrl":"https:\/\/quehacerpolitico.mx\/wp-content\/uploads\/2023\/01\/BDB2D55B-C53B-44AE-9534-422CDA682B64.jpeg","width":1284,"height":679},{"@type":"BreadcrumbList","@id":"https:\/\/quehacerpolitico.mx\/?p=98292#breadcrumb","itemListElement":[{"@type":"ListItem","position":1,"name":"Inicio","item":"https:\/\/quehacerpolitico.mx\/"},{"@type":"ListItem","position":2,"name":"L\u00f3pez Obrador promete acciones legales contra agresor de Mar\u00eda Elena R\u00edos"}]},{"@type":"WebSite","@id":"https:\/\/quehacerpolitico.mx\/#website","url":"https:\/\/quehacerpolitico.mx\/","name":"","description":"","potentialAction":[{"@type":"SearchAction","target":{"@type":"EntryPoint","urlTemplate":"https:\/\/quehacerpolitico.mx\/?s={search_term_string}"},"query-input":{"@type":"PropertyValueSpecification","valueRequired":true,"valueName":"search_term_string"}}],"inLanguage":"es"},{"@type":"Person","@id":"https:\/\/quehacerpolitico.mx\/#\/schema\/person\/496d8ad2d1d3f8036101dca7ee39e585","name":"Redacci\u00f3n QP","image":{"@type":"ImageObject","inLanguage":"es","@id":"https:\/\/secure.gravatar.com\/avatar\/c7164ed6fdec453195284ad24a5ae5b6e1eed2b848477fa2a4787ba9adf39a41?s=96&d=mm&r=g","url":"https:\/\/secure.gravatar.com\/avatar\/c7164ed6fdec453195284ad24a5ae5b6e1eed2b848477fa2a4787ba9adf39a41?s=96&d=mm&r=g","contentUrl":"https:\/\/secure.gravatar.com\/avatar\/c7164ed6fdec453195284ad24a5ae5b6e1eed2b848477fa2a4787ba9adf39a41?s=96&d=mm&r=g","caption":"Redacci\u00f3n QP"},"url":"https:\/\/quehacerpolitico.mx\/?author=2"}]}},"featured_image_urls":{"full":["https:\/\/quehacerpolitico.mx\/wp-content\/uploads\/2023\/01\/BDB2D55B-C53B-44AE-9534-422CDA682B64.jpeg",1284,679,false],"thumbnail":["https:\/\/quehacerpolitico.mx\/wp-content\/uploads\/2023\/01\/BDB2D55B-C53B-44AE-9534-422CDA682B64-150x150.jpeg",150,150,true],"medium":["https:\/\/quehacerpolitico.mx\/wp-content\/uploads\/2023\/01\/BDB2D55B-C53B-44AE-9534-422CDA682B64-300x159.jpeg",300,159,true],"medium_large":["https:\/\/quehacerpolitico.mx\/wp-content\/uploads\/2023\/01\/BDB2D55B-C53B-44AE-9534-422CDA682B64-768x406.jpeg",640,338,true],"large":["https:\/\/quehacerpolitico.mx\/wp-content\/uploads\/2023\/01\/BDB2D55B-C53B-44AE-9534-422CDA682B64-1024x542.jpeg",640,339,true],"1536x1536":["https:\/\/quehacerpolitico.mx\/wp-content\/uploads\/2023\/01\/BDB2D55B-C53B-44AE-9534-422CDA682B64.jpeg",1284,679,false],"2048x2048":["https:\/\/quehacerpolitico.mx\/wp-content\/uploads\/2023\/01\/BDB2D55B-C53B-44AE-9534-422CDA682B64.jpeg",1284,679,false],"covernews-featured":["https:\/\/quehacerpolitico.mx\/wp-content\/uploads\/2023\/01\/BDB2D55B-C53B-44AE-9534-422CDA682B64.jpeg",1024,542,false],"covernews-medium":["https:\/\/quehacerpolitico.mx\/wp-content\/uploads\/2023\/01\/BDB2D55B-C53B-44AE-9534-422CDA682B64.jpeg",540,286,false]},"author_info":{"display_name":"Redacci\u00f3n QP","author_link":"https:\/\/quehacerpolitico.mx\/?author=2"},"category_info":"<a href=\"https:\/\/quehacerpolitico.mx\/?cat=2\" rel=\"category\">Noticias<\/a>","tag_info":"Noticias","comment_count":"0","_links":{"self":[{"href":"https:\/\/quehacerpolitico.mx\/index.php?rest_route=\/wp\/v2\/posts\/98292","targetHints":{"allow":["GET"]}}],"collection":[{"href":"https:\/\/quehacerpolitico.mx\/index.php?rest_route=\/wp\/v2\/posts"}],"about":[{"href":"https:\/\/quehacerpolitico.mx\/index.php?rest_route=\/wp\/v2\/types\/post"}],"author":[{"embeddable":true,"href":"https:\/\/quehacerpolitico.mx\/index.php?rest_route=\/wp\/v2\/users\/2"}],"replies":[{"embeddable":true,"href":"https:\/\/quehacerpolitico.mx\/index.php?rest_route=%2Fwp%2Fv2%2Fcomments&post=98292"}],"version-history":[{"count":1,"href":"https:\/\/quehacerpolitico.mx\/index.php?rest_route=\/wp\/v2\/posts\/98292\/revisions"}],"predecessor-version":[{"id":98294,"href":"https:\/\/quehacerpolitico.mx\/index.php?rest_route=\/wp\/v2\/posts\/98292\/revisions\/98294"}],"wp:featuredmedia":[{"embeddable":true,"href":"https:\/\/quehacerpolitico.mx\/index.php?rest_route=\/wp\/v2\/media\/98293"}],"wp:attachment":[{"href":"https:\/\/quehacerpolitico.mx\/index.php?rest_route=%2Fwp%2Fv2%2Fmedia&parent=98292"}],"wp:term":[{"taxonomy":"category","embeddable":true,"href":"https:\/\/quehacerpolitico.mx\/index.php?rest_route=%2Fwp%2Fv2%2Fcategories&post=98292"},{"taxonomy":"post_tag","embeddable":true,"href":"https:\/\/quehacerpolitico.mx\/index.php?rest_route=%2Fwp%2Fv2%2Ftags&post=98292"}],"curies":[{"name":"wp","href":"https:\/\/api.w.org\/{rel}","templated":true}]}}