{"id":98247,"date":"2023-01-23T22:43:05","date_gmt":"2023-01-23T22:43:05","guid":{"rendered":"https:\/\/quehacerpolitico.mx\/?p=98247"},"modified":"2023-01-23T22:43:09","modified_gmt":"2023-01-23T22:43:09","slug":"el-grande-dice-que-vio-a-garcia-luna-recibir-sobornos-del-cartel-de-sinaloa","status":"publish","type":"post","link":"https:\/\/quehacerpolitico.mx\/?p=98247","title":{"rendered":"&#8220;El Grande&#8221; dice que vio a Garc\u00eda Luna recibir sobornos del C\u00e1rtel de Sinaloa"},"content":{"rendered":"\n<p>Por Redacci\u00f3n QP<\/p>\n\n\n\n<p>El narcotraficante asegur\u00f3, en su testimonio, que con la ayuda del Gobierno de M\u00e9xico &#8220;el C\u00e1rtel creci\u00f3 en t\u00e9rminos de territorio&#8221;<\/p>\n\n\n\n<p>El narco mexicano Sergio Villarreal Barrag\u00e1n, alias &#8220;el Grande&#8221;, que cumple una pena de prisi\u00f3n en Estados Unidos, testific\u00f3 este lunes en el juicio por narcotr\u00e1fico contra el exsecretario de Seguridad P\u00fablica Genaro Garc\u00eda Luna, en el que asegur\u00f3 que vio &#8220;en varias ocasiones (a Garc\u00eda Luna) para pagarle sobornos de parte del C\u00e1rtel de Sinaloa&#8221;.<\/p>\n\n\n\n<figure class=\"wp-block-embed is-type-video is-provider-youtube wp-block-embed-youtube wp-embed-aspect-16-9 wp-has-aspect-ratio\"><div class=\"wp-block-embed__wrapper\">\n<iframe loading=\"lazy\" title=\"Sergio Villarreal \u201cEl Grande\u201d asegura que vio a Garc\u00eda Luna recibir sobornos del C\u00e1rtel de Sinaloa\" width=\"640\" height=\"360\" src=\"https:\/\/www.youtube.com\/embed\/n84zmHYhoqQ?feature=oembed\" frameborder=\"0\" allow=\"accelerometer; autoplay; clipboard-write; encrypted-media; gyroscope; picture-in-picture; web-share\" referrerpolicy=\"strict-origin-when-cross-origin\" allowfullscreen><\/iframe>\n<\/div><\/figure>\n\n\n\n<p>&#8220;Hay dos tipos de corrupci\u00f3n: el que se voltea para un lado y deja pasar, y otra, la de los funcionarios que forman parte de las actividades de la organizaci\u00f3n&#8221;<\/p>\n\n\n\n<p>&#8220;El Grande&#8221;, el primer testigo de la Fiscal\u00eda, declar\u00f3 ante los miembros del tribunal que<strong>\u00a0&#8220;con la ayuda del Gobierno, el C\u00e1rtel creci\u00f3 en t\u00e9rminos de territorio&#8221;\u00a0<\/strong>e insisti\u00f3 en que tambi\u00e9n gracias a la ayuda de Garc\u00eda Luna el grupo que era dirigido por el capo Joaqu\u00edn &#8220;el Chapo&#8221; Guzm\u00e1n<strong>\u00a0pudo aumentar la importaci\u00f3n de coca\u00edna a M\u00e9xico y deshacerse de grupos rivales.<\/strong><\/p>\n\n\n\n<figure class=\"wp-block-image size-large\"><img loading=\"lazy\" decoding=\"async\" width=\"1024\" height=\"613\" src=\"https:\/\/quehacerpolitico.mx\/wp-content\/uploads\/2023\/01\/image-24-1024x613.jpeg\" alt=\"\" class=\"wp-image-98248\" srcset=\"https:\/\/quehacerpolitico.mx\/wp-content\/uploads\/2023\/01\/image-24-1024x613.jpeg 1024w, https:\/\/quehacerpolitico.mx\/wp-content\/uploads\/2023\/01\/image-24-300x180.jpeg 300w, https:\/\/quehacerpolitico.mx\/wp-content\/uploads\/2023\/01\/image-24-768x460.jpeg 768w, https:\/\/quehacerpolitico.mx\/wp-content\/uploads\/2023\/01\/image-24-244x146.jpeg 244w, https:\/\/quehacerpolitico.mx\/wp-content\/uploads\/2023\/01\/image-24-50x30.jpeg 50w, https:\/\/quehacerpolitico.mx\/wp-content\/uploads\/2023\/01\/image-24-125x75.jpeg 125w, https:\/\/quehacerpolitico.mx\/wp-content\/uploads\/2023\/01\/image-24.jpeg 1046w\" sizes=\"auto, (max-width: 1024px) 100vw, 1024px\" \/><\/figure>\n\n\n\n<p>Villarreal Barrag\u00e1n, que se declar\u00f3 culpable de narcotr\u00e1fico en Estados Unidos y cumple una condena rebajada, asegur\u00f3 que<strong>\u00a0desde su grupo criminal se fomentaba la corrupci\u00f3n de los funcionarios del Ej\u00e9rcito y del Gobierno<\/strong>, tanto municipal como estatal y federal de dos formas.<\/p>\n\n\n\n<p>&#8220;Hay dos tipos de corrupci\u00f3n: el que se voltea para un lado y deja pasar, y otra, la de los funcionarios que forman parte de las actividades de la organizaci\u00f3n&#8221;, dijo &#8220;El Grande&#8221;, antes de aclarar, a instancias de la fiscal, que Garc\u00eda Luna era del segundo tipo.<\/p>\n\n\n\n<p>En concreto, apunt\u00f3 que el antiguo m\u00e1ximo responsable de Seguridad P\u00fablica\u00a0<strong>daba informaci\u00f3n sobre operativos de seguridad e investigaciones en contra de miembros del grupo, facilitaba el nombramiento y el cese de agentes en cualquier parte de M\u00e9xico y compart\u00eda informaci\u00f3n para golpear a los grupos enemigos.<\/strong><\/p>\n\n\n\n<p>Preguntado sobre si la colaboraci\u00f3n de Garc\u00eda Luna hab\u00eda servido a los fines de su agrupaci\u00f3n criminal, el testigo declar\u00f3:<strong>&nbsp;&#8220;Era de gran ayuda porque pudimos crecer y minimizar a nuestros rivales&#8221;.<\/strong><\/p>\n\n\n\n<p>&#8220;El Grande&#8221; precis\u00f3 que el encargado de los pagos a Garc\u00eda Luna era Arturo Beltr\u00e1n Leyva, amigo suyo y uno de los l\u00edderes del clan de los Leyva (parte del C\u00e1rtel de Sinaloa), y agreg\u00f3 que \u00e9l &#8220;estuvo en algunas ocasiones&#8221; presente en dichas transacciones, que, seg\u00fan su declaraci\u00f3n, aumentaban a medida que el C\u00e1rtel crec\u00eda.<\/p>\n\n\n\n<p>El narcotraficante detall\u00f3 que cuando comenz\u00f3 a trabajar para el clan de los Leyva en 2001<strong>, Garc\u00eda Luna ya estaba en la n\u00f3mina del C\u00e1rtel y se le sigui\u00f3 pagando hasta la muerte de Arturo Beltr\u00e1n Leyva (2009).<\/strong><\/p>\n\n\n\n<p>Con Informaci\u00f3n de EFE<\/p>\n","protected":false},"excerpt":{"rendered":"<p>Por Redacci\u00f3n QP El narcotraficante asegur\u00f3, en su testimonio, que con la ayuda del Gobierno&#8230;<\/p>\n","protected":false},"author":2,"featured_media":98249,"comment_status":"open","ping_status":"open","sticky":false,"template":"","format":"standard","meta":{"_monsterinsights_skip_tracking":false,"_monsterinsights_sitenote_active":false,"_monsterinsights_sitenote_note":"","_monsterinsights_sitenote_category":0,"footnotes":""},"categories":[2],"tags":[],"class_list":["post-98247","post","type-post","status-publish","format-standard","has-post-thumbnail","hentry","category-noticias"],"yoast_head":"<!-- This site is optimized with the Yoast SEO plugin v27.3 - https:\/\/yoast.com\/product\/yoast-seo-wordpress\/ -->\n<title>&quot;El Grande&quot; dice que vio a Garc\u00eda Luna recibir sobornos del C\u00e1rtel de Sinaloa -<\/title>\n<meta name=\"robots\" content=\"index, follow, max-snippet:-1, max-image-preview:large, max-video-preview:-1\" \/>\n<link rel=\"canonical\" href=\"https:\/\/quehacerpolitico.mx\/?p=98247\" \/>\n<meta property=\"og:locale\" content=\"es_MX\" \/>\n<meta property=\"og:type\" content=\"article\" \/>\n<meta property=\"og:title\" content=\"&quot;El Grande&quot; dice que vio a Garc\u00eda Luna recibir sobornos del C\u00e1rtel de Sinaloa -\" \/>\n<meta property=\"og:description\" content=\"Por Redacci\u00f3n QP El narcotraficante asegur\u00f3, en su testimonio, que con la ayuda del Gobierno...\" \/>\n<meta property=\"og:url\" content=\"https:\/\/quehacerpolitico.mx\/?p=98247\" \/>\n<meta property=\"article:published_time\" content=\"2023-01-23T22:43:05+00:00\" \/>\n<meta property=\"article:modified_time\" content=\"2023-01-23T22:43:09+00:00\" \/>\n<meta property=\"og:image\" content=\"https:\/\/quehacerpolitico.mx\/wp-content\/uploads\/2023\/01\/CE9C385C-2D99-463E-93FD-9603E87B9F9F.jpeg\" \/>\n\t<meta property=\"og:image:width\" content=\"1081\" \/>\n\t<meta property=\"og:image:height\" content=\"595\" \/>\n\t<meta property=\"og:image:type\" content=\"image\/jpeg\" \/>\n<meta name=\"author\" content=\"Redacci\u00f3n QP\" \/>\n<meta name=\"twitter:card\" content=\"summary_large_image\" \/>\n<meta name=\"twitter:label1\" content=\"Escrito por\" \/>\n\t<meta name=\"twitter:data1\" content=\"Redacci\u00f3n QP\" \/>\n\t<meta name=\"twitter:label2\" content=\"Tiempo de lectura\" \/>\n\t<meta name=\"twitter:data2\" content=\"2 minutos\" \/>\n<script type=\"application\/ld+json\" class=\"yoast-schema-graph\">{\"@context\":\"https:\\\/\\\/schema.org\",\"@graph\":[{\"@type\":\"Article\",\"@id\":\"https:\\\/\\\/quehacerpolitico.mx\\\/?p=98247#article\",\"isPartOf\":{\"@id\":\"https:\\\/\\\/quehacerpolitico.mx\\\/?p=98247\"},\"author\":{\"name\":\"Redacci\u00f3n QP\",\"@id\":\"https:\\\/\\\/quehacerpolitico.mx\\\/#\\\/schema\\\/person\\\/496d8ad2d1d3f8036101dca7ee39e585\"},\"headline\":\"&#8220;El Grande&#8221; dice que vio a Garc\u00eda Luna recibir sobornos del C\u00e1rtel de Sinaloa\",\"datePublished\":\"2023-01-23T22:43:05+00:00\",\"dateModified\":\"2023-01-23T22:43:09+00:00\",\"mainEntityOfPage\":{\"@id\":\"https:\\\/\\\/quehacerpolitico.mx\\\/?p=98247\"},\"wordCount\":515,\"commentCount\":0,\"image\":{\"@id\":\"https:\\\/\\\/quehacerpolitico.mx\\\/?p=98247#primaryimage\"},\"thumbnailUrl\":\"https:\\\/\\\/quehacerpolitico.mx\\\/wp-content\\\/uploads\\\/2023\\\/01\\\/CE9C385C-2D99-463E-93FD-9603E87B9F9F.jpeg\",\"articleSection\":[\"Noticias\"],\"inLanguage\":\"es\",\"potentialAction\":[{\"@type\":\"CommentAction\",\"name\":\"Comment\",\"target\":[\"https:\\\/\\\/quehacerpolitico.mx\\\/?p=98247#respond\"]}]},{\"@type\":\"WebPage\",\"@id\":\"https:\\\/\\\/quehacerpolitico.mx\\\/?p=98247\",\"url\":\"https:\\\/\\\/quehacerpolitico.mx\\\/?p=98247\",\"name\":\"\\\"El Grande\\\" dice que vio a Garc\u00eda Luna recibir sobornos del C\u00e1rtel de Sinaloa -\",\"isPartOf\":{\"@id\":\"https:\\\/\\\/quehacerpolitico.mx\\\/#website\"},\"primaryImageOfPage\":{\"@id\":\"https:\\\/\\\/quehacerpolitico.mx\\\/?p=98247#primaryimage\"},\"image\":{\"@id\":\"https:\\\/\\\/quehacerpolitico.mx\\\/?p=98247#primaryimage\"},\"thumbnailUrl\":\"https:\\\/\\\/quehacerpolitico.mx\\\/wp-content\\\/uploads\\\/2023\\\/01\\\/CE9C385C-2D99-463E-93FD-9603E87B9F9F.jpeg\",\"datePublished\":\"2023-01-23T22:43:05+00:00\",\"dateModified\":\"2023-01-23T22:43:09+00:00\",\"author\":{\"@id\":\"https:\\\/\\\/quehacerpolitico.mx\\\/#\\\/schema\\\/person\\\/496d8ad2d1d3f8036101dca7ee39e585\"},\"breadcrumb\":{\"@id\":\"https:\\\/\\\/quehacerpolitico.mx\\\/?p=98247#breadcrumb\"},\"inLanguage\":\"es\",\"potentialAction\":[{\"@type\":\"ReadAction\",\"target\":[\"https:\\\/\\\/quehacerpolitico.mx\\\/?p=98247\"]}]},{\"@type\":\"ImageObject\",\"inLanguage\":\"es\",\"@id\":\"https:\\\/\\\/quehacerpolitico.mx\\\/?p=98247#primaryimage\",\"url\":\"https:\\\/\\\/quehacerpolitico.mx\\\/wp-content\\\/uploads\\\/2023\\\/01\\\/CE9C385C-2D99-463E-93FD-9603E87B9F9F.jpeg\",\"contentUrl\":\"https:\\\/\\\/quehacerpolitico.mx\\\/wp-content\\\/uploads\\\/2023\\\/01\\\/CE9C385C-2D99-463E-93FD-9603E87B9F9F.jpeg\",\"width\":1081,\"height\":595},{\"@type\":\"BreadcrumbList\",\"@id\":\"https:\\\/\\\/quehacerpolitico.mx\\\/?p=98247#breadcrumb\",\"itemListElement\":[{\"@type\":\"ListItem\",\"position\":1,\"name\":\"Inicio\",\"item\":\"https:\\\/\\\/quehacerpolitico.mx\\\/\"},{\"@type\":\"ListItem\",\"position\":2,\"name\":\"&#8220;El Grande&#8221; dice que vio a Garc\u00eda Luna recibir sobornos del C\u00e1rtel de Sinaloa\"}]},{\"@type\":\"WebSite\",\"@id\":\"https:\\\/\\\/quehacerpolitico.mx\\\/#website\",\"url\":\"https:\\\/\\\/quehacerpolitico.mx\\\/\",\"name\":\"\",\"description\":\"\",\"potentialAction\":[{\"@type\":\"SearchAction\",\"target\":{\"@type\":\"EntryPoint\",\"urlTemplate\":\"https:\\\/\\\/quehacerpolitico.mx\\\/?s={search_term_string}\"},\"query-input\":{\"@type\":\"PropertyValueSpecification\",\"valueRequired\":true,\"valueName\":\"search_term_string\"}}],\"inLanguage\":\"es\"},{\"@type\":\"Person\",\"@id\":\"https:\\\/\\\/quehacerpolitico.mx\\\/#\\\/schema\\\/person\\\/496d8ad2d1d3f8036101dca7ee39e585\",\"name\":\"Redacci\u00f3n QP\",\"image\":{\"@type\":\"ImageObject\",\"inLanguage\":\"es\",\"@id\":\"https:\\\/\\\/secure.gravatar.com\\\/avatar\\\/c7164ed6fdec453195284ad24a5ae5b6e1eed2b848477fa2a4787ba9adf39a41?s=96&d=mm&r=g\",\"url\":\"https:\\\/\\\/secure.gravatar.com\\\/avatar\\\/c7164ed6fdec453195284ad24a5ae5b6e1eed2b848477fa2a4787ba9adf39a41?s=96&d=mm&r=g\",\"contentUrl\":\"https:\\\/\\\/secure.gravatar.com\\\/avatar\\\/c7164ed6fdec453195284ad24a5ae5b6e1eed2b848477fa2a4787ba9adf39a41?s=96&d=mm&r=g\",\"caption\":\"Redacci\u00f3n QP\"},\"url\":\"https:\\\/\\\/quehacerpolitico.mx\\\/?author=2\"}]}<\/script>\n<!-- \/ Yoast SEO plugin. -->","yoast_head_json":{"title":"\"El Grande\" dice que vio a Garc\u00eda Luna recibir sobornos del C\u00e1rtel de Sinaloa -","robots":{"index":"index","follow":"follow","max-snippet":"max-snippet:-1","max-image-preview":"max-image-preview:large","max-video-preview":"max-video-preview:-1"},"canonical":"https:\/\/quehacerpolitico.mx\/?p=98247","og_locale":"es_MX","og_type":"article","og_title":"\"El Grande\" dice que vio a Garc\u00eda Luna recibir sobornos del C\u00e1rtel de Sinaloa -","og_description":"Por Redacci\u00f3n QP El narcotraficante asegur\u00f3, en su testimonio, que con la ayuda del Gobierno...","og_url":"https:\/\/quehacerpolitico.mx\/?p=98247","article_published_time":"2023-01-23T22:43:05+00:00","article_modified_time":"2023-01-23T22:43:09+00:00","og_image":[{"width":1081,"height":595,"url":"https:\/\/quehacerpolitico.mx\/wp-content\/uploads\/2023\/01\/CE9C385C-2D99-463E-93FD-9603E87B9F9F.jpeg","type":"image\/jpeg"}],"author":"Redacci\u00f3n QP","twitter_card":"summary_large_image","twitter_misc":{"Escrito por":"Redacci\u00f3n QP","Tiempo de lectura":"2 minutos"},"schema":{"@context":"https:\/\/schema.org","@graph":[{"@type":"Article","@id":"https:\/\/quehacerpolitico.mx\/?p=98247#article","isPartOf":{"@id":"https:\/\/quehacerpolitico.mx\/?p=98247"},"author":{"name":"Redacci\u00f3n QP","@id":"https:\/\/quehacerpolitico.mx\/#\/schema\/person\/496d8ad2d1d3f8036101dca7ee39e585"},"headline":"&#8220;El Grande&#8221; dice que vio a Garc\u00eda Luna recibir sobornos del C\u00e1rtel de Sinaloa","datePublished":"2023-01-23T22:43:05+00:00","dateModified":"2023-01-23T22:43:09+00:00","mainEntityOfPage":{"@id":"https:\/\/quehacerpolitico.mx\/?p=98247"},"wordCount":515,"commentCount":0,"image":{"@id":"https:\/\/quehacerpolitico.mx\/?p=98247#primaryimage"},"thumbnailUrl":"https:\/\/quehacerpolitico.mx\/wp-content\/uploads\/2023\/01\/CE9C385C-2D99-463E-93FD-9603E87B9F9F.jpeg","articleSection":["Noticias"],"inLanguage":"es","potentialAction":[{"@type":"CommentAction","name":"Comment","target":["https:\/\/quehacerpolitico.mx\/?p=98247#respond"]}]},{"@type":"WebPage","@id":"https:\/\/quehacerpolitico.mx\/?p=98247","url":"https:\/\/quehacerpolitico.mx\/?p=98247","name":"\"El Grande\" dice que vio a Garc\u00eda Luna recibir sobornos del C\u00e1rtel de Sinaloa -","isPartOf":{"@id":"https:\/\/quehacerpolitico.mx\/#website"},"primaryImageOfPage":{"@id":"https:\/\/quehacerpolitico.mx\/?p=98247#primaryimage"},"image":{"@id":"https:\/\/quehacerpolitico.mx\/?p=98247#primaryimage"},"thumbnailUrl":"https:\/\/quehacerpolitico.mx\/wp-content\/uploads\/2023\/01\/CE9C385C-2D99-463E-93FD-9603E87B9F9F.jpeg","datePublished":"2023-01-23T22:43:05+00:00","dateModified":"2023-01-23T22:43:09+00:00","author":{"@id":"https:\/\/quehacerpolitico.mx\/#\/schema\/person\/496d8ad2d1d3f8036101dca7ee39e585"},"breadcrumb":{"@id":"https:\/\/quehacerpolitico.mx\/?p=98247#breadcrumb"},"inLanguage":"es","potentialAction":[{"@type":"ReadAction","target":["https:\/\/quehacerpolitico.mx\/?p=98247"]}]},{"@type":"ImageObject","inLanguage":"es","@id":"https:\/\/quehacerpolitico.mx\/?p=98247#primaryimage","url":"https:\/\/quehacerpolitico.mx\/wp-content\/uploads\/2023\/01\/CE9C385C-2D99-463E-93FD-9603E87B9F9F.jpeg","contentUrl":"https:\/\/quehacerpolitico.mx\/wp-content\/uploads\/2023\/01\/CE9C385C-2D99-463E-93FD-9603E87B9F9F.jpeg","width":1081,"height":595},{"@type":"BreadcrumbList","@id":"https:\/\/quehacerpolitico.mx\/?p=98247#breadcrumb","itemListElement":[{"@type":"ListItem","position":1,"name":"Inicio","item":"https:\/\/quehacerpolitico.mx\/"},{"@type":"ListItem","position":2,"name":"&#8220;El Grande&#8221; dice que vio a Garc\u00eda Luna recibir sobornos del C\u00e1rtel de Sinaloa"}]},{"@type":"WebSite","@id":"https:\/\/quehacerpolitico.mx\/#website","url":"https:\/\/quehacerpolitico.mx\/","name":"","description":"","potentialAction":[{"@type":"SearchAction","target":{"@type":"EntryPoint","urlTemplate":"https:\/\/quehacerpolitico.mx\/?s={search_term_string}"},"query-input":{"@type":"PropertyValueSpecification","valueRequired":true,"valueName":"search_term_string"}}],"inLanguage":"es"},{"@type":"Person","@id":"https:\/\/quehacerpolitico.mx\/#\/schema\/person\/496d8ad2d1d3f8036101dca7ee39e585","name":"Redacci\u00f3n QP","image":{"@type":"ImageObject","inLanguage":"es","@id":"https:\/\/secure.gravatar.com\/avatar\/c7164ed6fdec453195284ad24a5ae5b6e1eed2b848477fa2a4787ba9adf39a41?s=96&d=mm&r=g","url":"https:\/\/secure.gravatar.com\/avatar\/c7164ed6fdec453195284ad24a5ae5b6e1eed2b848477fa2a4787ba9adf39a41?s=96&d=mm&r=g","contentUrl":"https:\/\/secure.gravatar.com\/avatar\/c7164ed6fdec453195284ad24a5ae5b6e1eed2b848477fa2a4787ba9adf39a41?s=96&d=mm&r=g","caption":"Redacci\u00f3n QP"},"url":"https:\/\/quehacerpolitico.mx\/?author=2"}]}},"featured_image_urls":{"full":["https:\/\/quehacerpolitico.mx\/wp-content\/uploads\/2023\/01\/CE9C385C-2D99-463E-93FD-9603E87B9F9F.jpeg",1081,595,false],"thumbnail":["https:\/\/quehacerpolitico.mx\/wp-content\/uploads\/2023\/01\/CE9C385C-2D99-463E-93FD-9603E87B9F9F-150x150.jpeg",150,150,true],"medium":["https:\/\/quehacerpolitico.mx\/wp-content\/uploads\/2023\/01\/CE9C385C-2D99-463E-93FD-9603E87B9F9F-300x165.jpeg",300,165,true],"medium_large":["https:\/\/quehacerpolitico.mx\/wp-content\/uploads\/2023\/01\/CE9C385C-2D99-463E-93FD-9603E87B9F9F-768x423.jpeg",640,353,true],"large":["https:\/\/quehacerpolitico.mx\/wp-content\/uploads\/2023\/01\/CE9C385C-2D99-463E-93FD-9603E87B9F9F-1024x564.jpeg",640,353,true],"1536x1536":["https:\/\/quehacerpolitico.mx\/wp-content\/uploads\/2023\/01\/CE9C385C-2D99-463E-93FD-9603E87B9F9F.jpeg",1081,595,false],"2048x2048":["https:\/\/quehacerpolitico.mx\/wp-content\/uploads\/2023\/01\/CE9C385C-2D99-463E-93FD-9603E87B9F9F.jpeg",1081,595,false],"covernews-featured":["https:\/\/quehacerpolitico.mx\/wp-content\/uploads\/2023\/01\/CE9C385C-2D99-463E-93FD-9603E87B9F9F.jpeg",1024,564,false],"covernews-medium":["https:\/\/quehacerpolitico.mx\/wp-content\/uploads\/2023\/01\/CE9C385C-2D99-463E-93FD-9603E87B9F9F.jpeg",540,297,false]},"author_info":{"display_name":"Redacci\u00f3n QP","author_link":"https:\/\/quehacerpolitico.mx\/?author=2"},"category_info":"<a href=\"https:\/\/quehacerpolitico.mx\/?cat=2\" rel=\"category\">Noticias<\/a>","tag_info":"Noticias","comment_count":"0","_links":{"self":[{"href":"https:\/\/quehacerpolitico.mx\/index.php?rest_route=\/wp\/v2\/posts\/98247","targetHints":{"allow":["GET"]}}],"collection":[{"href":"https:\/\/quehacerpolitico.mx\/index.php?rest_route=\/wp\/v2\/posts"}],"about":[{"href":"https:\/\/quehacerpolitico.mx\/index.php?rest_route=\/wp\/v2\/types\/post"}],"author":[{"embeddable":true,"href":"https:\/\/quehacerpolitico.mx\/index.php?rest_route=\/wp\/v2\/users\/2"}],"replies":[{"embeddable":true,"href":"https:\/\/quehacerpolitico.mx\/index.php?rest_route=%2Fwp%2Fv2%2Fcomments&post=98247"}],"version-history":[{"count":1,"href":"https:\/\/quehacerpolitico.mx\/index.php?rest_route=\/wp\/v2\/posts\/98247\/revisions"}],"predecessor-version":[{"id":98250,"href":"https:\/\/quehacerpolitico.mx\/index.php?rest_route=\/wp\/v2\/posts\/98247\/revisions\/98250"}],"wp:featuredmedia":[{"embeddable":true,"href":"https:\/\/quehacerpolitico.mx\/index.php?rest_route=\/wp\/v2\/media\/98249"}],"wp:attachment":[{"href":"https:\/\/quehacerpolitico.mx\/index.php?rest_route=%2Fwp%2Fv2%2Fmedia&parent=98247"}],"wp:term":[{"taxonomy":"category","embeddable":true,"href":"https:\/\/quehacerpolitico.mx\/index.php?rest_route=%2Fwp%2Fv2%2Fcategories&post=98247"},{"taxonomy":"post_tag","embeddable":true,"href":"https:\/\/quehacerpolitico.mx\/index.php?rest_route=%2Fwp%2Fv2%2Ftags&post=98247"}],"curies":[{"name":"wp","href":"https:\/\/api.w.org\/{rel}","templated":true}]}}