{"id":98243,"date":"2023-01-23T19:49:54","date_gmt":"2023-01-23T19:49:54","guid":{"rendered":"https:\/\/quehacerpolitico.mx\/?p=98243"},"modified":"2023-01-23T19:49:57","modified_gmt":"2023-01-23T19:49:57","slug":"el-fascinante-hallazgo-de-la-tumba-del-rey-de-los-mayas-hace-70-anos","status":"publish","type":"post","link":"https:\/\/quehacerpolitico.mx\/?p=98243","title":{"rendered":"El fascinante hallazgo de la tumba del rey de los mayas, hace 70 a\u00f1os"},"content":{"rendered":"\n<p>Por Redacci\u00f3n QP<\/p>\n\n\n\n<p>El descubrimiento del mausoleo del rey maya Pakal en 1952 tuvo elementos de aventura y drama extraordinarios<\/p>\n\n\n\n<p><strong>Cuando se produjo el hallazgo de la tumba del rey Pakal, nadie sab\u00eda que se estaba realizando uno de los descubrimientos m\u00e1s importantes de la historia de la arqueolog\u00eda prehisp\u00e1nica.<\/strong><\/p>\n\n\n\n<p>Era el\u00a015 de junio de 1952. El verano era ardiente en el coraz\u00f3n de la selva del sureste mexicano, pero bajo tierra, en un misterioso pasadizo de un templo maya, el\u00a0arque\u00f3logo Alberto Ruz\u00a0y sus ayudantes sent\u00edan que estaban en el \u00e1rtico.<\/p>\n\n\n\n<p>Hab\u00edan estado trabajando por m\u00e1s de tres a\u00f1os en un estrecho, fr\u00edo y h\u00famedo t\u00fanel,\u00a0<strong>sin saber a ciencia cierta qu\u00e9 buscaban o qu\u00e9 pod\u00edan encontrar.<\/strong><\/p>\n\n\n\n<p>Tras un par de golpes de intuici\u00f3n, Ruz y sus acompa\u00f1antes llegaron hasta una b\u00f3veda que hab\u00eda permanecido intacta por m\u00e1s de 1.600 a\u00f1os.<\/p>\n\n\n\n<p>&#8220;Me encontraba ante una cripta que parec\u00eda que hab\u00eda sido tallada en hielo&#8221;, relat\u00f3 Ruz.<\/p>\n\n\n\n<figure class=\"wp-block-embed is-type-video is-provider-youtube wp-block-embed-youtube wp-embed-aspect-16-9 wp-has-aspect-ratio\"><div class=\"wp-block-embed__wrapper\">\n<iframe loading=\"lazy\" title=\"REY PAKAL - ALIENI\u0301GENAS ANCESTRALES LATINOAME\u0301RICA\" width=\"640\" height=\"360\" src=\"https:\/\/www.youtube.com\/embed\/v2eOwCLy1_U?feature=oembed\" frameborder=\"0\" allow=\"accelerometer; autoplay; clipboard-write; encrypted-media; gyroscope; picture-in-picture; web-share\" referrerpolicy=\"strict-origin-when-cross-origin\" allowfullscreen><\/iframe>\n<\/div><\/figure>\n\n\n\n<p>&#8220;El momento en que mir\u00e9 y se abri\u00f3 la l\u00e1pida fue para m\u00ed de indescriptible emoci\u00f3n (\u2026) Fue como si penetrara en el tiempo, que se hab\u00eda detenido 1.000 a\u00f1os antes. Lo que mis ojos fueron los primeros en ver fue lo que hab\u00eda visto el \u00faltimo sacerdote maya&#8221;.<\/p>\n\n\n\n<p>Y es que ah\u00ed, bajo el majestuoso<strong>&nbsp;Templo de las Inscripciones&nbsp;<\/strong>de la ciudad maya de&nbsp;Palenque, se revel\u00f3 ante los ojos de Ruz la tumba de<strong>&nbsp;K&#8217;inich Janaab&#8217; Pakal&nbsp;II<\/strong>, uno de los m\u00e1s notables gobernantes de las culturas prehisp\u00e1nicas del continente.<\/p>\n\n\n\n<p>Hasta entonces era casi in\u00e9dito que un gobernante hubiese sido enterrado en una tumba bajo una pir\u00e1mide, como los hist\u00f3ricos reyes de la cultura egipcia.<\/p>\n\n\n\n<figure class=\"wp-block-image\"><img decoding=\"async\" src=\"https:\/\/www.informador.mx\/export\/sites\/elinformador\/img\/2023\/01\/23\/pakal__como_fue_el_fa_x10513144x.jpg_2137773867.jpg\" alt=\"\" title=\"\"\/><figcaption class=\"wp-element-caption\">La tumba de Pakal estaba en el centro de la pir\u00e1mide del Templo de las Inscripciones. INAH&nbsp;<\/figcaption><\/figure>\n\n\n\n<p>&#8220;El tema como tal de Pakal es muy misterioso.&nbsp;<strong>Y el tema del descubrimiento de la tumba es fenomenal, es asombroso, es como de pel\u00edcula<\/strong>&#8220;, dice a BBC Mundo el investigador Rodrigo Garay.<\/p>\n\n\n\n<p>Gracias al testimonio escrito de su t\u00eda abuela, a quien Ruz le relat\u00f3 c\u00f3mo se dio este hallazgo, y luego de 5 a\u00f1os de investigaci\u00f3n con expertos del Instituto Nacional de Antropolog\u00eda e Historia (INAH), Garay reconstruy\u00f3 aquel momento que pasar\u00eda a la historia de la arqueolog\u00eda.<\/p>\n\n\n\n<p>\u00bfQui\u00e9n fue Pakal y c\u00f3mo se dio el extraordinario hallazgo de su tumba? Garay y los testimonios de los arque\u00f3logos ayudan a descifrarlo.<\/p>\n\n\n\n<h2 class=\"wp-block-heading\">El constructor de un imperio<\/h2>\n\n\n\n<p>K&#8217;inich Janaab&#8217; Pakal II naci\u00f3 en el a\u00f1o 603 d.C. en el seno de una familia de nobles mayas del&nbsp;se\u00f1or\u00edo de B&#8217;aakal, en el periodo Cl\u00e1sico (250-950 d.C.) en el que se dio el gran esplendor de esta civilizaci\u00f3n.<\/p>\n\n\n\n<p>Su llegada al trono se dio a la temprana&nbsp;edad de 12 a\u00f1os, luego de un periodo convulso en la regi\u00f3n por la disputa del poder en B&#8217;aakal.<\/p>\n\n\n\n<p>Los expertos difieren en la longevidad que tuvo Pakal, entre 50 y 80 a\u00f1os. Pero lo que es claro es que como gobernante\u00a0<strong>lider\u00f3 la construcci\u00f3n de la enorme ciudad de Lakam Ha<\/strong>&#8216;, que hoy se conoce como\u00a0Palenque\u00a0por la poblaci\u00f3n cercana del mismo nombre.<\/p>\n\n\n\n<figure class=\"wp-block-image\"><img decoding=\"async\" src=\"https:\/\/www.informador.mx\/export\/sites\/elinformador\/img\/2023\/01\/23\/pakal__como_fue_el_fa_x10513150x.jpg_1150884414.jpg\" alt=\"\" title=\"\"\/><figcaption class=\"wp-element-caption\">El Templo de las Inscripciones es uno de los edificios de Palenque, que ha sido descubierto en una m\u00ednima parte. GETTY IMAGES&nbsp;<\/figcaption><\/figure>\n\n\n\n<p>&#8220;Cuando se visita Palenque&nbsp;se ve solo el 4% de lo que fue esta gran ciudad, pero todo est\u00e1 construido bajo su periodo&#8221;, explica Garay.<\/p>\n\n\n\n<p>&#8220;En general, la cultura maya, pero en Palenque parece hasta obsesivo, es que nada est\u00e1 hecho al azar.<strong>&nbsp;Todo tiene un orden en la ciudad&nbsp;<\/strong>que est\u00e1 enlazado con un gran conocimiento astron\u00f3mico y filos\u00f3fico muy profundo&#8221;, a\u00f1ade.<\/p>\n\n\n\n<p>La ciudad estaba sumamente planificada. Ten\u00eda una poblaci\u00f3n grande, comparada con otras. Hab\u00eda decoraciones art\u00edsticas de alto nivel. El sistema hidr\u00e1ulico era remarcable.<\/p>\n\n\n\n<p>Pakal fue notable al defender la ciudad de ataques, pero tambi\u00e9n para<strong>&nbsp;liderar un periodo de paz que dur\u00f3 d\u00e9cadas<\/strong>,&nbsp;lo cual hizo florecer a su imperio como pocos en aquel tiempo y regi\u00f3n.<\/p>\n\n\n\n<p>&#8220;El pueblo lo entend\u00eda como un representante de lo divino en el mundo terrenal. Tiene este tratamiento muy especial. Lo ves, por ejemplo, en c\u00f3mo se le describe en su tumba, donde \u00e9l surge renaciendo como el dios del ma\u00edz: la planta que renace, que alimenta y que crea comunidad&#8221;, se\u00f1ala Garay.<\/p>\n\n\n\n<p>&#8220;Y \u00e9l se representa siendo levantado por sus ancestros. O sea, todo esto te habla de un profundo conocimiento filos\u00f3fico. Es un personaje que sin duda llama mucho la atenci\u00f3n&#8221;, a\u00f1ade.<\/p>\n\n\n\n<figure class=\"wp-block-image\"><img decoding=\"async\" src=\"https:\/\/www.informador.mx\/export\/sites\/elinformador\/img\/2023\/01\/23\/pakal__como_fue_el_fa_x10513147x.jpg_1150884414.jpg\" alt=\"\" title=\"\"\/><figcaption class=\"wp-element-caption\">Solo el 4% de lo que fue Palenque en su m\u00e1ximo esplendor es lo que se puede ver en la zona arqueol\u00f3gica actual. GETTY IMAGES&nbsp;<\/figcaption><\/figure>\n\n\n\n<p>A diferencia de muchas construcciones de considerable altura que se constru\u00edan sobre viejas estructuras o monta\u00f1as, como las pir\u00e1mides, Pakal orden\u00f3 la construcci\u00f3n de un templo en Palenque.<\/p>\n\n\n\n<p>Al final de su vida, en el interior del que luego ser\u00eda llamado&nbsp;<strong>Templo de las Inscripciones<\/strong>, reposar\u00edan sus restos en una extraordinaria cripta que no tiene mucho paralelo con otras en la cultura maya o de su tiempo en Am\u00e9rica.<\/p>\n\n\n\n<h2 class=\"wp-block-heading\">El mausoleo preservado por el tiempo<\/h2>\n\n\n\n<p>En contraste con los bien documentados vestigios prehisp\u00e1nicos en el centro de M\u00e9xico, los de la civilizaci\u00f3n maya permanecieron bajo la selva durante muchos a\u00f1os despu\u00e9s de instaurada la Corona espa\u00f1ola en 1521.<\/p>\n\n\n\n<p><strong>Fue hasta 1773 que Ram\u00f3n Ordo\u00f1ez y Aguiar<\/strong>, un religioso al servicio del Virreinato de la Nueva Espa\u00f1a y estudioso de la historia maya,<strong>&nbsp;registr\u00f3 por primera vez las ruinas de Palenque.<\/strong><\/p>\n\n\n\n<p>No hubo muchos avances en cuanto a su estudio, pero s\u00ed saqueos de comerciantes de artefactos y arte prehisp\u00e1nico. A pesar de ello, el mausoleo de Pakal se mantuvo a salvo.<\/p>\n\n\n\n<p>Ante la falta de recursos e inter\u00e9s del gobierno mexicano, fueron los exploradores extranjeros los protagonistas en la regi\u00f3n.<\/p>\n\n\n\n<p>El brit\u00e1nico&nbsp;Alfred Maudslay&nbsp;fue el primero en hacer un levantamiento topogr\u00e1fico y darle nombre a los edificios. Pero el primer gran acercamiento al hallazgo lo hizo el arque\u00f3logo dan\u00e9s&nbsp;<strong>Frans Blom.<\/strong><\/p>\n\n\n\n<p>Como cuenta la arque\u00f3loga Mercedes de la Garza, una alumna de Ruz y experta en cultura maya, Blom escombr\u00f3 la parte superior del Templo de las Inscripciones y aunque not\u00f3 que el piso estaba hecho de losas de piedra y una de ellas ten\u00eda unos orificios con tapones de piedra, no le dio mucha importancia.<\/p>\n\n\n\n<p>&#8220;Dijo &#8216;Qui\u00e9n sabe qu\u00e9 ser\u00e1n&#8217; y los dej\u00f3 ah\u00ed&#8221;, explic\u00f3 De la Garza.<\/p>\n\n\n\n<p>Pero su trabajo en la d\u00e9cada de 1920 ser\u00eda de enorme ayuda 30 a\u00f1os despu\u00e9s.<\/p>\n\n\n\n<h2 class=\"wp-block-heading\">Los misteriosos tapones en el piso<\/h2>\n\n\n\n<p>A finales de la d\u00e9cada de 1940, Alberto Ruz lider\u00f3 una nueva exploraci\u00f3n arqueol\u00f3gica sobre Palenque. Al ser un edificio central, el Templo de las Inscripciones fue uno de los puntos a trabajar.<\/p>\n\n\n\n<p>Se trata de una edificaci\u00f3n de alta calidad art\u00edstica de casi 23 metros de altura. En lo alto, el templo cuenta con dos c\u00e1maras y seis pilares con<strong>&nbsp;grabados en relieve en estuco<\/strong>&nbsp;(una pasta usada en la antig\u00fcedad), as\u00ed como&nbsp;tableros con inscripciones, de ah\u00ed su nombre.<\/p>\n\n\n\n<p>&#8220;La cantidad de arte que parece surgir de lo que queda en esta arquitectura, te hace ver que era una sociedad sumamente avanzada&#8221;, cuenta Garay.<\/p>\n\n\n\n<p>Pero el misterio de su interior fue el que Ruz devel\u00f3 al hacer su exploraci\u00f3n.<\/p>\n\n\n\n<p>&#8220;Hab\u00eda<strong>\u00a0una losa con tapones de piedra\u00a0<\/strong>que llamaron su atenci\u00f3n&#8221;, cuenta De la Garza.<\/p>\n\n\n\n<figure class=\"wp-block-image\"><img decoding=\"async\" src=\"https:\/\/www.informador.mx\/export\/sites\/elinformador\/img\/2023\/01\/23\/pakal__como_fue_el_fa_x10513149x.jpg_1150884414.jpg\" alt=\"\" title=\"\"\/><figcaption class=\"wp-element-caption\">Los hoyos con tapones en el piso del Templo de las Inscripciones fueron encontrados por Blom y explorados por Ruz. INAH&nbsp;<\/figcaption><\/figure>\n\n\n\n<p>&#8220;Quit\u00f3 los tapones, levant\u00f3 la l\u00e1pida, cosa que ya hab\u00edan hecho Frans Blom y otros que no le dieron importancia, pero Ruz observ\u00f3 que a los lados las paredes continuaban hacia abajo&#8221;.<\/p>\n\n\n\n<p>Fue entonces que comenz\u00f3 su aventura y la de sus ayudantes.<\/p>\n\n\n\n<h2 class=\"wp-block-heading\">El gran hallazgo<\/h2>\n\n\n\n<p>La t\u00eda abuela de Garay, Marta Enciso, visit\u00f3 Palenque en compa\u00f1\u00eda de Ruz, quien era su maestro. Pero sufri\u00f3 una terrible ca\u00edda en el sitio arqueol\u00f3gico que la dej\u00f3 convaleciente durante varios meses.<\/p>\n\n\n\n<p>Fue al estar internada que&nbsp;<strong>el arque\u00f3logo&nbsp;le cont\u00f3 c\u00f3mo fue el descubrimiento de la tumba de Pakal<\/strong>&nbsp;y Enciso decidi\u00f3 escribir un relato que Garay, con apoyo de esa y otras fuentes, ha preservado a trav\u00e9s de su libro &#8220;Pakal: El rey maya que conquist\u00f3 el tiempo&#8221;.<\/p>\n\n\n\n<p>Ruz ya hab\u00eda pasado casi cuatro a\u00f1os en trabajos de remoci\u00f3n de escombros y excavaci\u00f3n bajo la l\u00e1pida con tapones. &#8220;Ya hab\u00eda rasgos de pesimismo, de que no iban a llegar a nada&#8221;, explica Garay.<\/p>\n\n\n\n<p>Los trabajos los llevaron a descender 52 escalones y &#8220;se encuentran que no hay nada&#8221;.<\/p>\n\n\n\n<figure class=\"wp-block-image\"><img decoding=\"async\" src=\"https:\/\/www.informador.mx\/export\/sites\/elinformador\/img\/2023\/01\/23\/pakal__como_fue_el_fa_x10513151x.jpg_1150884414.jpg\" alt=\"\" title=\"\"\/><figcaption class=\"wp-element-caption\">Alberto Ruz luchaba por mentener el financiamiento de Henry Rockefeller Jr., que ya estaba impaciente por la falta de resultados. INAH&nbsp;<\/figcaption><\/figure>\n\n\n\n<p>&#8220;Fue uno de los trabajadores el que se da cuenta de que hay una losa triangular en el costado izquierdo y se dice que eso fue el trabajo m\u00e1s complicado, la remoci\u00f3n de esta losa&#8221;, explica Garay.<\/p>\n\n\n\n<p>Eso los llev\u00f3 hacia otra escalinata que desembocaba en una c\u00e1mara.<\/p>\n\n\n\n<p>&#8220;Alberto Ruz describe: &#8216;<strong>Lo primero que vi es que es una cripta de hielo<\/strong>&#8216;&nbsp;al momento de poner sus ojos por primera vez algo que hab\u00eda permanecido inviolado por m\u00e1s de 1.600 a\u00f1os&#8221;.<\/p>\n\n\n\n<p>Hab\u00eda cal y sedimentos que crearon una apariencia invernal, como de hielo.<\/p>\n\n\n\n<p><strong>Ruz no ten\u00eda idea de que se trataba de la tumba de Pakal.<\/strong>\u00a0Pens\u00f3 que era un altar. En las paredes encontraron nueve se\u00f1ores del inframundo tallados en relieve y cinco esqueletos, posiblemente de una ofrenda.<\/p>\n\n\n\n<figure class=\"wp-block-image\"><img decoding=\"async\" src=\"https:\/\/www.informador.mx\/export\/sites\/elinformador\/img\/2023\/01\/23\/pakal__como_fue_el_fa_x10513152x.jpg_2137773867.jpg\" alt=\"\" title=\"\"\/><figcaption class=\"wp-element-caption\">INAH&nbsp;<\/figcaption><\/figure>\n\n\n\n<p>Pero entonces vino uno de tres descubrimientos asombrosos:<strong>&nbsp;la altamente detallada l\u00e1pida&nbsp;de Pakal,<\/strong>&nbsp;con inscripciones sobre la historia del rey, su dinast\u00eda, los dioses mayas y los astros, seg\u00fan explica De la Garza.<\/p>\n\n\n\n<p>Garay explica que &#8220;el mismo trabajador que dio con la primera pista, de que hab\u00eda una puerta secreta, es el que sugiere que se taladre&#8221;&nbsp;<strong>la&nbsp;l\u00e1pida&nbsp;de casi 20 cm&nbsp;de grosor<\/strong>&nbsp;para ver si hay algo debajo de ella.<\/p>\n\n\n\n<p>&#8220;Pensar en taladrar eso era muy complicado. Pero una vez que taladran y que meten por ah\u00ed un hilito, un cablecito, y surge el color rojo cinabrio, pues ah\u00ed es que se dan cuenta que est\u00e1n frente a un entierro, de alguien muy importante&#8221;, se\u00f1ala Garay.<\/p>\n\n\n\n<p>Encontrar ese colorante era sin\u00f3nimo de que hab\u00eda un entierro funerario.<\/p>\n\n\n\n<p>Llevaron gatos hidr\u00e1ulicos, de los usados para levantar camiones, y con mucho trabajo consiguieron elevar la pesada l\u00e1pida. En cuanto hubo el espacio justo,<strong>\u00a0Ruz se introdujo decidido a develar qu\u00e9 hab\u00eda ah\u00ed.<\/strong><\/p>\n\n\n\n<figure class=\"wp-block-image\"><img decoding=\"async\" src=\"https:\/\/www.informador.mx\/export\/sites\/elinformador\/img\/2023\/01\/23\/pakal__como_fue_el_fa_x10513153x.jpg_1150884414.jpg\" alt=\"\" title=\"\"\/><figcaption class=\"wp-element-caption\">INAH&nbsp;<\/figcaption><\/figure>\n\n\n\n<p>&#8220;Y puede por primera vez darse cuenta de que&nbsp;<strong>estaban viendo los restos \u00f3seos de aquel personaje para el cual todo eso se hab\u00eda sido construido<\/strong>. Es sin duda uno de los de los grandes descubrimientos registrados de la humanidad en ese momento&#8221;, cuenta Garay con emoci\u00f3n.<\/p>\n\n\n\n<p>El hallazgo de los restos de Pakal y los de una m\u00e1scara de jade de una extraordinaria manufactura art\u00edstica fueron los otros dos asombros descubrimientos de Ruz y su equipo.<\/p>\n\n\n\n<p>&#8220;En el momento de pasar el umbral\u00a0<strong>tuve la extra\u00f1a sensaci\u00f3n de penetrar en el tiempo. En un tiempo que hab\u00eda sido detenido 1.000 a\u00f1os antes<\/strong>&#8220;, describi\u00f3 el propio Ruz.<\/p>\n\n\n\n<figure class=\"wp-block-image\"><img decoding=\"async\" src=\"https:\/\/www.informador.mx\/export\/sites\/elinformador\/img\/2023\/01\/23\/pakal__como_fue_el_fa_x10513154x.jpg_1150884414.jpg\" alt=\"\" title=\"\"\/><figcaption class=\"wp-element-caption\">El sarc\u00f3fago ten\u00eda forma de pez. INAH&nbsp;<\/figcaption><\/figure>\n\n\n\n<h2 class=\"wp-block-heading\">&#8220;Un monumento indestructible&#8221;<\/h2>\n\n\n\n<p>El arque\u00f3logo no era experto en el lenguaje maya de Palenque, por lo que&nbsp;<strong>en ese momento no ten\u00eda idea de qui\u00e9n era aquel personaje&nbsp;<\/strong>que fue llamado simplemente como &#8220;el Palencano&#8221;.<\/p>\n\n\n\n<p>Pero estaba consciente de que era alguien especial, que era la persona de un tiempo y momento para el que todo aquello hab\u00eda sido edificado.<\/p>\n\n\n\n<p>&#8220;Tanto en la construcci\u00f3n de la pir\u00e1mide, como de la cripta y el sarc\u00f3fago, se advierte el af\u00e1n de lograr un monumento indestructible, capaz de resistir la tremenda carga de la pir\u00e1mide, los temblores de tierra y el paso de los siglos hasta la eternidad&#8221;, escribi\u00f3.<\/p>\n\n\n\n<figure class=\"wp-block-image size-large\"><img loading=\"lazy\" decoding=\"async\" width=\"631\" height=\"1024\" src=\"https:\/\/quehacerpolitico.mx\/wp-content\/uploads\/2023\/01\/image-23-631x1024.jpeg\" alt=\"\" class=\"wp-image-98244\" srcset=\"https:\/\/quehacerpolitico.mx\/wp-content\/uploads\/2023\/01\/image-23-631x1024.jpeg 631w, https:\/\/quehacerpolitico.mx\/wp-content\/uploads\/2023\/01\/image-23-185x300.jpeg 185w, https:\/\/quehacerpolitico.mx\/wp-content\/uploads\/2023\/01\/image-23-90x146.jpeg 90w, https:\/\/quehacerpolitico.mx\/wp-content\/uploads\/2023\/01\/image-23-31x50.jpeg 31w, https:\/\/quehacerpolitico.mx\/wp-content\/uploads\/2023\/01\/image-23-46x75.jpeg 46w, https:\/\/quehacerpolitico.mx\/wp-content\/uploads\/2023\/01\/image-23.jpeg 700w\" sizes=\"auto, (max-width: 631px) 100vw, 631px\" \/><\/figure>\n\n\n\n<figure class=\"wp-block-image\"><img decoding=\"async\" src=\"https:\/\/www.informador.mx\/export\/sites\/elinformador\/img\/2023\/01\/23\/pakal__como_fue_el_fa_x10513146x.jpg_293528051.jpg\" alt=\"\" title=\"\"\/><figcaption class=\"wp-element-caption\">La m\u00e1scara de jade en el rostro de Pakal tambi\u00e9n es considerada una pieza de alta manufactura art\u00edstica. INAH&nbsp;<\/figcaption><\/figure>\n\n\n\n<p>Tuvieron que pasar unas&nbsp;<strong>dos d\u00e9cadas para que los expertos descifraran que era la tumba de Pakal,<\/strong>&nbsp;su importancia en el mundo maya y la trascendencia del hallazgo de Ruz.<\/p>\n\n\n\n<p>&#8220;Encontrar fuera de Egipto otro templo que tambi\u00e9n tuviera un conducto secreto y que llevara a una tumba llam\u00f3 la atenci\u00f3n en todo el mundo. Y a ra\u00edz de eso Alberto Ruz se volvi\u00f3 una persona sumamente famosa, reconocida, dio pl\u00e1ticas de esto por todo el mundo&#8221;, se\u00f1ala Garay.<\/p>\n\n\n\n<p>&#8220;<strong>Todav\u00eda hay much\u00edsimo por conocer<\/strong>.\u00a0Yo creo que todo este siglo para nosotros va a ser de conocer y entender m\u00e1s sobre todas estas grandes civilizaciones. Poco a poco vamos a ir descubriendo la grandeza de donde caminamos y las ra\u00edces que tenemos&#8221;.<\/p>\n\n\n\n<p>Con Informaci\u00f3n de BBC News Mundo<\/p>\n","protected":false},"excerpt":{"rendered":"<p>Por Redacci\u00f3n QP El descubrimiento del mausoleo del rey maya Pakal en 1952 tuvo elementos&#8230;<\/p>\n","protected":false},"author":2,"featured_media":98245,"comment_status":"open","ping_status":"open","sticky":false,"template":"","format":"standard","meta":{"_monsterinsights_skip_tracking":false,"_monsterinsights_sitenote_active":false,"_monsterinsights_sitenote_note":"","_monsterinsights_sitenote_category":0,"footnotes":""},"categories":[58],"tags":[],"class_list":["post-98243","post","type-post","status-publish","format-standard","has-post-thumbnail","hentry","category-cultura"],"yoast_head":"<!-- This site is optimized with the Yoast SEO plugin v27.3 - https:\/\/yoast.com\/product\/yoast-seo-wordpress\/ -->\n<title>El fascinante hallazgo de la tumba del rey de los mayas, hace 70 a\u00f1os -<\/title>\n<meta name=\"robots\" content=\"index, follow, max-snippet:-1, max-image-preview:large, max-video-preview:-1\" \/>\n<link rel=\"canonical\" href=\"https:\/\/quehacerpolitico.mx\/?p=98243\" \/>\n<meta property=\"og:locale\" content=\"es_MX\" \/>\n<meta property=\"og:type\" content=\"article\" \/>\n<meta property=\"og:title\" content=\"El fascinante hallazgo de la tumba del rey de los mayas, hace 70 a\u00f1os -\" \/>\n<meta property=\"og:description\" content=\"Por Redacci\u00f3n QP El descubrimiento del mausoleo del rey maya Pakal en 1952 tuvo elementos...\" \/>\n<meta property=\"og:url\" content=\"https:\/\/quehacerpolitico.mx\/?p=98243\" \/>\n<meta property=\"article:published_time\" content=\"2023-01-23T19:49:54+00:00\" \/>\n<meta property=\"article:modified_time\" content=\"2023-01-23T19:49:57+00:00\" \/>\n<meta property=\"og:image\" content=\"https:\/\/quehacerpolitico.mx\/wp-content\/uploads\/2023\/01\/9E787AA1-A6B5-4BAB-83C0-B5060EE6B6A6.jpeg\" \/>\n\t<meta property=\"og:image:width\" content=\"740\" \/>\n\t<meta property=\"og:image:height\" content=\"414\" \/>\n\t<meta property=\"og:image:type\" content=\"image\/jpeg\" \/>\n<meta name=\"author\" content=\"Redacci\u00f3n QP\" \/>\n<meta name=\"twitter:card\" content=\"summary_large_image\" \/>\n<meta name=\"twitter:label1\" content=\"Escrito por\" \/>\n\t<meta name=\"twitter:data1\" content=\"Redacci\u00f3n QP\" \/>\n\t<meta name=\"twitter:label2\" content=\"Tiempo de lectura\" \/>\n\t<meta name=\"twitter:data2\" content=\"12 minutos\" \/>\n<script type=\"application\/ld+json\" class=\"yoast-schema-graph\">{\"@context\":\"https:\\\/\\\/schema.org\",\"@graph\":[{\"@type\":\"Article\",\"@id\":\"https:\\\/\\\/quehacerpolitico.mx\\\/?p=98243#article\",\"isPartOf\":{\"@id\":\"https:\\\/\\\/quehacerpolitico.mx\\\/?p=98243\"},\"author\":{\"name\":\"Redacci\u00f3n QP\",\"@id\":\"https:\\\/\\\/quehacerpolitico.mx\\\/#\\\/schema\\\/person\\\/496d8ad2d1d3f8036101dca7ee39e585\"},\"headline\":\"El fascinante hallazgo de la tumba del rey de los mayas, hace 70 a\u00f1os\",\"datePublished\":\"2023-01-23T19:49:54+00:00\",\"dateModified\":\"2023-01-23T19:49:57+00:00\",\"mainEntityOfPage\":{\"@id\":\"https:\\\/\\\/quehacerpolitico.mx\\\/?p=98243\"},\"wordCount\":2330,\"commentCount\":0,\"image\":{\"@id\":\"https:\\\/\\\/quehacerpolitico.mx\\\/?p=98243#primaryimage\"},\"thumbnailUrl\":\"https:\\\/\\\/quehacerpolitico.mx\\\/wp-content\\\/uploads\\\/2023\\\/01\\\/9E787AA1-A6B5-4BAB-83C0-B5060EE6B6A6.jpeg\",\"articleSection\":[\"Cultura y Entretenimiento\"],\"inLanguage\":\"es\",\"potentialAction\":[{\"@type\":\"CommentAction\",\"name\":\"Comment\",\"target\":[\"https:\\\/\\\/quehacerpolitico.mx\\\/?p=98243#respond\"]}]},{\"@type\":\"WebPage\",\"@id\":\"https:\\\/\\\/quehacerpolitico.mx\\\/?p=98243\",\"url\":\"https:\\\/\\\/quehacerpolitico.mx\\\/?p=98243\",\"name\":\"El fascinante hallazgo de la tumba del rey de los mayas, hace 70 a\u00f1os -\",\"isPartOf\":{\"@id\":\"https:\\\/\\\/quehacerpolitico.mx\\\/#website\"},\"primaryImageOfPage\":{\"@id\":\"https:\\\/\\\/quehacerpolitico.mx\\\/?p=98243#primaryimage\"},\"image\":{\"@id\":\"https:\\\/\\\/quehacerpolitico.mx\\\/?p=98243#primaryimage\"},\"thumbnailUrl\":\"https:\\\/\\\/quehacerpolitico.mx\\\/wp-content\\\/uploads\\\/2023\\\/01\\\/9E787AA1-A6B5-4BAB-83C0-B5060EE6B6A6.jpeg\",\"datePublished\":\"2023-01-23T19:49:54+00:00\",\"dateModified\":\"2023-01-23T19:49:57+00:00\",\"author\":{\"@id\":\"https:\\\/\\\/quehacerpolitico.mx\\\/#\\\/schema\\\/person\\\/496d8ad2d1d3f8036101dca7ee39e585\"},\"breadcrumb\":{\"@id\":\"https:\\\/\\\/quehacerpolitico.mx\\\/?p=98243#breadcrumb\"},\"inLanguage\":\"es\",\"potentialAction\":[{\"@type\":\"ReadAction\",\"target\":[\"https:\\\/\\\/quehacerpolitico.mx\\\/?p=98243\"]}]},{\"@type\":\"ImageObject\",\"inLanguage\":\"es\",\"@id\":\"https:\\\/\\\/quehacerpolitico.mx\\\/?p=98243#primaryimage\",\"url\":\"https:\\\/\\\/quehacerpolitico.mx\\\/wp-content\\\/uploads\\\/2023\\\/01\\\/9E787AA1-A6B5-4BAB-83C0-B5060EE6B6A6.jpeg\",\"contentUrl\":\"https:\\\/\\\/quehacerpolitico.mx\\\/wp-content\\\/uploads\\\/2023\\\/01\\\/9E787AA1-A6B5-4BAB-83C0-B5060EE6B6A6.jpeg\",\"width\":740,\"height\":414},{\"@type\":\"BreadcrumbList\",\"@id\":\"https:\\\/\\\/quehacerpolitico.mx\\\/?p=98243#breadcrumb\",\"itemListElement\":[{\"@type\":\"ListItem\",\"position\":1,\"name\":\"Inicio\",\"item\":\"https:\\\/\\\/quehacerpolitico.mx\\\/\"},{\"@type\":\"ListItem\",\"position\":2,\"name\":\"El fascinante hallazgo de la tumba del rey de los mayas, hace 70 a\u00f1os\"}]},{\"@type\":\"WebSite\",\"@id\":\"https:\\\/\\\/quehacerpolitico.mx\\\/#website\",\"url\":\"https:\\\/\\\/quehacerpolitico.mx\\\/\",\"name\":\"\",\"description\":\"\",\"potentialAction\":[{\"@type\":\"SearchAction\",\"target\":{\"@type\":\"EntryPoint\",\"urlTemplate\":\"https:\\\/\\\/quehacerpolitico.mx\\\/?s={search_term_string}\"},\"query-input\":{\"@type\":\"PropertyValueSpecification\",\"valueRequired\":true,\"valueName\":\"search_term_string\"}}],\"inLanguage\":\"es\"},{\"@type\":\"Person\",\"@id\":\"https:\\\/\\\/quehacerpolitico.mx\\\/#\\\/schema\\\/person\\\/496d8ad2d1d3f8036101dca7ee39e585\",\"name\":\"Redacci\u00f3n QP\",\"image\":{\"@type\":\"ImageObject\",\"inLanguage\":\"es\",\"@id\":\"https:\\\/\\\/secure.gravatar.com\\\/avatar\\\/c7164ed6fdec453195284ad24a5ae5b6e1eed2b848477fa2a4787ba9adf39a41?s=96&d=mm&r=g\",\"url\":\"https:\\\/\\\/secure.gravatar.com\\\/avatar\\\/c7164ed6fdec453195284ad24a5ae5b6e1eed2b848477fa2a4787ba9adf39a41?s=96&d=mm&r=g\",\"contentUrl\":\"https:\\\/\\\/secure.gravatar.com\\\/avatar\\\/c7164ed6fdec453195284ad24a5ae5b6e1eed2b848477fa2a4787ba9adf39a41?s=96&d=mm&r=g\",\"caption\":\"Redacci\u00f3n QP\"},\"url\":\"https:\\\/\\\/quehacerpolitico.mx\\\/?author=2\"}]}<\/script>\n<!-- \/ Yoast SEO plugin. -->","yoast_head_json":{"title":"El fascinante hallazgo de la tumba del rey de los mayas, hace 70 a\u00f1os -","robots":{"index":"index","follow":"follow","max-snippet":"max-snippet:-1","max-image-preview":"max-image-preview:large","max-video-preview":"max-video-preview:-1"},"canonical":"https:\/\/quehacerpolitico.mx\/?p=98243","og_locale":"es_MX","og_type":"article","og_title":"El fascinante hallazgo de la tumba del rey de los mayas, hace 70 a\u00f1os -","og_description":"Por Redacci\u00f3n QP El descubrimiento del mausoleo del rey maya Pakal en 1952 tuvo elementos...","og_url":"https:\/\/quehacerpolitico.mx\/?p=98243","article_published_time":"2023-01-23T19:49:54+00:00","article_modified_time":"2023-01-23T19:49:57+00:00","og_image":[{"width":740,"height":414,"url":"https:\/\/quehacerpolitico.mx\/wp-content\/uploads\/2023\/01\/9E787AA1-A6B5-4BAB-83C0-B5060EE6B6A6.jpeg","type":"image\/jpeg"}],"author":"Redacci\u00f3n QP","twitter_card":"summary_large_image","twitter_misc":{"Escrito por":"Redacci\u00f3n QP","Tiempo de lectura":"12 minutos"},"schema":{"@context":"https:\/\/schema.org","@graph":[{"@type":"Article","@id":"https:\/\/quehacerpolitico.mx\/?p=98243#article","isPartOf":{"@id":"https:\/\/quehacerpolitico.mx\/?p=98243"},"author":{"name":"Redacci\u00f3n QP","@id":"https:\/\/quehacerpolitico.mx\/#\/schema\/person\/496d8ad2d1d3f8036101dca7ee39e585"},"headline":"El fascinante hallazgo de la tumba del rey de los mayas, hace 70 a\u00f1os","datePublished":"2023-01-23T19:49:54+00:00","dateModified":"2023-01-23T19:49:57+00:00","mainEntityOfPage":{"@id":"https:\/\/quehacerpolitico.mx\/?p=98243"},"wordCount":2330,"commentCount":0,"image":{"@id":"https:\/\/quehacerpolitico.mx\/?p=98243#primaryimage"},"thumbnailUrl":"https:\/\/quehacerpolitico.mx\/wp-content\/uploads\/2023\/01\/9E787AA1-A6B5-4BAB-83C0-B5060EE6B6A6.jpeg","articleSection":["Cultura y Entretenimiento"],"inLanguage":"es","potentialAction":[{"@type":"CommentAction","name":"Comment","target":["https:\/\/quehacerpolitico.mx\/?p=98243#respond"]}]},{"@type":"WebPage","@id":"https:\/\/quehacerpolitico.mx\/?p=98243","url":"https:\/\/quehacerpolitico.mx\/?p=98243","name":"El fascinante hallazgo de la tumba del rey de los mayas, hace 70 a\u00f1os -","isPartOf":{"@id":"https:\/\/quehacerpolitico.mx\/#website"},"primaryImageOfPage":{"@id":"https:\/\/quehacerpolitico.mx\/?p=98243#primaryimage"},"image":{"@id":"https:\/\/quehacerpolitico.mx\/?p=98243#primaryimage"},"thumbnailUrl":"https:\/\/quehacerpolitico.mx\/wp-content\/uploads\/2023\/01\/9E787AA1-A6B5-4BAB-83C0-B5060EE6B6A6.jpeg","datePublished":"2023-01-23T19:49:54+00:00","dateModified":"2023-01-23T19:49:57+00:00","author":{"@id":"https:\/\/quehacerpolitico.mx\/#\/schema\/person\/496d8ad2d1d3f8036101dca7ee39e585"},"breadcrumb":{"@id":"https:\/\/quehacerpolitico.mx\/?p=98243#breadcrumb"},"inLanguage":"es","potentialAction":[{"@type":"ReadAction","target":["https:\/\/quehacerpolitico.mx\/?p=98243"]}]},{"@type":"ImageObject","inLanguage":"es","@id":"https:\/\/quehacerpolitico.mx\/?p=98243#primaryimage","url":"https:\/\/quehacerpolitico.mx\/wp-content\/uploads\/2023\/01\/9E787AA1-A6B5-4BAB-83C0-B5060EE6B6A6.jpeg","contentUrl":"https:\/\/quehacerpolitico.mx\/wp-content\/uploads\/2023\/01\/9E787AA1-A6B5-4BAB-83C0-B5060EE6B6A6.jpeg","width":740,"height":414},{"@type":"BreadcrumbList","@id":"https:\/\/quehacerpolitico.mx\/?p=98243#breadcrumb","itemListElement":[{"@type":"ListItem","position":1,"name":"Inicio","item":"https:\/\/quehacerpolitico.mx\/"},{"@type":"ListItem","position":2,"name":"El fascinante hallazgo de la tumba del rey de los mayas, hace 70 a\u00f1os"}]},{"@type":"WebSite","@id":"https:\/\/quehacerpolitico.mx\/#website","url":"https:\/\/quehacerpolitico.mx\/","name":"","description":"","potentialAction":[{"@type":"SearchAction","target":{"@type":"EntryPoint","urlTemplate":"https:\/\/quehacerpolitico.mx\/?s={search_term_string}"},"query-input":{"@type":"PropertyValueSpecification","valueRequired":true,"valueName":"search_term_string"}}],"inLanguage":"es"},{"@type":"Person","@id":"https:\/\/quehacerpolitico.mx\/#\/schema\/person\/496d8ad2d1d3f8036101dca7ee39e585","name":"Redacci\u00f3n QP","image":{"@type":"ImageObject","inLanguage":"es","@id":"https:\/\/secure.gravatar.com\/avatar\/c7164ed6fdec453195284ad24a5ae5b6e1eed2b848477fa2a4787ba9adf39a41?s=96&d=mm&r=g","url":"https:\/\/secure.gravatar.com\/avatar\/c7164ed6fdec453195284ad24a5ae5b6e1eed2b848477fa2a4787ba9adf39a41?s=96&d=mm&r=g","contentUrl":"https:\/\/secure.gravatar.com\/avatar\/c7164ed6fdec453195284ad24a5ae5b6e1eed2b848477fa2a4787ba9adf39a41?s=96&d=mm&r=g","caption":"Redacci\u00f3n QP"},"url":"https:\/\/quehacerpolitico.mx\/?author=2"}]}},"featured_image_urls":{"full":["https:\/\/quehacerpolitico.mx\/wp-content\/uploads\/2023\/01\/9E787AA1-A6B5-4BAB-83C0-B5060EE6B6A6.jpeg",740,414,false],"thumbnail":["https:\/\/quehacerpolitico.mx\/wp-content\/uploads\/2023\/01\/9E787AA1-A6B5-4BAB-83C0-B5060EE6B6A6-150x150.jpeg",150,150,true],"medium":["https:\/\/quehacerpolitico.mx\/wp-content\/uploads\/2023\/01\/9E787AA1-A6B5-4BAB-83C0-B5060EE6B6A6-300x168.jpeg",300,168,true],"medium_large":["https:\/\/quehacerpolitico.mx\/wp-content\/uploads\/2023\/01\/9E787AA1-A6B5-4BAB-83C0-B5060EE6B6A6.jpeg",640,358,false],"large":["https:\/\/quehacerpolitico.mx\/wp-content\/uploads\/2023\/01\/9E787AA1-A6B5-4BAB-83C0-B5060EE6B6A6.jpeg",640,358,false],"1536x1536":["https:\/\/quehacerpolitico.mx\/wp-content\/uploads\/2023\/01\/9E787AA1-A6B5-4BAB-83C0-B5060EE6B6A6.jpeg",740,414,false],"2048x2048":["https:\/\/quehacerpolitico.mx\/wp-content\/uploads\/2023\/01\/9E787AA1-A6B5-4BAB-83C0-B5060EE6B6A6.jpeg",740,414,false],"covernews-featured":["https:\/\/quehacerpolitico.mx\/wp-content\/uploads\/2023\/01\/9E787AA1-A6B5-4BAB-83C0-B5060EE6B6A6.jpeg",740,414,false],"covernews-medium":["https:\/\/quehacerpolitico.mx\/wp-content\/uploads\/2023\/01\/9E787AA1-A6B5-4BAB-83C0-B5060EE6B6A6.jpeg",540,302,false]},"author_info":{"display_name":"Redacci\u00f3n QP","author_link":"https:\/\/quehacerpolitico.mx\/?author=2"},"category_info":"<a href=\"https:\/\/quehacerpolitico.mx\/?cat=58\" rel=\"category\">Cultura y Entretenimiento<\/a>","tag_info":"Cultura y Entretenimiento","comment_count":"0","_links":{"self":[{"href":"https:\/\/quehacerpolitico.mx\/index.php?rest_route=\/wp\/v2\/posts\/98243","targetHints":{"allow":["GET"]}}],"collection":[{"href":"https:\/\/quehacerpolitico.mx\/index.php?rest_route=\/wp\/v2\/posts"}],"about":[{"href":"https:\/\/quehacerpolitico.mx\/index.php?rest_route=\/wp\/v2\/types\/post"}],"author":[{"embeddable":true,"href":"https:\/\/quehacerpolitico.mx\/index.php?rest_route=\/wp\/v2\/users\/2"}],"replies":[{"embeddable":true,"href":"https:\/\/quehacerpolitico.mx\/index.php?rest_route=%2Fwp%2Fv2%2Fcomments&post=98243"}],"version-history":[{"count":1,"href":"https:\/\/quehacerpolitico.mx\/index.php?rest_route=\/wp\/v2\/posts\/98243\/revisions"}],"predecessor-version":[{"id":98246,"href":"https:\/\/quehacerpolitico.mx\/index.php?rest_route=\/wp\/v2\/posts\/98243\/revisions\/98246"}],"wp:featuredmedia":[{"embeddable":true,"href":"https:\/\/quehacerpolitico.mx\/index.php?rest_route=\/wp\/v2\/media\/98245"}],"wp:attachment":[{"href":"https:\/\/quehacerpolitico.mx\/index.php?rest_route=%2Fwp%2Fv2%2Fmedia&parent=98243"}],"wp:term":[{"taxonomy":"category","embeddable":true,"href":"https:\/\/quehacerpolitico.mx\/index.php?rest_route=%2Fwp%2Fv2%2Fcategories&post=98243"},{"taxonomy":"post_tag","embeddable":true,"href":"https:\/\/quehacerpolitico.mx\/index.php?rest_route=%2Fwp%2Fv2%2Ftags&post=98243"}],"curies":[{"name":"wp","href":"https:\/\/api.w.org\/{rel}","templated":true}]}}