{"id":98232,"date":"2023-01-23T18:40:40","date_gmt":"2023-01-23T18:40:40","guid":{"rendered":"https:\/\/quehacerpolitico.mx\/?p=98232"},"modified":"2023-01-23T18:40:45","modified_gmt":"2023-01-23T18:40:45","slug":"nuevamente-se-quema-el-metro-de-cdmx-reportan-23-intoxicados-por-humo-en-la-linea-7","status":"publish","type":"post","link":"https:\/\/quehacerpolitico.mx\/?p=98232","title":{"rendered":"Nuevamente se quema el metro de CDMX reportan 23 intoxicados por humo en la L\u00ednea 7"},"content":{"rendered":"\n<p>Por Redacci\u00f3n QP<\/p>\n\n\n\n<p>El conato de incendio ocurri\u00f3 en la interestaci\u00f3n que va de las estaciones Mixcoac a Barranca del Muerto de la L\u00ednea 7 del Metro<\/p>\n\n\n\n<p>En redes sociales y medios de comunicaci\u00f3n, circulan im\u00e1genes de cuerpos de emergencia que se congregan en la zona para atender a los usuarios<\/p>\n\n\n\n<figure class=\"wp-block-embed is-type-rich is-provider-twitter wp-block-embed-twitter\"><div class=\"wp-block-embed__wrapper\">\n<blockquote class=\"twitter-tweet\" data-width=\"550\" data-dnt=\"true\"><p lang=\"es\" dir=\"ltr\">\ud83d\udea8<a href=\"https:\/\/twitter.com\/hashtag\/%C3%9ALTIMAHORA?src=hash&amp;ref_src=twsrc%5Etfw\">#\u00daLTIMAHORA<\/a> | Se reporta humo en la estaci\u00f3n Barranca del Muerto de la linea 7 <a href=\"https:\/\/t.co\/OgoM4oAEvU\">pic.twitter.com\/OgoM4oAEvU<\/a><\/p>&mdash; Ruido en la Red (@RuidoEnLaRed) <a href=\"https:\/\/twitter.com\/RuidoEnLaRed\/status\/1617577100772544512?ref_src=twsrc%5Etfw\">January 23, 2023<\/a><\/blockquote><script async src=\"https:\/\/platform.twitter.com\/widgets.js\" charset=\"utf-8\"><\/script>\n<\/div><\/figure>\n\n\n\n<p>Fue\u00a0<strong>suspendido<\/strong>\u00a0este lunes por la ma\u00f1ana el servicio en la\u00a0<strong>L\u00ednea 7<\/strong>\u00a0del\u00a0Sistema de Transporte Colectivo\u00a0(STC)\u00a0<strong>Metro de la Ciudad de M\u00e9xico<\/strong>\u00a0por un conato de\u00a0<strong>incendio<\/strong>, aparentemente originado por un\u00a0<strong>cortocircuito<\/strong>.<\/p>\n\n\n\n<p>Otra vez el Metro de la Ciudad de M\u00e9xico (CDMX) es tendencia en redes sociales. Ahora por\u00a0<strong>en la L\u00ednea 7, en la estaci\u00f3n Barranca del Muerto<\/strong>, donde al parecer han sido atendidas personas por\u00a0<strong>una intoxicaci\u00f3n, luego de inhalar humo<\/strong>.<\/p>\n\n\n\n<figure class=\"wp-block-embed is-type-rich is-provider-twitter wp-block-embed-twitter\"><div class=\"wp-block-embed__wrapper\">\n<blockquote class=\"twitter-tweet\" data-width=\"550\" data-dnt=\"true\"><p lang=\"es\" dir=\"ltr\">CORTO CIRCUITO EN EL METRO DE LA CDMX<br>Nuevamente, una m\u00e1s para el <a href=\"https:\/\/twitter.com\/MetroCDMX?ref_src=twsrc%5Etfw\">@MetroCDMX<\/a> a\u00fan con presencia de la <a href=\"https:\/\/twitter.com\/GN_MEXICO_?ref_src=twsrc%5Etfw\">@GN_MEXICO_<\/a> usuarios denuncian est\u00e1 ma\u00f1ana el and\u00e9n lleno de humo con fuerte olor a quemado tras un corto circuito, ahora en la estaci\u00f3n Barranca del Muerto <a href=\"https:\/\/twitter.com\/hashtag\/L7?src=hash&amp;ref_src=twsrc%5Etfw\">#L7<\/a> <a href=\"https:\/\/twitter.com\/ahoramasoficial?ref_src=twsrc%5Etfw\">@ahoramasoficial<\/a> <a href=\"https:\/\/t.co\/VvCScUFLGm\">pic.twitter.com\/VvCScUFLGm<\/a><\/p>&mdash; Antonio Huitzil (@AntonioHuitzil2) <a href=\"https:\/\/twitter.com\/AntonioHuitzil2\/status\/1617569599779749907?ref_src=twsrc%5Etfw\">January 23, 2023<\/a><\/blockquote><script async src=\"https:\/\/platform.twitter.com\/widgets.js\" charset=\"utf-8\"><\/script>\n<\/div><\/figure>\n\n\n\n<p>En redes sociales y medios de comunicaci\u00f3n, circulan im\u00e1genes de&nbsp;<strong>cuerpos de emergencia<\/strong>&nbsp;que se congregan en la zona para atender a los usuarios.<\/p>\n\n\n\n<p>Usuarios han sido evacuados por la presencia de humo, y\u00a0<strong>muchos pasajeros resultaron afectados<\/strong>, sin que hasta el momento se conozcan m\u00e1s detalles del accidente.<\/p>\n\n\n\n<figure class=\"wp-block-image size-large\"><img loading=\"lazy\" decoding=\"async\" width=\"1024\" height=\"576\" src=\"https:\/\/quehacerpolitico.mx\/wp-content\/uploads\/2023\/01\/image-21-1024x576.jpeg\" alt=\"\" class=\"wp-image-98237\" srcset=\"https:\/\/quehacerpolitico.mx\/wp-content\/uploads\/2023\/01\/image-21-1024x576.jpeg 1024w, https:\/\/quehacerpolitico.mx\/wp-content\/uploads\/2023\/01\/image-21-300x169.jpeg 300w, https:\/\/quehacerpolitico.mx\/wp-content\/uploads\/2023\/01\/image-21-768x432.jpeg 768w, https:\/\/quehacerpolitico.mx\/wp-content\/uploads\/2023\/01\/image-21-260x146.jpeg 260w, https:\/\/quehacerpolitico.mx\/wp-content\/uploads\/2023\/01\/image-21-50x28.jpeg 50w, https:\/\/quehacerpolitico.mx\/wp-content\/uploads\/2023\/01\/image-21-133x75.jpeg 133w, https:\/\/quehacerpolitico.mx\/wp-content\/uploads\/2023\/01\/image-21-1200x675.jpeg 1200w, https:\/\/quehacerpolitico.mx\/wp-content\/uploads\/2023\/01\/image-21.jpeg 1280w\" sizes=\"auto, (max-width: 1024px) 100vw, 1024px\" \/><\/figure>\n\n\n\n<figure class=\"wp-block-image size-large\"><img loading=\"lazy\" decoding=\"async\" width=\"1024\" height=\"1024\" src=\"https:\/\/quehacerpolitico.mx\/wp-content\/uploads\/2023\/01\/image-20-1024x1024.jpeg\" alt=\"\" class=\"wp-image-98236\" srcset=\"https:\/\/quehacerpolitico.mx\/wp-content\/uploads\/2023\/01\/image-20-1024x1024.jpeg 1024w, https:\/\/quehacerpolitico.mx\/wp-content\/uploads\/2023\/01\/image-20-300x300.jpeg 300w, https:\/\/quehacerpolitico.mx\/wp-content\/uploads\/2023\/01\/image-20-150x150.jpeg 150w, https:\/\/quehacerpolitico.mx\/wp-content\/uploads\/2023\/01\/image-20-768x768.jpeg 768w, https:\/\/quehacerpolitico.mx\/wp-content\/uploads\/2023\/01\/image-20-146x146.jpeg 146w, https:\/\/quehacerpolitico.mx\/wp-content\/uploads\/2023\/01\/image-20-50x50.jpeg 50w, https:\/\/quehacerpolitico.mx\/wp-content\/uploads\/2023\/01\/image-20-75x75.jpeg 75w, https:\/\/quehacerpolitico.mx\/wp-content\/uploads\/2023\/01\/image-20-85x85.jpeg 85w, https:\/\/quehacerpolitico.mx\/wp-content\/uploads\/2023\/01\/image-20-80x80.jpeg 80w, https:\/\/quehacerpolitico.mx\/wp-content\/uploads\/2023\/01\/image-20.jpeg 1170w\" sizes=\"auto, (max-width: 1024px) 100vw, 1024px\" \/><\/figure>\n\n\n\n<figure class=\"wp-block-image size-full\"><img loading=\"lazy\" decoding=\"async\" width=\"768\" height=\"1024\" src=\"https:\/\/quehacerpolitico.mx\/wp-content\/uploads\/2023\/01\/image-19.jpeg\" alt=\"\" class=\"wp-image-98235\" srcset=\"https:\/\/quehacerpolitico.mx\/wp-content\/uploads\/2023\/01\/image-19.jpeg 768w, https:\/\/quehacerpolitico.mx\/wp-content\/uploads\/2023\/01\/image-19-225x300.jpeg 225w, https:\/\/quehacerpolitico.mx\/wp-content\/uploads\/2023\/01\/image-19-110x146.jpeg 110w, https:\/\/quehacerpolitico.mx\/wp-content\/uploads\/2023\/01\/image-19-38x50.jpeg 38w, https:\/\/quehacerpolitico.mx\/wp-content\/uploads\/2023\/01\/image-19-56x75.jpeg 56w\" sizes=\"auto, (max-width: 768px) 100vw, 768px\" \/><\/figure>\n\n\n\n<figure class=\"wp-block-image size-large\"><img loading=\"lazy\" decoding=\"async\" width=\"1024\" height=\"768\" src=\"https:\/\/quehacerpolitico.mx\/wp-content\/uploads\/2023\/01\/image-18-1024x768.jpeg\" alt=\"\" class=\"wp-image-98234\" srcset=\"https:\/\/quehacerpolitico.mx\/wp-content\/uploads\/2023\/01\/image-18-1024x768.jpeg 1024w, https:\/\/quehacerpolitico.mx\/wp-content\/uploads\/2023\/01\/image-18-300x225.jpeg 300w, https:\/\/quehacerpolitico.mx\/wp-content\/uploads\/2023\/01\/image-18-768x576.jpeg 768w, https:\/\/quehacerpolitico.mx\/wp-content\/uploads\/2023\/01\/image-18-1536x1152.jpeg 1536w, https:\/\/quehacerpolitico.mx\/wp-content\/uploads\/2023\/01\/image-18-195x146.jpeg 195w, https:\/\/quehacerpolitico.mx\/wp-content\/uploads\/2023\/01\/image-18-50x38.jpeg 50w, https:\/\/quehacerpolitico.mx\/wp-content\/uploads\/2023\/01\/image-18-100x75.jpeg 100w, https:\/\/quehacerpolitico.mx\/wp-content\/uploads\/2023\/01\/image-18-960x720.jpeg 960w, https:\/\/quehacerpolitico.mx\/wp-content\/uploads\/2023\/01\/image-18.jpeg 1600w\" sizes=\"auto, (max-width: 1024px) 100vw, 1024px\" \/><\/figure>\n\n\n\n<p>En videos se observan los andenes llenos de humo, pero ya vac\u00edos tras el desalojo, mientras se escucha a quien parece ser un elemento de seguridad evacuar el lugar, en medio de sonidos de personas tosiendo.<\/p>\n\n\n\n<figure class=\"wp-block-embed is-type-rich is-provider-twitter wp-block-embed-twitter\"><div class=\"wp-block-embed__wrapper\">\n<blockquote class=\"twitter-tweet\" data-width=\"550\" data-dnt=\"true\"><p lang=\"es\" dir=\"ltr\"><a href=\"https:\/\/twitter.com\/hashtag\/OtraDelMetro?src=hash&amp;ref_src=twsrc%5Etfw\">#OtraDelMetro<\/a> momentos de p\u00e1nico vivieron los usuarios de la <a href=\"https:\/\/twitter.com\/hashtag\/L%C3%ADnea7?src=hash&amp;ref_src=twsrc%5Etfw\">#L\u00ednea7<\/a> del <a href=\"https:\/\/twitter.com\/MetroCDMX?ref_src=twsrc%5Etfw\">@MetroCDMX<\/a> debido a la gran cantidad de humo que se gener\u00f3 aparentemente por un cortocircuito entre las estaciones <a href=\"https:\/\/twitter.com\/hashtag\/Mixcoac?src=hash&amp;ref_src=twsrc%5Etfw\">#Mixcoac<\/a> y <a href=\"https:\/\/twitter.com\/hashtag\/BarrancaDelMuerto?src=hash&amp;ref_src=twsrc%5Etfw\">#BarrancaDelMuerto<\/a>, servicio provisional de El Rosario a Tacubaya. <a href=\"https:\/\/t.co\/V8vLZIxI4R\">pic.twitter.com\/V8vLZIxI4R<\/a><\/p>&mdash; Imagen Informaci\u00f3n (@NoticiasImagen) <a href=\"https:\/\/twitter.com\/NoticiasImagen\/status\/1617590163319947264?ref_src=twsrc%5Etfw\">January 23, 2023<\/a><\/blockquote><script async src=\"https:\/\/platform.twitter.com\/widgets.js\" charset=\"utf-8\"><\/script>\n<\/div><\/figure>\n\n\n\n<figure class=\"wp-block-embed is-type-rich is-provider-twitter wp-block-embed-twitter\"><div class=\"wp-block-embed__wrapper\">\n<blockquote class=\"twitter-tweet\" data-width=\"550\" data-dnt=\"true\"><p lang=\"es\" dir=\"ltr\">\u26a0\ufe0fCORTO CIRCUITO EN EL METRO\u26a0\ufe0f<br><br>Nuevamente se presenta un corto circuito en la estaci\u00f3n <a href=\"https:\/\/twitter.com\/hashtag\/Barrancadelmuerto?src=hash&amp;ref_src=twsrc%5Etfw\">#Barrancadelmuerto<\/a> en el <a href=\"https:\/\/twitter.com\/MetroCDMX?ref_src=twsrc%5Etfw\">@MetroCDMX<\/a> L\u00ednea 7.  Servicio de El Rosario a Tacubaya. <br><br>No hay servicio de San Pedro de los Pinos a Barranca del Muerto. <a href=\"https:\/\/t.co\/8fRZWCUbqM\">pic.twitter.com\/8fRZWCUbqM<\/a><\/p>&mdash; Alicia Salgado (@AliciaSalgadoMX) <a href=\"https:\/\/twitter.com\/AliciaSalgadoMX\/status\/1617577399943827456?ref_src=twsrc%5Etfw\">January 23, 2023<\/a><\/blockquote><script async src=\"https:\/\/platform.twitter.com\/widgets.js\" charset=\"utf-8\"><\/script>\n<\/div><\/figure>\n\n\n\n<figure class=\"wp-block-embed is-type-rich is-provider-twitter wp-block-embed-twitter\"><div class=\"wp-block-embed__wrapper\">\n<blockquote class=\"twitter-tweet\" data-width=\"550\" data-dnt=\"true\"><p lang=\"es\" dir=\"ltr\">Un corto circuito habr\u00eda provocado el humo en la estaci\u00f3n Barranca del Muerto, de la L\u00ednea 7 del <a href=\"https:\/\/twitter.com\/hashtag\/MetroCDMX?src=hash&amp;ref_src=twsrc%5Etfw\">#MetroCDMX<\/a> esta ma\u00f1ana.  <br>As\u00ed lo registraron usuarios del transporte. <a href=\"https:\/\/t.co\/tEspjM3hdY\">pic.twitter.com\/tEspjM3hdY<\/a><\/p>&mdash; Monica Garza (@monicagarzag) <a href=\"https:\/\/twitter.com\/monicagarzag\/status\/1617591359434522635?ref_src=twsrc%5Etfw\">January 23, 2023<\/a><\/blockquote><script async src=\"https:\/\/platform.twitter.com\/widgets.js\" charset=\"utf-8\"><\/script>\n<\/div><\/figure>\n\n\n\n<p>Al menos una veintena de usuarios del Metro tuvieron que ser atendidos por servicios de emergencia, mientras que la estaci\u00f3n de Barranca del Muerto tuvo que se acordonada por autoridades capitalinas.<\/p>\n\n\n\n<p>Por medio de redes sociales, el STC Metro apunt\u00f3 que llev\u00f3 a cabo un corte de corriente en l\u00ednea para revisi\u00f3n de zona de v\u00edas.<\/p>\n\n\n\n<figure class=\"wp-block-embed is-type-rich is-provider-twitter wp-block-embed-twitter\"><div class=\"wp-block-embed__wrapper\">\n<blockquote class=\"twitter-tweet\" data-width=\"550\" data-dnt=\"true\"><p lang=\"es\" dir=\"ltr\">24 personas han sido atendidas por intoxicaci\u00f3n con humo en L\u00ednea 7 del Metro; hay servicio provisional de El Rosario a Tacubaya. <a href=\"https:\/\/twitter.com\/hashtag\/LasNoticiasDeFOROtv?src=hash&amp;ref_src=twsrc%5Etfw\">#LasNoticiasDeFOROtv<\/a> con <a href=\"https:\/\/twitter.com\/eduardosalazar4?ref_src=twsrc%5Etfw\">@eduardosalazar4<\/a> | Sigue la se\u00f1al en vivo por <a href=\"https:\/\/t.co\/R0rtaHzqZe\">https:\/\/t.co\/R0rtaHzqZe<\/a> <a href=\"https:\/\/t.co\/HV6SgVYR88\">pic.twitter.com\/HV6SgVYR88<\/a><\/p>&mdash; N+ FORO (@nmasforo) <a href=\"https:\/\/twitter.com\/nmasforo\/status\/1617586073848119307?ref_src=twsrc%5Etfw\">January 23, 2023<\/a><\/blockquote><script async src=\"https:\/\/platform.twitter.com\/widgets.js\" charset=\"utf-8\"><\/script>\n<\/div><\/figure>\n\n\n\n<p>\u201cEl servicio es provisional de El Rosario a Tacubaya. No se ofrece servicio de San Pedro de los Pinos a Barranca del Muerto\u201d, se lee en su cuenta de Twitter.<\/p>\n\n\n\n<figure class=\"wp-block-embed is-type-rich is-provider-twitter wp-block-embed-twitter\"><div class=\"wp-block-embed__wrapper\">\n<blockquote class=\"twitter-tweet\" data-width=\"550\" data-dnt=\"true\"><p lang=\"es\" dir=\"ltr\"><a href=\"https:\/\/twitter.com\/hashtag\/AvisoMetro?src=hash&amp;ref_src=twsrc%5Etfw\">#AvisoMetro<\/a> El servicio es provisional de El Rosario a Tacubaya. No se ofrece servicio de San Pedro de los Pinos a Barranca del Muerto. Personal del sistema labora para restablecer a la brevedad la circulaci\u00f3n en todas las estaciones de la L\u00ednea 7.<\/p>&mdash; MetroCDMX (@MetroCDMX) <a href=\"https:\/\/twitter.com\/MetroCDMX\/status\/1617577292074450946?ref_src=twsrc%5Etfw\">January 23, 2023<\/a><\/blockquote><script async src=\"https:\/\/platform.twitter.com\/widgets.js\" charset=\"utf-8\"><\/script>\n<\/div><\/figure>\n\n\n\n<p>\u201cPersonal del sistema labora para restablecer a la brevedad la circulaci\u00f3n en todas las estaciones de la L\u00ednea 7\u201d, puntualiz\u00f3<\/p>\n\n\n\n<p>Este hecho se une a la serie de incidentes en el Metro CDMX, que tuvo como detonante\u00a0 el choque de dos convoyes el pasado 7 de enero que tuvo un sald\u00f3 de una joven de 18 a\u00f1os muerta y un centenar de heridos.<\/p>\n\n\n\n<figure class=\"wp-block-embed is-type-rich is-provider-twitter wp-block-embed-twitter\"><div class=\"wp-block-embed__wrapper\">\n<blockquote class=\"twitter-tweet\" data-width=\"550\" data-dnt=\"true\"><p lang=\"es\" dir=\"ltr\"><a href=\"https:\/\/twitter.com\/hashtag\/AvisoMetro?src=hash&amp;ref_src=twsrc%5Etfw\">#AvisoMetro<\/a> Contin\u00faa el servicio provisional de El Rosario a Tacubaya. Se atienden alrededor de 20 personas por inhalaci\u00f3n de humo, ninguna de gravedad; luego de que se registrara presencia de humo en el sitio, aparentemente por un corto circuito. Se dio aviso a la <a href=\"https:\/\/twitter.com\/FiscaliaCDMX?ref_src=twsrc%5Etfw\">@FiscaliaCDMX<\/a>.<\/p>&mdash; MetroCDMX (@MetroCDMX) <a href=\"https:\/\/twitter.com\/MetroCDMX\/status\/1617588566694969344?ref_src=twsrc%5Etfw\">January 23, 2023<\/a><\/blockquote><script async src=\"https:\/\/platform.twitter.com\/widgets.js\" charset=\"utf-8\"><\/script>\n<\/div><\/figure>\n\n\n\n<p>Adem\u00e1s tambi\u00e9n se han registrado la separaci\u00f3n de dos vagones y m\u00faltiples cortes en el servicio, que la jefa e Gobierno de la Ciudad de M\u00e9xico,\u00a0<strong>Claudia Sheinbaum<\/strong>, achac\u00f3 a posibles actos de sabotaje y que deriv\u00f3 en el despliegue de casi seis mil efectivos de la\u00a0<strong>Guardia Nacional<\/strong>, que ha derivado\u00a0cr\u00edticas y protestas.<\/p>\n","protected":false},"excerpt":{"rendered":"<p>Por Redacci\u00f3n QP El conato de incendio ocurri\u00f3 en la interestaci\u00f3n que va de las&#8230;<\/p>\n","protected":false},"author":2,"featured_media":98233,"comment_status":"open","ping_status":"open","sticky":false,"template":"","format":"standard","meta":{"_monsterinsights_skip_tracking":false,"_monsterinsights_sitenote_active":false,"_monsterinsights_sitenote_note":"","_monsterinsights_sitenote_category":0,"footnotes":""},"categories":[55],"tags":[],"class_list":["post-98232","post","type-post","status-publish","format-standard","has-post-thumbnail","hentry","category-cdmx"],"yoast_head":"<!-- This site is optimized with the Yoast SEO plugin v27.3 - https:\/\/yoast.com\/product\/yoast-seo-wordpress\/ -->\n<title>Nuevamente se quema el metro de CDMX reportan 23 intoxicados por humo en la L\u00ednea 7 -<\/title>\n<meta name=\"robots\" content=\"index, follow, max-snippet:-1, max-image-preview:large, max-video-preview:-1\" \/>\n<link rel=\"canonical\" href=\"https:\/\/quehacerpolitico.mx\/?p=98232\" \/>\n<meta property=\"og:locale\" content=\"es_MX\" \/>\n<meta property=\"og:type\" content=\"article\" \/>\n<meta property=\"og:title\" content=\"Nuevamente se quema el metro de CDMX reportan 23 intoxicados por humo en la L\u00ednea 7 -\" \/>\n<meta property=\"og:description\" content=\"Por Redacci\u00f3n QP El conato de incendio ocurri\u00f3 en la interestaci\u00f3n que va de las...\" \/>\n<meta property=\"og:url\" content=\"https:\/\/quehacerpolitico.mx\/?p=98232\" \/>\n<meta property=\"article:published_time\" content=\"2023-01-23T18:40:40+00:00\" \/>\n<meta property=\"article:modified_time\" content=\"2023-01-23T18:40:45+00:00\" \/>\n<meta property=\"og:image\" content=\"https:\/\/quehacerpolitico.mx\/wp-content\/uploads\/2023\/01\/3376D3C4-E318-44C9-8D30-8EB19A99007A.jpeg\" \/>\n\t<meta property=\"og:image:width\" content=\"680\" \/>\n\t<meta property=\"og:image:height\" content=\"510\" \/>\n\t<meta property=\"og:image:type\" content=\"image\/jpeg\" \/>\n<meta name=\"author\" content=\"Redacci\u00f3n QP\" \/>\n<meta name=\"twitter:card\" content=\"summary_large_image\" \/>\n<meta name=\"twitter:label1\" content=\"Escrito por\" \/>\n\t<meta name=\"twitter:data1\" content=\"Redacci\u00f3n QP\" \/>\n\t<meta name=\"twitter:label2\" content=\"Tiempo de lectura\" \/>\n\t<meta name=\"twitter:data2\" content=\"3 minutos\" \/>\n<script type=\"application\/ld+json\" class=\"yoast-schema-graph\">{\"@context\":\"https:\\\/\\\/schema.org\",\"@graph\":[{\"@type\":\"Article\",\"@id\":\"https:\\\/\\\/quehacerpolitico.mx\\\/?p=98232#article\",\"isPartOf\":{\"@id\":\"https:\\\/\\\/quehacerpolitico.mx\\\/?p=98232\"},\"author\":{\"name\":\"Redacci\u00f3n QP\",\"@id\":\"https:\\\/\\\/quehacerpolitico.mx\\\/#\\\/schema\\\/person\\\/496d8ad2d1d3f8036101dca7ee39e585\"},\"headline\":\"Nuevamente se quema el metro de CDMX reportan 23 intoxicados por humo en la L\u00ednea 7\",\"datePublished\":\"2023-01-23T18:40:40+00:00\",\"dateModified\":\"2023-01-23T18:40:45+00:00\",\"mainEntityOfPage\":{\"@id\":\"https:\\\/\\\/quehacerpolitico.mx\\\/?p=98232\"},\"wordCount\":546,\"commentCount\":0,\"image\":{\"@id\":\"https:\\\/\\\/quehacerpolitico.mx\\\/?p=98232#primaryimage\"},\"thumbnailUrl\":\"https:\\\/\\\/quehacerpolitico.mx\\\/wp-content\\\/uploads\\\/2023\\\/01\\\/3376D3C4-E318-44C9-8D30-8EB19A99007A.jpeg\",\"articleSection\":[\"CDMX\"],\"inLanguage\":\"es\",\"potentialAction\":[{\"@type\":\"CommentAction\",\"name\":\"Comment\",\"target\":[\"https:\\\/\\\/quehacerpolitico.mx\\\/?p=98232#respond\"]}]},{\"@type\":\"WebPage\",\"@id\":\"https:\\\/\\\/quehacerpolitico.mx\\\/?p=98232\",\"url\":\"https:\\\/\\\/quehacerpolitico.mx\\\/?p=98232\",\"name\":\"Nuevamente se quema el metro de CDMX reportan 23 intoxicados por humo en la L\u00ednea 7 -\",\"isPartOf\":{\"@id\":\"https:\\\/\\\/quehacerpolitico.mx\\\/#website\"},\"primaryImageOfPage\":{\"@id\":\"https:\\\/\\\/quehacerpolitico.mx\\\/?p=98232#primaryimage\"},\"image\":{\"@id\":\"https:\\\/\\\/quehacerpolitico.mx\\\/?p=98232#primaryimage\"},\"thumbnailUrl\":\"https:\\\/\\\/quehacerpolitico.mx\\\/wp-content\\\/uploads\\\/2023\\\/01\\\/3376D3C4-E318-44C9-8D30-8EB19A99007A.jpeg\",\"datePublished\":\"2023-01-23T18:40:40+00:00\",\"dateModified\":\"2023-01-23T18:40:45+00:00\",\"author\":{\"@id\":\"https:\\\/\\\/quehacerpolitico.mx\\\/#\\\/schema\\\/person\\\/496d8ad2d1d3f8036101dca7ee39e585\"},\"breadcrumb\":{\"@id\":\"https:\\\/\\\/quehacerpolitico.mx\\\/?p=98232#breadcrumb\"},\"inLanguage\":\"es\",\"potentialAction\":[{\"@type\":\"ReadAction\",\"target\":[\"https:\\\/\\\/quehacerpolitico.mx\\\/?p=98232\"]}]},{\"@type\":\"ImageObject\",\"inLanguage\":\"es\",\"@id\":\"https:\\\/\\\/quehacerpolitico.mx\\\/?p=98232#primaryimage\",\"url\":\"https:\\\/\\\/quehacerpolitico.mx\\\/wp-content\\\/uploads\\\/2023\\\/01\\\/3376D3C4-E318-44C9-8D30-8EB19A99007A.jpeg\",\"contentUrl\":\"https:\\\/\\\/quehacerpolitico.mx\\\/wp-content\\\/uploads\\\/2023\\\/01\\\/3376D3C4-E318-44C9-8D30-8EB19A99007A.jpeg\",\"width\":680,\"height\":510},{\"@type\":\"BreadcrumbList\",\"@id\":\"https:\\\/\\\/quehacerpolitico.mx\\\/?p=98232#breadcrumb\",\"itemListElement\":[{\"@type\":\"ListItem\",\"position\":1,\"name\":\"Inicio\",\"item\":\"https:\\\/\\\/quehacerpolitico.mx\\\/\"},{\"@type\":\"ListItem\",\"position\":2,\"name\":\"Nuevamente se quema el metro de CDMX reportan 23 intoxicados por humo en la L\u00ednea 7\"}]},{\"@type\":\"WebSite\",\"@id\":\"https:\\\/\\\/quehacerpolitico.mx\\\/#website\",\"url\":\"https:\\\/\\\/quehacerpolitico.mx\\\/\",\"name\":\"\",\"description\":\"\",\"potentialAction\":[{\"@type\":\"SearchAction\",\"target\":{\"@type\":\"EntryPoint\",\"urlTemplate\":\"https:\\\/\\\/quehacerpolitico.mx\\\/?s={search_term_string}\"},\"query-input\":{\"@type\":\"PropertyValueSpecification\",\"valueRequired\":true,\"valueName\":\"search_term_string\"}}],\"inLanguage\":\"es\"},{\"@type\":\"Person\",\"@id\":\"https:\\\/\\\/quehacerpolitico.mx\\\/#\\\/schema\\\/person\\\/496d8ad2d1d3f8036101dca7ee39e585\",\"name\":\"Redacci\u00f3n QP\",\"image\":{\"@type\":\"ImageObject\",\"inLanguage\":\"es\",\"@id\":\"https:\\\/\\\/secure.gravatar.com\\\/avatar\\\/c7164ed6fdec453195284ad24a5ae5b6e1eed2b848477fa2a4787ba9adf39a41?s=96&d=mm&r=g\",\"url\":\"https:\\\/\\\/secure.gravatar.com\\\/avatar\\\/c7164ed6fdec453195284ad24a5ae5b6e1eed2b848477fa2a4787ba9adf39a41?s=96&d=mm&r=g\",\"contentUrl\":\"https:\\\/\\\/secure.gravatar.com\\\/avatar\\\/c7164ed6fdec453195284ad24a5ae5b6e1eed2b848477fa2a4787ba9adf39a41?s=96&d=mm&r=g\",\"caption\":\"Redacci\u00f3n QP\"},\"url\":\"https:\\\/\\\/quehacerpolitico.mx\\\/?author=2\"}]}<\/script>\n<!-- \/ Yoast SEO plugin. -->","yoast_head_json":{"title":"Nuevamente se quema el metro de CDMX reportan 23 intoxicados por humo en la L\u00ednea 7 -","robots":{"index":"index","follow":"follow","max-snippet":"max-snippet:-1","max-image-preview":"max-image-preview:large","max-video-preview":"max-video-preview:-1"},"canonical":"https:\/\/quehacerpolitico.mx\/?p=98232","og_locale":"es_MX","og_type":"article","og_title":"Nuevamente se quema el metro de CDMX reportan 23 intoxicados por humo en la L\u00ednea 7 -","og_description":"Por Redacci\u00f3n QP El conato de incendio ocurri\u00f3 en la interestaci\u00f3n que va de las...","og_url":"https:\/\/quehacerpolitico.mx\/?p=98232","article_published_time":"2023-01-23T18:40:40+00:00","article_modified_time":"2023-01-23T18:40:45+00:00","og_image":[{"width":680,"height":510,"url":"https:\/\/quehacerpolitico.mx\/wp-content\/uploads\/2023\/01\/3376D3C4-E318-44C9-8D30-8EB19A99007A.jpeg","type":"image\/jpeg"}],"author":"Redacci\u00f3n QP","twitter_card":"summary_large_image","twitter_misc":{"Escrito por":"Redacci\u00f3n QP","Tiempo de lectura":"3 minutos"},"schema":{"@context":"https:\/\/schema.org","@graph":[{"@type":"Article","@id":"https:\/\/quehacerpolitico.mx\/?p=98232#article","isPartOf":{"@id":"https:\/\/quehacerpolitico.mx\/?p=98232"},"author":{"name":"Redacci\u00f3n QP","@id":"https:\/\/quehacerpolitico.mx\/#\/schema\/person\/496d8ad2d1d3f8036101dca7ee39e585"},"headline":"Nuevamente se quema el metro de CDMX reportan 23 intoxicados por humo en la L\u00ednea 7","datePublished":"2023-01-23T18:40:40+00:00","dateModified":"2023-01-23T18:40:45+00:00","mainEntityOfPage":{"@id":"https:\/\/quehacerpolitico.mx\/?p=98232"},"wordCount":546,"commentCount":0,"image":{"@id":"https:\/\/quehacerpolitico.mx\/?p=98232#primaryimage"},"thumbnailUrl":"https:\/\/quehacerpolitico.mx\/wp-content\/uploads\/2023\/01\/3376D3C4-E318-44C9-8D30-8EB19A99007A.jpeg","articleSection":["CDMX"],"inLanguage":"es","potentialAction":[{"@type":"CommentAction","name":"Comment","target":["https:\/\/quehacerpolitico.mx\/?p=98232#respond"]}]},{"@type":"WebPage","@id":"https:\/\/quehacerpolitico.mx\/?p=98232","url":"https:\/\/quehacerpolitico.mx\/?p=98232","name":"Nuevamente se quema el metro de CDMX reportan 23 intoxicados por humo en la L\u00ednea 7 -","isPartOf":{"@id":"https:\/\/quehacerpolitico.mx\/#website"},"primaryImageOfPage":{"@id":"https:\/\/quehacerpolitico.mx\/?p=98232#primaryimage"},"image":{"@id":"https:\/\/quehacerpolitico.mx\/?p=98232#primaryimage"},"thumbnailUrl":"https:\/\/quehacerpolitico.mx\/wp-content\/uploads\/2023\/01\/3376D3C4-E318-44C9-8D30-8EB19A99007A.jpeg","datePublished":"2023-01-23T18:40:40+00:00","dateModified":"2023-01-23T18:40:45+00:00","author":{"@id":"https:\/\/quehacerpolitico.mx\/#\/schema\/person\/496d8ad2d1d3f8036101dca7ee39e585"},"breadcrumb":{"@id":"https:\/\/quehacerpolitico.mx\/?p=98232#breadcrumb"},"inLanguage":"es","potentialAction":[{"@type":"ReadAction","target":["https:\/\/quehacerpolitico.mx\/?p=98232"]}]},{"@type":"ImageObject","inLanguage":"es","@id":"https:\/\/quehacerpolitico.mx\/?p=98232#primaryimage","url":"https:\/\/quehacerpolitico.mx\/wp-content\/uploads\/2023\/01\/3376D3C4-E318-44C9-8D30-8EB19A99007A.jpeg","contentUrl":"https:\/\/quehacerpolitico.mx\/wp-content\/uploads\/2023\/01\/3376D3C4-E318-44C9-8D30-8EB19A99007A.jpeg","width":680,"height":510},{"@type":"BreadcrumbList","@id":"https:\/\/quehacerpolitico.mx\/?p=98232#breadcrumb","itemListElement":[{"@type":"ListItem","position":1,"name":"Inicio","item":"https:\/\/quehacerpolitico.mx\/"},{"@type":"ListItem","position":2,"name":"Nuevamente se quema el metro de CDMX reportan 23 intoxicados por humo en la L\u00ednea 7"}]},{"@type":"WebSite","@id":"https:\/\/quehacerpolitico.mx\/#website","url":"https:\/\/quehacerpolitico.mx\/","name":"","description":"","potentialAction":[{"@type":"SearchAction","target":{"@type":"EntryPoint","urlTemplate":"https:\/\/quehacerpolitico.mx\/?s={search_term_string}"},"query-input":{"@type":"PropertyValueSpecification","valueRequired":true,"valueName":"search_term_string"}}],"inLanguage":"es"},{"@type":"Person","@id":"https:\/\/quehacerpolitico.mx\/#\/schema\/person\/496d8ad2d1d3f8036101dca7ee39e585","name":"Redacci\u00f3n QP","image":{"@type":"ImageObject","inLanguage":"es","@id":"https:\/\/secure.gravatar.com\/avatar\/c7164ed6fdec453195284ad24a5ae5b6e1eed2b848477fa2a4787ba9adf39a41?s=96&d=mm&r=g","url":"https:\/\/secure.gravatar.com\/avatar\/c7164ed6fdec453195284ad24a5ae5b6e1eed2b848477fa2a4787ba9adf39a41?s=96&d=mm&r=g","contentUrl":"https:\/\/secure.gravatar.com\/avatar\/c7164ed6fdec453195284ad24a5ae5b6e1eed2b848477fa2a4787ba9adf39a41?s=96&d=mm&r=g","caption":"Redacci\u00f3n QP"},"url":"https:\/\/quehacerpolitico.mx\/?author=2"}]}},"featured_image_urls":{"full":["https:\/\/quehacerpolitico.mx\/wp-content\/uploads\/2023\/01\/3376D3C4-E318-44C9-8D30-8EB19A99007A.jpeg",680,510,false],"thumbnail":["https:\/\/quehacerpolitico.mx\/wp-content\/uploads\/2023\/01\/3376D3C4-E318-44C9-8D30-8EB19A99007A-150x150.jpeg",150,150,true],"medium":["https:\/\/quehacerpolitico.mx\/wp-content\/uploads\/2023\/01\/3376D3C4-E318-44C9-8D30-8EB19A99007A-300x225.jpeg",300,225,true],"medium_large":["https:\/\/quehacerpolitico.mx\/wp-content\/uploads\/2023\/01\/3376D3C4-E318-44C9-8D30-8EB19A99007A.jpeg",640,480,false],"large":["https:\/\/quehacerpolitico.mx\/wp-content\/uploads\/2023\/01\/3376D3C4-E318-44C9-8D30-8EB19A99007A.jpeg",640,480,false],"1536x1536":["https:\/\/quehacerpolitico.mx\/wp-content\/uploads\/2023\/01\/3376D3C4-E318-44C9-8D30-8EB19A99007A.jpeg",680,510,false],"2048x2048":["https:\/\/quehacerpolitico.mx\/wp-content\/uploads\/2023\/01\/3376D3C4-E318-44C9-8D30-8EB19A99007A.jpeg",680,510,false],"covernews-featured":["https:\/\/quehacerpolitico.mx\/wp-content\/uploads\/2023\/01\/3376D3C4-E318-44C9-8D30-8EB19A99007A.jpeg",680,510,false],"covernews-medium":["https:\/\/quehacerpolitico.mx\/wp-content\/uploads\/2023\/01\/3376D3C4-E318-44C9-8D30-8EB19A99007A.jpeg",453,340,false]},"author_info":{"display_name":"Redacci\u00f3n QP","author_link":"https:\/\/quehacerpolitico.mx\/?author=2"},"category_info":"<a href=\"https:\/\/quehacerpolitico.mx\/?cat=55\" rel=\"category\">CDMX<\/a>","tag_info":"CDMX","comment_count":"0","_links":{"self":[{"href":"https:\/\/quehacerpolitico.mx\/index.php?rest_route=\/wp\/v2\/posts\/98232","targetHints":{"allow":["GET"]}}],"collection":[{"href":"https:\/\/quehacerpolitico.mx\/index.php?rest_route=\/wp\/v2\/posts"}],"about":[{"href":"https:\/\/quehacerpolitico.mx\/index.php?rest_route=\/wp\/v2\/types\/post"}],"author":[{"embeddable":true,"href":"https:\/\/quehacerpolitico.mx\/index.php?rest_route=\/wp\/v2\/users\/2"}],"replies":[{"embeddable":true,"href":"https:\/\/quehacerpolitico.mx\/index.php?rest_route=%2Fwp%2Fv2%2Fcomments&post=98232"}],"version-history":[{"count":1,"href":"https:\/\/quehacerpolitico.mx\/index.php?rest_route=\/wp\/v2\/posts\/98232\/revisions"}],"predecessor-version":[{"id":98238,"href":"https:\/\/quehacerpolitico.mx\/index.php?rest_route=\/wp\/v2\/posts\/98232\/revisions\/98238"}],"wp:featuredmedia":[{"embeddable":true,"href":"https:\/\/quehacerpolitico.mx\/index.php?rest_route=\/wp\/v2\/media\/98233"}],"wp:attachment":[{"href":"https:\/\/quehacerpolitico.mx\/index.php?rest_route=%2Fwp%2Fv2%2Fmedia&parent=98232"}],"wp:term":[{"taxonomy":"category","embeddable":true,"href":"https:\/\/quehacerpolitico.mx\/index.php?rest_route=%2Fwp%2Fv2%2Fcategories&post=98232"},{"taxonomy":"post_tag","embeddable":true,"href":"https:\/\/quehacerpolitico.mx\/index.php?rest_route=%2Fwp%2Fv2%2Ftags&post=98232"}],"curies":[{"name":"wp","href":"https:\/\/api.w.org\/{rel}","templated":true}]}}