{"id":98217,"date":"2023-01-23T17:23:18","date_gmt":"2023-01-23T17:23:18","guid":{"rendered":"https:\/\/quehacerpolitico.mx\/?p=98217"},"modified":"2023-01-23T17:23:21","modified_gmt":"2023-01-23T17:23:21","slug":"maria-angela-fue-hallada-atada-y-con-signos-de-violencia-autoridades","status":"publish","type":"post","link":"https:\/\/quehacerpolitico.mx\/?p=98217","title":{"rendered":"Mar\u00eda \u00c1ngela fue hallada atada y con signos de violencia: autoridades"},"content":{"rendered":"\n<p>Por Redacci\u00f3n QP<\/p>\n\n\n\n<p>Confirman que la joven estaba atada de pies y manos hasta que fue ayudada por polic\u00edas del municipio de Nezahualc\u00f3yotl<\/p>\n\n\n\n<p>Tras desaparecer en el paradero de Metro Indios Verdes,\u00a0<strong>Mar\u00eda \u00c1ngela de 16 a\u00f1os fue hallada con signos de violencia en un camell\u00f3n de Nezahualc\u00f3yotl, Estado de M\u00e9xico<\/strong>, confirmaron autoridades de esta entidad.<\/p>\n\n\n\n<p>&#8220;Yo de repente escuch\u00e9 que alguien lloraba y vi que hab\u00eda alguien en el suelo, era una chica&#8221;<\/p>\n\n\n\n<p>As\u00ed lo inform\u00f3 el diario El Pa\u00eds, en donde se especific\u00f3 que autoridades confirmaron que<strong>\u00a0la joven estaba atada de pies y manos hasta que fue ayudada por polic\u00edas del municipio.<\/strong><\/p>\n\n\n\n<h2 class=\"wp-block-heading\">&#8220;Escuch\u00e9 que alguien lloraba&#8221;<\/h2>\n\n\n\n<p>De acuerdo con la informaci\u00f3n de los vecinos de Neza,\u00a0<strong>una persona dej\u00f3 a la joven en el sitio y se march\u00f3 en un veh\u00edculo<\/strong>, aparentemente Mar\u00eda \u00c1ngela fue abandonada, completamente desnuda y s\u00f3lo estaba cubierta por una bolsa de pl\u00e1stico negra.<\/p>\n\n\n\n<figure class=\"wp-block-embed is-type-rich is-provider-twitter wp-block-embed-twitter\"><div class=\"wp-block-embed__wrapper\">\n<blockquote class=\"twitter-tweet\" data-width=\"550\" data-dnt=\"true\"><p lang=\"es\" dir=\"ltr\">Mar\u00eda \u00c1ngela Olgu\u00edn de 16 a\u00f1os ya est\u00e1 con su familia, pero en qu\u00e9 condiciones, la menor fue secuestrada y aparece en una bolsa negra desorientada y no es por suerte. \u00a1LA VIDA DE LAS NI\u00d1AS, ADOLESCENTES Y MUJERES NO ES CUESTI\u00d3N DE SUERTE!.  <a href=\"https:\/\/t.co\/v9fyQFEYXl\">pic.twitter.com\/v9fyQFEYXl<\/a><\/p>&mdash; Karla Amz (@karliuris_) <a href=\"https:\/\/twitter.com\/karliuris_\/status\/1617273835858067457?ref_src=twsrc%5Etfw\">January 22, 2023<\/a><\/blockquote><script async src=\"https:\/\/platform.twitter.com\/widgets.js\" charset=\"utf-8\"><\/script>\n<\/div><\/figure>\n\n\n\n<p>&#8220;Yo de repente escuch\u00e9 que alguien lloraba y vi que hab\u00eda alguien en el suelo, era una chica&#8221;, se\u00f1al\u00f3 una habitante del sitio. La mujer no lograba reconocer si era una persona mayor de edad o era un joven, puesto que se encontraba lejos.<\/p>\n\n\n\n<p>Al encontrarla llamaron al servicio de emergencia para que auxiliaran a la joven, una ambulancia que se encontraba cerca atendi\u00f3 al llamado, &#8220;Vi que se par\u00f3 cerca una ambulancia, vi que una chica iba pasando y llam\u00f3 a una ambulancia que en ese momento iba pasando&#8221;.<\/p>\n\n\n\n<h2 class=\"wp-block-heading\">&#8220;Sinti\u00f3 un jal\u00f3n&#8221;<\/h2>\n\n\n\n<p>En tanto, durante sus primeras declaraciones,<strong>&nbsp;la joven asegur\u00f3 que posiblemente la drogaron, pues revela que no recuerda nada despu\u00e9s de un &#8220;jal\u00f3n&#8221; que sinti\u00f3.<\/strong><\/p>\n\n\n\n<p>Tambi\u00e9n se inform\u00f3 que como parte de los ex\u00e1menes periciales que se le practican para esclarecer el caso, se hacen pruebas qu\u00edmicas para as\u00ed ubicar qu\u00e9 clase de droga pudieron utilizar para someterla.<\/p>\n\n\n\n<blockquote class=\"wp-block-quote is-layout-flow wp-block-quote-is-layout-flow\">\n<p>&#8220;Afortunadamente pudimos entrar a ver las c\u00e1maras del C5, en donde claramente se ve que mi hermana no sale por su propio pie del paradero&#8221;<\/p>\n<\/blockquote>\n\n\n\n<p>En este sentido, se ha tenido accesos a las c\u00e1maras tanto del Metro como de otros negocios particulares y cercanos a la zona donde la joven fue vista por \u00faltima vez.<\/p>\n\n\n\n<p><strong>Mar\u00eda \u00c1ngela ayer domingo fue entregada a sus familiares<\/strong>, pero a\u00fan tiene el apoyo de especialistas de distintas disciplinas de la Fiscal\u00eda General de Justicia de la Ciudad de M\u00e9xico.<\/p>\n\n\n\n<h2 class=\"wp-block-heading\">\u00bfD\u00f3nde desapareci\u00f3 Mar\u00eda \u00c1ngela?<\/h2>\n\n\n\n<p><strong>La menor desapareci\u00f3 el pasado jueves 19 de enero afuera de unos ba\u00f1os ubicados en el paradero Indios Verdes.<\/strong><\/p>\n\n\n\n<p>De acuerdo con sus familiares ,quienes vieron algunos videos de las c\u00e1maras del C5 cercanas al lugar de los hechos, aseguraron que la joven fue llevada por un hombre, pues fue &#8220;jalada&#8221; del brazo por una persona y desde entonces no se supo nada de ella.<\/p>\n\n\n\n<p>&#8220;Afortunadamente pudimos entrar a ver las c\u00e1maras del C5, en donde claramente se ve que&nbsp;<strong>mi hermana no sale por su propio pie del paradero, se la llevan del brazo<\/strong>&#8220;, narr\u00f3 Elizabeth, hermana de Mar\u00eda \u00c1ngela.<\/p>\n\n\n\n<p>Esto origin\u00f3 que los familiares y amigos de la adolescente bloquearan carreteras como la M\u00e9xico-Pachuca para presionar a las autoridades a localizar a \u00c1ngela.<\/p>\n\n\n\n<p>Con informaci\u00f3n de SUN <\/p>\n","protected":false},"excerpt":{"rendered":"<p>Por Redacci\u00f3n QP Confirman que la joven estaba atada de pies y manos hasta que&#8230;<\/p>\n","protected":false},"author":2,"featured_media":98218,"comment_status":"open","ping_status":"open","sticky":false,"template":"","format":"standard","meta":{"_monsterinsights_skip_tracking":false,"_monsterinsights_sitenote_active":false,"_monsterinsights_sitenote_note":"","_monsterinsights_sitenote_category":0,"footnotes":""},"categories":[55],"tags":[],"class_list":["post-98217","post","type-post","status-publish","format-standard","has-post-thumbnail","hentry","category-cdmx"],"yoast_head":"<!-- This site is optimized with the Yoast SEO plugin v27.3 - https:\/\/yoast.com\/product\/yoast-seo-wordpress\/ -->\n<title>Mar\u00eda \u00c1ngela fue hallada atada y con signos de violencia: autoridades -<\/title>\n<meta name=\"robots\" content=\"index, follow, max-snippet:-1, max-image-preview:large, max-video-preview:-1\" \/>\n<link rel=\"canonical\" href=\"https:\/\/quehacerpolitico.mx\/?p=98217\" \/>\n<meta property=\"og:locale\" content=\"es_MX\" \/>\n<meta property=\"og:type\" content=\"article\" \/>\n<meta property=\"og:title\" content=\"Mar\u00eda \u00c1ngela fue hallada atada y con signos de violencia: autoridades -\" \/>\n<meta property=\"og:description\" content=\"Por Redacci\u00f3n QP Confirman que la joven estaba atada de pies y manos hasta que...\" \/>\n<meta property=\"og:url\" content=\"https:\/\/quehacerpolitico.mx\/?p=98217\" \/>\n<meta property=\"article:published_time\" content=\"2023-01-23T17:23:18+00:00\" \/>\n<meta property=\"article:modified_time\" content=\"2023-01-23T17:23:21+00:00\" \/>\n<meta property=\"og:image\" content=\"https:\/\/quehacerpolitico.mx\/wp-content\/uploads\/2023\/01\/A307FE69-EA91-4490-875E-97E130F5C023.webp\" \/>\n\t<meta property=\"og:image:width\" content=\"355\" \/>\n\t<meta property=\"og:image:height\" content=\"223\" \/>\n\t<meta property=\"og:image:type\" content=\"image\/webp\" \/>\n<meta name=\"author\" content=\"Redacci\u00f3n QP\" \/>\n<meta name=\"twitter:card\" content=\"summary_large_image\" \/>\n<meta name=\"twitter:label1\" content=\"Escrito por\" \/>\n\t<meta name=\"twitter:data1\" content=\"Redacci\u00f3n QP\" \/>\n\t<meta name=\"twitter:label2\" content=\"Tiempo de lectura\" \/>\n\t<meta name=\"twitter:data2\" content=\"3 minutos\" \/>\n<script type=\"application\/ld+json\" class=\"yoast-schema-graph\">{\"@context\":\"https:\\\/\\\/schema.org\",\"@graph\":[{\"@type\":\"Article\",\"@id\":\"https:\\\/\\\/quehacerpolitico.mx\\\/?p=98217#article\",\"isPartOf\":{\"@id\":\"https:\\\/\\\/quehacerpolitico.mx\\\/?p=98217\"},\"author\":{\"name\":\"Redacci\u00f3n QP\",\"@id\":\"https:\\\/\\\/quehacerpolitico.mx\\\/#\\\/schema\\\/person\\\/496d8ad2d1d3f8036101dca7ee39e585\"},\"headline\":\"Mar\u00eda \u00c1ngela fue hallada atada y con signos de violencia: autoridades\",\"datePublished\":\"2023-01-23T17:23:18+00:00\",\"dateModified\":\"2023-01-23T17:23:21+00:00\",\"mainEntityOfPage\":{\"@id\":\"https:\\\/\\\/quehacerpolitico.mx\\\/?p=98217\"},\"wordCount\":583,\"commentCount\":0,\"image\":{\"@id\":\"https:\\\/\\\/quehacerpolitico.mx\\\/?p=98217#primaryimage\"},\"thumbnailUrl\":\"https:\\\/\\\/quehacerpolitico.mx\\\/wp-content\\\/uploads\\\/2023\\\/01\\\/A307FE69-EA91-4490-875E-97E130F5C023.webp\",\"articleSection\":[\"CDMX\"],\"inLanguage\":\"es\",\"potentialAction\":[{\"@type\":\"CommentAction\",\"name\":\"Comment\",\"target\":[\"https:\\\/\\\/quehacerpolitico.mx\\\/?p=98217#respond\"]}]},{\"@type\":\"WebPage\",\"@id\":\"https:\\\/\\\/quehacerpolitico.mx\\\/?p=98217\",\"url\":\"https:\\\/\\\/quehacerpolitico.mx\\\/?p=98217\",\"name\":\"Mar\u00eda \u00c1ngela fue hallada atada y con signos de violencia: autoridades -\",\"isPartOf\":{\"@id\":\"https:\\\/\\\/quehacerpolitico.mx\\\/#website\"},\"primaryImageOfPage\":{\"@id\":\"https:\\\/\\\/quehacerpolitico.mx\\\/?p=98217#primaryimage\"},\"image\":{\"@id\":\"https:\\\/\\\/quehacerpolitico.mx\\\/?p=98217#primaryimage\"},\"thumbnailUrl\":\"https:\\\/\\\/quehacerpolitico.mx\\\/wp-content\\\/uploads\\\/2023\\\/01\\\/A307FE69-EA91-4490-875E-97E130F5C023.webp\",\"datePublished\":\"2023-01-23T17:23:18+00:00\",\"dateModified\":\"2023-01-23T17:23:21+00:00\",\"author\":{\"@id\":\"https:\\\/\\\/quehacerpolitico.mx\\\/#\\\/schema\\\/person\\\/496d8ad2d1d3f8036101dca7ee39e585\"},\"breadcrumb\":{\"@id\":\"https:\\\/\\\/quehacerpolitico.mx\\\/?p=98217#breadcrumb\"},\"inLanguage\":\"es\",\"potentialAction\":[{\"@type\":\"ReadAction\",\"target\":[\"https:\\\/\\\/quehacerpolitico.mx\\\/?p=98217\"]}]},{\"@type\":\"ImageObject\",\"inLanguage\":\"es\",\"@id\":\"https:\\\/\\\/quehacerpolitico.mx\\\/?p=98217#primaryimage\",\"url\":\"https:\\\/\\\/quehacerpolitico.mx\\\/wp-content\\\/uploads\\\/2023\\\/01\\\/A307FE69-EA91-4490-875E-97E130F5C023.webp\",\"contentUrl\":\"https:\\\/\\\/quehacerpolitico.mx\\\/wp-content\\\/uploads\\\/2023\\\/01\\\/A307FE69-EA91-4490-875E-97E130F5C023.webp\",\"width\":355,\"height\":223},{\"@type\":\"BreadcrumbList\",\"@id\":\"https:\\\/\\\/quehacerpolitico.mx\\\/?p=98217#breadcrumb\",\"itemListElement\":[{\"@type\":\"ListItem\",\"position\":1,\"name\":\"Inicio\",\"item\":\"https:\\\/\\\/quehacerpolitico.mx\\\/\"},{\"@type\":\"ListItem\",\"position\":2,\"name\":\"Mar\u00eda \u00c1ngela fue hallada atada y con signos de violencia: autoridades\"}]},{\"@type\":\"WebSite\",\"@id\":\"https:\\\/\\\/quehacerpolitico.mx\\\/#website\",\"url\":\"https:\\\/\\\/quehacerpolitico.mx\\\/\",\"name\":\"\",\"description\":\"\",\"potentialAction\":[{\"@type\":\"SearchAction\",\"target\":{\"@type\":\"EntryPoint\",\"urlTemplate\":\"https:\\\/\\\/quehacerpolitico.mx\\\/?s={search_term_string}\"},\"query-input\":{\"@type\":\"PropertyValueSpecification\",\"valueRequired\":true,\"valueName\":\"search_term_string\"}}],\"inLanguage\":\"es\"},{\"@type\":\"Person\",\"@id\":\"https:\\\/\\\/quehacerpolitico.mx\\\/#\\\/schema\\\/person\\\/496d8ad2d1d3f8036101dca7ee39e585\",\"name\":\"Redacci\u00f3n QP\",\"image\":{\"@type\":\"ImageObject\",\"inLanguage\":\"es\",\"@id\":\"https:\\\/\\\/secure.gravatar.com\\\/avatar\\\/c7164ed6fdec453195284ad24a5ae5b6e1eed2b848477fa2a4787ba9adf39a41?s=96&d=mm&r=g\",\"url\":\"https:\\\/\\\/secure.gravatar.com\\\/avatar\\\/c7164ed6fdec453195284ad24a5ae5b6e1eed2b848477fa2a4787ba9adf39a41?s=96&d=mm&r=g\",\"contentUrl\":\"https:\\\/\\\/secure.gravatar.com\\\/avatar\\\/c7164ed6fdec453195284ad24a5ae5b6e1eed2b848477fa2a4787ba9adf39a41?s=96&d=mm&r=g\",\"caption\":\"Redacci\u00f3n QP\"},\"url\":\"https:\\\/\\\/quehacerpolitico.mx\\\/?author=2\"}]}<\/script>\n<!-- \/ Yoast SEO plugin. -->","yoast_head_json":{"title":"Mar\u00eda \u00c1ngela fue hallada atada y con signos de violencia: autoridades -","robots":{"index":"index","follow":"follow","max-snippet":"max-snippet:-1","max-image-preview":"max-image-preview:large","max-video-preview":"max-video-preview:-1"},"canonical":"https:\/\/quehacerpolitico.mx\/?p=98217","og_locale":"es_MX","og_type":"article","og_title":"Mar\u00eda \u00c1ngela fue hallada atada y con signos de violencia: autoridades -","og_description":"Por Redacci\u00f3n QP Confirman que la joven estaba atada de pies y manos hasta que...","og_url":"https:\/\/quehacerpolitico.mx\/?p=98217","article_published_time":"2023-01-23T17:23:18+00:00","article_modified_time":"2023-01-23T17:23:21+00:00","og_image":[{"width":355,"height":223,"url":"https:\/\/quehacerpolitico.mx\/wp-content\/uploads\/2023\/01\/A307FE69-EA91-4490-875E-97E130F5C023.webp","type":"image\/webp"}],"author":"Redacci\u00f3n QP","twitter_card":"summary_large_image","twitter_misc":{"Escrito por":"Redacci\u00f3n QP","Tiempo de lectura":"3 minutos"},"schema":{"@context":"https:\/\/schema.org","@graph":[{"@type":"Article","@id":"https:\/\/quehacerpolitico.mx\/?p=98217#article","isPartOf":{"@id":"https:\/\/quehacerpolitico.mx\/?p=98217"},"author":{"name":"Redacci\u00f3n QP","@id":"https:\/\/quehacerpolitico.mx\/#\/schema\/person\/496d8ad2d1d3f8036101dca7ee39e585"},"headline":"Mar\u00eda \u00c1ngela fue hallada atada y con signos de violencia: autoridades","datePublished":"2023-01-23T17:23:18+00:00","dateModified":"2023-01-23T17:23:21+00:00","mainEntityOfPage":{"@id":"https:\/\/quehacerpolitico.mx\/?p=98217"},"wordCount":583,"commentCount":0,"image":{"@id":"https:\/\/quehacerpolitico.mx\/?p=98217#primaryimage"},"thumbnailUrl":"https:\/\/quehacerpolitico.mx\/wp-content\/uploads\/2023\/01\/A307FE69-EA91-4490-875E-97E130F5C023.webp","articleSection":["CDMX"],"inLanguage":"es","potentialAction":[{"@type":"CommentAction","name":"Comment","target":["https:\/\/quehacerpolitico.mx\/?p=98217#respond"]}]},{"@type":"WebPage","@id":"https:\/\/quehacerpolitico.mx\/?p=98217","url":"https:\/\/quehacerpolitico.mx\/?p=98217","name":"Mar\u00eda \u00c1ngela fue hallada atada y con signos de violencia: autoridades -","isPartOf":{"@id":"https:\/\/quehacerpolitico.mx\/#website"},"primaryImageOfPage":{"@id":"https:\/\/quehacerpolitico.mx\/?p=98217#primaryimage"},"image":{"@id":"https:\/\/quehacerpolitico.mx\/?p=98217#primaryimage"},"thumbnailUrl":"https:\/\/quehacerpolitico.mx\/wp-content\/uploads\/2023\/01\/A307FE69-EA91-4490-875E-97E130F5C023.webp","datePublished":"2023-01-23T17:23:18+00:00","dateModified":"2023-01-23T17:23:21+00:00","author":{"@id":"https:\/\/quehacerpolitico.mx\/#\/schema\/person\/496d8ad2d1d3f8036101dca7ee39e585"},"breadcrumb":{"@id":"https:\/\/quehacerpolitico.mx\/?p=98217#breadcrumb"},"inLanguage":"es","potentialAction":[{"@type":"ReadAction","target":["https:\/\/quehacerpolitico.mx\/?p=98217"]}]},{"@type":"ImageObject","inLanguage":"es","@id":"https:\/\/quehacerpolitico.mx\/?p=98217#primaryimage","url":"https:\/\/quehacerpolitico.mx\/wp-content\/uploads\/2023\/01\/A307FE69-EA91-4490-875E-97E130F5C023.webp","contentUrl":"https:\/\/quehacerpolitico.mx\/wp-content\/uploads\/2023\/01\/A307FE69-EA91-4490-875E-97E130F5C023.webp","width":355,"height":223},{"@type":"BreadcrumbList","@id":"https:\/\/quehacerpolitico.mx\/?p=98217#breadcrumb","itemListElement":[{"@type":"ListItem","position":1,"name":"Inicio","item":"https:\/\/quehacerpolitico.mx\/"},{"@type":"ListItem","position":2,"name":"Mar\u00eda \u00c1ngela fue hallada atada y con signos de violencia: autoridades"}]},{"@type":"WebSite","@id":"https:\/\/quehacerpolitico.mx\/#website","url":"https:\/\/quehacerpolitico.mx\/","name":"","description":"","potentialAction":[{"@type":"SearchAction","target":{"@type":"EntryPoint","urlTemplate":"https:\/\/quehacerpolitico.mx\/?s={search_term_string}"},"query-input":{"@type":"PropertyValueSpecification","valueRequired":true,"valueName":"search_term_string"}}],"inLanguage":"es"},{"@type":"Person","@id":"https:\/\/quehacerpolitico.mx\/#\/schema\/person\/496d8ad2d1d3f8036101dca7ee39e585","name":"Redacci\u00f3n QP","image":{"@type":"ImageObject","inLanguage":"es","@id":"https:\/\/secure.gravatar.com\/avatar\/c7164ed6fdec453195284ad24a5ae5b6e1eed2b848477fa2a4787ba9adf39a41?s=96&d=mm&r=g","url":"https:\/\/secure.gravatar.com\/avatar\/c7164ed6fdec453195284ad24a5ae5b6e1eed2b848477fa2a4787ba9adf39a41?s=96&d=mm&r=g","contentUrl":"https:\/\/secure.gravatar.com\/avatar\/c7164ed6fdec453195284ad24a5ae5b6e1eed2b848477fa2a4787ba9adf39a41?s=96&d=mm&r=g","caption":"Redacci\u00f3n QP"},"url":"https:\/\/quehacerpolitico.mx\/?author=2"}]}},"featured_image_urls":{"full":["https:\/\/quehacerpolitico.mx\/wp-content\/uploads\/2023\/01\/A307FE69-EA91-4490-875E-97E130F5C023.webp",355,223,false],"thumbnail":["https:\/\/quehacerpolitico.mx\/wp-content\/uploads\/2023\/01\/A307FE69-EA91-4490-875E-97E130F5C023-150x150.webp",150,150,true],"medium":["https:\/\/quehacerpolitico.mx\/wp-content\/uploads\/2023\/01\/A307FE69-EA91-4490-875E-97E130F5C023-300x188.webp",300,188,true],"medium_large":["https:\/\/quehacerpolitico.mx\/wp-content\/uploads\/2023\/01\/A307FE69-EA91-4490-875E-97E130F5C023.webp",355,223,false],"large":["https:\/\/quehacerpolitico.mx\/wp-content\/uploads\/2023\/01\/A307FE69-EA91-4490-875E-97E130F5C023.webp",355,223,false],"1536x1536":["https:\/\/quehacerpolitico.mx\/wp-content\/uploads\/2023\/01\/A307FE69-EA91-4490-875E-97E130F5C023.webp",355,223,false],"2048x2048":["https:\/\/quehacerpolitico.mx\/wp-content\/uploads\/2023\/01\/A307FE69-EA91-4490-875E-97E130F5C023.webp",355,223,false],"covernews-featured":["https:\/\/quehacerpolitico.mx\/wp-content\/uploads\/2023\/01\/A307FE69-EA91-4490-875E-97E130F5C023.webp",355,223,false],"covernews-medium":["https:\/\/quehacerpolitico.mx\/wp-content\/uploads\/2023\/01\/A307FE69-EA91-4490-875E-97E130F5C023.webp",355,223,false]},"author_info":{"display_name":"Redacci\u00f3n QP","author_link":"https:\/\/quehacerpolitico.mx\/?author=2"},"category_info":"<a href=\"https:\/\/quehacerpolitico.mx\/?cat=55\" rel=\"category\">CDMX<\/a>","tag_info":"CDMX","comment_count":"0","_links":{"self":[{"href":"https:\/\/quehacerpolitico.mx\/index.php?rest_route=\/wp\/v2\/posts\/98217","targetHints":{"allow":["GET"]}}],"collection":[{"href":"https:\/\/quehacerpolitico.mx\/index.php?rest_route=\/wp\/v2\/posts"}],"about":[{"href":"https:\/\/quehacerpolitico.mx\/index.php?rest_route=\/wp\/v2\/types\/post"}],"author":[{"embeddable":true,"href":"https:\/\/quehacerpolitico.mx\/index.php?rest_route=\/wp\/v2\/users\/2"}],"replies":[{"embeddable":true,"href":"https:\/\/quehacerpolitico.mx\/index.php?rest_route=%2Fwp%2Fv2%2Fcomments&post=98217"}],"version-history":[{"count":1,"href":"https:\/\/quehacerpolitico.mx\/index.php?rest_route=\/wp\/v2\/posts\/98217\/revisions"}],"predecessor-version":[{"id":98219,"href":"https:\/\/quehacerpolitico.mx\/index.php?rest_route=\/wp\/v2\/posts\/98217\/revisions\/98219"}],"wp:featuredmedia":[{"embeddable":true,"href":"https:\/\/quehacerpolitico.mx\/index.php?rest_route=\/wp\/v2\/media\/98218"}],"wp:attachment":[{"href":"https:\/\/quehacerpolitico.mx\/index.php?rest_route=%2Fwp%2Fv2%2Fmedia&parent=98217"}],"wp:term":[{"taxonomy":"category","embeddable":true,"href":"https:\/\/quehacerpolitico.mx\/index.php?rest_route=%2Fwp%2Fv2%2Fcategories&post=98217"},{"taxonomy":"post_tag","embeddable":true,"href":"https:\/\/quehacerpolitico.mx\/index.php?rest_route=%2Fwp%2Fv2%2Ftags&post=98217"}],"curies":[{"name":"wp","href":"https:\/\/api.w.org\/{rel}","templated":true}]}}