{"id":98213,"date":"2023-01-23T17:12:24","date_gmt":"2023-01-23T17:12:24","guid":{"rendered":"https:\/\/quehacerpolitico.mx\/?p=98213"},"modified":"2023-01-23T17:12:29","modified_gmt":"2023-01-23T17:12:29","slug":"tasa-de-homicidios-en-mexico-se-reduce-en-el-primer-semestre-del-2022-inegi","status":"publish","type":"post","link":"https:\/\/quehacerpolitico.mx\/?p=98213","title":{"rendered":"Tasa de homicidios en M\u00e9xico se reduce en el primer semestre del 2022: Inegi"},"content":{"rendered":"\n<p>Por Redacci\u00f3n QP<\/p>\n\n\n\n<p>El Inegi document\u00f3 de forma preliminar 15 mil 561 asesinatos de enero a junio de 2022<\/p>\n\n\n\n<p>La tasa semestral de homicidios en M\u00e9xico\u00a0<strong>descendi\u00f3 a 12 por cada 100 mil habitantes en la primera mitad de 2022<\/strong>, menor al \u00edndice de 14 del mismo periodo del a\u00f1o anterior, inform\u00f3 este lunes el Instituto Nacional de Estad\u00edstica y Geograf\u00eda (Inegi).<\/p>\n\n\n\n<p>El organismo document\u00f3 de forma preliminar 15 mil 561 asesinatos de enero a junio de 2022, casi 11 % menos que los 17 mil 462 reportados en el primer semestre de 2021.<\/p>\n\n\n\n<figure class=\"wp-block-image size-full\"><img loading=\"lazy\" decoding=\"async\" width=\"700\" height=\"936\" src=\"https:\/\/quehacerpolitico.mx\/wp-content\/uploads\/2023\/01\/image-17.jpeg\" alt=\"\" class=\"wp-image-98214\" srcset=\"https:\/\/quehacerpolitico.mx\/wp-content\/uploads\/2023\/01\/image-17.jpeg 700w, https:\/\/quehacerpolitico.mx\/wp-content\/uploads\/2023\/01\/image-17-224x300.jpeg 224w, https:\/\/quehacerpolitico.mx\/wp-content\/uploads\/2023\/01\/image-17-109x146.jpeg 109w, https:\/\/quehacerpolitico.mx\/wp-content\/uploads\/2023\/01\/image-17-37x50.jpeg 37w, https:\/\/quehacerpolitico.mx\/wp-content\/uploads\/2023\/01\/image-17-56x75.jpeg 56w\" sizes=\"auto, (max-width: 700px) 100vw, 700px\" \/><\/figure>\n\n\n\n<p>De los homicidios registrados el a\u00f1o pasado,\u00a0<strong>13 mil 495 correspondieron a hombres, mil 875 a mujeres y del resto no se especific\u00f3 el g\u00e9nero.<\/strong><\/p>\n\n\n\n<p>Con ello, la tasa de homicidios de los hombres fue de 22 por cada 100 mil, una disminuci\u00f3n de tres puntos frente a igual lapso de 2021, mientras que el \u00edndice de asesinatos de mujeres se mantuvo en tres por cada 100 mil, cifra igual a la anterior.<\/p>\n\n\n\n<p>Los datos del Ineg<strong>i se publican una semana despu\u00e9s del reporte de la Secretar\u00eda de Seguridad y Protecci\u00f3n Ciudadana\u00a0<\/strong>del Gobierno de M\u00e9xico, que report\u00f3 un decremento de los homicidios dolosos del 7.1 % anual en 2022 hasta los 30 mil 968.<\/p>\n\n\n\n<p>Esto representa\u00a0<strong>el tercer a\u00f1o consecutivo de ca\u00edda<\/strong> tras los a\u00f1os m\u00e1s violentos de la historia de M\u00e9xico, bajo la Presidencia de Andr\u00e9s Manuel L\u00f3pez Obrador, con 34 mil 718 homicidios en 2019, 34 mil 563 en 2020 y 33 mil 350 en 2021.<\/p>\n\n\n\n<p>Con Informaci\u00f3n de SUN <\/p>\n","protected":false},"excerpt":{"rendered":"<p>Por Redacci\u00f3n QP El Inegi document\u00f3 de forma preliminar 15 mil 561 asesinatos de enero&#8230;<\/p>\n","protected":false},"author":2,"featured_media":98215,"comment_status":"open","ping_status":"open","sticky":false,"template":"","format":"standard","meta":{"_monsterinsights_skip_tracking":false,"_monsterinsights_sitenote_active":false,"_monsterinsights_sitenote_note":"","_monsterinsights_sitenote_category":0,"footnotes":""},"categories":[2],"tags":[],"class_list":["post-98213","post","type-post","status-publish","format-standard","has-post-thumbnail","hentry","category-noticias"],"yoast_head":"<!-- This site is optimized with the Yoast SEO plugin v27.3 - https:\/\/yoast.com\/product\/yoast-seo-wordpress\/ -->\n<title>Tasa de homicidios en M\u00e9xico se reduce en el primer semestre del 2022: Inegi -<\/title>\n<meta name=\"robots\" content=\"index, follow, max-snippet:-1, max-image-preview:large, max-video-preview:-1\" \/>\n<link rel=\"canonical\" href=\"https:\/\/quehacerpolitico.mx\/?p=98213\" \/>\n<meta property=\"og:locale\" content=\"es_MX\" \/>\n<meta property=\"og:type\" content=\"article\" \/>\n<meta property=\"og:title\" content=\"Tasa de homicidios en M\u00e9xico se reduce en el primer semestre del 2022: Inegi -\" \/>\n<meta property=\"og:description\" content=\"Por Redacci\u00f3n QP El Inegi document\u00f3 de forma preliminar 15 mil 561 asesinatos de enero...\" \/>\n<meta property=\"og:url\" content=\"https:\/\/quehacerpolitico.mx\/?p=98213\" \/>\n<meta property=\"article:published_time\" content=\"2023-01-23T17:12:24+00:00\" \/>\n<meta property=\"article:modified_time\" content=\"2023-01-23T17:12:29+00:00\" \/>\n<meta property=\"og:image\" content=\"https:\/\/quehacerpolitico.mx\/wp-content\/uploads\/2023\/01\/F215B944-8215-4F62-81C8-F5BE294A2B02.jpeg\" \/>\n\t<meta property=\"og:image:width\" content=\"678\" \/>\n\t<meta property=\"og:image:height\" content=\"452\" \/>\n\t<meta property=\"og:image:type\" content=\"image\/jpeg\" \/>\n<meta name=\"author\" content=\"Redacci\u00f3n QP\" \/>\n<meta name=\"twitter:card\" content=\"summary_large_image\" \/>\n<meta name=\"twitter:label1\" content=\"Escrito por\" \/>\n\t<meta name=\"twitter:data1\" content=\"Redacci\u00f3n QP\" \/>\n\t<meta name=\"twitter:label2\" content=\"Tiempo de lectura\" \/>\n\t<meta name=\"twitter:data2\" content=\"1 minuto\" \/>\n<script type=\"application\/ld+json\" class=\"yoast-schema-graph\">{\"@context\":\"https:\\\/\\\/schema.org\",\"@graph\":[{\"@type\":\"Article\",\"@id\":\"https:\\\/\\\/quehacerpolitico.mx\\\/?p=98213#article\",\"isPartOf\":{\"@id\":\"https:\\\/\\\/quehacerpolitico.mx\\\/?p=98213\"},\"author\":{\"name\":\"Redacci\u00f3n QP\",\"@id\":\"https:\\\/\\\/quehacerpolitico.mx\\\/#\\\/schema\\\/person\\\/496d8ad2d1d3f8036101dca7ee39e585\"},\"headline\":\"Tasa de homicidios en M\u00e9xico se reduce en el primer semestre del 2022: Inegi\",\"datePublished\":\"2023-01-23T17:12:24+00:00\",\"dateModified\":\"2023-01-23T17:12:29+00:00\",\"mainEntityOfPage\":{\"@id\":\"https:\\\/\\\/quehacerpolitico.mx\\\/?p=98213\"},\"wordCount\":255,\"commentCount\":0,\"image\":{\"@id\":\"https:\\\/\\\/quehacerpolitico.mx\\\/?p=98213#primaryimage\"},\"thumbnailUrl\":\"https:\\\/\\\/quehacerpolitico.mx\\\/wp-content\\\/uploads\\\/2023\\\/01\\\/F215B944-8215-4F62-81C8-F5BE294A2B02.jpeg\",\"articleSection\":[\"Noticias\"],\"inLanguage\":\"es\",\"potentialAction\":[{\"@type\":\"CommentAction\",\"name\":\"Comment\",\"target\":[\"https:\\\/\\\/quehacerpolitico.mx\\\/?p=98213#respond\"]}]},{\"@type\":\"WebPage\",\"@id\":\"https:\\\/\\\/quehacerpolitico.mx\\\/?p=98213\",\"url\":\"https:\\\/\\\/quehacerpolitico.mx\\\/?p=98213\",\"name\":\"Tasa de homicidios en M\u00e9xico se reduce en el primer semestre del 2022: Inegi -\",\"isPartOf\":{\"@id\":\"https:\\\/\\\/quehacerpolitico.mx\\\/#website\"},\"primaryImageOfPage\":{\"@id\":\"https:\\\/\\\/quehacerpolitico.mx\\\/?p=98213#primaryimage\"},\"image\":{\"@id\":\"https:\\\/\\\/quehacerpolitico.mx\\\/?p=98213#primaryimage\"},\"thumbnailUrl\":\"https:\\\/\\\/quehacerpolitico.mx\\\/wp-content\\\/uploads\\\/2023\\\/01\\\/F215B944-8215-4F62-81C8-F5BE294A2B02.jpeg\",\"datePublished\":\"2023-01-23T17:12:24+00:00\",\"dateModified\":\"2023-01-23T17:12:29+00:00\",\"author\":{\"@id\":\"https:\\\/\\\/quehacerpolitico.mx\\\/#\\\/schema\\\/person\\\/496d8ad2d1d3f8036101dca7ee39e585\"},\"breadcrumb\":{\"@id\":\"https:\\\/\\\/quehacerpolitico.mx\\\/?p=98213#breadcrumb\"},\"inLanguage\":\"es\",\"potentialAction\":[{\"@type\":\"ReadAction\",\"target\":[\"https:\\\/\\\/quehacerpolitico.mx\\\/?p=98213\"]}]},{\"@type\":\"ImageObject\",\"inLanguage\":\"es\",\"@id\":\"https:\\\/\\\/quehacerpolitico.mx\\\/?p=98213#primaryimage\",\"url\":\"https:\\\/\\\/quehacerpolitico.mx\\\/wp-content\\\/uploads\\\/2023\\\/01\\\/F215B944-8215-4F62-81C8-F5BE294A2B02.jpeg\",\"contentUrl\":\"https:\\\/\\\/quehacerpolitico.mx\\\/wp-content\\\/uploads\\\/2023\\\/01\\\/F215B944-8215-4F62-81C8-F5BE294A2B02.jpeg\",\"width\":678,\"height\":452},{\"@type\":\"BreadcrumbList\",\"@id\":\"https:\\\/\\\/quehacerpolitico.mx\\\/?p=98213#breadcrumb\",\"itemListElement\":[{\"@type\":\"ListItem\",\"position\":1,\"name\":\"Inicio\",\"item\":\"https:\\\/\\\/quehacerpolitico.mx\\\/\"},{\"@type\":\"ListItem\",\"position\":2,\"name\":\"Tasa de homicidios en M\u00e9xico se reduce en el primer semestre del 2022: Inegi\"}]},{\"@type\":\"WebSite\",\"@id\":\"https:\\\/\\\/quehacerpolitico.mx\\\/#website\",\"url\":\"https:\\\/\\\/quehacerpolitico.mx\\\/\",\"name\":\"\",\"description\":\"\",\"potentialAction\":[{\"@type\":\"SearchAction\",\"target\":{\"@type\":\"EntryPoint\",\"urlTemplate\":\"https:\\\/\\\/quehacerpolitico.mx\\\/?s={search_term_string}\"},\"query-input\":{\"@type\":\"PropertyValueSpecification\",\"valueRequired\":true,\"valueName\":\"search_term_string\"}}],\"inLanguage\":\"es\"},{\"@type\":\"Person\",\"@id\":\"https:\\\/\\\/quehacerpolitico.mx\\\/#\\\/schema\\\/person\\\/496d8ad2d1d3f8036101dca7ee39e585\",\"name\":\"Redacci\u00f3n QP\",\"image\":{\"@type\":\"ImageObject\",\"inLanguage\":\"es\",\"@id\":\"https:\\\/\\\/secure.gravatar.com\\\/avatar\\\/c7164ed6fdec453195284ad24a5ae5b6e1eed2b848477fa2a4787ba9adf39a41?s=96&d=mm&r=g\",\"url\":\"https:\\\/\\\/secure.gravatar.com\\\/avatar\\\/c7164ed6fdec453195284ad24a5ae5b6e1eed2b848477fa2a4787ba9adf39a41?s=96&d=mm&r=g\",\"contentUrl\":\"https:\\\/\\\/secure.gravatar.com\\\/avatar\\\/c7164ed6fdec453195284ad24a5ae5b6e1eed2b848477fa2a4787ba9adf39a41?s=96&d=mm&r=g\",\"caption\":\"Redacci\u00f3n QP\"},\"url\":\"https:\\\/\\\/quehacerpolitico.mx\\\/?author=2\"}]}<\/script>\n<!-- \/ Yoast SEO plugin. -->","yoast_head_json":{"title":"Tasa de homicidios en M\u00e9xico se reduce en el primer semestre del 2022: Inegi -","robots":{"index":"index","follow":"follow","max-snippet":"max-snippet:-1","max-image-preview":"max-image-preview:large","max-video-preview":"max-video-preview:-1"},"canonical":"https:\/\/quehacerpolitico.mx\/?p=98213","og_locale":"es_MX","og_type":"article","og_title":"Tasa de homicidios en M\u00e9xico se reduce en el primer semestre del 2022: Inegi -","og_description":"Por Redacci\u00f3n QP El Inegi document\u00f3 de forma preliminar 15 mil 561 asesinatos de enero...","og_url":"https:\/\/quehacerpolitico.mx\/?p=98213","article_published_time":"2023-01-23T17:12:24+00:00","article_modified_time":"2023-01-23T17:12:29+00:00","og_image":[{"width":678,"height":452,"url":"https:\/\/quehacerpolitico.mx\/wp-content\/uploads\/2023\/01\/F215B944-8215-4F62-81C8-F5BE294A2B02.jpeg","type":"image\/jpeg"}],"author":"Redacci\u00f3n QP","twitter_card":"summary_large_image","twitter_misc":{"Escrito por":"Redacci\u00f3n QP","Tiempo de lectura":"1 minuto"},"schema":{"@context":"https:\/\/schema.org","@graph":[{"@type":"Article","@id":"https:\/\/quehacerpolitico.mx\/?p=98213#article","isPartOf":{"@id":"https:\/\/quehacerpolitico.mx\/?p=98213"},"author":{"name":"Redacci\u00f3n QP","@id":"https:\/\/quehacerpolitico.mx\/#\/schema\/person\/496d8ad2d1d3f8036101dca7ee39e585"},"headline":"Tasa de homicidios en M\u00e9xico se reduce en el primer semestre del 2022: Inegi","datePublished":"2023-01-23T17:12:24+00:00","dateModified":"2023-01-23T17:12:29+00:00","mainEntityOfPage":{"@id":"https:\/\/quehacerpolitico.mx\/?p=98213"},"wordCount":255,"commentCount":0,"image":{"@id":"https:\/\/quehacerpolitico.mx\/?p=98213#primaryimage"},"thumbnailUrl":"https:\/\/quehacerpolitico.mx\/wp-content\/uploads\/2023\/01\/F215B944-8215-4F62-81C8-F5BE294A2B02.jpeg","articleSection":["Noticias"],"inLanguage":"es","potentialAction":[{"@type":"CommentAction","name":"Comment","target":["https:\/\/quehacerpolitico.mx\/?p=98213#respond"]}]},{"@type":"WebPage","@id":"https:\/\/quehacerpolitico.mx\/?p=98213","url":"https:\/\/quehacerpolitico.mx\/?p=98213","name":"Tasa de homicidios en M\u00e9xico se reduce en el primer semestre del 2022: Inegi -","isPartOf":{"@id":"https:\/\/quehacerpolitico.mx\/#website"},"primaryImageOfPage":{"@id":"https:\/\/quehacerpolitico.mx\/?p=98213#primaryimage"},"image":{"@id":"https:\/\/quehacerpolitico.mx\/?p=98213#primaryimage"},"thumbnailUrl":"https:\/\/quehacerpolitico.mx\/wp-content\/uploads\/2023\/01\/F215B944-8215-4F62-81C8-F5BE294A2B02.jpeg","datePublished":"2023-01-23T17:12:24+00:00","dateModified":"2023-01-23T17:12:29+00:00","author":{"@id":"https:\/\/quehacerpolitico.mx\/#\/schema\/person\/496d8ad2d1d3f8036101dca7ee39e585"},"breadcrumb":{"@id":"https:\/\/quehacerpolitico.mx\/?p=98213#breadcrumb"},"inLanguage":"es","potentialAction":[{"@type":"ReadAction","target":["https:\/\/quehacerpolitico.mx\/?p=98213"]}]},{"@type":"ImageObject","inLanguage":"es","@id":"https:\/\/quehacerpolitico.mx\/?p=98213#primaryimage","url":"https:\/\/quehacerpolitico.mx\/wp-content\/uploads\/2023\/01\/F215B944-8215-4F62-81C8-F5BE294A2B02.jpeg","contentUrl":"https:\/\/quehacerpolitico.mx\/wp-content\/uploads\/2023\/01\/F215B944-8215-4F62-81C8-F5BE294A2B02.jpeg","width":678,"height":452},{"@type":"BreadcrumbList","@id":"https:\/\/quehacerpolitico.mx\/?p=98213#breadcrumb","itemListElement":[{"@type":"ListItem","position":1,"name":"Inicio","item":"https:\/\/quehacerpolitico.mx\/"},{"@type":"ListItem","position":2,"name":"Tasa de homicidios en M\u00e9xico se reduce en el primer semestre del 2022: Inegi"}]},{"@type":"WebSite","@id":"https:\/\/quehacerpolitico.mx\/#website","url":"https:\/\/quehacerpolitico.mx\/","name":"","description":"","potentialAction":[{"@type":"SearchAction","target":{"@type":"EntryPoint","urlTemplate":"https:\/\/quehacerpolitico.mx\/?s={search_term_string}"},"query-input":{"@type":"PropertyValueSpecification","valueRequired":true,"valueName":"search_term_string"}}],"inLanguage":"es"},{"@type":"Person","@id":"https:\/\/quehacerpolitico.mx\/#\/schema\/person\/496d8ad2d1d3f8036101dca7ee39e585","name":"Redacci\u00f3n QP","image":{"@type":"ImageObject","inLanguage":"es","@id":"https:\/\/secure.gravatar.com\/avatar\/c7164ed6fdec453195284ad24a5ae5b6e1eed2b848477fa2a4787ba9adf39a41?s=96&d=mm&r=g","url":"https:\/\/secure.gravatar.com\/avatar\/c7164ed6fdec453195284ad24a5ae5b6e1eed2b848477fa2a4787ba9adf39a41?s=96&d=mm&r=g","contentUrl":"https:\/\/secure.gravatar.com\/avatar\/c7164ed6fdec453195284ad24a5ae5b6e1eed2b848477fa2a4787ba9adf39a41?s=96&d=mm&r=g","caption":"Redacci\u00f3n QP"},"url":"https:\/\/quehacerpolitico.mx\/?author=2"}]}},"featured_image_urls":{"full":["https:\/\/quehacerpolitico.mx\/wp-content\/uploads\/2023\/01\/F215B944-8215-4F62-81C8-F5BE294A2B02.jpeg",678,452,false],"thumbnail":["https:\/\/quehacerpolitico.mx\/wp-content\/uploads\/2023\/01\/F215B944-8215-4F62-81C8-F5BE294A2B02-150x150.jpeg",150,150,true],"medium":["https:\/\/quehacerpolitico.mx\/wp-content\/uploads\/2023\/01\/F215B944-8215-4F62-81C8-F5BE294A2B02-300x200.jpeg",300,200,true],"medium_large":["https:\/\/quehacerpolitico.mx\/wp-content\/uploads\/2023\/01\/F215B944-8215-4F62-81C8-F5BE294A2B02.jpeg",640,427,false],"large":["https:\/\/quehacerpolitico.mx\/wp-content\/uploads\/2023\/01\/F215B944-8215-4F62-81C8-F5BE294A2B02.jpeg",640,427,false],"1536x1536":["https:\/\/quehacerpolitico.mx\/wp-content\/uploads\/2023\/01\/F215B944-8215-4F62-81C8-F5BE294A2B02.jpeg",678,452,false],"2048x2048":["https:\/\/quehacerpolitico.mx\/wp-content\/uploads\/2023\/01\/F215B944-8215-4F62-81C8-F5BE294A2B02.jpeg",678,452,false],"covernews-featured":["https:\/\/quehacerpolitico.mx\/wp-content\/uploads\/2023\/01\/F215B944-8215-4F62-81C8-F5BE294A2B02.jpeg",678,452,false],"covernews-medium":["https:\/\/quehacerpolitico.mx\/wp-content\/uploads\/2023\/01\/F215B944-8215-4F62-81C8-F5BE294A2B02.jpeg",510,340,false]},"author_info":{"display_name":"Redacci\u00f3n QP","author_link":"https:\/\/quehacerpolitico.mx\/?author=2"},"category_info":"<a href=\"https:\/\/quehacerpolitico.mx\/?cat=2\" rel=\"category\">Noticias<\/a>","tag_info":"Noticias","comment_count":"0","_links":{"self":[{"href":"https:\/\/quehacerpolitico.mx\/index.php?rest_route=\/wp\/v2\/posts\/98213","targetHints":{"allow":["GET"]}}],"collection":[{"href":"https:\/\/quehacerpolitico.mx\/index.php?rest_route=\/wp\/v2\/posts"}],"about":[{"href":"https:\/\/quehacerpolitico.mx\/index.php?rest_route=\/wp\/v2\/types\/post"}],"author":[{"embeddable":true,"href":"https:\/\/quehacerpolitico.mx\/index.php?rest_route=\/wp\/v2\/users\/2"}],"replies":[{"embeddable":true,"href":"https:\/\/quehacerpolitico.mx\/index.php?rest_route=%2Fwp%2Fv2%2Fcomments&post=98213"}],"version-history":[{"count":1,"href":"https:\/\/quehacerpolitico.mx\/index.php?rest_route=\/wp\/v2\/posts\/98213\/revisions"}],"predecessor-version":[{"id":98216,"href":"https:\/\/quehacerpolitico.mx\/index.php?rest_route=\/wp\/v2\/posts\/98213\/revisions\/98216"}],"wp:featuredmedia":[{"embeddable":true,"href":"https:\/\/quehacerpolitico.mx\/index.php?rest_route=\/wp\/v2\/media\/98215"}],"wp:attachment":[{"href":"https:\/\/quehacerpolitico.mx\/index.php?rest_route=%2Fwp%2Fv2%2Fmedia&parent=98213"}],"wp:term":[{"taxonomy":"category","embeddable":true,"href":"https:\/\/quehacerpolitico.mx\/index.php?rest_route=%2Fwp%2Fv2%2Fcategories&post=98213"},{"taxonomy":"post_tag","embeddable":true,"href":"https:\/\/quehacerpolitico.mx\/index.php?rest_route=%2Fwp%2Fv2%2Ftags&post=98213"}],"curies":[{"name":"wp","href":"https:\/\/api.w.org\/{rel}","templated":true}]}}