{"id":98167,"date":"2023-01-19T18:38:37","date_gmt":"2023-01-19T18:38:37","guid":{"rendered":"https:\/\/quehacerpolitico.mx\/?p=98167"},"modified":"2023-01-19T18:38:41","modified_gmt":"2023-01-19T18:38:41","slug":"lopez-obrador-atiende-conflicto-con-empresas-canadienses-mineras-denuncian-extorsion","status":"publish","type":"post","link":"https:\/\/quehacerpolitico.mx\/?p=98167","title":{"rendered":"L\u00f3pez Obrador atiende conflicto con empresas canadienses; mineras denuncian extorsi\u00f3n"},"content":{"rendered":"\n<p>Por Redacci\u00f3n QP<\/p>\n\n\n\n<p>El pasado 11 de enero, L\u00f3pez Obrador se comprometi\u00f3 con Justin Trudeau a recibir en M\u00e9xico a firmas del sector el\u00e9ctrico que tuvieran inconformidades<\/p>\n\n\n\n<p>El Presidente Andr\u00e9s Manuel L\u00f3pez Obrador revel\u00f3 este jueves que\u00a0<strong>atendi\u00f3 a cuatro empresas canadienses que ten\u00edan inconformidades con la pol\u00edtica energ\u00e9tica<\/strong>\u00a0tras la petici\u00f3n del primer ministro de Canad\u00e1, Justin Trudeau.<\/p>\n\n\n\n<p>&#8220;Ahora que vino el primer ministro Trudeau me pidi\u00f3 que si los atend\u00edamos y, personalmente, con el gabinete econ\u00f3mico, atendimos a cuatro empresas canadienses&#8221;<\/p>\n\n\n\n<p>&#8220;Ayer estuve con empresarios de Canad\u00e1 que ten\u00edan algunas inconformidades. Ahora que vino el primer ministro Trudeau me pidi\u00f3 que si los atend\u00edamos y, personalmente, con el gabinete econ\u00f3mico, atendimos a cuatro empresas canadienses&#8221;, dijo el mandatario en su rueda de prensa diaria del Palacio Nacional.<\/p>\n\n\n\n<p>La reuni\u00f3n ocurri\u00f3 tras la visita de la semana pasada del presidente de Estados Unidos, Joe Biden, y el primer ministro Trudeau, quienes se reunieron en la Ciudad de M\u00e9xico con motivo de la Cumbre de L\u00edderes de Am\u00e9rica del Norte, donde trataron temas como sustituci\u00f3n de importaciones, energ\u00edas limpias, migraci\u00f3n y otros.<\/p>\n\n\n\n<p>En su encuentro bilateral,\u00a0<strong>Trudeau abord\u00f3 de forma &#8220;muy directa&#8221; los desacuerdos con la pol\u00edtica energ\u00e9tica mexicana,<\/strong>\u00a0acusada de favorecer a las empresas del Estado, la Comisi\u00f3n Federal Electricidad (CFE) y Petr\u00f3leos Mexicanos (Pemex), sobre las inversiones extranjeras.<\/p>\n\n\n\n<figure class=\"wp-block-embed is-type-rich is-provider-twitter wp-block-embed-twitter\"><div class=\"wp-block-embed__wrapper\">\n<blockquote class=\"twitter-tweet\" data-width=\"550\" data-dnt=\"true\"><p lang=\"es\" dir=\"ltr\">\u201cAyer estuve con empresarios de <a href=\"https:\/\/twitter.com\/hashtag\/Canad%C3%A1?src=hash&amp;ref_src=twsrc%5Etfw\">#Canad\u00e1<\/a> que ten\u00edan inconformidades, <a href=\"https:\/\/twitter.com\/CanadianPM?ref_src=twsrc%5Etfw\">@CanadianPM<\/a> me pidi\u00f3 que si los atend\u00edamos. Atendimos 4 empresas y resolvimos los 4, asuntos del sector el\u00e9ctrico, \u00a1siempre buscamos la conciliaci\u00f3n!\u201d:  <a href=\"https:\/\/twitter.com\/lopezobrador_?ref_src=twsrc%5Etfw\">@lopezobrador_<\/a> <a href=\"https:\/\/twitter.com\/Notimex?ref_src=twsrc%5Etfw\">@Notimex<\/a> <a href=\"https:\/\/twitter.com\/Notimex_TV?ref_src=twsrc%5Etfw\">@Notimex_TV<\/a> <a href=\"https:\/\/twitter.com\/hashtag\/Ma%C3%B1anera?src=hash&amp;ref_src=twsrc%5Etfw\">#Ma\u00f1anera<\/a> <a href=\"https:\/\/twitter.com\/hashtag\/AMLO?src=hash&amp;ref_src=twsrc%5Etfw\">#AMLO<\/a> <a href=\"https:\/\/t.co\/9FRmGU7Mbv\">pic.twitter.com\/9FRmGU7Mbv<\/a><\/p>&mdash; Manuel Galeazzi (@ManuelGaleazz1R) <a href=\"https:\/\/twitter.com\/ManuelGaleazz1R\/status\/1616104304842276865?ref_src=twsrc%5Etfw\">January 19, 2023<\/a><\/blockquote><script async src=\"https:\/\/platform.twitter.com\/widgets.js\" charset=\"utf-8\"><\/script>\n<\/div><\/figure>\n\n\n\n<p>Washington y Ottawa iniciaron el a\u00f1o pasado consultas formales dentro del Tratado entre M\u00e9xico, Estados Unidos y Canad\u00e1 (T-MEC) para cuestionar las reglas energ\u00e9ticas mexicanas.<\/p>\n\n\n\n<p>El Presidente L\u00f3pez Obrador r<strong>esalt\u00f3 que los problemas que aquejaban a las empresas canadienses se resolvieron &#8220;sin ning\u00fan obst\u00e1culo&#8221;&nbsp;<\/strong>y enfatiz\u00f3 que su Gobierno siempre buscar\u00e1 la conciliaci\u00f3n con las empresas de inversi\u00f3n extranjera.<\/p>\n\n\n\n<p>&#8220;As\u00ed lo hicimos con las empresas estadounidenses y siempre buscamos la conciliaci\u00f3n&#8221;, mencion\u00f3.<\/p>\n\n\n\n<p>Tambi\u00e9n destac\u00f3 que de las m\u00e1s de 100 compa\u00f1\u00edas canadienses de miner\u00eda instaladas en M\u00e9xico,<strong>&nbsp;s\u00f3lo dos tienen problemas relacionados con la inseguridad.<\/strong><\/p>\n\n\n\n<p>&#8220;Hay 125 empresas mineras canadienses y tenemos s\u00f3lo problemas en dos, y adem\u00e1s,\u00a0<strong>tienen raz\u00f3n que son extorsionados en Guerrero por algunos grupos que se dedican a la delincuencia<\/strong>, pero solamente dos&#8221;, subray\u00f3.<\/p>\n\n\n\n<p>Con Informaci\u00f3n de EFE<\/p>\n","protected":false},"excerpt":{"rendered":"<p>Por Redacci\u00f3n QP El pasado 11 de enero, L\u00f3pez Obrador se comprometi\u00f3 con Justin Trudeau&#8230;<\/p>\n","protected":false},"author":2,"featured_media":98168,"comment_status":"open","ping_status":"open","sticky":false,"template":"","format":"standard","meta":{"_monsterinsights_skip_tracking":false,"_monsterinsights_sitenote_active":false,"_monsterinsights_sitenote_note":"","_monsterinsights_sitenote_category":0,"footnotes":""},"categories":[2],"tags":[],"class_list":["post-98167","post","type-post","status-publish","format-standard","has-post-thumbnail","hentry","category-noticias"],"yoast_head":"<!-- This site is optimized with the Yoast SEO plugin v27.3 - https:\/\/yoast.com\/product\/yoast-seo-wordpress\/ -->\n<title>L\u00f3pez Obrador atiende conflicto con empresas canadienses; mineras denuncian extorsi\u00f3n -<\/title>\n<meta name=\"robots\" content=\"index, follow, max-snippet:-1, max-image-preview:large, max-video-preview:-1\" \/>\n<link rel=\"canonical\" href=\"https:\/\/quehacerpolitico.mx\/?p=98167\" \/>\n<meta property=\"og:locale\" content=\"es_MX\" \/>\n<meta property=\"og:type\" content=\"article\" \/>\n<meta property=\"og:title\" content=\"L\u00f3pez Obrador atiende conflicto con empresas canadienses; mineras denuncian extorsi\u00f3n -\" \/>\n<meta property=\"og:description\" content=\"Por Redacci\u00f3n QP El pasado 11 de enero, L\u00f3pez Obrador se comprometi\u00f3 con Justin Trudeau...\" \/>\n<meta property=\"og:url\" content=\"https:\/\/quehacerpolitico.mx\/?p=98167\" \/>\n<meta property=\"article:published_time\" content=\"2023-01-19T18:38:37+00:00\" \/>\n<meta property=\"article:modified_time\" content=\"2023-01-19T18:38:41+00:00\" \/>\n<meta property=\"og:image\" content=\"https:\/\/quehacerpolitico.mx\/wp-content\/uploads\/2023\/01\/CF186A9F-2639-4DC1-B2BA-EE915D2AED3A.jpeg\" \/>\n\t<meta property=\"og:image:width\" content=\"771\" \/>\n\t<meta property=\"og:image:height\" content=\"564\" \/>\n\t<meta property=\"og:image:type\" content=\"image\/jpeg\" \/>\n<meta name=\"author\" content=\"Redacci\u00f3n QP\" \/>\n<meta name=\"twitter:card\" content=\"summary_large_image\" \/>\n<meta name=\"twitter:label1\" content=\"Escrito por\" \/>\n\t<meta name=\"twitter:data1\" content=\"Redacci\u00f3n QP\" \/>\n\t<meta name=\"twitter:label2\" content=\"Tiempo de lectura\" \/>\n\t<meta name=\"twitter:data2\" content=\"2 minutos\" \/>\n<script type=\"application\/ld+json\" class=\"yoast-schema-graph\">{\"@context\":\"https:\\\/\\\/schema.org\",\"@graph\":[{\"@type\":\"Article\",\"@id\":\"https:\\\/\\\/quehacerpolitico.mx\\\/?p=98167#article\",\"isPartOf\":{\"@id\":\"https:\\\/\\\/quehacerpolitico.mx\\\/?p=98167\"},\"author\":{\"name\":\"Redacci\u00f3n QP\",\"@id\":\"https:\\\/\\\/quehacerpolitico.mx\\\/#\\\/schema\\\/person\\\/496d8ad2d1d3f8036101dca7ee39e585\"},\"headline\":\"L\u00f3pez Obrador atiende conflicto con empresas canadienses; mineras denuncian extorsi\u00f3n\",\"datePublished\":\"2023-01-19T18:38:37+00:00\",\"dateModified\":\"2023-01-19T18:38:41+00:00\",\"mainEntityOfPage\":{\"@id\":\"https:\\\/\\\/quehacerpolitico.mx\\\/?p=98167\"},\"wordCount\":420,\"commentCount\":0,\"image\":{\"@id\":\"https:\\\/\\\/quehacerpolitico.mx\\\/?p=98167#primaryimage\"},\"thumbnailUrl\":\"https:\\\/\\\/quehacerpolitico.mx\\\/wp-content\\\/uploads\\\/2023\\\/01\\\/CF186A9F-2639-4DC1-B2BA-EE915D2AED3A.jpeg\",\"articleSection\":[\"Noticias\"],\"inLanguage\":\"es\",\"potentialAction\":[{\"@type\":\"CommentAction\",\"name\":\"Comment\",\"target\":[\"https:\\\/\\\/quehacerpolitico.mx\\\/?p=98167#respond\"]}]},{\"@type\":\"WebPage\",\"@id\":\"https:\\\/\\\/quehacerpolitico.mx\\\/?p=98167\",\"url\":\"https:\\\/\\\/quehacerpolitico.mx\\\/?p=98167\",\"name\":\"L\u00f3pez Obrador atiende conflicto con empresas canadienses; mineras denuncian extorsi\u00f3n -\",\"isPartOf\":{\"@id\":\"https:\\\/\\\/quehacerpolitico.mx\\\/#website\"},\"primaryImageOfPage\":{\"@id\":\"https:\\\/\\\/quehacerpolitico.mx\\\/?p=98167#primaryimage\"},\"image\":{\"@id\":\"https:\\\/\\\/quehacerpolitico.mx\\\/?p=98167#primaryimage\"},\"thumbnailUrl\":\"https:\\\/\\\/quehacerpolitico.mx\\\/wp-content\\\/uploads\\\/2023\\\/01\\\/CF186A9F-2639-4DC1-B2BA-EE915D2AED3A.jpeg\",\"datePublished\":\"2023-01-19T18:38:37+00:00\",\"dateModified\":\"2023-01-19T18:38:41+00:00\",\"author\":{\"@id\":\"https:\\\/\\\/quehacerpolitico.mx\\\/#\\\/schema\\\/person\\\/496d8ad2d1d3f8036101dca7ee39e585\"},\"breadcrumb\":{\"@id\":\"https:\\\/\\\/quehacerpolitico.mx\\\/?p=98167#breadcrumb\"},\"inLanguage\":\"es\",\"potentialAction\":[{\"@type\":\"ReadAction\",\"target\":[\"https:\\\/\\\/quehacerpolitico.mx\\\/?p=98167\"]}]},{\"@type\":\"ImageObject\",\"inLanguage\":\"es\",\"@id\":\"https:\\\/\\\/quehacerpolitico.mx\\\/?p=98167#primaryimage\",\"url\":\"https:\\\/\\\/quehacerpolitico.mx\\\/wp-content\\\/uploads\\\/2023\\\/01\\\/CF186A9F-2639-4DC1-B2BA-EE915D2AED3A.jpeg\",\"contentUrl\":\"https:\\\/\\\/quehacerpolitico.mx\\\/wp-content\\\/uploads\\\/2023\\\/01\\\/CF186A9F-2639-4DC1-B2BA-EE915D2AED3A.jpeg\",\"width\":771,\"height\":564},{\"@type\":\"BreadcrumbList\",\"@id\":\"https:\\\/\\\/quehacerpolitico.mx\\\/?p=98167#breadcrumb\",\"itemListElement\":[{\"@type\":\"ListItem\",\"position\":1,\"name\":\"Inicio\",\"item\":\"https:\\\/\\\/quehacerpolitico.mx\\\/\"},{\"@type\":\"ListItem\",\"position\":2,\"name\":\"L\u00f3pez Obrador atiende conflicto con empresas canadienses; mineras denuncian extorsi\u00f3n\"}]},{\"@type\":\"WebSite\",\"@id\":\"https:\\\/\\\/quehacerpolitico.mx\\\/#website\",\"url\":\"https:\\\/\\\/quehacerpolitico.mx\\\/\",\"name\":\"\",\"description\":\"\",\"potentialAction\":[{\"@type\":\"SearchAction\",\"target\":{\"@type\":\"EntryPoint\",\"urlTemplate\":\"https:\\\/\\\/quehacerpolitico.mx\\\/?s={search_term_string}\"},\"query-input\":{\"@type\":\"PropertyValueSpecification\",\"valueRequired\":true,\"valueName\":\"search_term_string\"}}],\"inLanguage\":\"es\"},{\"@type\":\"Person\",\"@id\":\"https:\\\/\\\/quehacerpolitico.mx\\\/#\\\/schema\\\/person\\\/496d8ad2d1d3f8036101dca7ee39e585\",\"name\":\"Redacci\u00f3n QP\",\"image\":{\"@type\":\"ImageObject\",\"inLanguage\":\"es\",\"@id\":\"https:\\\/\\\/secure.gravatar.com\\\/avatar\\\/c7164ed6fdec453195284ad24a5ae5b6e1eed2b848477fa2a4787ba9adf39a41?s=96&d=mm&r=g\",\"url\":\"https:\\\/\\\/secure.gravatar.com\\\/avatar\\\/c7164ed6fdec453195284ad24a5ae5b6e1eed2b848477fa2a4787ba9adf39a41?s=96&d=mm&r=g\",\"contentUrl\":\"https:\\\/\\\/secure.gravatar.com\\\/avatar\\\/c7164ed6fdec453195284ad24a5ae5b6e1eed2b848477fa2a4787ba9adf39a41?s=96&d=mm&r=g\",\"caption\":\"Redacci\u00f3n QP\"},\"url\":\"https:\\\/\\\/quehacerpolitico.mx\\\/?author=2\"}]}<\/script>\n<!-- \/ Yoast SEO plugin. -->","yoast_head_json":{"title":"L\u00f3pez Obrador atiende conflicto con empresas canadienses; mineras denuncian extorsi\u00f3n -","robots":{"index":"index","follow":"follow","max-snippet":"max-snippet:-1","max-image-preview":"max-image-preview:large","max-video-preview":"max-video-preview:-1"},"canonical":"https:\/\/quehacerpolitico.mx\/?p=98167","og_locale":"es_MX","og_type":"article","og_title":"L\u00f3pez Obrador atiende conflicto con empresas canadienses; mineras denuncian extorsi\u00f3n -","og_description":"Por Redacci\u00f3n QP El pasado 11 de enero, L\u00f3pez Obrador se comprometi\u00f3 con Justin Trudeau...","og_url":"https:\/\/quehacerpolitico.mx\/?p=98167","article_published_time":"2023-01-19T18:38:37+00:00","article_modified_time":"2023-01-19T18:38:41+00:00","og_image":[{"width":771,"height":564,"url":"https:\/\/quehacerpolitico.mx\/wp-content\/uploads\/2023\/01\/CF186A9F-2639-4DC1-B2BA-EE915D2AED3A.jpeg","type":"image\/jpeg"}],"author":"Redacci\u00f3n QP","twitter_card":"summary_large_image","twitter_misc":{"Escrito por":"Redacci\u00f3n QP","Tiempo de lectura":"2 minutos"},"schema":{"@context":"https:\/\/schema.org","@graph":[{"@type":"Article","@id":"https:\/\/quehacerpolitico.mx\/?p=98167#article","isPartOf":{"@id":"https:\/\/quehacerpolitico.mx\/?p=98167"},"author":{"name":"Redacci\u00f3n QP","@id":"https:\/\/quehacerpolitico.mx\/#\/schema\/person\/496d8ad2d1d3f8036101dca7ee39e585"},"headline":"L\u00f3pez Obrador atiende conflicto con empresas canadienses; mineras denuncian extorsi\u00f3n","datePublished":"2023-01-19T18:38:37+00:00","dateModified":"2023-01-19T18:38:41+00:00","mainEntityOfPage":{"@id":"https:\/\/quehacerpolitico.mx\/?p=98167"},"wordCount":420,"commentCount":0,"image":{"@id":"https:\/\/quehacerpolitico.mx\/?p=98167#primaryimage"},"thumbnailUrl":"https:\/\/quehacerpolitico.mx\/wp-content\/uploads\/2023\/01\/CF186A9F-2639-4DC1-B2BA-EE915D2AED3A.jpeg","articleSection":["Noticias"],"inLanguage":"es","potentialAction":[{"@type":"CommentAction","name":"Comment","target":["https:\/\/quehacerpolitico.mx\/?p=98167#respond"]}]},{"@type":"WebPage","@id":"https:\/\/quehacerpolitico.mx\/?p=98167","url":"https:\/\/quehacerpolitico.mx\/?p=98167","name":"L\u00f3pez Obrador atiende conflicto con empresas canadienses; mineras denuncian extorsi\u00f3n -","isPartOf":{"@id":"https:\/\/quehacerpolitico.mx\/#website"},"primaryImageOfPage":{"@id":"https:\/\/quehacerpolitico.mx\/?p=98167#primaryimage"},"image":{"@id":"https:\/\/quehacerpolitico.mx\/?p=98167#primaryimage"},"thumbnailUrl":"https:\/\/quehacerpolitico.mx\/wp-content\/uploads\/2023\/01\/CF186A9F-2639-4DC1-B2BA-EE915D2AED3A.jpeg","datePublished":"2023-01-19T18:38:37+00:00","dateModified":"2023-01-19T18:38:41+00:00","author":{"@id":"https:\/\/quehacerpolitico.mx\/#\/schema\/person\/496d8ad2d1d3f8036101dca7ee39e585"},"breadcrumb":{"@id":"https:\/\/quehacerpolitico.mx\/?p=98167#breadcrumb"},"inLanguage":"es","potentialAction":[{"@type":"ReadAction","target":["https:\/\/quehacerpolitico.mx\/?p=98167"]}]},{"@type":"ImageObject","inLanguage":"es","@id":"https:\/\/quehacerpolitico.mx\/?p=98167#primaryimage","url":"https:\/\/quehacerpolitico.mx\/wp-content\/uploads\/2023\/01\/CF186A9F-2639-4DC1-B2BA-EE915D2AED3A.jpeg","contentUrl":"https:\/\/quehacerpolitico.mx\/wp-content\/uploads\/2023\/01\/CF186A9F-2639-4DC1-B2BA-EE915D2AED3A.jpeg","width":771,"height":564},{"@type":"BreadcrumbList","@id":"https:\/\/quehacerpolitico.mx\/?p=98167#breadcrumb","itemListElement":[{"@type":"ListItem","position":1,"name":"Inicio","item":"https:\/\/quehacerpolitico.mx\/"},{"@type":"ListItem","position":2,"name":"L\u00f3pez Obrador atiende conflicto con empresas canadienses; mineras denuncian extorsi\u00f3n"}]},{"@type":"WebSite","@id":"https:\/\/quehacerpolitico.mx\/#website","url":"https:\/\/quehacerpolitico.mx\/","name":"","description":"","potentialAction":[{"@type":"SearchAction","target":{"@type":"EntryPoint","urlTemplate":"https:\/\/quehacerpolitico.mx\/?s={search_term_string}"},"query-input":{"@type":"PropertyValueSpecification","valueRequired":true,"valueName":"search_term_string"}}],"inLanguage":"es"},{"@type":"Person","@id":"https:\/\/quehacerpolitico.mx\/#\/schema\/person\/496d8ad2d1d3f8036101dca7ee39e585","name":"Redacci\u00f3n QP","image":{"@type":"ImageObject","inLanguage":"es","@id":"https:\/\/secure.gravatar.com\/avatar\/c7164ed6fdec453195284ad24a5ae5b6e1eed2b848477fa2a4787ba9adf39a41?s=96&d=mm&r=g","url":"https:\/\/secure.gravatar.com\/avatar\/c7164ed6fdec453195284ad24a5ae5b6e1eed2b848477fa2a4787ba9adf39a41?s=96&d=mm&r=g","contentUrl":"https:\/\/secure.gravatar.com\/avatar\/c7164ed6fdec453195284ad24a5ae5b6e1eed2b848477fa2a4787ba9adf39a41?s=96&d=mm&r=g","caption":"Redacci\u00f3n QP"},"url":"https:\/\/quehacerpolitico.mx\/?author=2"}]}},"featured_image_urls":{"full":["https:\/\/quehacerpolitico.mx\/wp-content\/uploads\/2023\/01\/CF186A9F-2639-4DC1-B2BA-EE915D2AED3A.jpeg",771,564,false],"thumbnail":["https:\/\/quehacerpolitico.mx\/wp-content\/uploads\/2023\/01\/CF186A9F-2639-4DC1-B2BA-EE915D2AED3A-150x150.jpeg",150,150,true],"medium":["https:\/\/quehacerpolitico.mx\/wp-content\/uploads\/2023\/01\/CF186A9F-2639-4DC1-B2BA-EE915D2AED3A-300x219.jpeg",300,219,true],"medium_large":["https:\/\/quehacerpolitico.mx\/wp-content\/uploads\/2023\/01\/CF186A9F-2639-4DC1-B2BA-EE915D2AED3A-768x562.jpeg",640,468,true],"large":["https:\/\/quehacerpolitico.mx\/wp-content\/uploads\/2023\/01\/CF186A9F-2639-4DC1-B2BA-EE915D2AED3A.jpeg",640,468,false],"1536x1536":["https:\/\/quehacerpolitico.mx\/wp-content\/uploads\/2023\/01\/CF186A9F-2639-4DC1-B2BA-EE915D2AED3A.jpeg",771,564,false],"2048x2048":["https:\/\/quehacerpolitico.mx\/wp-content\/uploads\/2023\/01\/CF186A9F-2639-4DC1-B2BA-EE915D2AED3A.jpeg",771,564,false],"covernews-featured":["https:\/\/quehacerpolitico.mx\/wp-content\/uploads\/2023\/01\/CF186A9F-2639-4DC1-B2BA-EE915D2AED3A.jpeg",771,564,false],"covernews-medium":["https:\/\/quehacerpolitico.mx\/wp-content\/uploads\/2023\/01\/CF186A9F-2639-4DC1-B2BA-EE915D2AED3A.jpeg",465,340,false]},"author_info":{"display_name":"Redacci\u00f3n QP","author_link":"https:\/\/quehacerpolitico.mx\/?author=2"},"category_info":"<a href=\"https:\/\/quehacerpolitico.mx\/?cat=2\" rel=\"category\">Noticias<\/a>","tag_info":"Noticias","comment_count":"0","_links":{"self":[{"href":"https:\/\/quehacerpolitico.mx\/index.php?rest_route=\/wp\/v2\/posts\/98167","targetHints":{"allow":["GET"]}}],"collection":[{"href":"https:\/\/quehacerpolitico.mx\/index.php?rest_route=\/wp\/v2\/posts"}],"about":[{"href":"https:\/\/quehacerpolitico.mx\/index.php?rest_route=\/wp\/v2\/types\/post"}],"author":[{"embeddable":true,"href":"https:\/\/quehacerpolitico.mx\/index.php?rest_route=\/wp\/v2\/users\/2"}],"replies":[{"embeddable":true,"href":"https:\/\/quehacerpolitico.mx\/index.php?rest_route=%2Fwp%2Fv2%2Fcomments&post=98167"}],"version-history":[{"count":1,"href":"https:\/\/quehacerpolitico.mx\/index.php?rest_route=\/wp\/v2\/posts\/98167\/revisions"}],"predecessor-version":[{"id":98169,"href":"https:\/\/quehacerpolitico.mx\/index.php?rest_route=\/wp\/v2\/posts\/98167\/revisions\/98169"}],"wp:featuredmedia":[{"embeddable":true,"href":"https:\/\/quehacerpolitico.mx\/index.php?rest_route=\/wp\/v2\/media\/98168"}],"wp:attachment":[{"href":"https:\/\/quehacerpolitico.mx\/index.php?rest_route=%2Fwp%2Fv2%2Fmedia&parent=98167"}],"wp:term":[{"taxonomy":"category","embeddable":true,"href":"https:\/\/quehacerpolitico.mx\/index.php?rest_route=%2Fwp%2Fv2%2Fcategories&post=98167"},{"taxonomy":"post_tag","embeddable":true,"href":"https:\/\/quehacerpolitico.mx\/index.php?rest_route=%2Fwp%2Fv2%2Ftags&post=98167"}],"curies":[{"name":"wp","href":"https:\/\/api.w.org\/{rel}","templated":true}]}}