{"id":98164,"date":"2023-01-19T18:26:52","date_gmt":"2023-01-19T18:26:52","guid":{"rendered":"https:\/\/quehacerpolitico.mx\/?p=98164"},"modified":"2023-01-19T18:26:55","modified_gmt":"2023-01-19T18:26:55","slug":"vamos-a-tener-un-sistema-de-salud-de-calidad-lopez-obrador-en-80-aniversario-del-imss","status":"publish","type":"post","link":"https:\/\/quehacerpolitico.mx\/?p=98164","title":{"rendered":"Vamos a tener un sistema de salud de calidad: L\u00f3pez Obrador, en 80 aniversario del IMSS"},"content":{"rendered":"\n<p>Por Redacci\u00f3n QP<\/p>\n\n\n\n<p>En la ceremonia, el Presidente descat\u00f3 que el programa IMSS-Bienestar ofrece atenci\u00f3n universal gratuita a los mexicanos que no cuentan con seguridad social<\/p>\n\n\n\n<p>El Presidente Andr\u00e9s Manuel L\u00f3pez Obrador asegur\u00f3 que el Instituto Mexicano del Seguro Social (IMSS) es una instituci\u00f3n fundamental para el Estado mexicano en beneficio para el pueblo y\u00a0<strong>afirm\u00f3 que actualmente la instituci\u00f3n pasa por &#8220;una muy buena \u00e9poca&#8221;.<\/strong><\/p>\n\n\n\n<p>&#8220;Es una conmemoraci\u00f3n importancia, son 80 a\u00f1os de la constituci\u00f3n del IMSS, 80 a\u00f1os, una instituci\u00f3n fundamental del Estado mexicano&#8221;<\/p>\n\n\n\n<p>En Palacio Nacional y al&nbsp;<strong>encabezar la ceremonia por los 80 a\u00f1os de la creaci\u00f3n del IMSS,<\/strong>&nbsp;L\u00f3pez Obrador destac\u00f3 que el Instituto, por medio del programa IMSS-Bienestar, ofrece atenci\u00f3n universal gratuita a los mexicanos que no cuentan con seguridad social.<\/p>\n\n\n\n<p>&#8220;Es una conmemoraci\u00f3n importancia, son 80 a\u00f1os de la constituci\u00f3n del IMSS, 80 a\u00f1os, una instituci\u00f3n fundamental del Estado mexicano para beneficio del pueblo y de los trabajadores y es una instituci\u00f3n cuya caracter\u00edstica principal es que forma parte de un acuerdo, es una instituci\u00f3n tripartita donde participan trabajadores, participan los empresarios y participa el gobierno&#8221;.<\/p>\n\n\n\n<p>&#8220;Su consejo de administraci\u00f3n est\u00e1 integrado de esa manera y est\u00e1 en una muy buena \u00e9poca ahora esta instituci\u00f3n&#8221;, dijo.<\/p>\n\n\n\n<figure class=\"wp-block-embed is-type-rich is-provider-twitter wp-block-embed-twitter\"><div class=\"wp-block-embed__wrapper\">\n<blockquote class=\"twitter-tweet\" data-width=\"550\" data-dnt=\"true\"><p lang=\"es\" dir=\"ltr\">El Director General del <a href=\"https:\/\/twitter.com\/hashtag\/IMSS?src=hash&amp;ref_src=twsrc%5Etfw\">#IMSS<\/a>, Mtro. <a href=\"https:\/\/twitter.com\/zoerobledo?ref_src=twsrc%5Etfw\">@zoerobledo<\/a>, participa en <a href=\"https:\/\/twitter.com\/hashtag\/ConferenciaPresidente?src=hash&amp;ref_src=twsrc%5Etfw\">#ConferenciaPresidente<\/a>. <a href=\"https:\/\/twitter.com\/hashtag\/80A%C3%B1osIMSS?src=hash&amp;ref_src=twsrc%5Etfw\">#80A\u00f1osIMSS<\/a> <a href=\"https:\/\/twitter.com\/hashtag\/80A%C3%B1osDeSaludYBienestar?src=hash&amp;ref_src=twsrc%5Etfw\">#80A\u00f1osDeSaludYBienestar<\/a> <a href=\"https:\/\/t.co\/UJfuA7xsyw\">https:\/\/t.co\/UJfuA7xsyw<\/a><\/p>&mdash; IMSS \uea00 (@Tu_IMSS) <a href=\"https:\/\/twitter.com\/Tu_IMSS\/status\/1616063912486502403?ref_src=twsrc%5Etfw\">January 19, 2023<\/a><\/blockquote><script async src=\"https:\/\/platform.twitter.com\/widgets.js\" charset=\"utf-8\"><\/script>\n<\/div><\/figure>\n\n\n\n<h2 class=\"wp-block-heading\">&#8220;Comienza a cumplirse sue\u00f1o de universalidad de acceso a salud&#8221;<\/h2>\n\n\n\n<p>El director general del IMSS, Zo\u00e9 Robledo Aburto, afirm\u00f3 que\u00a0<strong>comienza a cumplirse el sue\u00f1o de universalizar el acceso de atenci\u00f3n de salud de calidad y oportuno\u00a0<\/strong>para aquellos que no lo tienen.<\/p>\n\n\n\n<p>A &#8220;80 a\u00f1os y el IMSS est\u00e1 en su mejor edad, edad en la que se dejan de cumplir a\u00f1os y se empiezan cumplir sue\u00f1os, uno en particular la universalidad del acceso de atenci\u00f3n m\u00e9dica, oportuno y de calidad, por el simple y glorioso hecho de ser nacer mexicana o mexicana, el IMSS para los que no tienen IMSS&#8221;.<\/p>\n\n\n\n<p>Al conmemorar 80 a\u00f1os de la promulgaci\u00f3n de la Ley del IMSS, en Palacio Nacional, ante el Presidente Andr\u00e9s Manuel L\u00f3pez Obrador y representantes del sector obrero y patronal, Zo\u00e9 Robledo expres\u00f3 que hoy son las decisiones del Mandatario las que mantienen al IMSS de pie -ese proyecto cardenista- con las posibilidad de se\u00f1alar que su mejor etapa est\u00e1 en el porvenir.<\/p>\n\n\n\n<figure class=\"wp-block-embed is-type-rich is-provider-twitter wp-block-embed-twitter\"><div class=\"wp-block-embed__wrapper\">\n<blockquote class=\"twitter-tweet\" data-width=\"550\" data-dnt=\"true\"><p lang=\"es\" dir=\"ltr\">\u00a1Estamos de fiesta, cumplo 80 a\u00f1os!<br><br>Hoy celebramos las grandes proezas m\u00e9dicas que hemos realizado y los avances logrados a trav\u00e9s del tiempo con el \u00fanico objetivo de brindar <a href=\"https:\/\/twitter.com\/hashtag\/SeguridadSocial?src=hash&amp;ref_src=twsrc%5Etfw\">#SeguridadSocial<\/a> y <a href=\"https:\/\/twitter.com\/hashtag\/bienestar?src=hash&amp;ref_src=twsrc%5Etfw\">#bienestar<\/a> a la poblaci\u00f3n. \u00a1Voy por m\u00e1s a\u00f1os!\ud83c\udf82<a href=\"https:\/\/twitter.com\/hashtag\/80A%C3%B1osIMSS?src=hash&amp;ref_src=twsrc%5Etfw\">#80A\u00f1osIMSS<\/a> <a href=\"https:\/\/twitter.com\/hashtag\/80A%C3%B1osDeSaludYBienestar?src=hash&amp;ref_src=twsrc%5Etfw\">#80A\u00f1osDeSaludYBienestar<\/a> <a href=\"https:\/\/t.co\/wbRANZJqVK\">pic.twitter.com\/wbRANZJqVK<\/a><\/p>&mdash; IMSS \uea00 (@Tu_IMSS) <a href=\"https:\/\/twitter.com\/Tu_IMSS\/status\/1616088124345536513?ref_src=twsrc%5Etfw\">January 19, 2023<\/a><\/blockquote><script async src=\"https:\/\/platform.twitter.com\/widgets.js\" charset=\"utf-8\"><\/script>\n<\/div><\/figure>\n\n\n\n<p>Robledo record\u00f3 que el IMSS&nbsp;<strong>se enmarca en los anhelos revolucionarios para garantizar el derecho humano a la salud, la asistencia m\u00e9dica, la protecci\u00f3n de los medios de subsistencia y los servicios sociales necesarios para el bienestar individual y colectivo.<\/strong><\/p>\n\n\n\n<p>&#8220;Las grandes transformaciones, los cambios profundos que cambien la vida de las personas nunca est\u00e1n exentos de incomprensiones, nunca est\u00e1n exentos de inconsistencias, las ideas por m\u00e1s que haya llegado a tiempo no se hacen realidad sin voluntad&#8221;.<\/p>\n\n\n\n<p>Se\u00f1al\u00f3 que la dif\u00edcil y valiente direcci\u00f3n de tomar un rumbo y no cambiarlo, ese es el IMSS a sus 80 a\u00f1os,<strong>\u00a0la f\u00e9rrea voluntad de contar una instituci\u00f3n del Estado que protege al pueblo de M\u00e9xico.<\/strong><\/p>\n\n\n\n<p>Con Informaci\u00f3n de SUN <\/p>\n","protected":false},"excerpt":{"rendered":"<p>Por Redacci\u00f3n QP En la ceremonia, el Presidente descat\u00f3 que el programa IMSS-Bienestar ofrece atenci\u00f3n&#8230;<\/p>\n","protected":false},"author":2,"featured_media":98165,"comment_status":"open","ping_status":"open","sticky":false,"template":"","format":"standard","meta":{"_monsterinsights_skip_tracking":false,"_monsterinsights_sitenote_active":false,"_monsterinsights_sitenote_note":"","_monsterinsights_sitenote_category":0,"footnotes":""},"categories":[2],"tags":[],"class_list":["post-98164","post","type-post","status-publish","format-standard","has-post-thumbnail","hentry","category-noticias"],"yoast_head":"<!-- This site is optimized with the Yoast SEO plugin v27.3 - https:\/\/yoast.com\/product\/yoast-seo-wordpress\/ -->\n<title>Vamos a tener un sistema de salud de calidad: L\u00f3pez Obrador, en 80 aniversario del IMSS -<\/title>\n<meta name=\"robots\" content=\"index, follow, max-snippet:-1, max-image-preview:large, max-video-preview:-1\" \/>\n<link rel=\"canonical\" href=\"https:\/\/quehacerpolitico.mx\/?p=98164\" \/>\n<meta property=\"og:locale\" content=\"es_MX\" \/>\n<meta property=\"og:type\" content=\"article\" \/>\n<meta property=\"og:title\" content=\"Vamos a tener un sistema de salud de calidad: L\u00f3pez Obrador, en 80 aniversario del IMSS -\" \/>\n<meta property=\"og:description\" content=\"Por Redacci\u00f3n QP En la ceremonia, el Presidente descat\u00f3 que el programa IMSS-Bienestar ofrece atenci\u00f3n...\" \/>\n<meta property=\"og:url\" content=\"https:\/\/quehacerpolitico.mx\/?p=98164\" \/>\n<meta property=\"article:published_time\" content=\"2023-01-19T18:26:52+00:00\" \/>\n<meta property=\"article:modified_time\" content=\"2023-01-19T18:26:55+00:00\" \/>\n<meta property=\"og:image\" content=\"https:\/\/quehacerpolitico.mx\/wp-content\/uploads\/2023\/01\/A857598A-A29E-4118-91BB-753C0629043B.jpeg\" \/>\n\t<meta property=\"og:image:width\" content=\"1560\" \/>\n\t<meta property=\"og:image:height\" content=\"1040\" \/>\n\t<meta property=\"og:image:type\" content=\"image\/jpeg\" \/>\n<meta name=\"author\" content=\"Redacci\u00f3n QP\" \/>\n<meta name=\"twitter:card\" content=\"summary_large_image\" \/>\n<meta name=\"twitter:label1\" content=\"Escrito por\" \/>\n\t<meta name=\"twitter:data1\" content=\"Redacci\u00f3n QP\" \/>\n\t<meta name=\"twitter:label2\" content=\"Tiempo de lectura\" \/>\n\t<meta name=\"twitter:data2\" content=\"3 minutos\" \/>\n<script type=\"application\/ld+json\" class=\"yoast-schema-graph\">{\"@context\":\"https:\\\/\\\/schema.org\",\"@graph\":[{\"@type\":\"Article\",\"@id\":\"https:\\\/\\\/quehacerpolitico.mx\\\/?p=98164#article\",\"isPartOf\":{\"@id\":\"https:\\\/\\\/quehacerpolitico.mx\\\/?p=98164\"},\"author\":{\"name\":\"Redacci\u00f3n QP\",\"@id\":\"https:\\\/\\\/quehacerpolitico.mx\\\/#\\\/schema\\\/person\\\/496d8ad2d1d3f8036101dca7ee39e585\"},\"headline\":\"Vamos a tener un sistema de salud de calidad: L\u00f3pez Obrador, en 80 aniversario del IMSS\",\"datePublished\":\"2023-01-19T18:26:52+00:00\",\"dateModified\":\"2023-01-19T18:26:55+00:00\",\"mainEntityOfPage\":{\"@id\":\"https:\\\/\\\/quehacerpolitico.mx\\\/?p=98164\"},\"wordCount\":575,\"commentCount\":0,\"image\":{\"@id\":\"https:\\\/\\\/quehacerpolitico.mx\\\/?p=98164#primaryimage\"},\"thumbnailUrl\":\"https:\\\/\\\/quehacerpolitico.mx\\\/wp-content\\\/uploads\\\/2023\\\/01\\\/A857598A-A29E-4118-91BB-753C0629043B.jpeg\",\"articleSection\":[\"Noticias\"],\"inLanguage\":\"es\",\"potentialAction\":[{\"@type\":\"CommentAction\",\"name\":\"Comment\",\"target\":[\"https:\\\/\\\/quehacerpolitico.mx\\\/?p=98164#respond\"]}]},{\"@type\":\"WebPage\",\"@id\":\"https:\\\/\\\/quehacerpolitico.mx\\\/?p=98164\",\"url\":\"https:\\\/\\\/quehacerpolitico.mx\\\/?p=98164\",\"name\":\"Vamos a tener un sistema de salud de calidad: L\u00f3pez Obrador, en 80 aniversario del IMSS -\",\"isPartOf\":{\"@id\":\"https:\\\/\\\/quehacerpolitico.mx\\\/#website\"},\"primaryImageOfPage\":{\"@id\":\"https:\\\/\\\/quehacerpolitico.mx\\\/?p=98164#primaryimage\"},\"image\":{\"@id\":\"https:\\\/\\\/quehacerpolitico.mx\\\/?p=98164#primaryimage\"},\"thumbnailUrl\":\"https:\\\/\\\/quehacerpolitico.mx\\\/wp-content\\\/uploads\\\/2023\\\/01\\\/A857598A-A29E-4118-91BB-753C0629043B.jpeg\",\"datePublished\":\"2023-01-19T18:26:52+00:00\",\"dateModified\":\"2023-01-19T18:26:55+00:00\",\"author\":{\"@id\":\"https:\\\/\\\/quehacerpolitico.mx\\\/#\\\/schema\\\/person\\\/496d8ad2d1d3f8036101dca7ee39e585\"},\"breadcrumb\":{\"@id\":\"https:\\\/\\\/quehacerpolitico.mx\\\/?p=98164#breadcrumb\"},\"inLanguage\":\"es\",\"potentialAction\":[{\"@type\":\"ReadAction\",\"target\":[\"https:\\\/\\\/quehacerpolitico.mx\\\/?p=98164\"]}]},{\"@type\":\"ImageObject\",\"inLanguage\":\"es\",\"@id\":\"https:\\\/\\\/quehacerpolitico.mx\\\/?p=98164#primaryimage\",\"url\":\"https:\\\/\\\/quehacerpolitico.mx\\\/wp-content\\\/uploads\\\/2023\\\/01\\\/A857598A-A29E-4118-91BB-753C0629043B.jpeg\",\"contentUrl\":\"https:\\\/\\\/quehacerpolitico.mx\\\/wp-content\\\/uploads\\\/2023\\\/01\\\/A857598A-A29E-4118-91BB-753C0629043B.jpeg\",\"width\":1560,\"height\":1040},{\"@type\":\"BreadcrumbList\",\"@id\":\"https:\\\/\\\/quehacerpolitico.mx\\\/?p=98164#breadcrumb\",\"itemListElement\":[{\"@type\":\"ListItem\",\"position\":1,\"name\":\"Inicio\",\"item\":\"https:\\\/\\\/quehacerpolitico.mx\\\/\"},{\"@type\":\"ListItem\",\"position\":2,\"name\":\"Vamos a tener un sistema de salud de calidad: L\u00f3pez Obrador, en 80 aniversario del IMSS\"}]},{\"@type\":\"WebSite\",\"@id\":\"https:\\\/\\\/quehacerpolitico.mx\\\/#website\",\"url\":\"https:\\\/\\\/quehacerpolitico.mx\\\/\",\"name\":\"\",\"description\":\"\",\"potentialAction\":[{\"@type\":\"SearchAction\",\"target\":{\"@type\":\"EntryPoint\",\"urlTemplate\":\"https:\\\/\\\/quehacerpolitico.mx\\\/?s={search_term_string}\"},\"query-input\":{\"@type\":\"PropertyValueSpecification\",\"valueRequired\":true,\"valueName\":\"search_term_string\"}}],\"inLanguage\":\"es\"},{\"@type\":\"Person\",\"@id\":\"https:\\\/\\\/quehacerpolitico.mx\\\/#\\\/schema\\\/person\\\/496d8ad2d1d3f8036101dca7ee39e585\",\"name\":\"Redacci\u00f3n QP\",\"image\":{\"@type\":\"ImageObject\",\"inLanguage\":\"es\",\"@id\":\"https:\\\/\\\/secure.gravatar.com\\\/avatar\\\/c7164ed6fdec453195284ad24a5ae5b6e1eed2b848477fa2a4787ba9adf39a41?s=96&d=mm&r=g\",\"url\":\"https:\\\/\\\/secure.gravatar.com\\\/avatar\\\/c7164ed6fdec453195284ad24a5ae5b6e1eed2b848477fa2a4787ba9adf39a41?s=96&d=mm&r=g\",\"contentUrl\":\"https:\\\/\\\/secure.gravatar.com\\\/avatar\\\/c7164ed6fdec453195284ad24a5ae5b6e1eed2b848477fa2a4787ba9adf39a41?s=96&d=mm&r=g\",\"caption\":\"Redacci\u00f3n QP\"},\"url\":\"https:\\\/\\\/quehacerpolitico.mx\\\/?author=2\"}]}<\/script>\n<!-- \/ Yoast SEO plugin. -->","yoast_head_json":{"title":"Vamos a tener un sistema de salud de calidad: L\u00f3pez Obrador, en 80 aniversario del IMSS -","robots":{"index":"index","follow":"follow","max-snippet":"max-snippet:-1","max-image-preview":"max-image-preview:large","max-video-preview":"max-video-preview:-1"},"canonical":"https:\/\/quehacerpolitico.mx\/?p=98164","og_locale":"es_MX","og_type":"article","og_title":"Vamos a tener un sistema de salud de calidad: L\u00f3pez Obrador, en 80 aniversario del IMSS -","og_description":"Por Redacci\u00f3n QP En la ceremonia, el Presidente descat\u00f3 que el programa IMSS-Bienestar ofrece atenci\u00f3n...","og_url":"https:\/\/quehacerpolitico.mx\/?p=98164","article_published_time":"2023-01-19T18:26:52+00:00","article_modified_time":"2023-01-19T18:26:55+00:00","og_image":[{"width":1560,"height":1040,"url":"https:\/\/quehacerpolitico.mx\/wp-content\/uploads\/2023\/01\/A857598A-A29E-4118-91BB-753C0629043B.jpeg","type":"image\/jpeg"}],"author":"Redacci\u00f3n QP","twitter_card":"summary_large_image","twitter_misc":{"Escrito por":"Redacci\u00f3n QP","Tiempo de lectura":"3 minutos"},"schema":{"@context":"https:\/\/schema.org","@graph":[{"@type":"Article","@id":"https:\/\/quehacerpolitico.mx\/?p=98164#article","isPartOf":{"@id":"https:\/\/quehacerpolitico.mx\/?p=98164"},"author":{"name":"Redacci\u00f3n QP","@id":"https:\/\/quehacerpolitico.mx\/#\/schema\/person\/496d8ad2d1d3f8036101dca7ee39e585"},"headline":"Vamos a tener un sistema de salud de calidad: L\u00f3pez Obrador, en 80 aniversario del IMSS","datePublished":"2023-01-19T18:26:52+00:00","dateModified":"2023-01-19T18:26:55+00:00","mainEntityOfPage":{"@id":"https:\/\/quehacerpolitico.mx\/?p=98164"},"wordCount":575,"commentCount":0,"image":{"@id":"https:\/\/quehacerpolitico.mx\/?p=98164#primaryimage"},"thumbnailUrl":"https:\/\/quehacerpolitico.mx\/wp-content\/uploads\/2023\/01\/A857598A-A29E-4118-91BB-753C0629043B.jpeg","articleSection":["Noticias"],"inLanguage":"es","potentialAction":[{"@type":"CommentAction","name":"Comment","target":["https:\/\/quehacerpolitico.mx\/?p=98164#respond"]}]},{"@type":"WebPage","@id":"https:\/\/quehacerpolitico.mx\/?p=98164","url":"https:\/\/quehacerpolitico.mx\/?p=98164","name":"Vamos a tener un sistema de salud de calidad: L\u00f3pez Obrador, en 80 aniversario del IMSS -","isPartOf":{"@id":"https:\/\/quehacerpolitico.mx\/#website"},"primaryImageOfPage":{"@id":"https:\/\/quehacerpolitico.mx\/?p=98164#primaryimage"},"image":{"@id":"https:\/\/quehacerpolitico.mx\/?p=98164#primaryimage"},"thumbnailUrl":"https:\/\/quehacerpolitico.mx\/wp-content\/uploads\/2023\/01\/A857598A-A29E-4118-91BB-753C0629043B.jpeg","datePublished":"2023-01-19T18:26:52+00:00","dateModified":"2023-01-19T18:26:55+00:00","author":{"@id":"https:\/\/quehacerpolitico.mx\/#\/schema\/person\/496d8ad2d1d3f8036101dca7ee39e585"},"breadcrumb":{"@id":"https:\/\/quehacerpolitico.mx\/?p=98164#breadcrumb"},"inLanguage":"es","potentialAction":[{"@type":"ReadAction","target":["https:\/\/quehacerpolitico.mx\/?p=98164"]}]},{"@type":"ImageObject","inLanguage":"es","@id":"https:\/\/quehacerpolitico.mx\/?p=98164#primaryimage","url":"https:\/\/quehacerpolitico.mx\/wp-content\/uploads\/2023\/01\/A857598A-A29E-4118-91BB-753C0629043B.jpeg","contentUrl":"https:\/\/quehacerpolitico.mx\/wp-content\/uploads\/2023\/01\/A857598A-A29E-4118-91BB-753C0629043B.jpeg","width":1560,"height":1040},{"@type":"BreadcrumbList","@id":"https:\/\/quehacerpolitico.mx\/?p=98164#breadcrumb","itemListElement":[{"@type":"ListItem","position":1,"name":"Inicio","item":"https:\/\/quehacerpolitico.mx\/"},{"@type":"ListItem","position":2,"name":"Vamos a tener un sistema de salud de calidad: L\u00f3pez Obrador, en 80 aniversario del IMSS"}]},{"@type":"WebSite","@id":"https:\/\/quehacerpolitico.mx\/#website","url":"https:\/\/quehacerpolitico.mx\/","name":"","description":"","potentialAction":[{"@type":"SearchAction","target":{"@type":"EntryPoint","urlTemplate":"https:\/\/quehacerpolitico.mx\/?s={search_term_string}"},"query-input":{"@type":"PropertyValueSpecification","valueRequired":true,"valueName":"search_term_string"}}],"inLanguage":"es"},{"@type":"Person","@id":"https:\/\/quehacerpolitico.mx\/#\/schema\/person\/496d8ad2d1d3f8036101dca7ee39e585","name":"Redacci\u00f3n QP","image":{"@type":"ImageObject","inLanguage":"es","@id":"https:\/\/secure.gravatar.com\/avatar\/c7164ed6fdec453195284ad24a5ae5b6e1eed2b848477fa2a4787ba9adf39a41?s=96&d=mm&r=g","url":"https:\/\/secure.gravatar.com\/avatar\/c7164ed6fdec453195284ad24a5ae5b6e1eed2b848477fa2a4787ba9adf39a41?s=96&d=mm&r=g","contentUrl":"https:\/\/secure.gravatar.com\/avatar\/c7164ed6fdec453195284ad24a5ae5b6e1eed2b848477fa2a4787ba9adf39a41?s=96&d=mm&r=g","caption":"Redacci\u00f3n QP"},"url":"https:\/\/quehacerpolitico.mx\/?author=2"}]}},"featured_image_urls":{"full":["https:\/\/quehacerpolitico.mx\/wp-content\/uploads\/2023\/01\/A857598A-A29E-4118-91BB-753C0629043B.jpeg",1560,1040,false],"thumbnail":["https:\/\/quehacerpolitico.mx\/wp-content\/uploads\/2023\/01\/A857598A-A29E-4118-91BB-753C0629043B-150x150.jpeg",150,150,true],"medium":["https:\/\/quehacerpolitico.mx\/wp-content\/uploads\/2023\/01\/A857598A-A29E-4118-91BB-753C0629043B-300x200.jpeg",300,200,true],"medium_large":["https:\/\/quehacerpolitico.mx\/wp-content\/uploads\/2023\/01\/A857598A-A29E-4118-91BB-753C0629043B-768x512.jpeg",640,427,true],"large":["https:\/\/quehacerpolitico.mx\/wp-content\/uploads\/2023\/01\/A857598A-A29E-4118-91BB-753C0629043B-1024x683.jpeg",640,427,true],"1536x1536":["https:\/\/quehacerpolitico.mx\/wp-content\/uploads\/2023\/01\/A857598A-A29E-4118-91BB-753C0629043B-1536x1024.jpeg",1536,1024,true],"2048x2048":["https:\/\/quehacerpolitico.mx\/wp-content\/uploads\/2023\/01\/A857598A-A29E-4118-91BB-753C0629043B.jpeg",1560,1040,false],"covernews-featured":["https:\/\/quehacerpolitico.mx\/wp-content\/uploads\/2023\/01\/A857598A-A29E-4118-91BB-753C0629043B.jpeg",1024,683,false],"covernews-medium":["https:\/\/quehacerpolitico.mx\/wp-content\/uploads\/2023\/01\/A857598A-A29E-4118-91BB-753C0629043B.jpeg",510,340,false]},"author_info":{"display_name":"Redacci\u00f3n QP","author_link":"https:\/\/quehacerpolitico.mx\/?author=2"},"category_info":"<a href=\"https:\/\/quehacerpolitico.mx\/?cat=2\" rel=\"category\">Noticias<\/a>","tag_info":"Noticias","comment_count":"0","_links":{"self":[{"href":"https:\/\/quehacerpolitico.mx\/index.php?rest_route=\/wp\/v2\/posts\/98164","targetHints":{"allow":["GET"]}}],"collection":[{"href":"https:\/\/quehacerpolitico.mx\/index.php?rest_route=\/wp\/v2\/posts"}],"about":[{"href":"https:\/\/quehacerpolitico.mx\/index.php?rest_route=\/wp\/v2\/types\/post"}],"author":[{"embeddable":true,"href":"https:\/\/quehacerpolitico.mx\/index.php?rest_route=\/wp\/v2\/users\/2"}],"replies":[{"embeddable":true,"href":"https:\/\/quehacerpolitico.mx\/index.php?rest_route=%2Fwp%2Fv2%2Fcomments&post=98164"}],"version-history":[{"count":1,"href":"https:\/\/quehacerpolitico.mx\/index.php?rest_route=\/wp\/v2\/posts\/98164\/revisions"}],"predecessor-version":[{"id":98166,"href":"https:\/\/quehacerpolitico.mx\/index.php?rest_route=\/wp\/v2\/posts\/98164\/revisions\/98166"}],"wp:featuredmedia":[{"embeddable":true,"href":"https:\/\/quehacerpolitico.mx\/index.php?rest_route=\/wp\/v2\/media\/98165"}],"wp:attachment":[{"href":"https:\/\/quehacerpolitico.mx\/index.php?rest_route=%2Fwp%2Fv2%2Fmedia&parent=98164"}],"wp:term":[{"taxonomy":"category","embeddable":true,"href":"https:\/\/quehacerpolitico.mx\/index.php?rest_route=%2Fwp%2Fv2%2Fcategories&post=98164"},{"taxonomy":"post_tag","embeddable":true,"href":"https:\/\/quehacerpolitico.mx\/index.php?rest_route=%2Fwp%2Fv2%2Ftags&post=98164"}],"curies":[{"name":"wp","href":"https:\/\/api.w.org\/{rel}","templated":true}]}}