{"id":98161,"date":"2023-01-19T18:06:07","date_gmt":"2023-01-19T18:06:07","guid":{"rendered":"https:\/\/quehacerpolitico.mx\/?p=98161"},"modified":"2023-01-19T18:06:10","modified_gmt":"2023-01-19T18:06:10","slug":"baja-la-percepcion-de-inseguridad-en-mexico-al-cierre-de-2022-inegi","status":"publish","type":"post","link":"https:\/\/quehacerpolitico.mx\/?p=98161","title":{"rendered":"Baja la percepci\u00f3n de inseguridad en M\u00e9xico al cierre de 2022: Inegi"},"content":{"rendered":"\n<p>Por Redacci\u00f3n QP<\/p>\n\n\n\n<p>Esta cifra significa que casi dos tercios de la poblaci\u00f3n de 18 a\u00f1os y m\u00e1s consider\u00f3 inseguro vivir en su ciudad<\/p>\n\n\n\n<p>La percepci\u00f3n de inseguridad de los mexicanos\u00a0<strong>descendi\u00f3 a 64.2 % en el cierre de 2022<\/strong>, un ligero decremento frente al 65.8 % de un a\u00f1o antes, inform\u00f3 este jueves el Instituto Nacional de Estad\u00edstica y Geograf\u00eda (Inegi).<\/p>\n\n\n\n<p>Esto significa que<strong>&nbsp;casi dos tercios de la poblaci\u00f3n de 18 a\u00f1os y m\u00e1s consider\u00f3 inseguro vivir en su ciudad,<\/strong>&nbsp;seg\u00fan la Encuesta Nacional de Seguridad P\u00fablica Urbana (ENSU) que el Inegi levant\u00f3 el cuarto trimestre del a\u00f1o pasado.<\/p>\n\n\n\n<p>&#8220;Representa un cambio estad\u00edsticamente significativo con respecto a diciembre de 2021&#8221;, apunt\u00f3 el instituto aut\u00f3nomo en su reporte.<\/p>\n\n\n\n<p>Tambi\u00e9n implic\u00f3\u00a0<strong>una leve reducci\u00f3n frente al tercer trimestre de 2022, cuando el \u00edndice era de 64.4 por ciento.<\/strong><\/p>\n\n\n\n<figure class=\"wp-block-image\"><img decoding=\"async\" src=\"https:\/\/www.informador.mx\/export\/sites\/elinformador\/img\/2023\/01\/19\/3_1.jpg_1456215369.jpg\" alt=\"\" title=\"\"\/><\/figure>\n\n\n\n<p>La estad\u00edstica exhibi\u00f3 una brecha de g\u00e9nero, con el<strong>69.9 % de mujeres que reportaron inseguridad frente al 57.4 % de los hombres.<\/strong><\/p>\n\n\n\n<p>Un a\u00f1o antes, el 70.3 % de ellas percib\u00edan inseguridad en comparaci\u00f3n con 60.2 % de ellos.<\/p>\n\n\n\n<p>La ENSU se publica despu\u00e9s de revelarse el martes que los homicidios dolosos decrecieron un 7.1 % anual en 2022 hasta los 30 mil 968 asesinatos, el tercer a\u00f1o consecutivo de ca\u00edda tras los a\u00f1os m\u00e1s violentos de la historia de M\u00e9xico, con 34 mil 718 en 2019, 34 mil 563 en 2020 y 33 mil 350 en 2021.<\/p>\n\n\n\n<p><strong>A\u00fan as\u00ed, en 2021 hubo eventos violentos medi\u00e1ticos,<\/strong>&nbsp;como los actos de terror del narcotr\u00e1fico en Ciudad Ju\u00e1rez, en la frontera norte, donde hubo 11 muertos en agosto, y el ataque en un funeral en Michoac\u00e1n que dej\u00f3 17 muertos en febrero pasado.<\/p>\n\n\n\n<h2 class=\"wp-block-heading\">LAS CIUDADES M\u00c1S INSEGURAS<\/h2>\n\n\n\n<p>La ciudad con mayor percepci\u00f3n de inseguridad fue Fresnillo, Zacatecas, donde 97.7 % de sus habitantes reportaron este sentimiento en medio de las masacres que ah\u00ed comete el crimen organizado.<\/p>\n\n\n\n<p>Le siguen Zacatecas (93.3 %), Irapuato (92.6 %), Naucalpan (89.7 %), Ecatepec (89.6 %) y Ciudad Obreg\u00f3n (89.2 por ciento).<\/p>\n\n\n\n<p>En contraste<strong>, la ciudad menos insegura fue San Pedro Garza Garc\u00eda<\/strong>, municipio de Nuevo Le\u00f3n, considerado el m\u00e1s rico del pa\u00eds, donde s\u00f3lo 8.1 % de la poblaci\u00f3n report\u00f3 inseguridad.<\/p>\n\n\n\n<p>Le siguieron Los Mochis (15 %), la alcald\u00eda Benito Ju\u00e1rez de Ciudad de M\u00e9xico (19.4 %), Los Cabos (20.9 %), Tampico (22.1 %) y la alcald\u00eda Cuajimalpa (22.3 por ciento).<\/p>\n\n\n\n<h2 class=\"wp-block-heading\">POR ESPACIO P\u00daBLICO Y POR CRIMEN<\/h2>\n\n\n\n<p>En cuanto a espacios f\u00edsicos espec\u00edficos, 74.3 % de la poblaci\u00f3n manifest\u00f3 sentirse insegura en los cajeros autom\u00e1ticos de la v\u00eda p\u00fablica, el 67.1 % en el transporte p\u00fablico, el 58.9 % en el banco, y el 57 % en las calles que habitualmente usa.<\/p>\n\n\n\n<p>La poblaci\u00f3n que report\u00f3 haber atestiguado conductas delictivas en los alrededores de su vivienda se relacion\u00f3 con consumo de alcohol en las calles (60.6 %), robos o asaltos (52.2 %), vandalismo (42.7 %), venta o consumo de drogas (39.8 %) y disparos frecuentes con armas (38.3 por ciento).<\/p>\n\n\n\n<p>Tambi\u00e9n denunciaron bandas violentas o pandillerismo (25.5 %), tomas irregulares de luz (14.2 %) y robo o venta ilegal de gasolina o di\u00e9sel (3 por ciento).<\/p>\n\n\n\n<p>Con Informaci\u00f3n de EFE<\/p>\n","protected":false},"excerpt":{"rendered":"<p>Por Redacci\u00f3n QP Esta cifra significa que casi dos tercios de la poblaci\u00f3n de 18&#8230;<\/p>\n","protected":false},"author":2,"featured_media":98162,"comment_status":"open","ping_status":"open","sticky":false,"template":"","format":"standard","meta":{"_monsterinsights_skip_tracking":false,"_monsterinsights_sitenote_active":false,"_monsterinsights_sitenote_note":"","_monsterinsights_sitenote_category":0,"footnotes":""},"categories":[2],"tags":[],"class_list":["post-98161","post","type-post","status-publish","format-standard","has-post-thumbnail","hentry","category-noticias"],"yoast_head":"<!-- This site is optimized with the Yoast SEO plugin v27.3 - https:\/\/yoast.com\/product\/yoast-seo-wordpress\/ -->\n<title>Baja la percepci\u00f3n de inseguridad en M\u00e9xico al cierre de 2022: Inegi -<\/title>\n<meta name=\"robots\" content=\"index, follow, max-snippet:-1, max-image-preview:large, max-video-preview:-1\" \/>\n<link rel=\"canonical\" href=\"https:\/\/quehacerpolitico.mx\/?p=98161\" \/>\n<meta property=\"og:locale\" content=\"es_MX\" \/>\n<meta property=\"og:type\" content=\"article\" \/>\n<meta property=\"og:title\" content=\"Baja la percepci\u00f3n de inseguridad en M\u00e9xico al cierre de 2022: Inegi -\" \/>\n<meta property=\"og:description\" content=\"Por Redacci\u00f3n QP Esta cifra significa que casi dos tercios de la poblaci\u00f3n de 18...\" \/>\n<meta property=\"og:url\" content=\"https:\/\/quehacerpolitico.mx\/?p=98161\" \/>\n<meta property=\"article:published_time\" content=\"2023-01-19T18:06:07+00:00\" \/>\n<meta property=\"article:modified_time\" content=\"2023-01-19T18:06:10+00:00\" \/>\n<meta property=\"og:image\" content=\"https:\/\/quehacerpolitico.mx\/wp-content\/uploads\/2023\/01\/926A1106-80AE-4AD2-B38B-53933F1B932C.jpeg\" \/>\n\t<meta property=\"og:image:width\" content=\"620\" \/>\n\t<meta property=\"og:image:height\" content=\"340\" \/>\n\t<meta property=\"og:image:type\" content=\"image\/jpeg\" \/>\n<meta name=\"author\" content=\"Redacci\u00f3n QP\" \/>\n<meta name=\"twitter:card\" content=\"summary_large_image\" \/>\n<meta name=\"twitter:label1\" content=\"Escrito por\" \/>\n\t<meta name=\"twitter:data1\" content=\"Redacci\u00f3n QP\" \/>\n\t<meta name=\"twitter:label2\" content=\"Tiempo de lectura\" \/>\n\t<meta name=\"twitter:data2\" content=\"3 minutos\" \/>\n<script type=\"application\/ld+json\" class=\"yoast-schema-graph\">{\"@context\":\"https:\\\/\\\/schema.org\",\"@graph\":[{\"@type\":\"Article\",\"@id\":\"https:\\\/\\\/quehacerpolitico.mx\\\/?p=98161#article\",\"isPartOf\":{\"@id\":\"https:\\\/\\\/quehacerpolitico.mx\\\/?p=98161\"},\"author\":{\"name\":\"Redacci\u00f3n QP\",\"@id\":\"https:\\\/\\\/quehacerpolitico.mx\\\/#\\\/schema\\\/person\\\/496d8ad2d1d3f8036101dca7ee39e585\"},\"headline\":\"Baja la percepci\u00f3n de inseguridad en M\u00e9xico al cierre de 2022: Inegi\",\"datePublished\":\"2023-01-19T18:06:07+00:00\",\"dateModified\":\"2023-01-19T18:06:10+00:00\",\"mainEntityOfPage\":{\"@id\":\"https:\\\/\\\/quehacerpolitico.mx\\\/?p=98161\"},\"wordCount\":519,\"commentCount\":0,\"image\":{\"@id\":\"https:\\\/\\\/quehacerpolitico.mx\\\/?p=98161#primaryimage\"},\"thumbnailUrl\":\"https:\\\/\\\/quehacerpolitico.mx\\\/wp-content\\\/uploads\\\/2023\\\/01\\\/926A1106-80AE-4AD2-B38B-53933F1B932C.jpeg\",\"articleSection\":[\"Noticias\"],\"inLanguage\":\"es\",\"potentialAction\":[{\"@type\":\"CommentAction\",\"name\":\"Comment\",\"target\":[\"https:\\\/\\\/quehacerpolitico.mx\\\/?p=98161#respond\"]}]},{\"@type\":\"WebPage\",\"@id\":\"https:\\\/\\\/quehacerpolitico.mx\\\/?p=98161\",\"url\":\"https:\\\/\\\/quehacerpolitico.mx\\\/?p=98161\",\"name\":\"Baja la percepci\u00f3n de inseguridad en M\u00e9xico al cierre de 2022: Inegi -\",\"isPartOf\":{\"@id\":\"https:\\\/\\\/quehacerpolitico.mx\\\/#website\"},\"primaryImageOfPage\":{\"@id\":\"https:\\\/\\\/quehacerpolitico.mx\\\/?p=98161#primaryimage\"},\"image\":{\"@id\":\"https:\\\/\\\/quehacerpolitico.mx\\\/?p=98161#primaryimage\"},\"thumbnailUrl\":\"https:\\\/\\\/quehacerpolitico.mx\\\/wp-content\\\/uploads\\\/2023\\\/01\\\/926A1106-80AE-4AD2-B38B-53933F1B932C.jpeg\",\"datePublished\":\"2023-01-19T18:06:07+00:00\",\"dateModified\":\"2023-01-19T18:06:10+00:00\",\"author\":{\"@id\":\"https:\\\/\\\/quehacerpolitico.mx\\\/#\\\/schema\\\/person\\\/496d8ad2d1d3f8036101dca7ee39e585\"},\"breadcrumb\":{\"@id\":\"https:\\\/\\\/quehacerpolitico.mx\\\/?p=98161#breadcrumb\"},\"inLanguage\":\"es\",\"potentialAction\":[{\"@type\":\"ReadAction\",\"target\":[\"https:\\\/\\\/quehacerpolitico.mx\\\/?p=98161\"]}]},{\"@type\":\"ImageObject\",\"inLanguage\":\"es\",\"@id\":\"https:\\\/\\\/quehacerpolitico.mx\\\/?p=98161#primaryimage\",\"url\":\"https:\\\/\\\/quehacerpolitico.mx\\\/wp-content\\\/uploads\\\/2023\\\/01\\\/926A1106-80AE-4AD2-B38B-53933F1B932C.jpeg\",\"contentUrl\":\"https:\\\/\\\/quehacerpolitico.mx\\\/wp-content\\\/uploads\\\/2023\\\/01\\\/926A1106-80AE-4AD2-B38B-53933F1B932C.jpeg\",\"width\":620,\"height\":340},{\"@type\":\"BreadcrumbList\",\"@id\":\"https:\\\/\\\/quehacerpolitico.mx\\\/?p=98161#breadcrumb\",\"itemListElement\":[{\"@type\":\"ListItem\",\"position\":1,\"name\":\"Inicio\",\"item\":\"https:\\\/\\\/quehacerpolitico.mx\\\/\"},{\"@type\":\"ListItem\",\"position\":2,\"name\":\"Baja la percepci\u00f3n de inseguridad en M\u00e9xico al cierre de 2022: Inegi\"}]},{\"@type\":\"WebSite\",\"@id\":\"https:\\\/\\\/quehacerpolitico.mx\\\/#website\",\"url\":\"https:\\\/\\\/quehacerpolitico.mx\\\/\",\"name\":\"\",\"description\":\"\",\"potentialAction\":[{\"@type\":\"SearchAction\",\"target\":{\"@type\":\"EntryPoint\",\"urlTemplate\":\"https:\\\/\\\/quehacerpolitico.mx\\\/?s={search_term_string}\"},\"query-input\":{\"@type\":\"PropertyValueSpecification\",\"valueRequired\":true,\"valueName\":\"search_term_string\"}}],\"inLanguage\":\"es\"},{\"@type\":\"Person\",\"@id\":\"https:\\\/\\\/quehacerpolitico.mx\\\/#\\\/schema\\\/person\\\/496d8ad2d1d3f8036101dca7ee39e585\",\"name\":\"Redacci\u00f3n QP\",\"image\":{\"@type\":\"ImageObject\",\"inLanguage\":\"es\",\"@id\":\"https:\\\/\\\/secure.gravatar.com\\\/avatar\\\/c7164ed6fdec453195284ad24a5ae5b6e1eed2b848477fa2a4787ba9adf39a41?s=96&d=mm&r=g\",\"url\":\"https:\\\/\\\/secure.gravatar.com\\\/avatar\\\/c7164ed6fdec453195284ad24a5ae5b6e1eed2b848477fa2a4787ba9adf39a41?s=96&d=mm&r=g\",\"contentUrl\":\"https:\\\/\\\/secure.gravatar.com\\\/avatar\\\/c7164ed6fdec453195284ad24a5ae5b6e1eed2b848477fa2a4787ba9adf39a41?s=96&d=mm&r=g\",\"caption\":\"Redacci\u00f3n QP\"},\"url\":\"https:\\\/\\\/quehacerpolitico.mx\\\/?author=2\"}]}<\/script>\n<!-- \/ Yoast SEO plugin. -->","yoast_head_json":{"title":"Baja la percepci\u00f3n de inseguridad en M\u00e9xico al cierre de 2022: Inegi -","robots":{"index":"index","follow":"follow","max-snippet":"max-snippet:-1","max-image-preview":"max-image-preview:large","max-video-preview":"max-video-preview:-1"},"canonical":"https:\/\/quehacerpolitico.mx\/?p=98161","og_locale":"es_MX","og_type":"article","og_title":"Baja la percepci\u00f3n de inseguridad en M\u00e9xico al cierre de 2022: Inegi -","og_description":"Por Redacci\u00f3n QP Esta cifra significa que casi dos tercios de la poblaci\u00f3n de 18...","og_url":"https:\/\/quehacerpolitico.mx\/?p=98161","article_published_time":"2023-01-19T18:06:07+00:00","article_modified_time":"2023-01-19T18:06:10+00:00","og_image":[{"width":620,"height":340,"url":"https:\/\/quehacerpolitico.mx\/wp-content\/uploads\/2023\/01\/926A1106-80AE-4AD2-B38B-53933F1B932C.jpeg","type":"image\/jpeg"}],"author":"Redacci\u00f3n QP","twitter_card":"summary_large_image","twitter_misc":{"Escrito por":"Redacci\u00f3n QP","Tiempo de lectura":"3 minutos"},"schema":{"@context":"https:\/\/schema.org","@graph":[{"@type":"Article","@id":"https:\/\/quehacerpolitico.mx\/?p=98161#article","isPartOf":{"@id":"https:\/\/quehacerpolitico.mx\/?p=98161"},"author":{"name":"Redacci\u00f3n QP","@id":"https:\/\/quehacerpolitico.mx\/#\/schema\/person\/496d8ad2d1d3f8036101dca7ee39e585"},"headline":"Baja la percepci\u00f3n de inseguridad en M\u00e9xico al cierre de 2022: Inegi","datePublished":"2023-01-19T18:06:07+00:00","dateModified":"2023-01-19T18:06:10+00:00","mainEntityOfPage":{"@id":"https:\/\/quehacerpolitico.mx\/?p=98161"},"wordCount":519,"commentCount":0,"image":{"@id":"https:\/\/quehacerpolitico.mx\/?p=98161#primaryimage"},"thumbnailUrl":"https:\/\/quehacerpolitico.mx\/wp-content\/uploads\/2023\/01\/926A1106-80AE-4AD2-B38B-53933F1B932C.jpeg","articleSection":["Noticias"],"inLanguage":"es","potentialAction":[{"@type":"CommentAction","name":"Comment","target":["https:\/\/quehacerpolitico.mx\/?p=98161#respond"]}]},{"@type":"WebPage","@id":"https:\/\/quehacerpolitico.mx\/?p=98161","url":"https:\/\/quehacerpolitico.mx\/?p=98161","name":"Baja la percepci\u00f3n de inseguridad en M\u00e9xico al cierre de 2022: Inegi -","isPartOf":{"@id":"https:\/\/quehacerpolitico.mx\/#website"},"primaryImageOfPage":{"@id":"https:\/\/quehacerpolitico.mx\/?p=98161#primaryimage"},"image":{"@id":"https:\/\/quehacerpolitico.mx\/?p=98161#primaryimage"},"thumbnailUrl":"https:\/\/quehacerpolitico.mx\/wp-content\/uploads\/2023\/01\/926A1106-80AE-4AD2-B38B-53933F1B932C.jpeg","datePublished":"2023-01-19T18:06:07+00:00","dateModified":"2023-01-19T18:06:10+00:00","author":{"@id":"https:\/\/quehacerpolitico.mx\/#\/schema\/person\/496d8ad2d1d3f8036101dca7ee39e585"},"breadcrumb":{"@id":"https:\/\/quehacerpolitico.mx\/?p=98161#breadcrumb"},"inLanguage":"es","potentialAction":[{"@type":"ReadAction","target":["https:\/\/quehacerpolitico.mx\/?p=98161"]}]},{"@type":"ImageObject","inLanguage":"es","@id":"https:\/\/quehacerpolitico.mx\/?p=98161#primaryimage","url":"https:\/\/quehacerpolitico.mx\/wp-content\/uploads\/2023\/01\/926A1106-80AE-4AD2-B38B-53933F1B932C.jpeg","contentUrl":"https:\/\/quehacerpolitico.mx\/wp-content\/uploads\/2023\/01\/926A1106-80AE-4AD2-B38B-53933F1B932C.jpeg","width":620,"height":340},{"@type":"BreadcrumbList","@id":"https:\/\/quehacerpolitico.mx\/?p=98161#breadcrumb","itemListElement":[{"@type":"ListItem","position":1,"name":"Inicio","item":"https:\/\/quehacerpolitico.mx\/"},{"@type":"ListItem","position":2,"name":"Baja la percepci\u00f3n de inseguridad en M\u00e9xico al cierre de 2022: Inegi"}]},{"@type":"WebSite","@id":"https:\/\/quehacerpolitico.mx\/#website","url":"https:\/\/quehacerpolitico.mx\/","name":"","description":"","potentialAction":[{"@type":"SearchAction","target":{"@type":"EntryPoint","urlTemplate":"https:\/\/quehacerpolitico.mx\/?s={search_term_string}"},"query-input":{"@type":"PropertyValueSpecification","valueRequired":true,"valueName":"search_term_string"}}],"inLanguage":"es"},{"@type":"Person","@id":"https:\/\/quehacerpolitico.mx\/#\/schema\/person\/496d8ad2d1d3f8036101dca7ee39e585","name":"Redacci\u00f3n QP","image":{"@type":"ImageObject","inLanguage":"es","@id":"https:\/\/secure.gravatar.com\/avatar\/c7164ed6fdec453195284ad24a5ae5b6e1eed2b848477fa2a4787ba9adf39a41?s=96&d=mm&r=g","url":"https:\/\/secure.gravatar.com\/avatar\/c7164ed6fdec453195284ad24a5ae5b6e1eed2b848477fa2a4787ba9adf39a41?s=96&d=mm&r=g","contentUrl":"https:\/\/secure.gravatar.com\/avatar\/c7164ed6fdec453195284ad24a5ae5b6e1eed2b848477fa2a4787ba9adf39a41?s=96&d=mm&r=g","caption":"Redacci\u00f3n QP"},"url":"https:\/\/quehacerpolitico.mx\/?author=2"}]}},"featured_image_urls":{"full":["https:\/\/quehacerpolitico.mx\/wp-content\/uploads\/2023\/01\/926A1106-80AE-4AD2-B38B-53933F1B932C.jpeg",620,340,false],"thumbnail":["https:\/\/quehacerpolitico.mx\/wp-content\/uploads\/2023\/01\/926A1106-80AE-4AD2-B38B-53933F1B932C-150x150.jpeg",150,150,true],"medium":["https:\/\/quehacerpolitico.mx\/wp-content\/uploads\/2023\/01\/926A1106-80AE-4AD2-B38B-53933F1B932C-300x165.jpeg",300,165,true],"medium_large":["https:\/\/quehacerpolitico.mx\/wp-content\/uploads\/2023\/01\/926A1106-80AE-4AD2-B38B-53933F1B932C.jpeg",620,340,false],"large":["https:\/\/quehacerpolitico.mx\/wp-content\/uploads\/2023\/01\/926A1106-80AE-4AD2-B38B-53933F1B932C.jpeg",620,340,false],"1536x1536":["https:\/\/quehacerpolitico.mx\/wp-content\/uploads\/2023\/01\/926A1106-80AE-4AD2-B38B-53933F1B932C.jpeg",620,340,false],"2048x2048":["https:\/\/quehacerpolitico.mx\/wp-content\/uploads\/2023\/01\/926A1106-80AE-4AD2-B38B-53933F1B932C.jpeg",620,340,false],"covernews-featured":["https:\/\/quehacerpolitico.mx\/wp-content\/uploads\/2023\/01\/926A1106-80AE-4AD2-B38B-53933F1B932C.jpeg",620,340,false],"covernews-medium":["https:\/\/quehacerpolitico.mx\/wp-content\/uploads\/2023\/01\/926A1106-80AE-4AD2-B38B-53933F1B932C.jpeg",540,296,false]},"author_info":{"display_name":"Redacci\u00f3n QP","author_link":"https:\/\/quehacerpolitico.mx\/?author=2"},"category_info":"<a href=\"https:\/\/quehacerpolitico.mx\/?cat=2\" rel=\"category\">Noticias<\/a>","tag_info":"Noticias","comment_count":"0","_links":{"self":[{"href":"https:\/\/quehacerpolitico.mx\/index.php?rest_route=\/wp\/v2\/posts\/98161","targetHints":{"allow":["GET"]}}],"collection":[{"href":"https:\/\/quehacerpolitico.mx\/index.php?rest_route=\/wp\/v2\/posts"}],"about":[{"href":"https:\/\/quehacerpolitico.mx\/index.php?rest_route=\/wp\/v2\/types\/post"}],"author":[{"embeddable":true,"href":"https:\/\/quehacerpolitico.mx\/index.php?rest_route=\/wp\/v2\/users\/2"}],"replies":[{"embeddable":true,"href":"https:\/\/quehacerpolitico.mx\/index.php?rest_route=%2Fwp%2Fv2%2Fcomments&post=98161"}],"version-history":[{"count":1,"href":"https:\/\/quehacerpolitico.mx\/index.php?rest_route=\/wp\/v2\/posts\/98161\/revisions"}],"predecessor-version":[{"id":98163,"href":"https:\/\/quehacerpolitico.mx\/index.php?rest_route=\/wp\/v2\/posts\/98161\/revisions\/98163"}],"wp:featuredmedia":[{"embeddable":true,"href":"https:\/\/quehacerpolitico.mx\/index.php?rest_route=\/wp\/v2\/media\/98162"}],"wp:attachment":[{"href":"https:\/\/quehacerpolitico.mx\/index.php?rest_route=%2Fwp%2Fv2%2Fmedia&parent=98161"}],"wp:term":[{"taxonomy":"category","embeddable":true,"href":"https:\/\/quehacerpolitico.mx\/index.php?rest_route=%2Fwp%2Fv2%2Fcategories&post=98161"},{"taxonomy":"post_tag","embeddable":true,"href":"https:\/\/quehacerpolitico.mx\/index.php?rest_route=%2Fwp%2Fv2%2Ftags&post=98161"}],"curies":[{"name":"wp","href":"https:\/\/api.w.org\/{rel}","templated":true}]}}