{"id":98158,"date":"2023-01-19T15:52:16","date_gmt":"2023-01-19T15:52:16","guid":{"rendered":"https:\/\/quehacerpolitico.mx\/?p=98158"},"modified":"2023-01-19T15:52:18","modified_gmt":"2023-01-19T15:52:18","slug":"que-se-conmemora-hoy-19-de-enero","status":"publish","type":"post","link":"https:\/\/quehacerpolitico.mx\/?p=98158","title":{"rendered":"\u00bfQu\u00e9 se conmemora hoy, 19 de enero?"},"content":{"rendered":"\n<p>Por Redacci\u00f3n QP<\/p>\n\n\n\n<p>Los hechos que poco a poco fueron forjando la historia del mundo, un d\u00eda igual a hoy<\/p>\n\n\n\n<p><strong>El 19\u00a0de enero ocurrieron diversos sucesos\u00a0que se quedaron marcados\u00a0en el almanaque de la historia internacional.<\/strong><\/p>\n\n\n\n<p>Desde descubrimientos cient\u00edficos, nacimientos de celebridades y&nbsp;hasta tr\u00e1gicas muertes,&nbsp;<strong>esto fue&nbsp;lo ocurri\u00f3 en la historia, un d\u00eda como hoy.&nbsp;<\/strong><\/p>\n\n\n\n<h2 class=\"wp-block-heading\">Efem\u00e9rides, 19&nbsp;de enero:&nbsp;<\/h2>\n\n\n\n<p>1880: El Congreso de los Diputados de Espa\u00f1a vota la abolici\u00f3n de la esclavitud en Cuba.<\/p>\n\n\n\n<p>1915: Georges Claude patenta el primer tubo de ne\u00f3n usado en carteles publicitarios.<\/p>\n\n\n\n<p>1930: Walt Disney crea la primera versi\u00f3n de Mickey Mouse con el nombre de Mortimer.<\/p>\n\n\n\n<p>1957: En Chile, se sepultan temporalmente los restos de Gabriela Mistral en el Mausoleo de la Sociedad de Profesores de Instrucci\u00f3n Primaria.<\/p>\n\n\n\n<p>1964: En M\u00e9xico, el club de f\u00fatbol Cruz Azul logra el ascenso a la primera divisi\u00f3n mexicana.<\/p>\n\n\n\n<p>1965: Estados Unidos lanza la nave Gemini 2.<\/p>\n\n\n\n<p>1966: En India, Indira Gandhi es elegida primera ministra.<\/p>\n\n\n\n<p>1969: En Praga (Checoslovaquia), el estudiante Jan Palach muere 3&nbsp;d\u00edas despu\u00e9s de quemarse a lo bonzo en la plaza Wenzel, en protesta a la invasi\u00f3n de su pa\u00eds por parte de la Uni\u00f3n Sovi\u00e9tica en 1968 y la suspensi\u00f3n de libertades individuales. Sus funerales derivan tambi\u00e9n en graves incidentes.<\/p>\n\n\n\n<p>1971: Se funda el Movimiento al Socialismo (MAS), producto de la divisi\u00f3n del Partido Comunista de Venezuela a finales de los a\u00f1os sesenta.<\/p>\n\n\n\n<p>1977: Se produce una nevisca (nevada ligera) en Miami (Estados Unidos), en la que la nieve no cuaj\u00f3 (no hubo acumulaci\u00f3n).<\/p>\n\n\n\n<p>1978: En Alemania el \u00faltimo Volkswagen Sed\u00e1n deja las l\u00edneas de producci\u00f3n del pa\u00eds.<\/p>\n\n\n\n<p>1983: En Bolivia, la polic\u00eda arresta a Klaus Barbie, quien en los a\u00f1os cuarenta actu\u00f3 como un criminal de guerra nazi.<\/p>\n\n\n\n<p>1983: En Estados Unidos, anuncian el Apple Lisa, el primer computador personal liberado al comercio, de la empresa Apple Computer, Inc. que tiene una interfaz de usuario gr\u00e1fica y un rat\u00f3n.<\/p>\n\n\n\n<p>1989: En M\u00e9xico se estrena la telenovela Carrusel de Ni\u00f1os protagonizada por Gabriela Rivero.<\/p>\n\n\n\n<p>1998: En Costa Rica sale al aire la primera emisi\u00f3n del programa televisivo Noticias Repretel de Canal&nbsp;6 (Repretel).<\/p>\n\n\n\n<p>2006: Estados Unidos lanza la sonda New Horizons al planeta enano Plut\u00f3n.<\/p>\n\n\n\n<p>2008: En Espa\u00f1a, el sacerdote jesuita Adolfo Nicol\u00e1s es elegido superior general de la Compa\u00f1\u00eda de Jes\u00fas.<\/p>\n\n\n\n<p>2010: En Chile, la empresa Salo, S. A. se declara oficialmente en quiebra.<\/p>\n\n\n\n<p>2012: Estados Unidos clausura la p\u00e1gina web de transferencia de archivos Megaupload.<\/p>\n\n\n\n<p>2012: La hist\u00f3rica empresa Eastman Kodak se declara en quiebra.<\/p>\n\n\n\n<p>2013: El joven estadounidense Kim Dotcom abre los sitios Mega, Megabox y Megamovie, justo un a\u00f1o despu\u00e9s del cierre de Megaupload, Megavideo, entre otros sitios web del proyecto Megaworld.<\/p>\n\n\n\n<p>2020: En Chile se vandaliza la tumba del cantautor V\u00edctor Jara.<\/p>\n\n\n\n<p>2021: El Boca Juniors femenil venci\u00f3 7-0 a sus pares de River en la final del Torneo de Transici\u00f3n 2020 y se coron\u00f3 campe\u00f3n del f\u00fatbol argentino, siendo este el primer campeonato profesional en el f\u00fatbol femenino de Argentina.<\/p>\n\n\n\n<h2 class=\"wp-block-heading\">Cumplea\u00f1os<\/h2>\n\n\n\n<p>1839: Paul C\u00e9zanne, pintor franc\u00e9s (f. 1906).<\/p>\n\n\n\n<p>1921: Patricia Highsmith, escritora estadounidense (f. 1995).<\/p>\n\n\n\n<p>1943: Larry Clark, cineasta estadounidense.<\/p>\n\n\n\n<p>1943: Janis Joplin, cantante estadounidense (f. 1970).<\/p>\n\n\n\n<p>1946: Julian Barnes, novelista brit\u00e1nico.<\/p>\n\n\n\n<p>1946: Dolly Parton, cantante, actriz y compositora de m\u00fasica country estadounidense.<\/p>\n\n\n\n<p>1954: Cindy Sherman, fot\u00f3grafa estadounidense.<\/p>\n\n\n\n<p>1955: V\u00edctor Gaviria: director de cine, guionista, poeta y escritor colombiano.<\/p>\n\n\n\n<p>1964: Ricardo Arjona, cantautor guatemalteco.<\/p>\n\n\n\n<p>2001: Ed Maverick, cantante y compositor mexicano.<\/p>\n\n\n\n<h2 class=\"wp-block-heading\">Fallecimientos<\/h2>\n\n\n\n<p>1927: Carlota de M\u00e9xico, arist\u00f3crata y emperatriz mexicana (n. 1840).<\/p>\n\n\n\n<p>1990: Osho, fil\u00f3sofo y m\u00edstico indio (n. 1931).<\/p>\n\n\n\n<p>2003: Fran\u00e7oise Giroud, escritora y periodista francesa (n. 1916).<\/p>\n\n\n\n<p>2022: Gaspard Ulliel, actor y modelo franc\u00e9s (n. 1984).<\/p>\n\n\n\n<h2 class=\"wp-block-heading\">\u00bfQu\u00e9 se conmemora hoy, 19 de enero?<\/h2>\n\n\n\n<p>D\u00eda de las palomitas de ma\u00edz&nbsp;<\/p>\n","protected":false},"excerpt":{"rendered":"<p>Por Redacci\u00f3n QP Los hechos que poco a poco fueron forjando la historia del mundo,&#8230;<\/p>\n","protected":false},"author":2,"featured_media":98159,"comment_status":"open","ping_status":"open","sticky":false,"template":"","format":"standard","meta":{"_monsterinsights_skip_tracking":false,"_monsterinsights_sitenote_active":false,"_monsterinsights_sitenote_note":"","_monsterinsights_sitenote_category":0,"footnotes":""},"categories":[58],"tags":[],"class_list":["post-98158","post","type-post","status-publish","format-standard","has-post-thumbnail","hentry","category-cultura"],"yoast_head":"<!-- This site is optimized with the Yoast SEO plugin v27.3 - https:\/\/yoast.com\/product\/yoast-seo-wordpress\/ -->\n<title>\u00bfQu\u00e9 se conmemora hoy, 19 de enero? -<\/title>\n<meta name=\"robots\" content=\"index, follow, max-snippet:-1, max-image-preview:large, max-video-preview:-1\" \/>\n<link rel=\"canonical\" href=\"https:\/\/quehacerpolitico.mx\/?p=98158\" \/>\n<meta property=\"og:locale\" content=\"es_MX\" \/>\n<meta property=\"og:type\" content=\"article\" \/>\n<meta property=\"og:title\" content=\"\u00bfQu\u00e9 se conmemora hoy, 19 de enero? -\" \/>\n<meta property=\"og:description\" content=\"Por Redacci\u00f3n QP Los hechos que poco a poco fueron forjando la historia del mundo,...\" \/>\n<meta property=\"og:url\" content=\"https:\/\/quehacerpolitico.mx\/?p=98158\" \/>\n<meta property=\"article:published_time\" content=\"2023-01-19T15:52:16+00:00\" \/>\n<meta property=\"article:modified_time\" content=\"2023-01-19T15:52:18+00:00\" \/>\n<meta property=\"og:image\" content=\"https:\/\/quehacerpolitico.mx\/wp-content\/uploads\/2023\/01\/1197C054-0B1C-40B6-AD02-4F8B068C6B18.jpeg\" \/>\n\t<meta property=\"og:image:width\" content=\"608\" \/>\n\t<meta property=\"og:image:height\" content=\"342\" \/>\n\t<meta property=\"og:image:type\" content=\"image\/jpeg\" \/>\n<meta name=\"author\" content=\"Redacci\u00f3n QP\" \/>\n<meta name=\"twitter:card\" content=\"summary_large_image\" \/>\n<meta name=\"twitter:label1\" content=\"Escrito por\" \/>\n\t<meta name=\"twitter:data1\" content=\"Redacci\u00f3n QP\" \/>\n\t<meta name=\"twitter:label2\" content=\"Tiempo de lectura\" \/>\n\t<meta name=\"twitter:data2\" content=\"3 minutos\" \/>\n<script type=\"application\/ld+json\" class=\"yoast-schema-graph\">{\"@context\":\"https:\\\/\\\/schema.org\",\"@graph\":[{\"@type\":\"Article\",\"@id\":\"https:\\\/\\\/quehacerpolitico.mx\\\/?p=98158#article\",\"isPartOf\":{\"@id\":\"https:\\\/\\\/quehacerpolitico.mx\\\/?p=98158\"},\"author\":{\"name\":\"Redacci\u00f3n QP\",\"@id\":\"https:\\\/\\\/quehacerpolitico.mx\\\/#\\\/schema\\\/person\\\/496d8ad2d1d3f8036101dca7ee39e585\"},\"headline\":\"\u00bfQu\u00e9 se conmemora hoy, 19 de enero?\",\"datePublished\":\"2023-01-19T15:52:16+00:00\",\"dateModified\":\"2023-01-19T15:52:18+00:00\",\"mainEntityOfPage\":{\"@id\":\"https:\\\/\\\/quehacerpolitico.mx\\\/?p=98158\"},\"wordCount\":648,\"commentCount\":0,\"image\":{\"@id\":\"https:\\\/\\\/quehacerpolitico.mx\\\/?p=98158#primaryimage\"},\"thumbnailUrl\":\"https:\\\/\\\/quehacerpolitico.mx\\\/wp-content\\\/uploads\\\/2023\\\/01\\\/1197C054-0B1C-40B6-AD02-4F8B068C6B18.jpeg\",\"articleSection\":[\"Cultura y Entretenimiento\"],\"inLanguage\":\"es\",\"potentialAction\":[{\"@type\":\"CommentAction\",\"name\":\"Comment\",\"target\":[\"https:\\\/\\\/quehacerpolitico.mx\\\/?p=98158#respond\"]}]},{\"@type\":\"WebPage\",\"@id\":\"https:\\\/\\\/quehacerpolitico.mx\\\/?p=98158\",\"url\":\"https:\\\/\\\/quehacerpolitico.mx\\\/?p=98158\",\"name\":\"\u00bfQu\u00e9 se conmemora hoy, 19 de enero? -\",\"isPartOf\":{\"@id\":\"https:\\\/\\\/quehacerpolitico.mx\\\/#website\"},\"primaryImageOfPage\":{\"@id\":\"https:\\\/\\\/quehacerpolitico.mx\\\/?p=98158#primaryimage\"},\"image\":{\"@id\":\"https:\\\/\\\/quehacerpolitico.mx\\\/?p=98158#primaryimage\"},\"thumbnailUrl\":\"https:\\\/\\\/quehacerpolitico.mx\\\/wp-content\\\/uploads\\\/2023\\\/01\\\/1197C054-0B1C-40B6-AD02-4F8B068C6B18.jpeg\",\"datePublished\":\"2023-01-19T15:52:16+00:00\",\"dateModified\":\"2023-01-19T15:52:18+00:00\",\"author\":{\"@id\":\"https:\\\/\\\/quehacerpolitico.mx\\\/#\\\/schema\\\/person\\\/496d8ad2d1d3f8036101dca7ee39e585\"},\"breadcrumb\":{\"@id\":\"https:\\\/\\\/quehacerpolitico.mx\\\/?p=98158#breadcrumb\"},\"inLanguage\":\"es\",\"potentialAction\":[{\"@type\":\"ReadAction\",\"target\":[\"https:\\\/\\\/quehacerpolitico.mx\\\/?p=98158\"]}]},{\"@type\":\"ImageObject\",\"inLanguage\":\"es\",\"@id\":\"https:\\\/\\\/quehacerpolitico.mx\\\/?p=98158#primaryimage\",\"url\":\"https:\\\/\\\/quehacerpolitico.mx\\\/wp-content\\\/uploads\\\/2023\\\/01\\\/1197C054-0B1C-40B6-AD02-4F8B068C6B18.jpeg\",\"contentUrl\":\"https:\\\/\\\/quehacerpolitico.mx\\\/wp-content\\\/uploads\\\/2023\\\/01\\\/1197C054-0B1C-40B6-AD02-4F8B068C6B18.jpeg\",\"width\":608,\"height\":342},{\"@type\":\"BreadcrumbList\",\"@id\":\"https:\\\/\\\/quehacerpolitico.mx\\\/?p=98158#breadcrumb\",\"itemListElement\":[{\"@type\":\"ListItem\",\"position\":1,\"name\":\"Inicio\",\"item\":\"https:\\\/\\\/quehacerpolitico.mx\\\/\"},{\"@type\":\"ListItem\",\"position\":2,\"name\":\"\u00bfQu\u00e9 se conmemora hoy, 19 de enero?\"}]},{\"@type\":\"WebSite\",\"@id\":\"https:\\\/\\\/quehacerpolitico.mx\\\/#website\",\"url\":\"https:\\\/\\\/quehacerpolitico.mx\\\/\",\"name\":\"\",\"description\":\"\",\"potentialAction\":[{\"@type\":\"SearchAction\",\"target\":{\"@type\":\"EntryPoint\",\"urlTemplate\":\"https:\\\/\\\/quehacerpolitico.mx\\\/?s={search_term_string}\"},\"query-input\":{\"@type\":\"PropertyValueSpecification\",\"valueRequired\":true,\"valueName\":\"search_term_string\"}}],\"inLanguage\":\"es\"},{\"@type\":\"Person\",\"@id\":\"https:\\\/\\\/quehacerpolitico.mx\\\/#\\\/schema\\\/person\\\/496d8ad2d1d3f8036101dca7ee39e585\",\"name\":\"Redacci\u00f3n QP\",\"image\":{\"@type\":\"ImageObject\",\"inLanguage\":\"es\",\"@id\":\"https:\\\/\\\/secure.gravatar.com\\\/avatar\\\/c7164ed6fdec453195284ad24a5ae5b6e1eed2b848477fa2a4787ba9adf39a41?s=96&d=mm&r=g\",\"url\":\"https:\\\/\\\/secure.gravatar.com\\\/avatar\\\/c7164ed6fdec453195284ad24a5ae5b6e1eed2b848477fa2a4787ba9adf39a41?s=96&d=mm&r=g\",\"contentUrl\":\"https:\\\/\\\/secure.gravatar.com\\\/avatar\\\/c7164ed6fdec453195284ad24a5ae5b6e1eed2b848477fa2a4787ba9adf39a41?s=96&d=mm&r=g\",\"caption\":\"Redacci\u00f3n QP\"},\"url\":\"https:\\\/\\\/quehacerpolitico.mx\\\/?author=2\"}]}<\/script>\n<!-- \/ Yoast SEO plugin. -->","yoast_head_json":{"title":"\u00bfQu\u00e9 se conmemora hoy, 19 de enero? -","robots":{"index":"index","follow":"follow","max-snippet":"max-snippet:-1","max-image-preview":"max-image-preview:large","max-video-preview":"max-video-preview:-1"},"canonical":"https:\/\/quehacerpolitico.mx\/?p=98158","og_locale":"es_MX","og_type":"article","og_title":"\u00bfQu\u00e9 se conmemora hoy, 19 de enero? -","og_description":"Por Redacci\u00f3n QP Los hechos que poco a poco fueron forjando la historia del mundo,...","og_url":"https:\/\/quehacerpolitico.mx\/?p=98158","article_published_time":"2023-01-19T15:52:16+00:00","article_modified_time":"2023-01-19T15:52:18+00:00","og_image":[{"width":608,"height":342,"url":"https:\/\/quehacerpolitico.mx\/wp-content\/uploads\/2023\/01\/1197C054-0B1C-40B6-AD02-4F8B068C6B18.jpeg","type":"image\/jpeg"}],"author":"Redacci\u00f3n QP","twitter_card":"summary_large_image","twitter_misc":{"Escrito por":"Redacci\u00f3n QP","Tiempo de lectura":"3 minutos"},"schema":{"@context":"https:\/\/schema.org","@graph":[{"@type":"Article","@id":"https:\/\/quehacerpolitico.mx\/?p=98158#article","isPartOf":{"@id":"https:\/\/quehacerpolitico.mx\/?p=98158"},"author":{"name":"Redacci\u00f3n QP","@id":"https:\/\/quehacerpolitico.mx\/#\/schema\/person\/496d8ad2d1d3f8036101dca7ee39e585"},"headline":"\u00bfQu\u00e9 se conmemora hoy, 19 de enero?","datePublished":"2023-01-19T15:52:16+00:00","dateModified":"2023-01-19T15:52:18+00:00","mainEntityOfPage":{"@id":"https:\/\/quehacerpolitico.mx\/?p=98158"},"wordCount":648,"commentCount":0,"image":{"@id":"https:\/\/quehacerpolitico.mx\/?p=98158#primaryimage"},"thumbnailUrl":"https:\/\/quehacerpolitico.mx\/wp-content\/uploads\/2023\/01\/1197C054-0B1C-40B6-AD02-4F8B068C6B18.jpeg","articleSection":["Cultura y Entretenimiento"],"inLanguage":"es","potentialAction":[{"@type":"CommentAction","name":"Comment","target":["https:\/\/quehacerpolitico.mx\/?p=98158#respond"]}]},{"@type":"WebPage","@id":"https:\/\/quehacerpolitico.mx\/?p=98158","url":"https:\/\/quehacerpolitico.mx\/?p=98158","name":"\u00bfQu\u00e9 se conmemora hoy, 19 de enero? -","isPartOf":{"@id":"https:\/\/quehacerpolitico.mx\/#website"},"primaryImageOfPage":{"@id":"https:\/\/quehacerpolitico.mx\/?p=98158#primaryimage"},"image":{"@id":"https:\/\/quehacerpolitico.mx\/?p=98158#primaryimage"},"thumbnailUrl":"https:\/\/quehacerpolitico.mx\/wp-content\/uploads\/2023\/01\/1197C054-0B1C-40B6-AD02-4F8B068C6B18.jpeg","datePublished":"2023-01-19T15:52:16+00:00","dateModified":"2023-01-19T15:52:18+00:00","author":{"@id":"https:\/\/quehacerpolitico.mx\/#\/schema\/person\/496d8ad2d1d3f8036101dca7ee39e585"},"breadcrumb":{"@id":"https:\/\/quehacerpolitico.mx\/?p=98158#breadcrumb"},"inLanguage":"es","potentialAction":[{"@type":"ReadAction","target":["https:\/\/quehacerpolitico.mx\/?p=98158"]}]},{"@type":"ImageObject","inLanguage":"es","@id":"https:\/\/quehacerpolitico.mx\/?p=98158#primaryimage","url":"https:\/\/quehacerpolitico.mx\/wp-content\/uploads\/2023\/01\/1197C054-0B1C-40B6-AD02-4F8B068C6B18.jpeg","contentUrl":"https:\/\/quehacerpolitico.mx\/wp-content\/uploads\/2023\/01\/1197C054-0B1C-40B6-AD02-4F8B068C6B18.jpeg","width":608,"height":342},{"@type":"BreadcrumbList","@id":"https:\/\/quehacerpolitico.mx\/?p=98158#breadcrumb","itemListElement":[{"@type":"ListItem","position":1,"name":"Inicio","item":"https:\/\/quehacerpolitico.mx\/"},{"@type":"ListItem","position":2,"name":"\u00bfQu\u00e9 se conmemora hoy, 19 de enero?"}]},{"@type":"WebSite","@id":"https:\/\/quehacerpolitico.mx\/#website","url":"https:\/\/quehacerpolitico.mx\/","name":"","description":"","potentialAction":[{"@type":"SearchAction","target":{"@type":"EntryPoint","urlTemplate":"https:\/\/quehacerpolitico.mx\/?s={search_term_string}"},"query-input":{"@type":"PropertyValueSpecification","valueRequired":true,"valueName":"search_term_string"}}],"inLanguage":"es"},{"@type":"Person","@id":"https:\/\/quehacerpolitico.mx\/#\/schema\/person\/496d8ad2d1d3f8036101dca7ee39e585","name":"Redacci\u00f3n QP","image":{"@type":"ImageObject","inLanguage":"es","@id":"https:\/\/secure.gravatar.com\/avatar\/c7164ed6fdec453195284ad24a5ae5b6e1eed2b848477fa2a4787ba9adf39a41?s=96&d=mm&r=g","url":"https:\/\/secure.gravatar.com\/avatar\/c7164ed6fdec453195284ad24a5ae5b6e1eed2b848477fa2a4787ba9adf39a41?s=96&d=mm&r=g","contentUrl":"https:\/\/secure.gravatar.com\/avatar\/c7164ed6fdec453195284ad24a5ae5b6e1eed2b848477fa2a4787ba9adf39a41?s=96&d=mm&r=g","caption":"Redacci\u00f3n QP"},"url":"https:\/\/quehacerpolitico.mx\/?author=2"}]}},"featured_image_urls":{"full":["https:\/\/quehacerpolitico.mx\/wp-content\/uploads\/2023\/01\/1197C054-0B1C-40B6-AD02-4F8B068C6B18.jpeg",608,342,false],"thumbnail":["https:\/\/quehacerpolitico.mx\/wp-content\/uploads\/2023\/01\/1197C054-0B1C-40B6-AD02-4F8B068C6B18-150x150.jpeg",150,150,true],"medium":["https:\/\/quehacerpolitico.mx\/wp-content\/uploads\/2023\/01\/1197C054-0B1C-40B6-AD02-4F8B068C6B18-300x169.jpeg",300,169,true],"medium_large":["https:\/\/quehacerpolitico.mx\/wp-content\/uploads\/2023\/01\/1197C054-0B1C-40B6-AD02-4F8B068C6B18.jpeg",608,342,false],"large":["https:\/\/quehacerpolitico.mx\/wp-content\/uploads\/2023\/01\/1197C054-0B1C-40B6-AD02-4F8B068C6B18.jpeg",608,342,false],"1536x1536":["https:\/\/quehacerpolitico.mx\/wp-content\/uploads\/2023\/01\/1197C054-0B1C-40B6-AD02-4F8B068C6B18.jpeg",608,342,false],"2048x2048":["https:\/\/quehacerpolitico.mx\/wp-content\/uploads\/2023\/01\/1197C054-0B1C-40B6-AD02-4F8B068C6B18.jpeg",608,342,false],"covernews-featured":["https:\/\/quehacerpolitico.mx\/wp-content\/uploads\/2023\/01\/1197C054-0B1C-40B6-AD02-4F8B068C6B18.jpeg",608,342,false],"covernews-medium":["https:\/\/quehacerpolitico.mx\/wp-content\/uploads\/2023\/01\/1197C054-0B1C-40B6-AD02-4F8B068C6B18.jpeg",540,304,false]},"author_info":{"display_name":"Redacci\u00f3n QP","author_link":"https:\/\/quehacerpolitico.mx\/?author=2"},"category_info":"<a href=\"https:\/\/quehacerpolitico.mx\/?cat=58\" rel=\"category\">Cultura y Entretenimiento<\/a>","tag_info":"Cultura y Entretenimiento","comment_count":"0","_links":{"self":[{"href":"https:\/\/quehacerpolitico.mx\/index.php?rest_route=\/wp\/v2\/posts\/98158","targetHints":{"allow":["GET"]}}],"collection":[{"href":"https:\/\/quehacerpolitico.mx\/index.php?rest_route=\/wp\/v2\/posts"}],"about":[{"href":"https:\/\/quehacerpolitico.mx\/index.php?rest_route=\/wp\/v2\/types\/post"}],"author":[{"embeddable":true,"href":"https:\/\/quehacerpolitico.mx\/index.php?rest_route=\/wp\/v2\/users\/2"}],"replies":[{"embeddable":true,"href":"https:\/\/quehacerpolitico.mx\/index.php?rest_route=%2Fwp%2Fv2%2Fcomments&post=98158"}],"version-history":[{"count":1,"href":"https:\/\/quehacerpolitico.mx\/index.php?rest_route=\/wp\/v2\/posts\/98158\/revisions"}],"predecessor-version":[{"id":98160,"href":"https:\/\/quehacerpolitico.mx\/index.php?rest_route=\/wp\/v2\/posts\/98158\/revisions\/98160"}],"wp:featuredmedia":[{"embeddable":true,"href":"https:\/\/quehacerpolitico.mx\/index.php?rest_route=\/wp\/v2\/media\/98159"}],"wp:attachment":[{"href":"https:\/\/quehacerpolitico.mx\/index.php?rest_route=%2Fwp%2Fv2%2Fmedia&parent=98158"}],"wp:term":[{"taxonomy":"category","embeddable":true,"href":"https:\/\/quehacerpolitico.mx\/index.php?rest_route=%2Fwp%2Fv2%2Fcategories&post=98158"},{"taxonomy":"post_tag","embeddable":true,"href":"https:\/\/quehacerpolitico.mx\/index.php?rest_route=%2Fwp%2Fv2%2Ftags&post=98158"}],"curies":[{"name":"wp","href":"https:\/\/api.w.org\/{rel}","templated":true}]}}