{"id":98146,"date":"2023-01-18T22:10:27","date_gmt":"2023-01-18T22:10:27","guid":{"rendered":"https:\/\/quehacerpolitico.mx\/?p=98146"},"modified":"2023-01-18T22:10:30","modified_gmt":"2023-01-18T22:10:30","slug":"me-voy-a-defender-porque-soy-una-maestra-de-categoria-ante-despido-de-la-unam-martha-rodriguez-ortiz","status":"publish","type":"post","link":"https:\/\/quehacerpolitico.mx\/?p=98146","title":{"rendered":"Me voy a defender porque soy una maestra de categor\u00eda\u201d ante despido de la UNAM: Martha Rodr\u00edguez Ortiz"},"content":{"rendered":"\n<p>Por Redacci\u00f3n QP<\/p>\n\n\n\n<p>Queda totalmente suspendida la relaci\u00f3n de trabajo de la profesora con cualquier entidad acad\u00e9mica de la universidad, as\u00ed como el pago de sus salarios<\/p>\n\n\n\n<p>La\u00a0Universidad Nacional Aut\u00f3noma de M\u00e9xico (UNAM) anunci\u00f3 este mi\u00e9rcoles que despidi\u00f3 a la profesora Martha Rodr\u00edguez Ortiz, asesora de tesis de la ministra Yasm\u00edn Esquivel, acusando que se cometieron &#8220;causas graves de responsabilidad, as\u00ed como en faltas de probidad y honradez en el desempe\u00f1o de sus labores como acad\u00e9mica y directora de tesis profesionales&#8221;.<\/p>\n\n\n\n<p>La universidad inform\u00f3 en un comunicado que con la notificaci\u00f3n oficial, emitida con fecha 17 de enero de 2023, queda totalmente suspendida la relaci\u00f3n de trabajo de la profesora con cualquier entidad acad\u00e9mica de la misma, as\u00ed como el pago de sus salarios.<\/p>\n\n\n\n<p>Martha Rodr\u00edguez Ortiz, asesora de tesis de la ministra de la Suprema Corte de Justicia de la Naci\u00f3n (SCJN), Yasm\u00edn Esquivel Mossa, reconoci\u00f3 ante autoridades acad\u00e9micas de la Universidad Nacional Aut\u00f3noma de M\u00e9xico (UNAM) que fue ella quien comparti\u00f3 el proyecto de tesis de su asesorada al entonces alumno de la Facultad de Derecho, \u00c9dgar Ulises B\u00e1ez Guti\u00e9rrez.<\/p>\n\n\n\n<p>La ahora exmaestra de tiempo completo en la\u00a0<strong>FES Arag\u00f3n<\/strong>\u00a0dijo tener 43 a\u00f1os dando clases y ser asesora de al menos 500 tesis.<\/p>\n\n\n\n<p>Inclusive, dijo, destac\u00f3 el a\u00f1o pasado por su labor y aportaciones acad\u00e9micas, reconocimiento que recibi\u00f3 de manos del rector de la\u00a0<strong>UNAM<\/strong>, Enrique Graue.<\/p>\n\n\n\n<p>No entiendo, hasta ahorita despu\u00e9s de 35 a\u00f1os, por qu\u00e9 nos est\u00e1n atacando tanto cuando eran otros tiempos.<\/p>\n\n\n\n<p>Voy a pelear ahora con la UNAM\u201d, lament\u00f3.<\/p>\n\n\n\n<p>Derivado de la pol\u00e9mica por el plagio de la tesis la abogada fue\u00a0despedida como\u00a0<strong>maestra<\/strong>\u00a0de tiempo completo de la\u00a0<strong>FES Arag\u00f3n<\/strong>.<\/p>\n\n\n\n<p>En un\u00a0comunicado, la\u00a0<strong>Universidad Nacional Aut\u00f3noma de M\u00e9xico\u00a0<\/strong>(UNAM) acus\u00f3 a Martha Rodr\u00edguez de incurrir en \u201ccausas graves de responsabilidad, as\u00ed como en faltas de probidad y honradez en el desempe\u00f1o de sus labores como acad\u00e9mica y directora de tesis profesionales\u201d.<\/p>\n","protected":false},"excerpt":{"rendered":"<p>Por Redacci\u00f3n QP Queda totalmente suspendida la relaci\u00f3n de trabajo de la profesora con cualquier&#8230;<\/p>\n","protected":false},"author":2,"featured_media":98147,"comment_status":"open","ping_status":"open","sticky":false,"template":"","format":"standard","meta":{"_monsterinsights_skip_tracking":false,"_monsterinsights_sitenote_active":false,"_monsterinsights_sitenote_note":"","_monsterinsights_sitenote_category":0,"footnotes":""},"categories":[2],"tags":[],"class_list":["post-98146","post","type-post","status-publish","format-standard","has-post-thumbnail","hentry","category-noticias"],"yoast_head":"<!-- This site is optimized with the Yoast SEO plugin v27.3 - https:\/\/yoast.com\/product\/yoast-seo-wordpress\/ -->\n<title>Me voy a defender porque soy una maestra de categor\u00eda\u201d ante despido de la UNAM: Martha Rodr\u00edguez Ortiz -<\/title>\n<meta name=\"robots\" content=\"index, follow, max-snippet:-1, max-image-preview:large, max-video-preview:-1\" \/>\n<link rel=\"canonical\" href=\"https:\/\/quehacerpolitico.mx\/?p=98146\" \/>\n<meta property=\"og:locale\" content=\"es_MX\" \/>\n<meta property=\"og:type\" content=\"article\" \/>\n<meta property=\"og:title\" content=\"Me voy a defender porque soy una maestra de categor\u00eda\u201d ante despido de la UNAM: Martha Rodr\u00edguez Ortiz -\" \/>\n<meta property=\"og:description\" content=\"Por Redacci\u00f3n QP Queda totalmente suspendida la relaci\u00f3n de trabajo de la profesora con cualquier...\" \/>\n<meta property=\"og:url\" content=\"https:\/\/quehacerpolitico.mx\/?p=98146\" \/>\n<meta property=\"article:published_time\" content=\"2023-01-18T22:10:27+00:00\" \/>\n<meta property=\"article:modified_time\" content=\"2023-01-18T22:10:30+00:00\" \/>\n<meta property=\"og:image\" content=\"https:\/\/quehacerpolitico.mx\/wp-content\/uploads\/2023\/01\/1555C39D-203F-4484-AD3F-378DCE3B7A7E.jpeg\" \/>\n\t<meta property=\"og:image:width\" content=\"926\" \/>\n\t<meta property=\"og:image:height\" content=\"514\" \/>\n\t<meta property=\"og:image:type\" content=\"image\/jpeg\" \/>\n<meta name=\"author\" content=\"Redacci\u00f3n QP\" \/>\n<meta name=\"twitter:card\" content=\"summary_large_image\" \/>\n<meta name=\"twitter:label1\" content=\"Escrito por\" \/>\n\t<meta name=\"twitter:data1\" content=\"Redacci\u00f3n QP\" \/>\n\t<meta name=\"twitter:label2\" content=\"Tiempo de lectura\" \/>\n\t<meta name=\"twitter:data2\" content=\"2 minutos\" \/>\n<script type=\"application\/ld+json\" class=\"yoast-schema-graph\">{\"@context\":\"https:\\\/\\\/schema.org\",\"@graph\":[{\"@type\":\"Article\",\"@id\":\"https:\\\/\\\/quehacerpolitico.mx\\\/?p=98146#article\",\"isPartOf\":{\"@id\":\"https:\\\/\\\/quehacerpolitico.mx\\\/?p=98146\"},\"author\":{\"name\":\"Redacci\u00f3n QP\",\"@id\":\"https:\\\/\\\/quehacerpolitico.mx\\\/#\\\/schema\\\/person\\\/496d8ad2d1d3f8036101dca7ee39e585\"},\"headline\":\"Me voy a defender porque soy una maestra de categor\u00eda\u201d ante despido de la UNAM: Martha Rodr\u00edguez Ortiz\",\"datePublished\":\"2023-01-18T22:10:27+00:00\",\"dateModified\":\"2023-01-18T22:10:30+00:00\",\"mainEntityOfPage\":{\"@id\":\"https:\\\/\\\/quehacerpolitico.mx\\\/?p=98146\"},\"wordCount\":372,\"commentCount\":0,\"image\":{\"@id\":\"https:\\\/\\\/quehacerpolitico.mx\\\/?p=98146#primaryimage\"},\"thumbnailUrl\":\"https:\\\/\\\/quehacerpolitico.mx\\\/wp-content\\\/uploads\\\/2023\\\/01\\\/1555C39D-203F-4484-AD3F-378DCE3B7A7E.jpeg\",\"articleSection\":[\"Noticias\"],\"inLanguage\":\"es\",\"potentialAction\":[{\"@type\":\"CommentAction\",\"name\":\"Comment\",\"target\":[\"https:\\\/\\\/quehacerpolitico.mx\\\/?p=98146#respond\"]}]},{\"@type\":\"WebPage\",\"@id\":\"https:\\\/\\\/quehacerpolitico.mx\\\/?p=98146\",\"url\":\"https:\\\/\\\/quehacerpolitico.mx\\\/?p=98146\",\"name\":\"Me voy a defender porque soy una maestra de categor\u00eda\u201d ante despido de la UNAM: Martha Rodr\u00edguez Ortiz -\",\"isPartOf\":{\"@id\":\"https:\\\/\\\/quehacerpolitico.mx\\\/#website\"},\"primaryImageOfPage\":{\"@id\":\"https:\\\/\\\/quehacerpolitico.mx\\\/?p=98146#primaryimage\"},\"image\":{\"@id\":\"https:\\\/\\\/quehacerpolitico.mx\\\/?p=98146#primaryimage\"},\"thumbnailUrl\":\"https:\\\/\\\/quehacerpolitico.mx\\\/wp-content\\\/uploads\\\/2023\\\/01\\\/1555C39D-203F-4484-AD3F-378DCE3B7A7E.jpeg\",\"datePublished\":\"2023-01-18T22:10:27+00:00\",\"dateModified\":\"2023-01-18T22:10:30+00:00\",\"author\":{\"@id\":\"https:\\\/\\\/quehacerpolitico.mx\\\/#\\\/schema\\\/person\\\/496d8ad2d1d3f8036101dca7ee39e585\"},\"breadcrumb\":{\"@id\":\"https:\\\/\\\/quehacerpolitico.mx\\\/?p=98146#breadcrumb\"},\"inLanguage\":\"es\",\"potentialAction\":[{\"@type\":\"ReadAction\",\"target\":[\"https:\\\/\\\/quehacerpolitico.mx\\\/?p=98146\"]}]},{\"@type\":\"ImageObject\",\"inLanguage\":\"es\",\"@id\":\"https:\\\/\\\/quehacerpolitico.mx\\\/?p=98146#primaryimage\",\"url\":\"https:\\\/\\\/quehacerpolitico.mx\\\/wp-content\\\/uploads\\\/2023\\\/01\\\/1555C39D-203F-4484-AD3F-378DCE3B7A7E.jpeg\",\"contentUrl\":\"https:\\\/\\\/quehacerpolitico.mx\\\/wp-content\\\/uploads\\\/2023\\\/01\\\/1555C39D-203F-4484-AD3F-378DCE3B7A7E.jpeg\",\"width\":926,\"height\":514},{\"@type\":\"BreadcrumbList\",\"@id\":\"https:\\\/\\\/quehacerpolitico.mx\\\/?p=98146#breadcrumb\",\"itemListElement\":[{\"@type\":\"ListItem\",\"position\":1,\"name\":\"Inicio\",\"item\":\"https:\\\/\\\/quehacerpolitico.mx\\\/\"},{\"@type\":\"ListItem\",\"position\":2,\"name\":\"Me voy a defender porque soy una maestra de categor\u00eda\u201d ante despido de la UNAM: Martha Rodr\u00edguez Ortiz\"}]},{\"@type\":\"WebSite\",\"@id\":\"https:\\\/\\\/quehacerpolitico.mx\\\/#website\",\"url\":\"https:\\\/\\\/quehacerpolitico.mx\\\/\",\"name\":\"\",\"description\":\"\",\"potentialAction\":[{\"@type\":\"SearchAction\",\"target\":{\"@type\":\"EntryPoint\",\"urlTemplate\":\"https:\\\/\\\/quehacerpolitico.mx\\\/?s={search_term_string}\"},\"query-input\":{\"@type\":\"PropertyValueSpecification\",\"valueRequired\":true,\"valueName\":\"search_term_string\"}}],\"inLanguage\":\"es\"},{\"@type\":\"Person\",\"@id\":\"https:\\\/\\\/quehacerpolitico.mx\\\/#\\\/schema\\\/person\\\/496d8ad2d1d3f8036101dca7ee39e585\",\"name\":\"Redacci\u00f3n QP\",\"image\":{\"@type\":\"ImageObject\",\"inLanguage\":\"es\",\"@id\":\"https:\\\/\\\/secure.gravatar.com\\\/avatar\\\/c7164ed6fdec453195284ad24a5ae5b6e1eed2b848477fa2a4787ba9adf39a41?s=96&d=mm&r=g\",\"url\":\"https:\\\/\\\/secure.gravatar.com\\\/avatar\\\/c7164ed6fdec453195284ad24a5ae5b6e1eed2b848477fa2a4787ba9adf39a41?s=96&d=mm&r=g\",\"contentUrl\":\"https:\\\/\\\/secure.gravatar.com\\\/avatar\\\/c7164ed6fdec453195284ad24a5ae5b6e1eed2b848477fa2a4787ba9adf39a41?s=96&d=mm&r=g\",\"caption\":\"Redacci\u00f3n QP\"},\"url\":\"https:\\\/\\\/quehacerpolitico.mx\\\/?author=2\"}]}<\/script>\n<!-- \/ Yoast SEO plugin. -->","yoast_head_json":{"title":"Me voy a defender porque soy una maestra de categor\u00eda\u201d ante despido de la UNAM: Martha Rodr\u00edguez Ortiz -","robots":{"index":"index","follow":"follow","max-snippet":"max-snippet:-1","max-image-preview":"max-image-preview:large","max-video-preview":"max-video-preview:-1"},"canonical":"https:\/\/quehacerpolitico.mx\/?p=98146","og_locale":"es_MX","og_type":"article","og_title":"Me voy a defender porque soy una maestra de categor\u00eda\u201d ante despido de la UNAM: Martha Rodr\u00edguez Ortiz -","og_description":"Por Redacci\u00f3n QP Queda totalmente suspendida la relaci\u00f3n de trabajo de la profesora con cualquier...","og_url":"https:\/\/quehacerpolitico.mx\/?p=98146","article_published_time":"2023-01-18T22:10:27+00:00","article_modified_time":"2023-01-18T22:10:30+00:00","og_image":[{"width":926,"height":514,"url":"https:\/\/quehacerpolitico.mx\/wp-content\/uploads\/2023\/01\/1555C39D-203F-4484-AD3F-378DCE3B7A7E.jpeg","type":"image\/jpeg"}],"author":"Redacci\u00f3n QP","twitter_card":"summary_large_image","twitter_misc":{"Escrito por":"Redacci\u00f3n QP","Tiempo de lectura":"2 minutos"},"schema":{"@context":"https:\/\/schema.org","@graph":[{"@type":"Article","@id":"https:\/\/quehacerpolitico.mx\/?p=98146#article","isPartOf":{"@id":"https:\/\/quehacerpolitico.mx\/?p=98146"},"author":{"name":"Redacci\u00f3n QP","@id":"https:\/\/quehacerpolitico.mx\/#\/schema\/person\/496d8ad2d1d3f8036101dca7ee39e585"},"headline":"Me voy a defender porque soy una maestra de categor\u00eda\u201d ante despido de la UNAM: Martha Rodr\u00edguez Ortiz","datePublished":"2023-01-18T22:10:27+00:00","dateModified":"2023-01-18T22:10:30+00:00","mainEntityOfPage":{"@id":"https:\/\/quehacerpolitico.mx\/?p=98146"},"wordCount":372,"commentCount":0,"image":{"@id":"https:\/\/quehacerpolitico.mx\/?p=98146#primaryimage"},"thumbnailUrl":"https:\/\/quehacerpolitico.mx\/wp-content\/uploads\/2023\/01\/1555C39D-203F-4484-AD3F-378DCE3B7A7E.jpeg","articleSection":["Noticias"],"inLanguage":"es","potentialAction":[{"@type":"CommentAction","name":"Comment","target":["https:\/\/quehacerpolitico.mx\/?p=98146#respond"]}]},{"@type":"WebPage","@id":"https:\/\/quehacerpolitico.mx\/?p=98146","url":"https:\/\/quehacerpolitico.mx\/?p=98146","name":"Me voy a defender porque soy una maestra de categor\u00eda\u201d ante despido de la UNAM: Martha Rodr\u00edguez Ortiz -","isPartOf":{"@id":"https:\/\/quehacerpolitico.mx\/#website"},"primaryImageOfPage":{"@id":"https:\/\/quehacerpolitico.mx\/?p=98146#primaryimage"},"image":{"@id":"https:\/\/quehacerpolitico.mx\/?p=98146#primaryimage"},"thumbnailUrl":"https:\/\/quehacerpolitico.mx\/wp-content\/uploads\/2023\/01\/1555C39D-203F-4484-AD3F-378DCE3B7A7E.jpeg","datePublished":"2023-01-18T22:10:27+00:00","dateModified":"2023-01-18T22:10:30+00:00","author":{"@id":"https:\/\/quehacerpolitico.mx\/#\/schema\/person\/496d8ad2d1d3f8036101dca7ee39e585"},"breadcrumb":{"@id":"https:\/\/quehacerpolitico.mx\/?p=98146#breadcrumb"},"inLanguage":"es","potentialAction":[{"@type":"ReadAction","target":["https:\/\/quehacerpolitico.mx\/?p=98146"]}]},{"@type":"ImageObject","inLanguage":"es","@id":"https:\/\/quehacerpolitico.mx\/?p=98146#primaryimage","url":"https:\/\/quehacerpolitico.mx\/wp-content\/uploads\/2023\/01\/1555C39D-203F-4484-AD3F-378DCE3B7A7E.jpeg","contentUrl":"https:\/\/quehacerpolitico.mx\/wp-content\/uploads\/2023\/01\/1555C39D-203F-4484-AD3F-378DCE3B7A7E.jpeg","width":926,"height":514},{"@type":"BreadcrumbList","@id":"https:\/\/quehacerpolitico.mx\/?p=98146#breadcrumb","itemListElement":[{"@type":"ListItem","position":1,"name":"Inicio","item":"https:\/\/quehacerpolitico.mx\/"},{"@type":"ListItem","position":2,"name":"Me voy a defender porque soy una maestra de categor\u00eda\u201d ante despido de la UNAM: Martha Rodr\u00edguez Ortiz"}]},{"@type":"WebSite","@id":"https:\/\/quehacerpolitico.mx\/#website","url":"https:\/\/quehacerpolitico.mx\/","name":"","description":"","potentialAction":[{"@type":"SearchAction","target":{"@type":"EntryPoint","urlTemplate":"https:\/\/quehacerpolitico.mx\/?s={search_term_string}"},"query-input":{"@type":"PropertyValueSpecification","valueRequired":true,"valueName":"search_term_string"}}],"inLanguage":"es"},{"@type":"Person","@id":"https:\/\/quehacerpolitico.mx\/#\/schema\/person\/496d8ad2d1d3f8036101dca7ee39e585","name":"Redacci\u00f3n QP","image":{"@type":"ImageObject","inLanguage":"es","@id":"https:\/\/secure.gravatar.com\/avatar\/c7164ed6fdec453195284ad24a5ae5b6e1eed2b848477fa2a4787ba9adf39a41?s=96&d=mm&r=g","url":"https:\/\/secure.gravatar.com\/avatar\/c7164ed6fdec453195284ad24a5ae5b6e1eed2b848477fa2a4787ba9adf39a41?s=96&d=mm&r=g","contentUrl":"https:\/\/secure.gravatar.com\/avatar\/c7164ed6fdec453195284ad24a5ae5b6e1eed2b848477fa2a4787ba9adf39a41?s=96&d=mm&r=g","caption":"Redacci\u00f3n QP"},"url":"https:\/\/quehacerpolitico.mx\/?author=2"}]}},"featured_image_urls":{"full":["https:\/\/quehacerpolitico.mx\/wp-content\/uploads\/2023\/01\/1555C39D-203F-4484-AD3F-378DCE3B7A7E.jpeg",926,514,false],"thumbnail":["https:\/\/quehacerpolitico.mx\/wp-content\/uploads\/2023\/01\/1555C39D-203F-4484-AD3F-378DCE3B7A7E-150x150.jpeg",150,150,true],"medium":["https:\/\/quehacerpolitico.mx\/wp-content\/uploads\/2023\/01\/1555C39D-203F-4484-AD3F-378DCE3B7A7E-300x167.jpeg",300,167,true],"medium_large":["https:\/\/quehacerpolitico.mx\/wp-content\/uploads\/2023\/01\/1555C39D-203F-4484-AD3F-378DCE3B7A7E-768x426.jpeg",640,355,true],"large":["https:\/\/quehacerpolitico.mx\/wp-content\/uploads\/2023\/01\/1555C39D-203F-4484-AD3F-378DCE3B7A7E.jpeg",640,355,false],"1536x1536":["https:\/\/quehacerpolitico.mx\/wp-content\/uploads\/2023\/01\/1555C39D-203F-4484-AD3F-378DCE3B7A7E.jpeg",926,514,false],"2048x2048":["https:\/\/quehacerpolitico.mx\/wp-content\/uploads\/2023\/01\/1555C39D-203F-4484-AD3F-378DCE3B7A7E.jpeg",926,514,false],"covernews-featured":["https:\/\/quehacerpolitico.mx\/wp-content\/uploads\/2023\/01\/1555C39D-203F-4484-AD3F-378DCE3B7A7E.jpeg",926,514,false],"covernews-medium":["https:\/\/quehacerpolitico.mx\/wp-content\/uploads\/2023\/01\/1555C39D-203F-4484-AD3F-378DCE3B7A7E.jpeg",540,300,false]},"author_info":{"display_name":"Redacci\u00f3n QP","author_link":"https:\/\/quehacerpolitico.mx\/?author=2"},"category_info":"<a href=\"https:\/\/quehacerpolitico.mx\/?cat=2\" rel=\"category\">Noticias<\/a>","tag_info":"Noticias","comment_count":"0","_links":{"self":[{"href":"https:\/\/quehacerpolitico.mx\/index.php?rest_route=\/wp\/v2\/posts\/98146","targetHints":{"allow":["GET"]}}],"collection":[{"href":"https:\/\/quehacerpolitico.mx\/index.php?rest_route=\/wp\/v2\/posts"}],"about":[{"href":"https:\/\/quehacerpolitico.mx\/index.php?rest_route=\/wp\/v2\/types\/post"}],"author":[{"embeddable":true,"href":"https:\/\/quehacerpolitico.mx\/index.php?rest_route=\/wp\/v2\/users\/2"}],"replies":[{"embeddable":true,"href":"https:\/\/quehacerpolitico.mx\/index.php?rest_route=%2Fwp%2Fv2%2Fcomments&post=98146"}],"version-history":[{"count":1,"href":"https:\/\/quehacerpolitico.mx\/index.php?rest_route=\/wp\/v2\/posts\/98146\/revisions"}],"predecessor-version":[{"id":98148,"href":"https:\/\/quehacerpolitico.mx\/index.php?rest_route=\/wp\/v2\/posts\/98146\/revisions\/98148"}],"wp:featuredmedia":[{"embeddable":true,"href":"https:\/\/quehacerpolitico.mx\/index.php?rest_route=\/wp\/v2\/media\/98147"}],"wp:attachment":[{"href":"https:\/\/quehacerpolitico.mx\/index.php?rest_route=%2Fwp%2Fv2%2Fmedia&parent=98146"}],"wp:term":[{"taxonomy":"category","embeddable":true,"href":"https:\/\/quehacerpolitico.mx\/index.php?rest_route=%2Fwp%2Fv2%2Fcategories&post=98146"},{"taxonomy":"post_tag","embeddable":true,"href":"https:\/\/quehacerpolitico.mx\/index.php?rest_route=%2Fwp%2Fv2%2Ftags&post=98146"}],"curies":[{"name":"wp","href":"https:\/\/api.w.org\/{rel}","templated":true}]}}