{"id":98136,"date":"2023-01-18T19:04:09","date_gmt":"2023-01-18T19:04:09","guid":{"rendered":"https:\/\/quehacerpolitico.mx\/?p=98136"},"modified":"2023-01-18T19:30:55","modified_gmt":"2023-01-18T19:30:55","slug":"asesora-de-yasmin-esquivel-admite-compartir-tesis-con-estudiantes","status":"publish","type":"post","link":"https:\/\/quehacerpolitico.mx\/?p=98136","title":{"rendered":"Asesora de Yasm\u00edn Esquivel admite compartir tesis con estudiantes"},"content":{"rendered":"\n<p>Por Redacci\u00f3n QP<\/p>\n\n\n\n<p>Martha Rodr\u00edguez Ortiz reconoci\u00f3 ante autoridades de la UNAM que fue ella quien comparti\u00f3 el proyecto de tesis de su asesorada al entonces alumno \u00c9dgar Ulises B\u00e1ez Guti\u00e9rrez<\/p>\n\n\n\n<p><strong>Martha Rodr\u00edguez Ortiz<\/strong>, asesora de tesis de la ministra de la Suprema Corte de Justicia de la Naci\u00f3n (SCJN), Yasm\u00edn Esquivel Mossa, reconoci\u00f3 ante autoridades acad\u00e9micas de la Universidad Nacional Aut\u00f3noma de M\u00e9xico\u00a0(UNAM) que fue ella quien comparti\u00f3 el proyecto de tesis de su asesorada al entonces alumno de la Facultad de Derecho, \u00c9dgar Ulises B\u00e1ez Guti\u00e9rrez.<\/p>\n\n\n\n<figure class=\"wp-block-embed is-type-video is-provider-youtube wp-block-embed-youtube wp-embed-aspect-16-9 wp-has-aspect-ratio\"><div class=\"wp-block-embed__wrapper\">\n<iframe loading=\"lazy\" title=\"Asesora de tesis de Yasm\u00edn Esquivel reconoce que comparti\u00f3 proyecto de ministra con \u00c9dgar B\u00e1ez\" width=\"640\" height=\"360\" src=\"https:\/\/www.youtube.com\/embed\/PHx84MsIr1c?feature=oembed\" frameborder=\"0\" allow=\"accelerometer; autoplay; clipboard-write; encrypted-media; gyroscope; picture-in-picture; web-share\" referrerpolicy=\"strict-origin-when-cross-origin\" allowfullscreen><\/iframe>\n<\/div><\/figure>\n\n\n\n<p>En una declaraci\u00f3n presentada por escrito al director de la Facultad de Estudios Superiores (FES) Arag\u00f3n, Fernando Macedo Chagolla, y de la cual&nbsp;<em>EL UNIVERSAL<\/em>&nbsp;posee copia, Rodr\u00edguez Ortiz expres\u00f3:&nbsp;<strong>&#8220;Reconozco que le compart\u00ed el proyecto de tesis de la alumna Yasm\u00edn Esquivel Mossa al alumno \u00c9dgar Ulises B\u00e1ez Guti\u00e9rrez y seguramente a otros alumnos m\u00e1s, pero quiero aclarar que era con el \u00e1nimo de que lo tomaran s\u00f3lo como referencia&#8221;.<\/strong><\/p>\n\n\n\n<p>Sostuvo que Esquivel Mossa&nbsp;<strong>present\u00f3 su examen profesional un a\u00f1o despu\u00e9s, es decir, en 1987, &#8220;porque a\u00fan no contaba con el servicio social,<\/strong>requisito indispensable para iniciar los tr\u00e1mites administrativos para sustentar su examen profesional&#8221;.<\/p>\n\n\n\n<p>Resalt\u00f3 que &#8220;la tesis que present\u00f3 la alumna Yasm\u00edn Esquivel Mossa para titularse como licenciada en Derecho, en 1987, fue una tesis original de su autor\u00eda, pues desde 1985 comenz\u00f3 a elaborarla.<\/p>\n\n\n\n<p><strong>&#8220;Lo recuerdo perfectamente porque en esos tiempos que me pidi\u00f3 que fuera su asesora, era un tema novedoso&#8221;,<\/strong>&nbsp;expuso.<\/p>\n\n\n\n<p>Argument\u00f3 que la pr\u00e1ctica de compartir las tesis de sus alumnos &#8220;estuvo apegada al esp\u00edritu de colaboraci\u00f3n y apoyo entre los miembros de nuestra comunidad, amparada en el Estatuto Org\u00e1nico de la Universidad y la legislaci\u00f3n vigente en esa \u00e9poca&#8221;.<\/p>\n\n\n\n<p>De acuerdo con el escrito, &#8220;el hecho de que B\u00e1ez Guti\u00e9rrez haya presentado en 1986 su examen profesional no significa que \u00e9l haya sido su autor original, ya que, reitero, quien escribi\u00f3 ese proyecto denominado &#8216;Inoperancia de los sindicatos en los trabajadores de confianza del art\u00edculo 123 apartado A&#8217;, fue la alumna Yasm\u00edn Esquivel Mossa&#8221;.<\/p>\n\n\n\n<p>La docente declar\u00f3 que&nbsp;<strong>de 1983 a 2019 ha asesorado m\u00e1s de 500 tesis<\/strong>, y pese a recordar perfectamente el tema de la ministra, dijo no acordarse de las similitudes que exist\u00edan entre los textos de B\u00e1ez Guti\u00e9rrez y Esquivel.<\/p>\n\n\n\n<p>&#8220;Resulta en ocasiones dif\u00edcil para mi memoria recordar el contenido de todas y cada una de ellas, manifestando que en aquellos a\u00f1os no me percat\u00e9 que el contenido original de Yasm\u00edn Esquivel Mossa fue replicado en la tesis del alumno \u00c9dgar Ulises B\u00e1ez con motivo del material que le proporcion\u00e9&#8221;, dijo.<\/p>\n\n\n\n<p>Insisti\u00f3 en que &#8220;despu\u00e9s de que \u00c9dgar Ulises B\u00e1ez Guti\u00e9rrez present\u00f3 ante la Facultad de Derecho su examen profesional, me resulta imposible recordar el texto de esa tesis cuando la alumna Yasm\u00edn Esquivel Mossa sustent\u00f3 su examen profesional con su proyecto, que ella empez\u00f3 a elaborar desde 1985 (&#8230;)&#8221;.<\/p>\n\n\n\n<p>Rodr\u00edguez Ortiz se quej\u00f3 de que se le quiera inculpar: &#8220;Pretende imponerse ahora a mi cargo una responsabilidad retroactiva por eventos ocurridos hace casi 40 a\u00f1os, evaluados en esta \u00e9poca con recursos tecnol\u00f3gicos que en aquella \u00e9poca resultaban no s\u00f3lo desconocidos, sino inclusive irreales&#8221;.<\/p>\n\n\n\n<p>Asegur\u00f3 que en este caso&nbsp;<strong>no falt\u00f3 a la honradez ni a la probidad al permitir que sus alumnos conocieran los trabajos de titulaci\u00f3n de sus compa\u00f1eros.<\/strong><\/p>\n\n\n\n<p>&#8220;Ser\u00eda una injusticia destruir la carrera acad\u00e9mica y profesional de una persona que ha dado la vida por la universidad s\u00f3lo por un tema pol\u00edtico. He dado m\u00e1s a la universidad que una sola tesis, he dado mi vida entera&#8221;, refiri\u00f3.<\/p>\n\n\n\n<p>Expuso que comenz\u00f3 a trabajar en la UNAM en 1976 y durante su trayectoria como asesora de tesis comparti\u00f3 la informaci\u00f3n que recopilaban sus estudiantes.<\/p>\n\n\n\n<p>En el documento de 14 hojas, Rodr\u00edguez Ortiz asegur\u00f3 que acudi\u00f3 en calidad de testigo a ra\u00edz de la denuncia que present\u00f3 la ministra ante la&nbsp;<strong>Fiscal\u00eda General de Justicia de la Ciudad de M\u00e9xico<\/strong>(FGJ), y expuso que en el expediente que inici\u00f3 la fiscal\u00eda se encuentran integrados su declaraci\u00f3n, en la que sostuvo que en 1985 Esquivel Mossa inici\u00f3 su tesis, as\u00ed como una carta escrita a mano de B\u00e1ez Guti\u00e9rrez, en la que asegura que tom\u00f3 referencias del trabajo de Esquivel Mossa.<\/p>\n\n\n\n<p>Hace una semana, el rector&nbsp;Enrique Graue precis\u00f3 que se comprob\u00f3 que Esquivel Mossa &#8220;copi\u00f3 parte sustancial del contenido de la tesis presentada un a\u00f1o atr\u00e1s por el alumno de la Facultad de Derecho, \u00c9dgar Ulises B\u00e1ez&#8221; y el contenido de la resoluci\u00f3n ser\u00eda enviado a la Secretar\u00eda de Educaci\u00f3n P\u00fablica: sin embargo, el lunes la&nbsp;SEP expres\u00f3 que la Direcci\u00f3n General de Profesiones no tiene la facultad para retirarle el t\u00edtulo a Esquivel.<\/p>\n\n\n\n<p>Con Informaci\u00f3n de SUN <\/p>\n","protected":false},"excerpt":{"rendered":"<p>Por Redacci\u00f3n QP Martha Rodr\u00edguez Ortiz reconoci\u00f3 ante autoridades de la UNAM que fue ella&#8230;<\/p>\n","protected":false},"author":2,"featured_media":98137,"comment_status":"open","ping_status":"open","sticky":false,"template":"","format":"standard","meta":{"_monsterinsights_skip_tracking":false,"_monsterinsights_sitenote_active":false,"_monsterinsights_sitenote_note":"","_monsterinsights_sitenote_category":0,"footnotes":""},"categories":[2],"tags":[],"class_list":["post-98136","post","type-post","status-publish","format-standard","has-post-thumbnail","hentry","category-noticias"],"yoast_head":"<!-- This site is optimized with the Yoast SEO plugin v27.3 - https:\/\/yoast.com\/product\/yoast-seo-wordpress\/ -->\n<title>Asesora de Yasm\u00edn Esquivel admite compartir tesis con estudiantes -<\/title>\n<meta name=\"robots\" content=\"index, follow, max-snippet:-1, max-image-preview:large, max-video-preview:-1\" \/>\n<link rel=\"canonical\" href=\"https:\/\/quehacerpolitico.mx\/?p=98136\" \/>\n<meta property=\"og:locale\" content=\"es_MX\" \/>\n<meta property=\"og:type\" content=\"article\" \/>\n<meta property=\"og:title\" content=\"Asesora de Yasm\u00edn Esquivel admite compartir tesis con estudiantes -\" \/>\n<meta property=\"og:description\" content=\"Por Redacci\u00f3n QP Martha Rodr\u00edguez Ortiz reconoci\u00f3 ante autoridades de la UNAM que fue ella...\" \/>\n<meta property=\"og:url\" content=\"https:\/\/quehacerpolitico.mx\/?p=98136\" \/>\n<meta property=\"article:published_time\" content=\"2023-01-18T19:04:09+00:00\" \/>\n<meta property=\"article:modified_time\" content=\"2023-01-18T19:30:55+00:00\" \/>\n<meta property=\"og:image\" content=\"https:\/\/quehacerpolitico.mx\/wp-content\/uploads\/2023\/01\/8A71AEBC-D00E-4717-993B-6B978728FC75.jpeg\" \/>\n\t<meta property=\"og:image:width\" content=\"414\" \/>\n\t<meta property=\"og:image:height\" content=\"233\" \/>\n\t<meta property=\"og:image:type\" content=\"image\/jpeg\" \/>\n<meta name=\"author\" content=\"Redacci\u00f3n QP\" \/>\n<meta name=\"twitter:card\" content=\"summary_large_image\" \/>\n<meta name=\"twitter:label1\" content=\"Escrito por\" \/>\n\t<meta name=\"twitter:data1\" content=\"Redacci\u00f3n QP\" \/>\n\t<meta name=\"twitter:label2\" content=\"Tiempo de lectura\" \/>\n\t<meta name=\"twitter:data2\" content=\"4 minutos\" \/>\n<script type=\"application\/ld+json\" class=\"yoast-schema-graph\">{\"@context\":\"https:\\\/\\\/schema.org\",\"@graph\":[{\"@type\":\"Article\",\"@id\":\"https:\\\/\\\/quehacerpolitico.mx\\\/?p=98136#article\",\"isPartOf\":{\"@id\":\"https:\\\/\\\/quehacerpolitico.mx\\\/?p=98136\"},\"author\":{\"name\":\"Redacci\u00f3n QP\",\"@id\":\"https:\\\/\\\/quehacerpolitico.mx\\\/#\\\/schema\\\/person\\\/496d8ad2d1d3f8036101dca7ee39e585\"},\"headline\":\"Asesora de Yasm\u00edn Esquivel admite compartir tesis con estudiantes\",\"datePublished\":\"2023-01-18T19:04:09+00:00\",\"dateModified\":\"2023-01-18T19:30:55+00:00\",\"mainEntityOfPage\":{\"@id\":\"https:\\\/\\\/quehacerpolitico.mx\\\/?p=98136\"},\"wordCount\":871,\"commentCount\":0,\"image\":{\"@id\":\"https:\\\/\\\/quehacerpolitico.mx\\\/?p=98136#primaryimage\"},\"thumbnailUrl\":\"https:\\\/\\\/quehacerpolitico.mx\\\/wp-content\\\/uploads\\\/2023\\\/01\\\/8A71AEBC-D00E-4717-993B-6B978728FC75.jpeg\",\"articleSection\":[\"Noticias\"],\"inLanguage\":\"es\",\"potentialAction\":[{\"@type\":\"CommentAction\",\"name\":\"Comment\",\"target\":[\"https:\\\/\\\/quehacerpolitico.mx\\\/?p=98136#respond\"]}]},{\"@type\":\"WebPage\",\"@id\":\"https:\\\/\\\/quehacerpolitico.mx\\\/?p=98136\",\"url\":\"https:\\\/\\\/quehacerpolitico.mx\\\/?p=98136\",\"name\":\"Asesora de Yasm\u00edn Esquivel admite compartir tesis con estudiantes -\",\"isPartOf\":{\"@id\":\"https:\\\/\\\/quehacerpolitico.mx\\\/#website\"},\"primaryImageOfPage\":{\"@id\":\"https:\\\/\\\/quehacerpolitico.mx\\\/?p=98136#primaryimage\"},\"image\":{\"@id\":\"https:\\\/\\\/quehacerpolitico.mx\\\/?p=98136#primaryimage\"},\"thumbnailUrl\":\"https:\\\/\\\/quehacerpolitico.mx\\\/wp-content\\\/uploads\\\/2023\\\/01\\\/8A71AEBC-D00E-4717-993B-6B978728FC75.jpeg\",\"datePublished\":\"2023-01-18T19:04:09+00:00\",\"dateModified\":\"2023-01-18T19:30:55+00:00\",\"author\":{\"@id\":\"https:\\\/\\\/quehacerpolitico.mx\\\/#\\\/schema\\\/person\\\/496d8ad2d1d3f8036101dca7ee39e585\"},\"breadcrumb\":{\"@id\":\"https:\\\/\\\/quehacerpolitico.mx\\\/?p=98136#breadcrumb\"},\"inLanguage\":\"es\",\"potentialAction\":[{\"@type\":\"ReadAction\",\"target\":[\"https:\\\/\\\/quehacerpolitico.mx\\\/?p=98136\"]}]},{\"@type\":\"ImageObject\",\"inLanguage\":\"es\",\"@id\":\"https:\\\/\\\/quehacerpolitico.mx\\\/?p=98136#primaryimage\",\"url\":\"https:\\\/\\\/quehacerpolitico.mx\\\/wp-content\\\/uploads\\\/2023\\\/01\\\/8A71AEBC-D00E-4717-993B-6B978728FC75.jpeg\",\"contentUrl\":\"https:\\\/\\\/quehacerpolitico.mx\\\/wp-content\\\/uploads\\\/2023\\\/01\\\/8A71AEBC-D00E-4717-993B-6B978728FC75.jpeg\",\"width\":414,\"height\":233},{\"@type\":\"BreadcrumbList\",\"@id\":\"https:\\\/\\\/quehacerpolitico.mx\\\/?p=98136#breadcrumb\",\"itemListElement\":[{\"@type\":\"ListItem\",\"position\":1,\"name\":\"Inicio\",\"item\":\"https:\\\/\\\/quehacerpolitico.mx\\\/\"},{\"@type\":\"ListItem\",\"position\":2,\"name\":\"Asesora de Yasm\u00edn Esquivel admite compartir tesis con estudiantes\"}]},{\"@type\":\"WebSite\",\"@id\":\"https:\\\/\\\/quehacerpolitico.mx\\\/#website\",\"url\":\"https:\\\/\\\/quehacerpolitico.mx\\\/\",\"name\":\"\",\"description\":\"\",\"potentialAction\":[{\"@type\":\"SearchAction\",\"target\":{\"@type\":\"EntryPoint\",\"urlTemplate\":\"https:\\\/\\\/quehacerpolitico.mx\\\/?s={search_term_string}\"},\"query-input\":{\"@type\":\"PropertyValueSpecification\",\"valueRequired\":true,\"valueName\":\"search_term_string\"}}],\"inLanguage\":\"es\"},{\"@type\":\"Person\",\"@id\":\"https:\\\/\\\/quehacerpolitico.mx\\\/#\\\/schema\\\/person\\\/496d8ad2d1d3f8036101dca7ee39e585\",\"name\":\"Redacci\u00f3n QP\",\"image\":{\"@type\":\"ImageObject\",\"inLanguage\":\"es\",\"@id\":\"https:\\\/\\\/secure.gravatar.com\\\/avatar\\\/c7164ed6fdec453195284ad24a5ae5b6e1eed2b848477fa2a4787ba9adf39a41?s=96&d=mm&r=g\",\"url\":\"https:\\\/\\\/secure.gravatar.com\\\/avatar\\\/c7164ed6fdec453195284ad24a5ae5b6e1eed2b848477fa2a4787ba9adf39a41?s=96&d=mm&r=g\",\"contentUrl\":\"https:\\\/\\\/secure.gravatar.com\\\/avatar\\\/c7164ed6fdec453195284ad24a5ae5b6e1eed2b848477fa2a4787ba9adf39a41?s=96&d=mm&r=g\",\"caption\":\"Redacci\u00f3n QP\"},\"url\":\"https:\\\/\\\/quehacerpolitico.mx\\\/?author=2\"}]}<\/script>\n<!-- \/ Yoast SEO plugin. -->","yoast_head_json":{"title":"Asesora de Yasm\u00edn Esquivel admite compartir tesis con estudiantes -","robots":{"index":"index","follow":"follow","max-snippet":"max-snippet:-1","max-image-preview":"max-image-preview:large","max-video-preview":"max-video-preview:-1"},"canonical":"https:\/\/quehacerpolitico.mx\/?p=98136","og_locale":"es_MX","og_type":"article","og_title":"Asesora de Yasm\u00edn Esquivel admite compartir tesis con estudiantes -","og_description":"Por Redacci\u00f3n QP Martha Rodr\u00edguez Ortiz reconoci\u00f3 ante autoridades de la UNAM que fue ella...","og_url":"https:\/\/quehacerpolitico.mx\/?p=98136","article_published_time":"2023-01-18T19:04:09+00:00","article_modified_time":"2023-01-18T19:30:55+00:00","og_image":[{"width":414,"height":233,"url":"https:\/\/quehacerpolitico.mx\/wp-content\/uploads\/2023\/01\/8A71AEBC-D00E-4717-993B-6B978728FC75.jpeg","type":"image\/jpeg"}],"author":"Redacci\u00f3n QP","twitter_card":"summary_large_image","twitter_misc":{"Escrito por":"Redacci\u00f3n QP","Tiempo de lectura":"4 minutos"},"schema":{"@context":"https:\/\/schema.org","@graph":[{"@type":"Article","@id":"https:\/\/quehacerpolitico.mx\/?p=98136#article","isPartOf":{"@id":"https:\/\/quehacerpolitico.mx\/?p=98136"},"author":{"name":"Redacci\u00f3n QP","@id":"https:\/\/quehacerpolitico.mx\/#\/schema\/person\/496d8ad2d1d3f8036101dca7ee39e585"},"headline":"Asesora de Yasm\u00edn Esquivel admite compartir tesis con estudiantes","datePublished":"2023-01-18T19:04:09+00:00","dateModified":"2023-01-18T19:30:55+00:00","mainEntityOfPage":{"@id":"https:\/\/quehacerpolitico.mx\/?p=98136"},"wordCount":871,"commentCount":0,"image":{"@id":"https:\/\/quehacerpolitico.mx\/?p=98136#primaryimage"},"thumbnailUrl":"https:\/\/quehacerpolitico.mx\/wp-content\/uploads\/2023\/01\/8A71AEBC-D00E-4717-993B-6B978728FC75.jpeg","articleSection":["Noticias"],"inLanguage":"es","potentialAction":[{"@type":"CommentAction","name":"Comment","target":["https:\/\/quehacerpolitico.mx\/?p=98136#respond"]}]},{"@type":"WebPage","@id":"https:\/\/quehacerpolitico.mx\/?p=98136","url":"https:\/\/quehacerpolitico.mx\/?p=98136","name":"Asesora de Yasm\u00edn Esquivel admite compartir tesis con estudiantes -","isPartOf":{"@id":"https:\/\/quehacerpolitico.mx\/#website"},"primaryImageOfPage":{"@id":"https:\/\/quehacerpolitico.mx\/?p=98136#primaryimage"},"image":{"@id":"https:\/\/quehacerpolitico.mx\/?p=98136#primaryimage"},"thumbnailUrl":"https:\/\/quehacerpolitico.mx\/wp-content\/uploads\/2023\/01\/8A71AEBC-D00E-4717-993B-6B978728FC75.jpeg","datePublished":"2023-01-18T19:04:09+00:00","dateModified":"2023-01-18T19:30:55+00:00","author":{"@id":"https:\/\/quehacerpolitico.mx\/#\/schema\/person\/496d8ad2d1d3f8036101dca7ee39e585"},"breadcrumb":{"@id":"https:\/\/quehacerpolitico.mx\/?p=98136#breadcrumb"},"inLanguage":"es","potentialAction":[{"@type":"ReadAction","target":["https:\/\/quehacerpolitico.mx\/?p=98136"]}]},{"@type":"ImageObject","inLanguage":"es","@id":"https:\/\/quehacerpolitico.mx\/?p=98136#primaryimage","url":"https:\/\/quehacerpolitico.mx\/wp-content\/uploads\/2023\/01\/8A71AEBC-D00E-4717-993B-6B978728FC75.jpeg","contentUrl":"https:\/\/quehacerpolitico.mx\/wp-content\/uploads\/2023\/01\/8A71AEBC-D00E-4717-993B-6B978728FC75.jpeg","width":414,"height":233},{"@type":"BreadcrumbList","@id":"https:\/\/quehacerpolitico.mx\/?p=98136#breadcrumb","itemListElement":[{"@type":"ListItem","position":1,"name":"Inicio","item":"https:\/\/quehacerpolitico.mx\/"},{"@type":"ListItem","position":2,"name":"Asesora de Yasm\u00edn Esquivel admite compartir tesis con estudiantes"}]},{"@type":"WebSite","@id":"https:\/\/quehacerpolitico.mx\/#website","url":"https:\/\/quehacerpolitico.mx\/","name":"","description":"","potentialAction":[{"@type":"SearchAction","target":{"@type":"EntryPoint","urlTemplate":"https:\/\/quehacerpolitico.mx\/?s={search_term_string}"},"query-input":{"@type":"PropertyValueSpecification","valueRequired":true,"valueName":"search_term_string"}}],"inLanguage":"es"},{"@type":"Person","@id":"https:\/\/quehacerpolitico.mx\/#\/schema\/person\/496d8ad2d1d3f8036101dca7ee39e585","name":"Redacci\u00f3n QP","image":{"@type":"ImageObject","inLanguage":"es","@id":"https:\/\/secure.gravatar.com\/avatar\/c7164ed6fdec453195284ad24a5ae5b6e1eed2b848477fa2a4787ba9adf39a41?s=96&d=mm&r=g","url":"https:\/\/secure.gravatar.com\/avatar\/c7164ed6fdec453195284ad24a5ae5b6e1eed2b848477fa2a4787ba9adf39a41?s=96&d=mm&r=g","contentUrl":"https:\/\/secure.gravatar.com\/avatar\/c7164ed6fdec453195284ad24a5ae5b6e1eed2b848477fa2a4787ba9adf39a41?s=96&d=mm&r=g","caption":"Redacci\u00f3n QP"},"url":"https:\/\/quehacerpolitico.mx\/?author=2"}]}},"featured_image_urls":{"full":["https:\/\/quehacerpolitico.mx\/wp-content\/uploads\/2023\/01\/8A71AEBC-D00E-4717-993B-6B978728FC75.jpeg",414,233,false],"thumbnail":["https:\/\/quehacerpolitico.mx\/wp-content\/uploads\/2023\/01\/8A71AEBC-D00E-4717-993B-6B978728FC75-150x150.jpeg",150,150,true],"medium":["https:\/\/quehacerpolitico.mx\/wp-content\/uploads\/2023\/01\/8A71AEBC-D00E-4717-993B-6B978728FC75-300x169.jpeg",300,169,true],"medium_large":["https:\/\/quehacerpolitico.mx\/wp-content\/uploads\/2023\/01\/8A71AEBC-D00E-4717-993B-6B978728FC75.jpeg",414,233,false],"large":["https:\/\/quehacerpolitico.mx\/wp-content\/uploads\/2023\/01\/8A71AEBC-D00E-4717-993B-6B978728FC75.jpeg",414,233,false],"1536x1536":["https:\/\/quehacerpolitico.mx\/wp-content\/uploads\/2023\/01\/8A71AEBC-D00E-4717-993B-6B978728FC75.jpeg",414,233,false],"2048x2048":["https:\/\/quehacerpolitico.mx\/wp-content\/uploads\/2023\/01\/8A71AEBC-D00E-4717-993B-6B978728FC75.jpeg",414,233,false],"covernews-featured":["https:\/\/quehacerpolitico.mx\/wp-content\/uploads\/2023\/01\/8A71AEBC-D00E-4717-993B-6B978728FC75.jpeg",414,233,false],"covernews-medium":["https:\/\/quehacerpolitico.mx\/wp-content\/uploads\/2023\/01\/8A71AEBC-D00E-4717-993B-6B978728FC75.jpeg",414,233,false]},"author_info":{"display_name":"Redacci\u00f3n QP","author_link":"https:\/\/quehacerpolitico.mx\/?author=2"},"category_info":"<a href=\"https:\/\/quehacerpolitico.mx\/?cat=2\" rel=\"category\">Noticias<\/a>","tag_info":"Noticias","comment_count":"0","_links":{"self":[{"href":"https:\/\/quehacerpolitico.mx\/index.php?rest_route=\/wp\/v2\/posts\/98136","targetHints":{"allow":["GET"]}}],"collection":[{"href":"https:\/\/quehacerpolitico.mx\/index.php?rest_route=\/wp\/v2\/posts"}],"about":[{"href":"https:\/\/quehacerpolitico.mx\/index.php?rest_route=\/wp\/v2\/types\/post"}],"author":[{"embeddable":true,"href":"https:\/\/quehacerpolitico.mx\/index.php?rest_route=\/wp\/v2\/users\/2"}],"replies":[{"embeddable":true,"href":"https:\/\/quehacerpolitico.mx\/index.php?rest_route=%2Fwp%2Fv2%2Fcomments&post=98136"}],"version-history":[{"count":2,"href":"https:\/\/quehacerpolitico.mx\/index.php?rest_route=\/wp\/v2\/posts\/98136\/revisions"}],"predecessor-version":[{"id":98145,"href":"https:\/\/quehacerpolitico.mx\/index.php?rest_route=\/wp\/v2\/posts\/98136\/revisions\/98145"}],"wp:featuredmedia":[{"embeddable":true,"href":"https:\/\/quehacerpolitico.mx\/index.php?rest_route=\/wp\/v2\/media\/98137"}],"wp:attachment":[{"href":"https:\/\/quehacerpolitico.mx\/index.php?rest_route=%2Fwp%2Fv2%2Fmedia&parent=98136"}],"wp:term":[{"taxonomy":"category","embeddable":true,"href":"https:\/\/quehacerpolitico.mx\/index.php?rest_route=%2Fwp%2Fv2%2Fcategories&post=98136"},{"taxonomy":"post_tag","embeddable":true,"href":"https:\/\/quehacerpolitico.mx\/index.php?rest_route=%2Fwp%2Fv2%2Ftags&post=98136"}],"curies":[{"name":"wp","href":"https:\/\/api.w.org\/{rel}","templated":true}]}}