{"id":98127,"date":"2023-01-18T18:24:34","date_gmt":"2023-01-18T18:24:34","guid":{"rendered":"https:\/\/quehacerpolitico.mx\/?p=98127"},"modified":"2023-01-18T18:24:38","modified_gmt":"2023-01-18T18:24:38","slug":"lopez-obrador-confia-en-que-juicio-de-garcia-luna-en-eu-no-sea-un-fiasco","status":"publish","type":"post","link":"https:\/\/quehacerpolitico.mx\/?p=98127","title":{"rendered":"L\u00f3pez Obrador conf\u00eda en que juicio de Garc\u00eda Luna en EU no sea &#8220;un fiasco&#8221;"},"content":{"rendered":"\n<p>Por Redacci\u00f3n QP<\/p>\n\n\n\n<p>El Mandatario se\u00f1ala que si las autoridades estadounidenses tambi\u00e9n estuvieron involucradas, deben ser llamados a declarar y participar<\/p>\n\n\n\n<p>El Presidente\u00a0Andres Manuel Lopez Obrador confi\u00f3 en que en el juicio en contra del exsecretario de Seguridad Genaro Garc\u00eda Luna, en Estados Unidos,\u00a0<strong>no sea un fiasco y termine como una injusticia.<\/strong><\/p>\n\n\n\n<p>&#8220;Vamos a esperar,&nbsp;<strong>no nos adelantemos si se demuestra que recib\u00eda dinero, sobornos, si \u00e9l se quedaba con el dinero o hab\u00eda reparto del bot\u00edn.<\/strong><\/p>\n\n\n\n<p>&#8220;C\u00f3mo van a tener tres a\u00f1os detenidos a unas personas, lo llevan a juicio y no tienen pruebas, eso ser\u00e1 un fiasco, adem\u00e1s de una injusticia&#8221;, expres\u00f3 el presidente.<\/p>\n\n\n\n<figure class=\"wp-block-embed is-type-video is-provider-youtube wp-block-embed-youtube wp-embed-aspect-16-9 wp-has-aspect-ratio\"><div class=\"wp-block-embed__wrapper\">\n<iframe loading=\"lazy\" title=\"AMLO conf\u00eda en que juicio de Garc\u00eda Luna no sea &quot;un fiasco&quot;\" width=\"640\" height=\"360\" src=\"https:\/\/www.youtube.com\/embed\/UoJOUhgkeX4?feature=oembed\" frameborder=\"0\" allow=\"accelerometer; autoplay; clipboard-write; encrypted-media; gyroscope; picture-in-picture; web-share\" referrerpolicy=\"strict-origin-when-cross-origin\" allowfullscreen><\/iframe>\n<\/div><\/figure>\n\n\n\n<p>En conferencia de prensa, en Palacio Nacional, el Presidente L\u00f3pez Obrador se\u00f1al\u00f3 que si se demuestra que&nbsp;<strong>el funcionario del sexenio del presidente Felipe Calder\u00f3n tom\u00f3 recursos p\u00fablicos para hacerse de su patrimonio, su gobierno los reclamar\u00e1 para que los devuelvan.<\/strong><\/p>\n\n\n\n<p>&#8220;Adem\u00e1s me llama la atenci\u00f3n esto, los abogados dicen que no se involucre autoridades de Estados Unidos, \u00bfpor qu\u00e9 no? esto dice el juez, los abogados dicen que si participen, lo que me imagino es que fueron acciones concertadas, eso es una,\u00a0<strong>yo soy de la idea de que si estuvieron involucrados autoridades de Estados Unidos, que sean llamados a declarar y que participen&#8221;.<\/strong><\/p>\n\n\n\n<p>Con Informaci\u00f3n de SUN <\/p>\n","protected":false},"excerpt":{"rendered":"<p>Por Redacci\u00f3n QP El Mandatario se\u00f1ala que si las autoridades estadounidenses tambi\u00e9n estuvieron involucradas, deben&#8230;<\/p>\n","protected":false},"author":2,"featured_media":98128,"comment_status":"open","ping_status":"open","sticky":false,"template":"","format":"standard","meta":{"_monsterinsights_skip_tracking":false,"_monsterinsights_sitenote_active":false,"_monsterinsights_sitenote_note":"","_monsterinsights_sitenote_category":0,"footnotes":""},"categories":[2],"tags":[],"class_list":["post-98127","post","type-post","status-publish","format-standard","has-post-thumbnail","hentry","category-noticias"],"yoast_head":"<!-- This site is optimized with the Yoast SEO plugin v27.3 - https:\/\/yoast.com\/product\/yoast-seo-wordpress\/ -->\n<title>L\u00f3pez Obrador conf\u00eda en que juicio de Garc\u00eda Luna en EU no sea &quot;un fiasco&quot; -<\/title>\n<meta name=\"robots\" content=\"index, follow, max-snippet:-1, max-image-preview:large, max-video-preview:-1\" \/>\n<link rel=\"canonical\" href=\"https:\/\/quehacerpolitico.mx\/?p=98127\" \/>\n<meta property=\"og:locale\" content=\"es_MX\" \/>\n<meta property=\"og:type\" content=\"article\" \/>\n<meta property=\"og:title\" content=\"L\u00f3pez Obrador conf\u00eda en que juicio de Garc\u00eda Luna en EU no sea &quot;un fiasco&quot; -\" \/>\n<meta property=\"og:description\" content=\"Por Redacci\u00f3n QP El Mandatario se\u00f1ala que si las autoridades estadounidenses tambi\u00e9n estuvieron involucradas, deben...\" \/>\n<meta property=\"og:url\" content=\"https:\/\/quehacerpolitico.mx\/?p=98127\" \/>\n<meta property=\"article:published_time\" content=\"2023-01-18T18:24:34+00:00\" \/>\n<meta property=\"article:modified_time\" content=\"2023-01-18T18:24:38+00:00\" \/>\n<meta property=\"og:image\" content=\"https:\/\/quehacerpolitico.mx\/wp-content\/uploads\/2023\/01\/7C0144F9-ABB8-44DD-936E-CE97985D8E39.jpeg\" \/>\n\t<meta property=\"og:image:width\" content=\"945\" \/>\n\t<meta property=\"og:image:height\" content=\"669\" \/>\n\t<meta property=\"og:image:type\" content=\"image\/jpeg\" \/>\n<meta name=\"author\" content=\"Redacci\u00f3n QP\" \/>\n<meta name=\"twitter:card\" content=\"summary_large_image\" \/>\n<meta name=\"twitter:label1\" content=\"Escrito por\" \/>\n\t<meta name=\"twitter:data1\" content=\"Redacci\u00f3n QP\" \/>\n\t<meta name=\"twitter:label2\" content=\"Tiempo de lectura\" \/>\n\t<meta name=\"twitter:data2\" content=\"1 minuto\" \/>\n<script type=\"application\/ld+json\" class=\"yoast-schema-graph\">{\"@context\":\"https:\\\/\\\/schema.org\",\"@graph\":[{\"@type\":\"Article\",\"@id\":\"https:\\\/\\\/quehacerpolitico.mx\\\/?p=98127#article\",\"isPartOf\":{\"@id\":\"https:\\\/\\\/quehacerpolitico.mx\\\/?p=98127\"},\"author\":{\"name\":\"Redacci\u00f3n QP\",\"@id\":\"https:\\\/\\\/quehacerpolitico.mx\\\/#\\\/schema\\\/person\\\/496d8ad2d1d3f8036101dca7ee39e585\"},\"headline\":\"L\u00f3pez Obrador conf\u00eda en que juicio de Garc\u00eda Luna en EU no sea &#8220;un fiasco&#8221;\",\"datePublished\":\"2023-01-18T18:24:34+00:00\",\"dateModified\":\"2023-01-18T18:24:38+00:00\",\"mainEntityOfPage\":{\"@id\":\"https:\\\/\\\/quehacerpolitico.mx\\\/?p=98127\"},\"wordCount\":258,\"commentCount\":0,\"image\":{\"@id\":\"https:\\\/\\\/quehacerpolitico.mx\\\/?p=98127#primaryimage\"},\"thumbnailUrl\":\"https:\\\/\\\/quehacerpolitico.mx\\\/wp-content\\\/uploads\\\/2023\\\/01\\\/7C0144F9-ABB8-44DD-936E-CE97985D8E39.jpeg\",\"articleSection\":[\"Noticias\"],\"inLanguage\":\"es\",\"potentialAction\":[{\"@type\":\"CommentAction\",\"name\":\"Comment\",\"target\":[\"https:\\\/\\\/quehacerpolitico.mx\\\/?p=98127#respond\"]}]},{\"@type\":\"WebPage\",\"@id\":\"https:\\\/\\\/quehacerpolitico.mx\\\/?p=98127\",\"url\":\"https:\\\/\\\/quehacerpolitico.mx\\\/?p=98127\",\"name\":\"L\u00f3pez Obrador conf\u00eda en que juicio de Garc\u00eda Luna en EU no sea \\\"un fiasco\\\" -\",\"isPartOf\":{\"@id\":\"https:\\\/\\\/quehacerpolitico.mx\\\/#website\"},\"primaryImageOfPage\":{\"@id\":\"https:\\\/\\\/quehacerpolitico.mx\\\/?p=98127#primaryimage\"},\"image\":{\"@id\":\"https:\\\/\\\/quehacerpolitico.mx\\\/?p=98127#primaryimage\"},\"thumbnailUrl\":\"https:\\\/\\\/quehacerpolitico.mx\\\/wp-content\\\/uploads\\\/2023\\\/01\\\/7C0144F9-ABB8-44DD-936E-CE97985D8E39.jpeg\",\"datePublished\":\"2023-01-18T18:24:34+00:00\",\"dateModified\":\"2023-01-18T18:24:38+00:00\",\"author\":{\"@id\":\"https:\\\/\\\/quehacerpolitico.mx\\\/#\\\/schema\\\/person\\\/496d8ad2d1d3f8036101dca7ee39e585\"},\"breadcrumb\":{\"@id\":\"https:\\\/\\\/quehacerpolitico.mx\\\/?p=98127#breadcrumb\"},\"inLanguage\":\"es\",\"potentialAction\":[{\"@type\":\"ReadAction\",\"target\":[\"https:\\\/\\\/quehacerpolitico.mx\\\/?p=98127\"]}]},{\"@type\":\"ImageObject\",\"inLanguage\":\"es\",\"@id\":\"https:\\\/\\\/quehacerpolitico.mx\\\/?p=98127#primaryimage\",\"url\":\"https:\\\/\\\/quehacerpolitico.mx\\\/wp-content\\\/uploads\\\/2023\\\/01\\\/7C0144F9-ABB8-44DD-936E-CE97985D8E39.jpeg\",\"contentUrl\":\"https:\\\/\\\/quehacerpolitico.mx\\\/wp-content\\\/uploads\\\/2023\\\/01\\\/7C0144F9-ABB8-44DD-936E-CE97985D8E39.jpeg\",\"width\":945,\"height\":669},{\"@type\":\"BreadcrumbList\",\"@id\":\"https:\\\/\\\/quehacerpolitico.mx\\\/?p=98127#breadcrumb\",\"itemListElement\":[{\"@type\":\"ListItem\",\"position\":1,\"name\":\"Inicio\",\"item\":\"https:\\\/\\\/quehacerpolitico.mx\\\/\"},{\"@type\":\"ListItem\",\"position\":2,\"name\":\"L\u00f3pez Obrador conf\u00eda en que juicio de Garc\u00eda Luna en EU no sea &#8220;un fiasco&#8221;\"}]},{\"@type\":\"WebSite\",\"@id\":\"https:\\\/\\\/quehacerpolitico.mx\\\/#website\",\"url\":\"https:\\\/\\\/quehacerpolitico.mx\\\/\",\"name\":\"\",\"description\":\"\",\"potentialAction\":[{\"@type\":\"SearchAction\",\"target\":{\"@type\":\"EntryPoint\",\"urlTemplate\":\"https:\\\/\\\/quehacerpolitico.mx\\\/?s={search_term_string}\"},\"query-input\":{\"@type\":\"PropertyValueSpecification\",\"valueRequired\":true,\"valueName\":\"search_term_string\"}}],\"inLanguage\":\"es\"},{\"@type\":\"Person\",\"@id\":\"https:\\\/\\\/quehacerpolitico.mx\\\/#\\\/schema\\\/person\\\/496d8ad2d1d3f8036101dca7ee39e585\",\"name\":\"Redacci\u00f3n QP\",\"image\":{\"@type\":\"ImageObject\",\"inLanguage\":\"es\",\"@id\":\"https:\\\/\\\/secure.gravatar.com\\\/avatar\\\/c7164ed6fdec453195284ad24a5ae5b6e1eed2b848477fa2a4787ba9adf39a41?s=96&d=mm&r=g\",\"url\":\"https:\\\/\\\/secure.gravatar.com\\\/avatar\\\/c7164ed6fdec453195284ad24a5ae5b6e1eed2b848477fa2a4787ba9adf39a41?s=96&d=mm&r=g\",\"contentUrl\":\"https:\\\/\\\/secure.gravatar.com\\\/avatar\\\/c7164ed6fdec453195284ad24a5ae5b6e1eed2b848477fa2a4787ba9adf39a41?s=96&d=mm&r=g\",\"caption\":\"Redacci\u00f3n QP\"},\"url\":\"https:\\\/\\\/quehacerpolitico.mx\\\/?author=2\"}]}<\/script>\n<!-- \/ Yoast SEO plugin. -->","yoast_head_json":{"title":"L\u00f3pez Obrador conf\u00eda en que juicio de Garc\u00eda Luna en EU no sea \"un fiasco\" -","robots":{"index":"index","follow":"follow","max-snippet":"max-snippet:-1","max-image-preview":"max-image-preview:large","max-video-preview":"max-video-preview:-1"},"canonical":"https:\/\/quehacerpolitico.mx\/?p=98127","og_locale":"es_MX","og_type":"article","og_title":"L\u00f3pez Obrador conf\u00eda en que juicio de Garc\u00eda Luna en EU no sea \"un fiasco\" -","og_description":"Por Redacci\u00f3n QP El Mandatario se\u00f1ala que si las autoridades estadounidenses tambi\u00e9n estuvieron involucradas, deben...","og_url":"https:\/\/quehacerpolitico.mx\/?p=98127","article_published_time":"2023-01-18T18:24:34+00:00","article_modified_time":"2023-01-18T18:24:38+00:00","og_image":[{"width":945,"height":669,"url":"https:\/\/quehacerpolitico.mx\/wp-content\/uploads\/2023\/01\/7C0144F9-ABB8-44DD-936E-CE97985D8E39.jpeg","type":"image\/jpeg"}],"author":"Redacci\u00f3n QP","twitter_card":"summary_large_image","twitter_misc":{"Escrito por":"Redacci\u00f3n QP","Tiempo de lectura":"1 minuto"},"schema":{"@context":"https:\/\/schema.org","@graph":[{"@type":"Article","@id":"https:\/\/quehacerpolitico.mx\/?p=98127#article","isPartOf":{"@id":"https:\/\/quehacerpolitico.mx\/?p=98127"},"author":{"name":"Redacci\u00f3n QP","@id":"https:\/\/quehacerpolitico.mx\/#\/schema\/person\/496d8ad2d1d3f8036101dca7ee39e585"},"headline":"L\u00f3pez Obrador conf\u00eda en que juicio de Garc\u00eda Luna en EU no sea &#8220;un fiasco&#8221;","datePublished":"2023-01-18T18:24:34+00:00","dateModified":"2023-01-18T18:24:38+00:00","mainEntityOfPage":{"@id":"https:\/\/quehacerpolitico.mx\/?p=98127"},"wordCount":258,"commentCount":0,"image":{"@id":"https:\/\/quehacerpolitico.mx\/?p=98127#primaryimage"},"thumbnailUrl":"https:\/\/quehacerpolitico.mx\/wp-content\/uploads\/2023\/01\/7C0144F9-ABB8-44DD-936E-CE97985D8E39.jpeg","articleSection":["Noticias"],"inLanguage":"es","potentialAction":[{"@type":"CommentAction","name":"Comment","target":["https:\/\/quehacerpolitico.mx\/?p=98127#respond"]}]},{"@type":"WebPage","@id":"https:\/\/quehacerpolitico.mx\/?p=98127","url":"https:\/\/quehacerpolitico.mx\/?p=98127","name":"L\u00f3pez Obrador conf\u00eda en que juicio de Garc\u00eda Luna en EU no sea \"un fiasco\" -","isPartOf":{"@id":"https:\/\/quehacerpolitico.mx\/#website"},"primaryImageOfPage":{"@id":"https:\/\/quehacerpolitico.mx\/?p=98127#primaryimage"},"image":{"@id":"https:\/\/quehacerpolitico.mx\/?p=98127#primaryimage"},"thumbnailUrl":"https:\/\/quehacerpolitico.mx\/wp-content\/uploads\/2023\/01\/7C0144F9-ABB8-44DD-936E-CE97985D8E39.jpeg","datePublished":"2023-01-18T18:24:34+00:00","dateModified":"2023-01-18T18:24:38+00:00","author":{"@id":"https:\/\/quehacerpolitico.mx\/#\/schema\/person\/496d8ad2d1d3f8036101dca7ee39e585"},"breadcrumb":{"@id":"https:\/\/quehacerpolitico.mx\/?p=98127#breadcrumb"},"inLanguage":"es","potentialAction":[{"@type":"ReadAction","target":["https:\/\/quehacerpolitico.mx\/?p=98127"]}]},{"@type":"ImageObject","inLanguage":"es","@id":"https:\/\/quehacerpolitico.mx\/?p=98127#primaryimage","url":"https:\/\/quehacerpolitico.mx\/wp-content\/uploads\/2023\/01\/7C0144F9-ABB8-44DD-936E-CE97985D8E39.jpeg","contentUrl":"https:\/\/quehacerpolitico.mx\/wp-content\/uploads\/2023\/01\/7C0144F9-ABB8-44DD-936E-CE97985D8E39.jpeg","width":945,"height":669},{"@type":"BreadcrumbList","@id":"https:\/\/quehacerpolitico.mx\/?p=98127#breadcrumb","itemListElement":[{"@type":"ListItem","position":1,"name":"Inicio","item":"https:\/\/quehacerpolitico.mx\/"},{"@type":"ListItem","position":2,"name":"L\u00f3pez Obrador conf\u00eda en que juicio de Garc\u00eda Luna en EU no sea &#8220;un fiasco&#8221;"}]},{"@type":"WebSite","@id":"https:\/\/quehacerpolitico.mx\/#website","url":"https:\/\/quehacerpolitico.mx\/","name":"","description":"","potentialAction":[{"@type":"SearchAction","target":{"@type":"EntryPoint","urlTemplate":"https:\/\/quehacerpolitico.mx\/?s={search_term_string}"},"query-input":{"@type":"PropertyValueSpecification","valueRequired":true,"valueName":"search_term_string"}}],"inLanguage":"es"},{"@type":"Person","@id":"https:\/\/quehacerpolitico.mx\/#\/schema\/person\/496d8ad2d1d3f8036101dca7ee39e585","name":"Redacci\u00f3n QP","image":{"@type":"ImageObject","inLanguage":"es","@id":"https:\/\/secure.gravatar.com\/avatar\/c7164ed6fdec453195284ad24a5ae5b6e1eed2b848477fa2a4787ba9adf39a41?s=96&d=mm&r=g","url":"https:\/\/secure.gravatar.com\/avatar\/c7164ed6fdec453195284ad24a5ae5b6e1eed2b848477fa2a4787ba9adf39a41?s=96&d=mm&r=g","contentUrl":"https:\/\/secure.gravatar.com\/avatar\/c7164ed6fdec453195284ad24a5ae5b6e1eed2b848477fa2a4787ba9adf39a41?s=96&d=mm&r=g","caption":"Redacci\u00f3n QP"},"url":"https:\/\/quehacerpolitico.mx\/?author=2"}]}},"featured_image_urls":{"full":["https:\/\/quehacerpolitico.mx\/wp-content\/uploads\/2023\/01\/7C0144F9-ABB8-44DD-936E-CE97985D8E39.jpeg",945,669,false],"thumbnail":["https:\/\/quehacerpolitico.mx\/wp-content\/uploads\/2023\/01\/7C0144F9-ABB8-44DD-936E-CE97985D8E39-150x150.jpeg",150,150,true],"medium":["https:\/\/quehacerpolitico.mx\/wp-content\/uploads\/2023\/01\/7C0144F9-ABB8-44DD-936E-CE97985D8E39-300x212.jpeg",300,212,true],"medium_large":["https:\/\/quehacerpolitico.mx\/wp-content\/uploads\/2023\/01\/7C0144F9-ABB8-44DD-936E-CE97985D8E39-768x544.jpeg",640,453,true],"large":["https:\/\/quehacerpolitico.mx\/wp-content\/uploads\/2023\/01\/7C0144F9-ABB8-44DD-936E-CE97985D8E39.jpeg",640,453,false],"1536x1536":["https:\/\/quehacerpolitico.mx\/wp-content\/uploads\/2023\/01\/7C0144F9-ABB8-44DD-936E-CE97985D8E39.jpeg",945,669,false],"2048x2048":["https:\/\/quehacerpolitico.mx\/wp-content\/uploads\/2023\/01\/7C0144F9-ABB8-44DD-936E-CE97985D8E39.jpeg",945,669,false],"covernews-featured":["https:\/\/quehacerpolitico.mx\/wp-content\/uploads\/2023\/01\/7C0144F9-ABB8-44DD-936E-CE97985D8E39.jpeg",945,669,false],"covernews-medium":["https:\/\/quehacerpolitico.mx\/wp-content\/uploads\/2023\/01\/7C0144F9-ABB8-44DD-936E-CE97985D8E39.jpeg",480,340,false]},"author_info":{"display_name":"Redacci\u00f3n QP","author_link":"https:\/\/quehacerpolitico.mx\/?author=2"},"category_info":"<a href=\"https:\/\/quehacerpolitico.mx\/?cat=2\" rel=\"category\">Noticias<\/a>","tag_info":"Noticias","comment_count":"0","_links":{"self":[{"href":"https:\/\/quehacerpolitico.mx\/index.php?rest_route=\/wp\/v2\/posts\/98127","targetHints":{"allow":["GET"]}}],"collection":[{"href":"https:\/\/quehacerpolitico.mx\/index.php?rest_route=\/wp\/v2\/posts"}],"about":[{"href":"https:\/\/quehacerpolitico.mx\/index.php?rest_route=\/wp\/v2\/types\/post"}],"author":[{"embeddable":true,"href":"https:\/\/quehacerpolitico.mx\/index.php?rest_route=\/wp\/v2\/users\/2"}],"replies":[{"embeddable":true,"href":"https:\/\/quehacerpolitico.mx\/index.php?rest_route=%2Fwp%2Fv2%2Fcomments&post=98127"}],"version-history":[{"count":1,"href":"https:\/\/quehacerpolitico.mx\/index.php?rest_route=\/wp\/v2\/posts\/98127\/revisions"}],"predecessor-version":[{"id":98129,"href":"https:\/\/quehacerpolitico.mx\/index.php?rest_route=\/wp\/v2\/posts\/98127\/revisions\/98129"}],"wp:featuredmedia":[{"embeddable":true,"href":"https:\/\/quehacerpolitico.mx\/index.php?rest_route=\/wp\/v2\/media\/98128"}],"wp:attachment":[{"href":"https:\/\/quehacerpolitico.mx\/index.php?rest_route=%2Fwp%2Fv2%2Fmedia&parent=98127"}],"wp:term":[{"taxonomy":"category","embeddable":true,"href":"https:\/\/quehacerpolitico.mx\/index.php?rest_route=%2Fwp%2Fv2%2Fcategories&post=98127"},{"taxonomy":"post_tag","embeddable":true,"href":"https:\/\/quehacerpolitico.mx\/index.php?rest_route=%2Fwp%2Fv2%2Ftags&post=98127"}],"curies":[{"name":"wp","href":"https:\/\/api.w.org\/{rel}","templated":true}]}}