{"id":98124,"date":"2023-01-18T18:13:34","date_gmt":"2023-01-18T18:13:34","guid":{"rendered":"https:\/\/quehacerpolitico.mx\/?p=98124"},"modified":"2023-01-18T18:13:38","modified_gmt":"2023-01-18T18:13:38","slug":"lopez-obrador-acusa-a-altos-funcionarios-de-eu-de-estar-relacionados-con-garcia-luna","status":"publish","type":"post","link":"https:\/\/quehacerpolitico.mx\/?p=98124","title":{"rendered":"L\u00f3pez Obrador acusa a &#8220;altos funcionarios de EU&#8221; de estar relacionados con Garc\u00eda Luna"},"content":{"rendered":"\n<p>Por Redacci\u00f3n QP<\/p>\n\n\n\n<p>L\u00f3pez Obrador pidi\u00f3 &#8220;que si estuvieron involucradas autoridades de Estados Unidos que sean llamadas a declarar y que participen&#8221;<\/p>\n\n\n\n<p>El Presidente Andr\u00e9s Manuel L\u00f3pez Obrador\u00a0<strong>denunci\u00f3 este mi\u00e9rcoles que &#8220;altos funcionarios de Estados Unidos&#8221; ten\u00edan relaci\u00f3n con Genaro Garc\u00eda Luna<\/strong>, exsecretario de Seguridad de M\u00e9xico (2006-2012) que afronta un juicio por presuntos nexos con el narcotr\u00e1fico.<\/p>\n\n\n\n<p>&#8220;Evidentemente era muy influyente Garc\u00eda Luna en los medios de informaci\u00f3n, pero no s\u00f3lo en M\u00e9xico,\u00a0<strong>sino ten\u00eda relaciones, que pueden ser relaciones de trabajo, con altos funcionarios del Gobierno estadounidense<\/strong>&#8220;, manifest\u00f3 el Mandatario en su rueda de prensa ma\u00f1anera.<\/p>\n\n\n\n<figure class=\"wp-block-embed is-type-rich is-provider-twitter wp-block-embed-twitter\"><div class=\"wp-block-embed__wrapper\">\n<blockquote class=\"twitter-tweet\" data-width=\"550\" data-dnt=\"true\"><p lang=\"es\" dir=\"ltr\">&quot;Hay que esperar&quot; que avance el juicio contra Genaro Garc\u00eda Luna en Estados Unidos, pidi\u00f3 el presidente L\u00f3pez Obrador. <br><br>&quot;Ojal\u00e1 haya informaci\u00f3n para todos&quot;, dijo, tras cuestionar, una vez m\u00e1s, a los medios de comunicaci\u00f3n.<br><br>M\u00e1s, en: <a href=\"https:\/\/t.co\/fd5F3cgT55\">https:\/\/t.co\/fd5F3cgT55<\/a> <a href=\"https:\/\/t.co\/Gr8r485UKQ\">pic.twitter.com\/Gr8r485UKQ<\/a><\/p>&mdash; Joaqu\u00edn L\u00f3pez-D\u00f3riga (@lopezdoriga) <a href=\"https:\/\/twitter.com\/lopezdoriga\/status\/1615708420417490944?ref_src=twsrc%5Etfw\">January 18, 2023<\/a><\/blockquote><script async src=\"https:\/\/platform.twitter.com\/widgets.js\" charset=\"utf-8\"><\/script>\n<\/div><\/figure>\n\n\n\n<p>Sus declaraciones se producen<strong>\u00a0un d\u00eda despu\u00e9s del inicio del juicio por narcotr\u00e1fico en Nueva York contra Garc\u00eda Luna<\/strong>, exsecretario de Seguridad durante la presidencia de Felipe Calder\u00f3n (2006-2012), tras m\u00e1s de tres a\u00f1os detenido por presuntamente cooperar con el C\u00e1rtel de Sinaloa.<\/p>\n\n\n\n<p>Al exhibir<strong>&nbsp;un art\u00edculo de The New York Times sobre el exfuncionario<\/strong>, acusado de aceptar sobornos del C\u00e1rtel de Sinaloa a cambio de facilitar sus operaciones, L\u00f3pez Obrador pidi\u00f3&nbsp;<strong>&#8220;que si estuvieron involucradas autoridades de Estados Unidos que sean llamadas a declarar y que participen&#8221;.<\/strong><\/p>\n\n\n\n<p>&#8220;Entonces por eso es muy importante el juicio, hasta d\u00f3nde estaban metidos los agentes o autoridades de Estados Unidos, las agencias. \u00bfC\u00f3mo esta doble vida? Por un lado se le premia, se le reconoce y, por el otro lado, \u00e9l tiene una relaci\u00f3n de protecci\u00f3n a la delincuencia organizada&#8221;, expres\u00f3.<\/p>\n\n\n\n<p>Al respecto, L\u00f3pez Obrador reiter\u00f3 su solicitud de difundir toda la informaci\u00f3n del juicio por la relevancia del exfuncionario, quien fue el m\u00e1ximo jefe de Seguridad durante el inicio de la llamada &#8220;guerra contra el narco&#8221;.<\/p>\n\n\n\n<p>&#8220;Se tiene que ver qu\u00e9 relaciones hab\u00eda, si se demuestra que recib\u00eda dinero, sobornos, si \u00e9l se quedaba con el dinero o hab\u00eda reparto del bot\u00edn, y qui\u00e9nes se beneficiaban, qu\u00e9 otras autoridades&#8221;, enunci\u00f3.<\/p>\n\n\n\n<p>Con Informaci\u00f3n de EFE<\/p>\n","protected":false},"excerpt":{"rendered":"<p>Por Redacci\u00f3n QP L\u00f3pez Obrador pidi\u00f3 &#8220;que si estuvieron involucradas autoridades de Estados Unidos que&#8230;<\/p>\n","protected":false},"author":2,"featured_media":98125,"comment_status":"open","ping_status":"open","sticky":false,"template":"","format":"standard","meta":{"_monsterinsights_skip_tracking":false,"_monsterinsights_sitenote_active":false,"_monsterinsights_sitenote_note":"","_monsterinsights_sitenote_category":0,"footnotes":""},"categories":[2],"tags":[],"class_list":["post-98124","post","type-post","status-publish","format-standard","has-post-thumbnail","hentry","category-noticias"],"yoast_head":"<!-- This site is optimized with the Yoast SEO plugin v27.3 - https:\/\/yoast.com\/product\/yoast-seo-wordpress\/ -->\n<title>L\u00f3pez Obrador acusa a &quot;altos funcionarios de EU&quot; de estar relacionados con Garc\u00eda Luna -<\/title>\n<meta name=\"robots\" content=\"index, follow, max-snippet:-1, max-image-preview:large, max-video-preview:-1\" \/>\n<link rel=\"canonical\" href=\"https:\/\/quehacerpolitico.mx\/?p=98124\" \/>\n<meta property=\"og:locale\" content=\"es_MX\" \/>\n<meta property=\"og:type\" content=\"article\" \/>\n<meta property=\"og:title\" content=\"L\u00f3pez Obrador acusa a &quot;altos funcionarios de EU&quot; de estar relacionados con Garc\u00eda Luna -\" \/>\n<meta property=\"og:description\" content=\"Por Redacci\u00f3n QP L\u00f3pez Obrador pidi\u00f3 &#8220;que si estuvieron involucradas autoridades de Estados Unidos que...\" \/>\n<meta property=\"og:url\" content=\"https:\/\/quehacerpolitico.mx\/?p=98124\" \/>\n<meta property=\"article:published_time\" content=\"2023-01-18T18:13:34+00:00\" \/>\n<meta property=\"article:modified_time\" content=\"2023-01-18T18:13:38+00:00\" \/>\n<meta property=\"og:image\" content=\"https:\/\/quehacerpolitico.mx\/wp-content\/uploads\/2023\/01\/5A2C8008-A397-4AEA-BEAC-EE61E53506C1.jpeg\" \/>\n\t<meta property=\"og:image:width\" content=\"762\" \/>\n\t<meta property=\"og:image:height\" content=\"592\" \/>\n\t<meta property=\"og:image:type\" content=\"image\/jpeg\" \/>\n<meta name=\"author\" content=\"Redacci\u00f3n QP\" \/>\n<meta name=\"twitter:card\" content=\"summary_large_image\" \/>\n<meta name=\"twitter:label1\" content=\"Escrito por\" \/>\n\t<meta name=\"twitter:data1\" content=\"Redacci\u00f3n QP\" \/>\n\t<meta name=\"twitter:label2\" content=\"Tiempo de lectura\" \/>\n\t<meta name=\"twitter:data2\" content=\"2 minutos\" \/>\n<script type=\"application\/ld+json\" class=\"yoast-schema-graph\">{\"@context\":\"https:\\\/\\\/schema.org\",\"@graph\":[{\"@type\":\"Article\",\"@id\":\"https:\\\/\\\/quehacerpolitico.mx\\\/?p=98124#article\",\"isPartOf\":{\"@id\":\"https:\\\/\\\/quehacerpolitico.mx\\\/?p=98124\"},\"author\":{\"name\":\"Redacci\u00f3n QP\",\"@id\":\"https:\\\/\\\/quehacerpolitico.mx\\\/#\\\/schema\\\/person\\\/496d8ad2d1d3f8036101dca7ee39e585\"},\"headline\":\"L\u00f3pez Obrador acusa a &#8220;altos funcionarios de EU&#8221; de estar relacionados con Garc\u00eda Luna\",\"datePublished\":\"2023-01-18T18:13:34+00:00\",\"dateModified\":\"2023-01-18T18:13:38+00:00\",\"mainEntityOfPage\":{\"@id\":\"https:\\\/\\\/quehacerpolitico.mx\\\/?p=98124\"},\"wordCount\":382,\"commentCount\":0,\"image\":{\"@id\":\"https:\\\/\\\/quehacerpolitico.mx\\\/?p=98124#primaryimage\"},\"thumbnailUrl\":\"https:\\\/\\\/quehacerpolitico.mx\\\/wp-content\\\/uploads\\\/2023\\\/01\\\/5A2C8008-A397-4AEA-BEAC-EE61E53506C1.jpeg\",\"articleSection\":[\"Noticias\"],\"inLanguage\":\"es\",\"potentialAction\":[{\"@type\":\"CommentAction\",\"name\":\"Comment\",\"target\":[\"https:\\\/\\\/quehacerpolitico.mx\\\/?p=98124#respond\"]}]},{\"@type\":\"WebPage\",\"@id\":\"https:\\\/\\\/quehacerpolitico.mx\\\/?p=98124\",\"url\":\"https:\\\/\\\/quehacerpolitico.mx\\\/?p=98124\",\"name\":\"L\u00f3pez Obrador acusa a \\\"altos funcionarios de EU\\\" de estar relacionados con Garc\u00eda Luna -\",\"isPartOf\":{\"@id\":\"https:\\\/\\\/quehacerpolitico.mx\\\/#website\"},\"primaryImageOfPage\":{\"@id\":\"https:\\\/\\\/quehacerpolitico.mx\\\/?p=98124#primaryimage\"},\"image\":{\"@id\":\"https:\\\/\\\/quehacerpolitico.mx\\\/?p=98124#primaryimage\"},\"thumbnailUrl\":\"https:\\\/\\\/quehacerpolitico.mx\\\/wp-content\\\/uploads\\\/2023\\\/01\\\/5A2C8008-A397-4AEA-BEAC-EE61E53506C1.jpeg\",\"datePublished\":\"2023-01-18T18:13:34+00:00\",\"dateModified\":\"2023-01-18T18:13:38+00:00\",\"author\":{\"@id\":\"https:\\\/\\\/quehacerpolitico.mx\\\/#\\\/schema\\\/person\\\/496d8ad2d1d3f8036101dca7ee39e585\"},\"breadcrumb\":{\"@id\":\"https:\\\/\\\/quehacerpolitico.mx\\\/?p=98124#breadcrumb\"},\"inLanguage\":\"es\",\"potentialAction\":[{\"@type\":\"ReadAction\",\"target\":[\"https:\\\/\\\/quehacerpolitico.mx\\\/?p=98124\"]}]},{\"@type\":\"ImageObject\",\"inLanguage\":\"es\",\"@id\":\"https:\\\/\\\/quehacerpolitico.mx\\\/?p=98124#primaryimage\",\"url\":\"https:\\\/\\\/quehacerpolitico.mx\\\/wp-content\\\/uploads\\\/2023\\\/01\\\/5A2C8008-A397-4AEA-BEAC-EE61E53506C1.jpeg\",\"contentUrl\":\"https:\\\/\\\/quehacerpolitico.mx\\\/wp-content\\\/uploads\\\/2023\\\/01\\\/5A2C8008-A397-4AEA-BEAC-EE61E53506C1.jpeg\",\"width\":762,\"height\":592},{\"@type\":\"BreadcrumbList\",\"@id\":\"https:\\\/\\\/quehacerpolitico.mx\\\/?p=98124#breadcrumb\",\"itemListElement\":[{\"@type\":\"ListItem\",\"position\":1,\"name\":\"Inicio\",\"item\":\"https:\\\/\\\/quehacerpolitico.mx\\\/\"},{\"@type\":\"ListItem\",\"position\":2,\"name\":\"L\u00f3pez Obrador acusa a &#8220;altos funcionarios de EU&#8221; de estar relacionados con Garc\u00eda Luna\"}]},{\"@type\":\"WebSite\",\"@id\":\"https:\\\/\\\/quehacerpolitico.mx\\\/#website\",\"url\":\"https:\\\/\\\/quehacerpolitico.mx\\\/\",\"name\":\"\",\"description\":\"\",\"potentialAction\":[{\"@type\":\"SearchAction\",\"target\":{\"@type\":\"EntryPoint\",\"urlTemplate\":\"https:\\\/\\\/quehacerpolitico.mx\\\/?s={search_term_string}\"},\"query-input\":{\"@type\":\"PropertyValueSpecification\",\"valueRequired\":true,\"valueName\":\"search_term_string\"}}],\"inLanguage\":\"es\"},{\"@type\":\"Person\",\"@id\":\"https:\\\/\\\/quehacerpolitico.mx\\\/#\\\/schema\\\/person\\\/496d8ad2d1d3f8036101dca7ee39e585\",\"name\":\"Redacci\u00f3n QP\",\"image\":{\"@type\":\"ImageObject\",\"inLanguage\":\"es\",\"@id\":\"https:\\\/\\\/secure.gravatar.com\\\/avatar\\\/c7164ed6fdec453195284ad24a5ae5b6e1eed2b848477fa2a4787ba9adf39a41?s=96&d=mm&r=g\",\"url\":\"https:\\\/\\\/secure.gravatar.com\\\/avatar\\\/c7164ed6fdec453195284ad24a5ae5b6e1eed2b848477fa2a4787ba9adf39a41?s=96&d=mm&r=g\",\"contentUrl\":\"https:\\\/\\\/secure.gravatar.com\\\/avatar\\\/c7164ed6fdec453195284ad24a5ae5b6e1eed2b848477fa2a4787ba9adf39a41?s=96&d=mm&r=g\",\"caption\":\"Redacci\u00f3n QP\"},\"url\":\"https:\\\/\\\/quehacerpolitico.mx\\\/?author=2\"}]}<\/script>\n<!-- \/ Yoast SEO plugin. -->","yoast_head_json":{"title":"L\u00f3pez Obrador acusa a \"altos funcionarios de EU\" de estar relacionados con Garc\u00eda Luna -","robots":{"index":"index","follow":"follow","max-snippet":"max-snippet:-1","max-image-preview":"max-image-preview:large","max-video-preview":"max-video-preview:-1"},"canonical":"https:\/\/quehacerpolitico.mx\/?p=98124","og_locale":"es_MX","og_type":"article","og_title":"L\u00f3pez Obrador acusa a \"altos funcionarios de EU\" de estar relacionados con Garc\u00eda Luna -","og_description":"Por Redacci\u00f3n QP L\u00f3pez Obrador pidi\u00f3 &#8220;que si estuvieron involucradas autoridades de Estados Unidos que...","og_url":"https:\/\/quehacerpolitico.mx\/?p=98124","article_published_time":"2023-01-18T18:13:34+00:00","article_modified_time":"2023-01-18T18:13:38+00:00","og_image":[{"width":762,"height":592,"url":"https:\/\/quehacerpolitico.mx\/wp-content\/uploads\/2023\/01\/5A2C8008-A397-4AEA-BEAC-EE61E53506C1.jpeg","type":"image\/jpeg"}],"author":"Redacci\u00f3n QP","twitter_card":"summary_large_image","twitter_misc":{"Escrito por":"Redacci\u00f3n QP","Tiempo de lectura":"2 minutos"},"schema":{"@context":"https:\/\/schema.org","@graph":[{"@type":"Article","@id":"https:\/\/quehacerpolitico.mx\/?p=98124#article","isPartOf":{"@id":"https:\/\/quehacerpolitico.mx\/?p=98124"},"author":{"name":"Redacci\u00f3n QP","@id":"https:\/\/quehacerpolitico.mx\/#\/schema\/person\/496d8ad2d1d3f8036101dca7ee39e585"},"headline":"L\u00f3pez Obrador acusa a &#8220;altos funcionarios de EU&#8221; de estar relacionados con Garc\u00eda Luna","datePublished":"2023-01-18T18:13:34+00:00","dateModified":"2023-01-18T18:13:38+00:00","mainEntityOfPage":{"@id":"https:\/\/quehacerpolitico.mx\/?p=98124"},"wordCount":382,"commentCount":0,"image":{"@id":"https:\/\/quehacerpolitico.mx\/?p=98124#primaryimage"},"thumbnailUrl":"https:\/\/quehacerpolitico.mx\/wp-content\/uploads\/2023\/01\/5A2C8008-A397-4AEA-BEAC-EE61E53506C1.jpeg","articleSection":["Noticias"],"inLanguage":"es","potentialAction":[{"@type":"CommentAction","name":"Comment","target":["https:\/\/quehacerpolitico.mx\/?p=98124#respond"]}]},{"@type":"WebPage","@id":"https:\/\/quehacerpolitico.mx\/?p=98124","url":"https:\/\/quehacerpolitico.mx\/?p=98124","name":"L\u00f3pez Obrador acusa a \"altos funcionarios de EU\" de estar relacionados con Garc\u00eda Luna -","isPartOf":{"@id":"https:\/\/quehacerpolitico.mx\/#website"},"primaryImageOfPage":{"@id":"https:\/\/quehacerpolitico.mx\/?p=98124#primaryimage"},"image":{"@id":"https:\/\/quehacerpolitico.mx\/?p=98124#primaryimage"},"thumbnailUrl":"https:\/\/quehacerpolitico.mx\/wp-content\/uploads\/2023\/01\/5A2C8008-A397-4AEA-BEAC-EE61E53506C1.jpeg","datePublished":"2023-01-18T18:13:34+00:00","dateModified":"2023-01-18T18:13:38+00:00","author":{"@id":"https:\/\/quehacerpolitico.mx\/#\/schema\/person\/496d8ad2d1d3f8036101dca7ee39e585"},"breadcrumb":{"@id":"https:\/\/quehacerpolitico.mx\/?p=98124#breadcrumb"},"inLanguage":"es","potentialAction":[{"@type":"ReadAction","target":["https:\/\/quehacerpolitico.mx\/?p=98124"]}]},{"@type":"ImageObject","inLanguage":"es","@id":"https:\/\/quehacerpolitico.mx\/?p=98124#primaryimage","url":"https:\/\/quehacerpolitico.mx\/wp-content\/uploads\/2023\/01\/5A2C8008-A397-4AEA-BEAC-EE61E53506C1.jpeg","contentUrl":"https:\/\/quehacerpolitico.mx\/wp-content\/uploads\/2023\/01\/5A2C8008-A397-4AEA-BEAC-EE61E53506C1.jpeg","width":762,"height":592},{"@type":"BreadcrumbList","@id":"https:\/\/quehacerpolitico.mx\/?p=98124#breadcrumb","itemListElement":[{"@type":"ListItem","position":1,"name":"Inicio","item":"https:\/\/quehacerpolitico.mx\/"},{"@type":"ListItem","position":2,"name":"L\u00f3pez Obrador acusa a &#8220;altos funcionarios de EU&#8221; de estar relacionados con Garc\u00eda Luna"}]},{"@type":"WebSite","@id":"https:\/\/quehacerpolitico.mx\/#website","url":"https:\/\/quehacerpolitico.mx\/","name":"","description":"","potentialAction":[{"@type":"SearchAction","target":{"@type":"EntryPoint","urlTemplate":"https:\/\/quehacerpolitico.mx\/?s={search_term_string}"},"query-input":{"@type":"PropertyValueSpecification","valueRequired":true,"valueName":"search_term_string"}}],"inLanguage":"es"},{"@type":"Person","@id":"https:\/\/quehacerpolitico.mx\/#\/schema\/person\/496d8ad2d1d3f8036101dca7ee39e585","name":"Redacci\u00f3n QP","image":{"@type":"ImageObject","inLanguage":"es","@id":"https:\/\/secure.gravatar.com\/avatar\/c7164ed6fdec453195284ad24a5ae5b6e1eed2b848477fa2a4787ba9adf39a41?s=96&d=mm&r=g","url":"https:\/\/secure.gravatar.com\/avatar\/c7164ed6fdec453195284ad24a5ae5b6e1eed2b848477fa2a4787ba9adf39a41?s=96&d=mm&r=g","contentUrl":"https:\/\/secure.gravatar.com\/avatar\/c7164ed6fdec453195284ad24a5ae5b6e1eed2b848477fa2a4787ba9adf39a41?s=96&d=mm&r=g","caption":"Redacci\u00f3n QP"},"url":"https:\/\/quehacerpolitico.mx\/?author=2"}]}},"featured_image_urls":{"full":["https:\/\/quehacerpolitico.mx\/wp-content\/uploads\/2023\/01\/5A2C8008-A397-4AEA-BEAC-EE61E53506C1.jpeg",762,592,false],"thumbnail":["https:\/\/quehacerpolitico.mx\/wp-content\/uploads\/2023\/01\/5A2C8008-A397-4AEA-BEAC-EE61E53506C1-150x150.jpeg",150,150,true],"medium":["https:\/\/quehacerpolitico.mx\/wp-content\/uploads\/2023\/01\/5A2C8008-A397-4AEA-BEAC-EE61E53506C1-300x233.jpeg",300,233,true],"medium_large":["https:\/\/quehacerpolitico.mx\/wp-content\/uploads\/2023\/01\/5A2C8008-A397-4AEA-BEAC-EE61E53506C1.jpeg",640,497,false],"large":["https:\/\/quehacerpolitico.mx\/wp-content\/uploads\/2023\/01\/5A2C8008-A397-4AEA-BEAC-EE61E53506C1.jpeg",640,497,false],"1536x1536":["https:\/\/quehacerpolitico.mx\/wp-content\/uploads\/2023\/01\/5A2C8008-A397-4AEA-BEAC-EE61E53506C1.jpeg",762,592,false],"2048x2048":["https:\/\/quehacerpolitico.mx\/wp-content\/uploads\/2023\/01\/5A2C8008-A397-4AEA-BEAC-EE61E53506C1.jpeg",762,592,false],"covernews-featured":["https:\/\/quehacerpolitico.mx\/wp-content\/uploads\/2023\/01\/5A2C8008-A397-4AEA-BEAC-EE61E53506C1.jpeg",762,592,false],"covernews-medium":["https:\/\/quehacerpolitico.mx\/wp-content\/uploads\/2023\/01\/5A2C8008-A397-4AEA-BEAC-EE61E53506C1.jpeg",438,340,false]},"author_info":{"display_name":"Redacci\u00f3n QP","author_link":"https:\/\/quehacerpolitico.mx\/?author=2"},"category_info":"<a href=\"https:\/\/quehacerpolitico.mx\/?cat=2\" rel=\"category\">Noticias<\/a>","tag_info":"Noticias","comment_count":"0","_links":{"self":[{"href":"https:\/\/quehacerpolitico.mx\/index.php?rest_route=\/wp\/v2\/posts\/98124","targetHints":{"allow":["GET"]}}],"collection":[{"href":"https:\/\/quehacerpolitico.mx\/index.php?rest_route=\/wp\/v2\/posts"}],"about":[{"href":"https:\/\/quehacerpolitico.mx\/index.php?rest_route=\/wp\/v2\/types\/post"}],"author":[{"embeddable":true,"href":"https:\/\/quehacerpolitico.mx\/index.php?rest_route=\/wp\/v2\/users\/2"}],"replies":[{"embeddable":true,"href":"https:\/\/quehacerpolitico.mx\/index.php?rest_route=%2Fwp%2Fv2%2Fcomments&post=98124"}],"version-history":[{"count":1,"href":"https:\/\/quehacerpolitico.mx\/index.php?rest_route=\/wp\/v2\/posts\/98124\/revisions"}],"predecessor-version":[{"id":98126,"href":"https:\/\/quehacerpolitico.mx\/index.php?rest_route=\/wp\/v2\/posts\/98124\/revisions\/98126"}],"wp:featuredmedia":[{"embeddable":true,"href":"https:\/\/quehacerpolitico.mx\/index.php?rest_route=\/wp\/v2\/media\/98125"}],"wp:attachment":[{"href":"https:\/\/quehacerpolitico.mx\/index.php?rest_route=%2Fwp%2Fv2%2Fmedia&parent=98124"}],"wp:term":[{"taxonomy":"category","embeddable":true,"href":"https:\/\/quehacerpolitico.mx\/index.php?rest_route=%2Fwp%2Fv2%2Fcategories&post=98124"},{"taxonomy":"post_tag","embeddable":true,"href":"https:\/\/quehacerpolitico.mx\/index.php?rest_route=%2Fwp%2Fv2%2Ftags&post=98124"}],"curies":[{"name":"wp","href":"https:\/\/api.w.org\/{rel}","templated":true}]}}