{"id":98120,"date":"2023-01-18T18:02:33","date_gmt":"2023-01-18T18:02:33","guid":{"rendered":"https:\/\/quehacerpolitico.mx\/?p=98120"},"modified":"2023-01-18T18:02:37","modified_gmt":"2023-01-18T18:02:37","slug":"no-veo-posibilidades-francamente-ebrard-sobre-peticion-del-chapo","status":"publish","type":"post","link":"https:\/\/quehacerpolitico.mx\/?p=98120","title":{"rendered":"No veo posibilidades, francamente: Ebrard sobre petici\u00f3n del &#8220;Chapo&#8221;"},"content":{"rendered":"\n<p>Por Redacci\u00f3n QP<\/p>\n\n\n\n<p>&#8220;Vamos a ver, pero est\u00e1 cumpliendo una condena all\u00e1, tiene una sentencia. Entonces, no le veo posibilidades, francamente&#8221;, dice Ebrard sobre petici\u00f3n del &#8220;Chapo&#8221; Guzm\u00e1n<\/p>\n\n\n\n<figure class=\"wp-block-embed is-type-rich is-provider-twitter wp-block-embed-twitter\"><div class=\"wp-block-embed__wrapper\">\n<blockquote class=\"twitter-tweet\" data-width=\"550\" data-dnt=\"true\"><p lang=\"es\" dir=\"ltr\">&quot;No le veo posibilidad&quot;<br><br>Marcelo Ebrard respondi\u00f3 sobre la petici\u00f3n del &quot;Chapo&quot; Guzm\u00e1n de regresar a una prisi\u00f3n mexicana. <br><br>\ud83d\udcfd\ufe0f<a href=\"https:\/\/twitter.com\/AnguloInforma?ref_src=twsrc%5Etfw\">@AnguloInforma<\/a> <a href=\"https:\/\/t.co\/HpR4O7rDYV\">pic.twitter.com\/HpR4O7rDYV<\/a><\/p>&mdash; Ruido en la Red (@RuidoEnLaRed) <a href=\"https:\/\/twitter.com\/RuidoEnLaRed\/status\/1615760963512172556?ref_src=twsrc%5Etfw\">January 18, 2023<\/a><\/blockquote><script async src=\"https:\/\/platform.twitter.com\/widgets.js\" charset=\"utf-8\"><\/script>\n<\/div><\/figure>\n\n\n\n<p><strong>El canciller Marcelo Ebrard se\u00f1al\u00f3 que no le ve posibilidades a la petici\u00f3n de Joaqu\u00edn &#8220;Chapo&#8221; Guzm\u00e1n, de intervenir para solicitar su regreso a M\u00e9xico<\/strong>.<\/p>\n\n\n\n<p>&#8220;<strong>Vamos a ver, pero est\u00e1 cumpliendo una condena all\u00e1, tiene una sentencia. Entonces, no le veo posibilidades, francamente&#8221;<\/strong>, reconoci\u00f3 en encuentro con medios de comunicaci\u00f3n.<\/p>\n\n\n\n<p>Sin embargo, el canciller dijo que\u00a0<strong>el asunto se revisar\u00e1 con la Fiscal\u00eda<\/strong>.<\/p>\n\n\n\n<p>La Embajada de Estados Unidos en M\u00e9xico inform\u00f3 que el 10 de enero recibi\u00f3 un correo electr\u00f3nico de Jos\u00e9 Refugio Rodr\u00edguez N\u00fa\u00f1ez, quien afirma ser representante legal de Joaqu\u00edn Guzm\u00e1n Loera, el &#8220;Chapo&#8221;, mismo que se turn\u00f3 a la Canciller\u00eda por ser de su competencia.<\/p>\n\n\n\n<p>El defensor explic\u00f3 en entrevista que\u00a0<strong>el capo vive en condiciones degradantes en una c\u00e1rcel de Estados Unidos<\/strong>.<\/p>\n\n\n\n<p>Sobre el tema, el jefe de la Unidad para Am\u00e9rica del Norte, Roberto Velasco, se\u00f1al\u00f3 que la decisi\u00f3n de atender la petici\u00f3n de Joaqu\u00edn Guzm\u00e1n Loera, el &#8220;Chapo&#8221;, sobre las condiciones que vive encarcelado en Estados Unidos,&nbsp;<strong>corresponden al poder judicial<\/strong>.<\/p>\n\n\n\n<p><strong>&#8220;Ya el presidente abord\u00f3 este tema. Se va a analizar como se analiza cualquier petici\u00f3n. Es un tema que est\u00e1 fundamentalmente en la cancha del Poder Judicial, as\u00ed se hacen todas las extradiciones&#8221;<\/strong>, expuso.<\/p>\n\n\n\n<p>El funcionario subray\u00f3 que es un tema que fue revisado en su momento por el poder judicial.<\/p>\n\n\n\n<h2 class=\"wp-block-heading\">\u00bfQu\u00e9 mensaje le quiere dar el&nbsp;&#8220;Chapo&#8221; a L\u00f3pez Obrador?<\/h2>\n\n\n\n<p>El abogado de Guzm\u00e1n Loera habl\u00f3 en el noticiero de Ciro G\u00f3mez Leyva, respecto a la situaci\u00f3n que el &#8220;Chapo&#8221; vive en la prisi\u00f3n en EU.<\/p>\n\n\n\n<p><strong>&#8220;Nunca ha visto la luz del sol en seis a\u00f1os en prisi\u00f3n, la comida es de p\u00e9sima calidad, no ha recibido visitas m\u00e1s que tres, mientras que a los dem\u00e1s presos los dejan ver a sus familias cinco o seis veces al mes&#8221;<\/strong>, dijo Jos\u00e9 Refugio.<\/p>\n\n\n\n<p>El abogado abund\u00f3 en que &#8220;ante las condiciones degradantes que vive en una c\u00e1rcel en EU, Joaqu\u00edn Guzm\u00e1n le pide al Presidente que repare las violaciones del gobierno de Pe\u00f1a Nieto en su caso y busque los canales para que regrese a una c\u00e1rcel en M\u00e9xico\u201d.<\/p>\n\n\n\n<p>Jos\u00e9 Refugio ha sido abogado del &#8220;Chapo&#8221; de 2015 a 2018, cuando fue recapturado tras a\u00f1os de estar pr\u00f3fugo.<\/p>\n\n\n\n<p>Ante tal petici\u00f3n, el Presidente durante su conferencia solamente atin\u00f3 a decir:<strong>\u00a0&#8220;No he visto, pero vamos a ver&#8221;<\/strong>.<\/p>\n\n\n\n<p>Con Informaci\u00f3n de SUN <\/p>\n","protected":false},"excerpt":{"rendered":"<p>Por Redacci\u00f3n QP &#8220;Vamos a ver, pero est\u00e1 cumpliendo una condena all\u00e1, tiene una sentencia&#8230;.<\/p>\n","protected":false},"author":2,"featured_media":98121,"comment_status":"open","ping_status":"open","sticky":false,"template":"","format":"standard","meta":{"_monsterinsights_skip_tracking":false,"_monsterinsights_sitenote_active":false,"_monsterinsights_sitenote_note":"","_monsterinsights_sitenote_category":0,"footnotes":""},"categories":[2],"tags":[],"class_list":["post-98120","post","type-post","status-publish","format-standard","has-post-thumbnail","hentry","category-noticias"],"yoast_head":"<!-- This site is optimized with the Yoast SEO plugin v27.3 - https:\/\/yoast.com\/product\/yoast-seo-wordpress\/ -->\n<title>No veo posibilidades, francamente: Ebrard sobre petici\u00f3n del &quot;Chapo&quot; -<\/title>\n<meta name=\"robots\" content=\"index, follow, max-snippet:-1, max-image-preview:large, max-video-preview:-1\" \/>\n<link rel=\"canonical\" href=\"https:\/\/quehacerpolitico.mx\/?p=98120\" \/>\n<meta property=\"og:locale\" content=\"es_MX\" \/>\n<meta property=\"og:type\" content=\"article\" \/>\n<meta property=\"og:title\" content=\"No veo posibilidades, francamente: Ebrard sobre petici\u00f3n del &quot;Chapo&quot; -\" \/>\n<meta property=\"og:description\" content=\"Por Redacci\u00f3n QP &#8220;Vamos a ver, pero est\u00e1 cumpliendo una condena all\u00e1, tiene una sentencia....\" \/>\n<meta property=\"og:url\" content=\"https:\/\/quehacerpolitico.mx\/?p=98120\" \/>\n<meta property=\"article:published_time\" content=\"2023-01-18T18:02:33+00:00\" \/>\n<meta property=\"article:modified_time\" content=\"2023-01-18T18:02:37+00:00\" \/>\n<meta property=\"og:image\" content=\"https:\/\/quehacerpolitico.mx\/wp-content\/uploads\/2023\/01\/C1FE40F5-EEA7-4087-88C1-5A5461B240BA.jpeg\" \/>\n\t<meta property=\"og:image:width\" content=\"764\" \/>\n\t<meta property=\"og:image:height\" content=\"401\" \/>\n\t<meta property=\"og:image:type\" content=\"image\/jpeg\" \/>\n<meta name=\"author\" content=\"Redacci\u00f3n QP\" \/>\n<meta name=\"twitter:card\" content=\"summary_large_image\" \/>\n<meta name=\"twitter:label1\" content=\"Escrito por\" \/>\n\t<meta name=\"twitter:data1\" content=\"Redacci\u00f3n QP\" \/>\n\t<meta name=\"twitter:label2\" content=\"Tiempo de lectura\" \/>\n\t<meta name=\"twitter:data2\" content=\"2 minutos\" \/>\n<script type=\"application\/ld+json\" class=\"yoast-schema-graph\">{\"@context\":\"https:\\\/\\\/schema.org\",\"@graph\":[{\"@type\":\"Article\",\"@id\":\"https:\\\/\\\/quehacerpolitico.mx\\\/?p=98120#article\",\"isPartOf\":{\"@id\":\"https:\\\/\\\/quehacerpolitico.mx\\\/?p=98120\"},\"author\":{\"name\":\"Redacci\u00f3n QP\",\"@id\":\"https:\\\/\\\/quehacerpolitico.mx\\\/#\\\/schema\\\/person\\\/496d8ad2d1d3f8036101dca7ee39e585\"},\"headline\":\"No veo posibilidades, francamente: Ebrard sobre petici\u00f3n del &#8220;Chapo&#8221;\",\"datePublished\":\"2023-01-18T18:02:33+00:00\",\"dateModified\":\"2023-01-18T18:02:37+00:00\",\"mainEntityOfPage\":{\"@id\":\"https:\\\/\\\/quehacerpolitico.mx\\\/?p=98120\"},\"wordCount\":480,\"commentCount\":0,\"image\":{\"@id\":\"https:\\\/\\\/quehacerpolitico.mx\\\/?p=98120#primaryimage\"},\"thumbnailUrl\":\"https:\\\/\\\/quehacerpolitico.mx\\\/wp-content\\\/uploads\\\/2023\\\/01\\\/C1FE40F5-EEA7-4087-88C1-5A5461B240BA.jpeg\",\"articleSection\":[\"Noticias\"],\"inLanguage\":\"es\",\"potentialAction\":[{\"@type\":\"CommentAction\",\"name\":\"Comment\",\"target\":[\"https:\\\/\\\/quehacerpolitico.mx\\\/?p=98120#respond\"]}]},{\"@type\":\"WebPage\",\"@id\":\"https:\\\/\\\/quehacerpolitico.mx\\\/?p=98120\",\"url\":\"https:\\\/\\\/quehacerpolitico.mx\\\/?p=98120\",\"name\":\"No veo posibilidades, francamente: Ebrard sobre petici\u00f3n del \\\"Chapo\\\" -\",\"isPartOf\":{\"@id\":\"https:\\\/\\\/quehacerpolitico.mx\\\/#website\"},\"primaryImageOfPage\":{\"@id\":\"https:\\\/\\\/quehacerpolitico.mx\\\/?p=98120#primaryimage\"},\"image\":{\"@id\":\"https:\\\/\\\/quehacerpolitico.mx\\\/?p=98120#primaryimage\"},\"thumbnailUrl\":\"https:\\\/\\\/quehacerpolitico.mx\\\/wp-content\\\/uploads\\\/2023\\\/01\\\/C1FE40F5-EEA7-4087-88C1-5A5461B240BA.jpeg\",\"datePublished\":\"2023-01-18T18:02:33+00:00\",\"dateModified\":\"2023-01-18T18:02:37+00:00\",\"author\":{\"@id\":\"https:\\\/\\\/quehacerpolitico.mx\\\/#\\\/schema\\\/person\\\/496d8ad2d1d3f8036101dca7ee39e585\"},\"breadcrumb\":{\"@id\":\"https:\\\/\\\/quehacerpolitico.mx\\\/?p=98120#breadcrumb\"},\"inLanguage\":\"es\",\"potentialAction\":[{\"@type\":\"ReadAction\",\"target\":[\"https:\\\/\\\/quehacerpolitico.mx\\\/?p=98120\"]}]},{\"@type\":\"ImageObject\",\"inLanguage\":\"es\",\"@id\":\"https:\\\/\\\/quehacerpolitico.mx\\\/?p=98120#primaryimage\",\"url\":\"https:\\\/\\\/quehacerpolitico.mx\\\/wp-content\\\/uploads\\\/2023\\\/01\\\/C1FE40F5-EEA7-4087-88C1-5A5461B240BA.jpeg\",\"contentUrl\":\"https:\\\/\\\/quehacerpolitico.mx\\\/wp-content\\\/uploads\\\/2023\\\/01\\\/C1FE40F5-EEA7-4087-88C1-5A5461B240BA.jpeg\",\"width\":764,\"height\":401},{\"@type\":\"BreadcrumbList\",\"@id\":\"https:\\\/\\\/quehacerpolitico.mx\\\/?p=98120#breadcrumb\",\"itemListElement\":[{\"@type\":\"ListItem\",\"position\":1,\"name\":\"Inicio\",\"item\":\"https:\\\/\\\/quehacerpolitico.mx\\\/\"},{\"@type\":\"ListItem\",\"position\":2,\"name\":\"No veo posibilidades, francamente: Ebrard sobre petici\u00f3n del &#8220;Chapo&#8221;\"}]},{\"@type\":\"WebSite\",\"@id\":\"https:\\\/\\\/quehacerpolitico.mx\\\/#website\",\"url\":\"https:\\\/\\\/quehacerpolitico.mx\\\/\",\"name\":\"\",\"description\":\"\",\"potentialAction\":[{\"@type\":\"SearchAction\",\"target\":{\"@type\":\"EntryPoint\",\"urlTemplate\":\"https:\\\/\\\/quehacerpolitico.mx\\\/?s={search_term_string}\"},\"query-input\":{\"@type\":\"PropertyValueSpecification\",\"valueRequired\":true,\"valueName\":\"search_term_string\"}}],\"inLanguage\":\"es\"},{\"@type\":\"Person\",\"@id\":\"https:\\\/\\\/quehacerpolitico.mx\\\/#\\\/schema\\\/person\\\/496d8ad2d1d3f8036101dca7ee39e585\",\"name\":\"Redacci\u00f3n QP\",\"image\":{\"@type\":\"ImageObject\",\"inLanguage\":\"es\",\"@id\":\"https:\\\/\\\/secure.gravatar.com\\\/avatar\\\/c7164ed6fdec453195284ad24a5ae5b6e1eed2b848477fa2a4787ba9adf39a41?s=96&d=mm&r=g\",\"url\":\"https:\\\/\\\/secure.gravatar.com\\\/avatar\\\/c7164ed6fdec453195284ad24a5ae5b6e1eed2b848477fa2a4787ba9adf39a41?s=96&d=mm&r=g\",\"contentUrl\":\"https:\\\/\\\/secure.gravatar.com\\\/avatar\\\/c7164ed6fdec453195284ad24a5ae5b6e1eed2b848477fa2a4787ba9adf39a41?s=96&d=mm&r=g\",\"caption\":\"Redacci\u00f3n QP\"},\"url\":\"https:\\\/\\\/quehacerpolitico.mx\\\/?author=2\"}]}<\/script>\n<!-- \/ Yoast SEO plugin. -->","yoast_head_json":{"title":"No veo posibilidades, francamente: Ebrard sobre petici\u00f3n del \"Chapo\" -","robots":{"index":"index","follow":"follow","max-snippet":"max-snippet:-1","max-image-preview":"max-image-preview:large","max-video-preview":"max-video-preview:-1"},"canonical":"https:\/\/quehacerpolitico.mx\/?p=98120","og_locale":"es_MX","og_type":"article","og_title":"No veo posibilidades, francamente: Ebrard sobre petici\u00f3n del \"Chapo\" -","og_description":"Por Redacci\u00f3n QP &#8220;Vamos a ver, pero est\u00e1 cumpliendo una condena all\u00e1, tiene una sentencia....","og_url":"https:\/\/quehacerpolitico.mx\/?p=98120","article_published_time":"2023-01-18T18:02:33+00:00","article_modified_time":"2023-01-18T18:02:37+00:00","og_image":[{"width":764,"height":401,"url":"https:\/\/quehacerpolitico.mx\/wp-content\/uploads\/2023\/01\/C1FE40F5-EEA7-4087-88C1-5A5461B240BA.jpeg","type":"image\/jpeg"}],"author":"Redacci\u00f3n QP","twitter_card":"summary_large_image","twitter_misc":{"Escrito por":"Redacci\u00f3n QP","Tiempo de lectura":"2 minutos"},"schema":{"@context":"https:\/\/schema.org","@graph":[{"@type":"Article","@id":"https:\/\/quehacerpolitico.mx\/?p=98120#article","isPartOf":{"@id":"https:\/\/quehacerpolitico.mx\/?p=98120"},"author":{"name":"Redacci\u00f3n QP","@id":"https:\/\/quehacerpolitico.mx\/#\/schema\/person\/496d8ad2d1d3f8036101dca7ee39e585"},"headline":"No veo posibilidades, francamente: Ebrard sobre petici\u00f3n del &#8220;Chapo&#8221;","datePublished":"2023-01-18T18:02:33+00:00","dateModified":"2023-01-18T18:02:37+00:00","mainEntityOfPage":{"@id":"https:\/\/quehacerpolitico.mx\/?p=98120"},"wordCount":480,"commentCount":0,"image":{"@id":"https:\/\/quehacerpolitico.mx\/?p=98120#primaryimage"},"thumbnailUrl":"https:\/\/quehacerpolitico.mx\/wp-content\/uploads\/2023\/01\/C1FE40F5-EEA7-4087-88C1-5A5461B240BA.jpeg","articleSection":["Noticias"],"inLanguage":"es","potentialAction":[{"@type":"CommentAction","name":"Comment","target":["https:\/\/quehacerpolitico.mx\/?p=98120#respond"]}]},{"@type":"WebPage","@id":"https:\/\/quehacerpolitico.mx\/?p=98120","url":"https:\/\/quehacerpolitico.mx\/?p=98120","name":"No veo posibilidades, francamente: Ebrard sobre petici\u00f3n del \"Chapo\" -","isPartOf":{"@id":"https:\/\/quehacerpolitico.mx\/#website"},"primaryImageOfPage":{"@id":"https:\/\/quehacerpolitico.mx\/?p=98120#primaryimage"},"image":{"@id":"https:\/\/quehacerpolitico.mx\/?p=98120#primaryimage"},"thumbnailUrl":"https:\/\/quehacerpolitico.mx\/wp-content\/uploads\/2023\/01\/C1FE40F5-EEA7-4087-88C1-5A5461B240BA.jpeg","datePublished":"2023-01-18T18:02:33+00:00","dateModified":"2023-01-18T18:02:37+00:00","author":{"@id":"https:\/\/quehacerpolitico.mx\/#\/schema\/person\/496d8ad2d1d3f8036101dca7ee39e585"},"breadcrumb":{"@id":"https:\/\/quehacerpolitico.mx\/?p=98120#breadcrumb"},"inLanguage":"es","potentialAction":[{"@type":"ReadAction","target":["https:\/\/quehacerpolitico.mx\/?p=98120"]}]},{"@type":"ImageObject","inLanguage":"es","@id":"https:\/\/quehacerpolitico.mx\/?p=98120#primaryimage","url":"https:\/\/quehacerpolitico.mx\/wp-content\/uploads\/2023\/01\/C1FE40F5-EEA7-4087-88C1-5A5461B240BA.jpeg","contentUrl":"https:\/\/quehacerpolitico.mx\/wp-content\/uploads\/2023\/01\/C1FE40F5-EEA7-4087-88C1-5A5461B240BA.jpeg","width":764,"height":401},{"@type":"BreadcrumbList","@id":"https:\/\/quehacerpolitico.mx\/?p=98120#breadcrumb","itemListElement":[{"@type":"ListItem","position":1,"name":"Inicio","item":"https:\/\/quehacerpolitico.mx\/"},{"@type":"ListItem","position":2,"name":"No veo posibilidades, francamente: Ebrard sobre petici\u00f3n del &#8220;Chapo&#8221;"}]},{"@type":"WebSite","@id":"https:\/\/quehacerpolitico.mx\/#website","url":"https:\/\/quehacerpolitico.mx\/","name":"","description":"","potentialAction":[{"@type":"SearchAction","target":{"@type":"EntryPoint","urlTemplate":"https:\/\/quehacerpolitico.mx\/?s={search_term_string}"},"query-input":{"@type":"PropertyValueSpecification","valueRequired":true,"valueName":"search_term_string"}}],"inLanguage":"es"},{"@type":"Person","@id":"https:\/\/quehacerpolitico.mx\/#\/schema\/person\/496d8ad2d1d3f8036101dca7ee39e585","name":"Redacci\u00f3n QP","image":{"@type":"ImageObject","inLanguage":"es","@id":"https:\/\/secure.gravatar.com\/avatar\/c7164ed6fdec453195284ad24a5ae5b6e1eed2b848477fa2a4787ba9adf39a41?s=96&d=mm&r=g","url":"https:\/\/secure.gravatar.com\/avatar\/c7164ed6fdec453195284ad24a5ae5b6e1eed2b848477fa2a4787ba9adf39a41?s=96&d=mm&r=g","contentUrl":"https:\/\/secure.gravatar.com\/avatar\/c7164ed6fdec453195284ad24a5ae5b6e1eed2b848477fa2a4787ba9adf39a41?s=96&d=mm&r=g","caption":"Redacci\u00f3n QP"},"url":"https:\/\/quehacerpolitico.mx\/?author=2"}]}},"featured_image_urls":{"full":["https:\/\/quehacerpolitico.mx\/wp-content\/uploads\/2023\/01\/C1FE40F5-EEA7-4087-88C1-5A5461B240BA.jpeg",764,401,false],"thumbnail":["https:\/\/quehacerpolitico.mx\/wp-content\/uploads\/2023\/01\/C1FE40F5-EEA7-4087-88C1-5A5461B240BA-150x150.jpeg",150,150,true],"medium":["https:\/\/quehacerpolitico.mx\/wp-content\/uploads\/2023\/01\/C1FE40F5-EEA7-4087-88C1-5A5461B240BA-300x157.jpeg",300,157,true],"medium_large":["https:\/\/quehacerpolitico.mx\/wp-content\/uploads\/2023\/01\/C1FE40F5-EEA7-4087-88C1-5A5461B240BA.jpeg",640,336,false],"large":["https:\/\/quehacerpolitico.mx\/wp-content\/uploads\/2023\/01\/C1FE40F5-EEA7-4087-88C1-5A5461B240BA.jpeg",640,336,false],"1536x1536":["https:\/\/quehacerpolitico.mx\/wp-content\/uploads\/2023\/01\/C1FE40F5-EEA7-4087-88C1-5A5461B240BA.jpeg",764,401,false],"2048x2048":["https:\/\/quehacerpolitico.mx\/wp-content\/uploads\/2023\/01\/C1FE40F5-EEA7-4087-88C1-5A5461B240BA.jpeg",764,401,false],"covernews-featured":["https:\/\/quehacerpolitico.mx\/wp-content\/uploads\/2023\/01\/C1FE40F5-EEA7-4087-88C1-5A5461B240BA.jpeg",764,401,false],"covernews-medium":["https:\/\/quehacerpolitico.mx\/wp-content\/uploads\/2023\/01\/C1FE40F5-EEA7-4087-88C1-5A5461B240BA.jpeg",540,283,false]},"author_info":{"display_name":"Redacci\u00f3n QP","author_link":"https:\/\/quehacerpolitico.mx\/?author=2"},"category_info":"<a href=\"https:\/\/quehacerpolitico.mx\/?cat=2\" rel=\"category\">Noticias<\/a>","tag_info":"Noticias","comment_count":"0","_links":{"self":[{"href":"https:\/\/quehacerpolitico.mx\/index.php?rest_route=\/wp\/v2\/posts\/98120","targetHints":{"allow":["GET"]}}],"collection":[{"href":"https:\/\/quehacerpolitico.mx\/index.php?rest_route=\/wp\/v2\/posts"}],"about":[{"href":"https:\/\/quehacerpolitico.mx\/index.php?rest_route=\/wp\/v2\/types\/post"}],"author":[{"embeddable":true,"href":"https:\/\/quehacerpolitico.mx\/index.php?rest_route=\/wp\/v2\/users\/2"}],"replies":[{"embeddable":true,"href":"https:\/\/quehacerpolitico.mx\/index.php?rest_route=%2Fwp%2Fv2%2Fcomments&post=98120"}],"version-history":[{"count":1,"href":"https:\/\/quehacerpolitico.mx\/index.php?rest_route=\/wp\/v2\/posts\/98120\/revisions"}],"predecessor-version":[{"id":98122,"href":"https:\/\/quehacerpolitico.mx\/index.php?rest_route=\/wp\/v2\/posts\/98120\/revisions\/98122"}],"wp:featuredmedia":[{"embeddable":true,"href":"https:\/\/quehacerpolitico.mx\/index.php?rest_route=\/wp\/v2\/media\/98121"}],"wp:attachment":[{"href":"https:\/\/quehacerpolitico.mx\/index.php?rest_route=%2Fwp%2Fv2%2Fmedia&parent=98120"}],"wp:term":[{"taxonomy":"category","embeddable":true,"href":"https:\/\/quehacerpolitico.mx\/index.php?rest_route=%2Fwp%2Fv2%2Fcategories&post=98120"},{"taxonomy":"post_tag","embeddable":true,"href":"https:\/\/quehacerpolitico.mx\/index.php?rest_route=%2Fwp%2Fv2%2Ftags&post=98120"}],"curies":[{"name":"wp","href":"https:\/\/api.w.org\/{rel}","templated":true}]}}