{"id":98111,"date":"2023-01-18T00:21:33","date_gmt":"2023-01-18T00:21:33","guid":{"rendered":"https:\/\/quehacerpolitico.mx\/?p=98111"},"modified":"2023-01-18T00:21:36","modified_gmt":"2023-01-18T00:21:36","slug":"vamos-a-dejar-un-metro-mejor-sheinbaum","status":"publish","type":"post","link":"https:\/\/quehacerpolitico.mx\/?p=98111","title":{"rendered":"&#8216;Vamos a dejar un Metro mejor&#8217;: Sheinbaum"},"content":{"rendered":"\n<p>Por Redacci\u00f3n QP<\/p>\n\n\n\n<p>La jefa de Gobierno de la CDMX agreg\u00f3\u00a0que Metro-Energ\u00eda es una obra hecha por dos empresas p\u00fablicas: la Comisi\u00f3n Federal de Electricidad y el Sistema de Transporte Colectivo Metro<\/p>\n\n\n\n<p>Claudia Sheinbaum, jefa de Gobierno de la Ciudad de M\u00e9xico destac\u00f3 que\u00a0<strong>\u201cvamos a dejar un Metro mejor<\/strong>, eso t\u00e9nganlo por seguro, mejor del que recibimos. Vamos a dejar un Plan Maestro para las siguientes administraciones\u201d,\u00a0en el marco del inicio de\u00a0<strong>pruebas de Metro-Energ\u00eda<\/strong>, la Subestaci\u00f3n El\u00e9ctrica de Alta Tensi\u00f3n m\u00e1s moderna y grande del pa\u00eds.<\/p>\n\n\n\n<figure class=\"wp-block-embed is-type-rich is-provider-twitter wp-block-embed-twitter\"><div class=\"wp-block-embed__wrapper\">\n<blockquote class=\"twitter-tweet\" data-width=\"550\" data-dnt=\"true\"><p lang=\"es\" dir=\"ltr\"><a href=\"https:\/\/twitter.com\/hashtag\/EnVivo?src=hash&amp;ref_src=twsrc%5Etfw\">#EnVivo<\/a> \u25b6\ufe0f La <a href=\"https:\/\/twitter.com\/hashtag\/JefaDeGobierno?src=hash&amp;ref_src=twsrc%5Etfw\">#JefaDeGobierno<\/a> encabeza la apertura de <a href=\"https:\/\/twitter.com\/hashtag\/MetroEnerg%C3%ADa?src=hash&amp;ref_src=twsrc%5Etfw\">#MetroEnerg\u00eda<\/a>, la subestaci\u00f3n el\u00e9ctrica de alta tensi\u00f3n m\u00e1s grande del pa\u00eds. La acompa\u00f1an <a href=\"https:\/\/twitter.com\/CFEmx?ref_src=twsrc%5Etfw\">@CFEmx<\/a>, <a href=\"https:\/\/twitter.com\/hashtag\/CFEDistribuci%C3%B3n?src=hash&amp;ref_src=twsrc%5Etfw\">#CFEDistribuci\u00f3n<\/a>, <a href=\"https:\/\/twitter.com\/LaSEMOVI?ref_src=twsrc%5Etfw\">@LaSEMOVI<\/a>, <a href=\"https:\/\/twitter.com\/SENER_mx?ref_src=twsrc%5Etfw\">@SENER_mx<\/a> y <a href=\"https:\/\/twitter.com\/MetroCDMX?ref_src=twsrc%5Etfw\">@metroCDMX<\/a>. <a href=\"https:\/\/twitter.com\/hashtag\/MetroSeModerniza?src=hash&amp;ref_src=twsrc%5Etfw\">#MetroSeModerniza<\/a> <a href=\"https:\/\/t.co\/IHcelPtPgf\">https:\/\/t.co\/IHcelPtPgf<\/a><\/p>&mdash; Gobierno de la Ciudad de M\u00e9xico (@GobCDMX) <a href=\"https:\/\/twitter.com\/GobCDMX\/status\/1615382465719291904?ref_src=twsrc%5Etfw\">January 17, 2023<\/a><\/blockquote><script async src=\"https:\/\/platform.twitter.com\/widgets.js\" charset=\"utf-8\"><\/script>\n<\/div><\/figure>\n\n\n\n<p>Explic\u00f3 que esta megaobra&nbsp;<strong>implic\u00f3 la compra de nuevos transformadores<\/strong>, un nuevo sistema de alimentaci\u00f3n, que pas\u00f3 de un voltaje que ya no se usaba en ning\u00fan lugar del pa\u00eds a 230 kV; tambi\u00e9n una instalaci\u00f3n que comprende la&nbsp;<strong>nueva Subestaci\u00f3n El\u00e9ctrica<\/strong>&nbsp;y representa, sobre todo, la estabilidad, la mejora y 50 a\u00f1os m\u00e1s de este suministro de energ\u00eda el\u00e9ctrica, transmisi\u00f3n y distribuci\u00f3n&nbsp;<strong>para las L\u00edneas 1, 2 y 3 del Metro<\/strong>, las m\u00e1s antiguas del sistema, todo esto con una inversi\u00f3n de 4 mil 500 millones de pesos.<\/p>\n\n\n\n<p>La jefa de Gobierno de la CDMX agreg\u00f3\u00a0que Metro-Energ\u00eda\u00a0<strong>es una obra hecha por dos empresas p\u00fablicas<\/strong>: la Comisi\u00f3n Federal de Electricidad y el Sistema de Transporte Colectivo Metro, e hizo un reconocimiento a los trabajadores del Metro y CFE,\u00a0por su incansable labor para concluir con este proyecto en un a\u00f1o, en beneficio\u00a0<strong>de millones de usuarios<\/strong>.<\/p>\n\n\n\n<p>\u201cSon orgullo del pa\u00eds,&nbsp;<strong>son de las mejores empresas que hay&nbsp;<\/strong>en todo el mundo, orgullo de los mexicanos y de las mexicanas\u201d,&nbsp;agradeci\u00f3 Claudia Sheinbaum.<\/p>\n\n\n\n<p>De la mano del Gobierno de M\u00e9xico, con el presidente L\u00f3pez Obrador y con el licenciado Bartlett al frente de CFE,\u00a0<strong>tiene la obligaci\u00f3n y responsabilidad de fortalecer<\/strong>\u00a0estas empresas porque representan la garant\u00eda del servicio p\u00fablico de energ\u00eda el\u00e9ctrica y del servicio de transporte p\u00fablico para la Zona Metropolitana del Valle M\u00e9xico.<\/p>\n\n\n\n<figure class=\"wp-block-image size-full\"><img loading=\"lazy\" decoding=\"async\" width=\"1024\" height=\"683\" src=\"https:\/\/quehacerpolitico.mx\/wp-content\/uploads\/2023\/01\/image-11.jpeg\" alt=\"\" class=\"wp-image-98114\" srcset=\"https:\/\/quehacerpolitico.mx\/wp-content\/uploads\/2023\/01\/image-11.jpeg 1024w, https:\/\/quehacerpolitico.mx\/wp-content\/uploads\/2023\/01\/image-11-300x200.jpeg 300w, https:\/\/quehacerpolitico.mx\/wp-content\/uploads\/2023\/01\/image-11-768x512.jpeg 768w, https:\/\/quehacerpolitico.mx\/wp-content\/uploads\/2023\/01\/image-11-219x146.jpeg 219w, https:\/\/quehacerpolitico.mx\/wp-content\/uploads\/2023\/01\/image-11-50x33.jpeg 50w, https:\/\/quehacerpolitico.mx\/wp-content\/uploads\/2023\/01\/image-11-112x75.jpeg 112w\" sizes=\"auto, (max-width: 1024px) 100vw, 1024px\" \/><\/figure>\n\n\n\n<figure class=\"wp-block-image size-full\"><img loading=\"lazy\" decoding=\"async\" width=\"1024\" height=\"683\" src=\"https:\/\/quehacerpolitico.mx\/wp-content\/uploads\/2023\/01\/image-10.jpeg\" alt=\"\" class=\"wp-image-98113\" srcset=\"https:\/\/quehacerpolitico.mx\/wp-content\/uploads\/2023\/01\/image-10.jpeg 1024w, https:\/\/quehacerpolitico.mx\/wp-content\/uploads\/2023\/01\/image-10-300x200.jpeg 300w, https:\/\/quehacerpolitico.mx\/wp-content\/uploads\/2023\/01\/image-10-768x512.jpeg 768w, https:\/\/quehacerpolitico.mx\/wp-content\/uploads\/2023\/01\/image-10-219x146.jpeg 219w, https:\/\/quehacerpolitico.mx\/wp-content\/uploads\/2023\/01\/image-10-50x33.jpeg 50w, https:\/\/quehacerpolitico.mx\/wp-content\/uploads\/2023\/01\/image-10-112x75.jpeg 112w\" sizes=\"auto, (max-width: 1024px) 100vw, 1024px\" \/><\/figure>\n\n\n\n<figure class=\"wp-block-image size-full\"><img loading=\"lazy\" decoding=\"async\" width=\"1024\" height=\"683\" src=\"https:\/\/quehacerpolitico.mx\/wp-content\/uploads\/2023\/01\/image-9.jpeg\" alt=\"\" class=\"wp-image-98112\" srcset=\"https:\/\/quehacerpolitico.mx\/wp-content\/uploads\/2023\/01\/image-9.jpeg 1024w, https:\/\/quehacerpolitico.mx\/wp-content\/uploads\/2023\/01\/image-9-300x200.jpeg 300w, https:\/\/quehacerpolitico.mx\/wp-content\/uploads\/2023\/01\/image-9-768x512.jpeg 768w, https:\/\/quehacerpolitico.mx\/wp-content\/uploads\/2023\/01\/image-9-219x146.jpeg 219w, https:\/\/quehacerpolitico.mx\/wp-content\/uploads\/2023\/01\/image-9-50x33.jpeg 50w, https:\/\/quehacerpolitico.mx\/wp-content\/uploads\/2023\/01\/image-9-112x75.jpeg 112w\" sizes=\"auto, (max-width: 1024px) 100vw, 1024px\" \/><\/figure>\n\n\n\n<p>Finalmente, la jefa de Gobierno de la capital del pa\u00eds&nbsp;se\u00f1al\u00f3 que recientemente se ha dicho que&nbsp;<strong>el Gobierno de la Ciudad no ha invertido nada&nbsp;<\/strong>en el Metro; mientras que las acciones demuestran lo contrario.<\/p>\n\n\n\n<p>\u201cAdem\u00e1s de esta gran obra, estamos haciendo otra muy importante que es la&nbsp;<strong>modernizaci\u00f3n de la L\u00ednea 1 del Metro<\/strong>. Esa es una obra p\u00fablica financiada de&nbsp;<strong>37 mil millones de pesos;<\/strong>&nbsp;una l\u00ednea que ten\u00eda 53 a\u00f1os.<\/p>\n\n\n\n<p>A\u00f1adi\u00f3 que, si bien se pudo&nbsp;<strong>haber optado por no hacer esta modernizaci\u00f3n<\/strong>, por la dificultad de los trabajos y por las incomodidades que se genera a los usuarios al&nbsp;<strong>cerrar estaciones por periodos prolongados,<\/strong>&nbsp;\u201cse tom\u00f3 la decisi\u00f3n de hacer esta inversi\u00f3n\u201d, porque nada debe estar por encima de la seguridad de los usuarios y la vida \u00fatil del Metro, columna vertebral de la movilidad.<\/p>\n\n\n\n<p>\u201cPorque en el Metro no solamente nos movemos los que vivimos en la capital,&nbsp;<strong>sino tambi\u00e9n una buena parte de los habitantes<\/strong>&nbsp;del Estado de M\u00e9xico y de otras entidades\u201d,&nbsp;destac\u00f3.<\/p>\n","protected":false},"excerpt":{"rendered":"<p>Por Redacci\u00f3n QP La jefa de Gobierno de la CDMX agreg\u00f3\u00a0que Metro-Energ\u00eda es una obra&#8230;<\/p>\n","protected":false},"author":2,"featured_media":98115,"comment_status":"open","ping_status":"open","sticky":false,"template":"","format":"standard","meta":{"_monsterinsights_skip_tracking":false,"_monsterinsights_sitenote_active":false,"_monsterinsights_sitenote_note":"","_monsterinsights_sitenote_category":0,"footnotes":""},"categories":[55],"tags":[],"class_list":["post-98111","post","type-post","status-publish","format-standard","has-post-thumbnail","hentry","category-cdmx"],"yoast_head":"<!-- This site is optimized with the Yoast SEO plugin v27.3 - https:\/\/yoast.com\/product\/yoast-seo-wordpress\/ -->\n<title>&#039;Vamos a dejar un Metro mejor&#039;: Sheinbaum -<\/title>\n<meta name=\"robots\" content=\"index, follow, max-snippet:-1, max-image-preview:large, max-video-preview:-1\" \/>\n<link rel=\"canonical\" href=\"https:\/\/quehacerpolitico.mx\/?p=98111\" \/>\n<meta property=\"og:locale\" content=\"es_MX\" \/>\n<meta property=\"og:type\" content=\"article\" \/>\n<meta property=\"og:title\" content=\"&#039;Vamos a dejar un Metro mejor&#039;: Sheinbaum -\" \/>\n<meta property=\"og:description\" content=\"Por Redacci\u00f3n QP La jefa de Gobierno de la CDMX agreg\u00f3\u00a0que Metro-Energ\u00eda es una obra...\" \/>\n<meta property=\"og:url\" content=\"https:\/\/quehacerpolitico.mx\/?p=98111\" \/>\n<meta property=\"article:published_time\" content=\"2023-01-18T00:21:33+00:00\" \/>\n<meta property=\"article:modified_time\" content=\"2023-01-18T00:21:36+00:00\" \/>\n<meta property=\"og:image\" content=\"https:\/\/quehacerpolitico.mx\/wp-content\/uploads\/2023\/01\/7F7EEB76-58D5-4B6A-82FE-5494B6EC697A.jpeg\" \/>\n\t<meta property=\"og:image:width\" content=\"1284\" \/>\n\t<meta property=\"og:image:height\" content=\"709\" \/>\n\t<meta property=\"og:image:type\" content=\"image\/jpeg\" \/>\n<meta name=\"author\" content=\"Redacci\u00f3n QP\" \/>\n<meta name=\"twitter:card\" content=\"summary_large_image\" \/>\n<meta name=\"twitter:label1\" content=\"Escrito por\" \/>\n\t<meta name=\"twitter:data1\" content=\"Redacci\u00f3n QP\" \/>\n\t<meta name=\"twitter:label2\" content=\"Tiempo de lectura\" \/>\n\t<meta name=\"twitter:data2\" content=\"3 minutos\" \/>\n<script type=\"application\/ld+json\" class=\"yoast-schema-graph\">{\"@context\":\"https:\\\/\\\/schema.org\",\"@graph\":[{\"@type\":\"Article\",\"@id\":\"https:\\\/\\\/quehacerpolitico.mx\\\/?p=98111#article\",\"isPartOf\":{\"@id\":\"https:\\\/\\\/quehacerpolitico.mx\\\/?p=98111\"},\"author\":{\"name\":\"Redacci\u00f3n QP\",\"@id\":\"https:\\\/\\\/quehacerpolitico.mx\\\/#\\\/schema\\\/person\\\/496d8ad2d1d3f8036101dca7ee39e585\"},\"headline\":\"&#8216;Vamos a dejar un Metro mejor&#8217;: Sheinbaum\",\"datePublished\":\"2023-01-18T00:21:33+00:00\",\"dateModified\":\"2023-01-18T00:21:36+00:00\",\"mainEntityOfPage\":{\"@id\":\"https:\\\/\\\/quehacerpolitico.mx\\\/?p=98111\"},\"wordCount\":572,\"commentCount\":0,\"image\":{\"@id\":\"https:\\\/\\\/quehacerpolitico.mx\\\/?p=98111#primaryimage\"},\"thumbnailUrl\":\"https:\\\/\\\/quehacerpolitico.mx\\\/wp-content\\\/uploads\\\/2023\\\/01\\\/7F7EEB76-58D5-4B6A-82FE-5494B6EC697A.jpeg\",\"articleSection\":[\"CDMX\"],\"inLanguage\":\"es\",\"potentialAction\":[{\"@type\":\"CommentAction\",\"name\":\"Comment\",\"target\":[\"https:\\\/\\\/quehacerpolitico.mx\\\/?p=98111#respond\"]}]},{\"@type\":\"WebPage\",\"@id\":\"https:\\\/\\\/quehacerpolitico.mx\\\/?p=98111\",\"url\":\"https:\\\/\\\/quehacerpolitico.mx\\\/?p=98111\",\"name\":\"'Vamos a dejar un Metro mejor': Sheinbaum -\",\"isPartOf\":{\"@id\":\"https:\\\/\\\/quehacerpolitico.mx\\\/#website\"},\"primaryImageOfPage\":{\"@id\":\"https:\\\/\\\/quehacerpolitico.mx\\\/?p=98111#primaryimage\"},\"image\":{\"@id\":\"https:\\\/\\\/quehacerpolitico.mx\\\/?p=98111#primaryimage\"},\"thumbnailUrl\":\"https:\\\/\\\/quehacerpolitico.mx\\\/wp-content\\\/uploads\\\/2023\\\/01\\\/7F7EEB76-58D5-4B6A-82FE-5494B6EC697A.jpeg\",\"datePublished\":\"2023-01-18T00:21:33+00:00\",\"dateModified\":\"2023-01-18T00:21:36+00:00\",\"author\":{\"@id\":\"https:\\\/\\\/quehacerpolitico.mx\\\/#\\\/schema\\\/person\\\/496d8ad2d1d3f8036101dca7ee39e585\"},\"breadcrumb\":{\"@id\":\"https:\\\/\\\/quehacerpolitico.mx\\\/?p=98111#breadcrumb\"},\"inLanguage\":\"es\",\"potentialAction\":[{\"@type\":\"ReadAction\",\"target\":[\"https:\\\/\\\/quehacerpolitico.mx\\\/?p=98111\"]}]},{\"@type\":\"ImageObject\",\"inLanguage\":\"es\",\"@id\":\"https:\\\/\\\/quehacerpolitico.mx\\\/?p=98111#primaryimage\",\"url\":\"https:\\\/\\\/quehacerpolitico.mx\\\/wp-content\\\/uploads\\\/2023\\\/01\\\/7F7EEB76-58D5-4B6A-82FE-5494B6EC697A.jpeg\",\"contentUrl\":\"https:\\\/\\\/quehacerpolitico.mx\\\/wp-content\\\/uploads\\\/2023\\\/01\\\/7F7EEB76-58D5-4B6A-82FE-5494B6EC697A.jpeg\",\"width\":1284,\"height\":709},{\"@type\":\"BreadcrumbList\",\"@id\":\"https:\\\/\\\/quehacerpolitico.mx\\\/?p=98111#breadcrumb\",\"itemListElement\":[{\"@type\":\"ListItem\",\"position\":1,\"name\":\"Inicio\",\"item\":\"https:\\\/\\\/quehacerpolitico.mx\\\/\"},{\"@type\":\"ListItem\",\"position\":2,\"name\":\"&#8216;Vamos a dejar un Metro mejor&#8217;: Sheinbaum\"}]},{\"@type\":\"WebSite\",\"@id\":\"https:\\\/\\\/quehacerpolitico.mx\\\/#website\",\"url\":\"https:\\\/\\\/quehacerpolitico.mx\\\/\",\"name\":\"\",\"description\":\"\",\"potentialAction\":[{\"@type\":\"SearchAction\",\"target\":{\"@type\":\"EntryPoint\",\"urlTemplate\":\"https:\\\/\\\/quehacerpolitico.mx\\\/?s={search_term_string}\"},\"query-input\":{\"@type\":\"PropertyValueSpecification\",\"valueRequired\":true,\"valueName\":\"search_term_string\"}}],\"inLanguage\":\"es\"},{\"@type\":\"Person\",\"@id\":\"https:\\\/\\\/quehacerpolitico.mx\\\/#\\\/schema\\\/person\\\/496d8ad2d1d3f8036101dca7ee39e585\",\"name\":\"Redacci\u00f3n QP\",\"image\":{\"@type\":\"ImageObject\",\"inLanguage\":\"es\",\"@id\":\"https:\\\/\\\/secure.gravatar.com\\\/avatar\\\/c7164ed6fdec453195284ad24a5ae5b6e1eed2b848477fa2a4787ba9adf39a41?s=96&d=mm&r=g\",\"url\":\"https:\\\/\\\/secure.gravatar.com\\\/avatar\\\/c7164ed6fdec453195284ad24a5ae5b6e1eed2b848477fa2a4787ba9adf39a41?s=96&d=mm&r=g\",\"contentUrl\":\"https:\\\/\\\/secure.gravatar.com\\\/avatar\\\/c7164ed6fdec453195284ad24a5ae5b6e1eed2b848477fa2a4787ba9adf39a41?s=96&d=mm&r=g\",\"caption\":\"Redacci\u00f3n QP\"},\"url\":\"https:\\\/\\\/quehacerpolitico.mx\\\/?author=2\"}]}<\/script>\n<!-- \/ Yoast SEO plugin. -->","yoast_head_json":{"title":"'Vamos a dejar un Metro mejor': Sheinbaum -","robots":{"index":"index","follow":"follow","max-snippet":"max-snippet:-1","max-image-preview":"max-image-preview:large","max-video-preview":"max-video-preview:-1"},"canonical":"https:\/\/quehacerpolitico.mx\/?p=98111","og_locale":"es_MX","og_type":"article","og_title":"'Vamos a dejar un Metro mejor': Sheinbaum -","og_description":"Por Redacci\u00f3n QP La jefa de Gobierno de la CDMX agreg\u00f3\u00a0que Metro-Energ\u00eda es una obra...","og_url":"https:\/\/quehacerpolitico.mx\/?p=98111","article_published_time":"2023-01-18T00:21:33+00:00","article_modified_time":"2023-01-18T00:21:36+00:00","og_image":[{"width":1284,"height":709,"url":"https:\/\/quehacerpolitico.mx\/wp-content\/uploads\/2023\/01\/7F7EEB76-58D5-4B6A-82FE-5494B6EC697A.jpeg","type":"image\/jpeg"}],"author":"Redacci\u00f3n QP","twitter_card":"summary_large_image","twitter_misc":{"Escrito por":"Redacci\u00f3n QP","Tiempo de lectura":"3 minutos"},"schema":{"@context":"https:\/\/schema.org","@graph":[{"@type":"Article","@id":"https:\/\/quehacerpolitico.mx\/?p=98111#article","isPartOf":{"@id":"https:\/\/quehacerpolitico.mx\/?p=98111"},"author":{"name":"Redacci\u00f3n QP","@id":"https:\/\/quehacerpolitico.mx\/#\/schema\/person\/496d8ad2d1d3f8036101dca7ee39e585"},"headline":"&#8216;Vamos a dejar un Metro mejor&#8217;: Sheinbaum","datePublished":"2023-01-18T00:21:33+00:00","dateModified":"2023-01-18T00:21:36+00:00","mainEntityOfPage":{"@id":"https:\/\/quehacerpolitico.mx\/?p=98111"},"wordCount":572,"commentCount":0,"image":{"@id":"https:\/\/quehacerpolitico.mx\/?p=98111#primaryimage"},"thumbnailUrl":"https:\/\/quehacerpolitico.mx\/wp-content\/uploads\/2023\/01\/7F7EEB76-58D5-4B6A-82FE-5494B6EC697A.jpeg","articleSection":["CDMX"],"inLanguage":"es","potentialAction":[{"@type":"CommentAction","name":"Comment","target":["https:\/\/quehacerpolitico.mx\/?p=98111#respond"]}]},{"@type":"WebPage","@id":"https:\/\/quehacerpolitico.mx\/?p=98111","url":"https:\/\/quehacerpolitico.mx\/?p=98111","name":"'Vamos a dejar un Metro mejor': Sheinbaum -","isPartOf":{"@id":"https:\/\/quehacerpolitico.mx\/#website"},"primaryImageOfPage":{"@id":"https:\/\/quehacerpolitico.mx\/?p=98111#primaryimage"},"image":{"@id":"https:\/\/quehacerpolitico.mx\/?p=98111#primaryimage"},"thumbnailUrl":"https:\/\/quehacerpolitico.mx\/wp-content\/uploads\/2023\/01\/7F7EEB76-58D5-4B6A-82FE-5494B6EC697A.jpeg","datePublished":"2023-01-18T00:21:33+00:00","dateModified":"2023-01-18T00:21:36+00:00","author":{"@id":"https:\/\/quehacerpolitico.mx\/#\/schema\/person\/496d8ad2d1d3f8036101dca7ee39e585"},"breadcrumb":{"@id":"https:\/\/quehacerpolitico.mx\/?p=98111#breadcrumb"},"inLanguage":"es","potentialAction":[{"@type":"ReadAction","target":["https:\/\/quehacerpolitico.mx\/?p=98111"]}]},{"@type":"ImageObject","inLanguage":"es","@id":"https:\/\/quehacerpolitico.mx\/?p=98111#primaryimage","url":"https:\/\/quehacerpolitico.mx\/wp-content\/uploads\/2023\/01\/7F7EEB76-58D5-4B6A-82FE-5494B6EC697A.jpeg","contentUrl":"https:\/\/quehacerpolitico.mx\/wp-content\/uploads\/2023\/01\/7F7EEB76-58D5-4B6A-82FE-5494B6EC697A.jpeg","width":1284,"height":709},{"@type":"BreadcrumbList","@id":"https:\/\/quehacerpolitico.mx\/?p=98111#breadcrumb","itemListElement":[{"@type":"ListItem","position":1,"name":"Inicio","item":"https:\/\/quehacerpolitico.mx\/"},{"@type":"ListItem","position":2,"name":"&#8216;Vamos a dejar un Metro mejor&#8217;: Sheinbaum"}]},{"@type":"WebSite","@id":"https:\/\/quehacerpolitico.mx\/#website","url":"https:\/\/quehacerpolitico.mx\/","name":"","description":"","potentialAction":[{"@type":"SearchAction","target":{"@type":"EntryPoint","urlTemplate":"https:\/\/quehacerpolitico.mx\/?s={search_term_string}"},"query-input":{"@type":"PropertyValueSpecification","valueRequired":true,"valueName":"search_term_string"}}],"inLanguage":"es"},{"@type":"Person","@id":"https:\/\/quehacerpolitico.mx\/#\/schema\/person\/496d8ad2d1d3f8036101dca7ee39e585","name":"Redacci\u00f3n QP","image":{"@type":"ImageObject","inLanguage":"es","@id":"https:\/\/secure.gravatar.com\/avatar\/c7164ed6fdec453195284ad24a5ae5b6e1eed2b848477fa2a4787ba9adf39a41?s=96&d=mm&r=g","url":"https:\/\/secure.gravatar.com\/avatar\/c7164ed6fdec453195284ad24a5ae5b6e1eed2b848477fa2a4787ba9adf39a41?s=96&d=mm&r=g","contentUrl":"https:\/\/secure.gravatar.com\/avatar\/c7164ed6fdec453195284ad24a5ae5b6e1eed2b848477fa2a4787ba9adf39a41?s=96&d=mm&r=g","caption":"Redacci\u00f3n QP"},"url":"https:\/\/quehacerpolitico.mx\/?author=2"}]}},"featured_image_urls":{"full":["https:\/\/quehacerpolitico.mx\/wp-content\/uploads\/2023\/01\/7F7EEB76-58D5-4B6A-82FE-5494B6EC697A.jpeg",1284,709,false],"thumbnail":["https:\/\/quehacerpolitico.mx\/wp-content\/uploads\/2023\/01\/7F7EEB76-58D5-4B6A-82FE-5494B6EC697A-150x150.jpeg",150,150,true],"medium":["https:\/\/quehacerpolitico.mx\/wp-content\/uploads\/2023\/01\/7F7EEB76-58D5-4B6A-82FE-5494B6EC697A-300x166.jpeg",300,166,true],"medium_large":["https:\/\/quehacerpolitico.mx\/wp-content\/uploads\/2023\/01\/7F7EEB76-58D5-4B6A-82FE-5494B6EC697A-768x424.jpeg",640,353,true],"large":["https:\/\/quehacerpolitico.mx\/wp-content\/uploads\/2023\/01\/7F7EEB76-58D5-4B6A-82FE-5494B6EC697A-1024x565.jpeg",640,353,true],"1536x1536":["https:\/\/quehacerpolitico.mx\/wp-content\/uploads\/2023\/01\/7F7EEB76-58D5-4B6A-82FE-5494B6EC697A.jpeg",1284,709,false],"2048x2048":["https:\/\/quehacerpolitico.mx\/wp-content\/uploads\/2023\/01\/7F7EEB76-58D5-4B6A-82FE-5494B6EC697A.jpeg",1284,709,false],"covernews-featured":["https:\/\/quehacerpolitico.mx\/wp-content\/uploads\/2023\/01\/7F7EEB76-58D5-4B6A-82FE-5494B6EC697A.jpeg",1024,565,false],"covernews-medium":["https:\/\/quehacerpolitico.mx\/wp-content\/uploads\/2023\/01\/7F7EEB76-58D5-4B6A-82FE-5494B6EC697A.jpeg",540,298,false]},"author_info":{"display_name":"Redacci\u00f3n QP","author_link":"https:\/\/quehacerpolitico.mx\/?author=2"},"category_info":"<a href=\"https:\/\/quehacerpolitico.mx\/?cat=55\" rel=\"category\">CDMX<\/a>","tag_info":"CDMX","comment_count":"0","_links":{"self":[{"href":"https:\/\/quehacerpolitico.mx\/index.php?rest_route=\/wp\/v2\/posts\/98111","targetHints":{"allow":["GET"]}}],"collection":[{"href":"https:\/\/quehacerpolitico.mx\/index.php?rest_route=\/wp\/v2\/posts"}],"about":[{"href":"https:\/\/quehacerpolitico.mx\/index.php?rest_route=\/wp\/v2\/types\/post"}],"author":[{"embeddable":true,"href":"https:\/\/quehacerpolitico.mx\/index.php?rest_route=\/wp\/v2\/users\/2"}],"replies":[{"embeddable":true,"href":"https:\/\/quehacerpolitico.mx\/index.php?rest_route=%2Fwp%2Fv2%2Fcomments&post=98111"}],"version-history":[{"count":1,"href":"https:\/\/quehacerpolitico.mx\/index.php?rest_route=\/wp\/v2\/posts\/98111\/revisions"}],"predecessor-version":[{"id":98116,"href":"https:\/\/quehacerpolitico.mx\/index.php?rest_route=\/wp\/v2\/posts\/98111\/revisions\/98116"}],"wp:featuredmedia":[{"embeddable":true,"href":"https:\/\/quehacerpolitico.mx\/index.php?rest_route=\/wp\/v2\/media\/98115"}],"wp:attachment":[{"href":"https:\/\/quehacerpolitico.mx\/index.php?rest_route=%2Fwp%2Fv2%2Fmedia&parent=98111"}],"wp:term":[{"taxonomy":"category","embeddable":true,"href":"https:\/\/quehacerpolitico.mx\/index.php?rest_route=%2Fwp%2Fv2%2Fcategories&post=98111"},{"taxonomy":"post_tag","embeddable":true,"href":"https:\/\/quehacerpolitico.mx\/index.php?rest_route=%2Fwp%2Fv2%2Ftags&post=98111"}],"curies":[{"name":"wp","href":"https:\/\/api.w.org\/{rel}","templated":true}]}}