{"id":98108,"date":"2023-01-18T00:00:20","date_gmt":"2023-01-18T00:00:20","guid":{"rendered":"https:\/\/quehacerpolitico.mx\/?p=98108"},"modified":"2023-01-18T00:00:24","modified_gmt":"2023-01-18T00:00:24","slug":"xavier-gonzalez-zirion-acusa-desvio-de-recursos-para-mantenimiento-del-metro-de-la-cdmx","status":"publish","type":"post","link":"https:\/\/quehacerpolitico.mx\/?p=98108","title":{"rendered":"Xavier Gonz\u00e1lez Ziri\u00f3n acusa desv\u00edo de recursos para mantenimiento del Metro de la CDMX"},"content":{"rendered":"\n<p>Por Redacci\u00f3n QP<\/p>\n\n\n\n<p>Fue un diputado del PRI quien se\u00f1al\u00f3 que la comitiva de la jefa de gobierno destina recursos a propaganda en lugar de usar ese presupuesto al mantenimiento del metro<\/p>\n\n\n\n<p>El diputado federal Xavier Gonz\u00e1lez Ziri\u00f3n, del PRI, acus\u00f3 que en el Gobierno de la Ciudad de M\u00e9xico\u00a0<strong>hay desv\u00edo de recursos, espec\u00edficamente los destinados al mantenimiento del\u00a0<\/strong>Metro.<\/p>\n\n\n\n<p>&#8220;Sin que, por ejemplo, nos aclaren con qu\u00e9 dinero la jefa de Gobierno y su comitiva aparece en todos los estados de la Rep\u00fablica, mantiene propaganda en todas partes y&nbsp;<strong>eso se llama falta de transparencia y corrupci\u00f3n&#8221;, afirm\u00f3.<\/strong><\/p>\n\n\n\n<p>El aspirante a la candidatura a la Jefatura de Gobierno de la CDMX por la Alianza Va por M\u00e9xico, advirti\u00f3 que &#8220;se est\u00e1n haciendo fuertes desv\u00edos del presupuesto para la campa\u00f1a de la se\u00f1ora Sheinbaum,\u00a0<strong>sin darse cuenta que esta situaci\u00f3n ha cobrado vidas y genera desesperanza entre sus habitantes, debido a la inflaci\u00f3n y escasa generaci\u00f3n de empleo.&#8221;<\/strong><\/p>\n\n\n\n<figure class=\"wp-block-embed is-type-rich is-provider-twitter wp-block-embed-twitter\"><div class=\"wp-block-embed__wrapper\">\n<blockquote class=\"twitter-tweet\" data-width=\"550\" data-dnt=\"true\"><p lang=\"es\" dir=\"ltr\">El gobierno de Morena en la <a href=\"https:\/\/twitter.com\/hashtag\/cdmx?src=hash&amp;ref_src=twsrc%5Etfw\">#cdmx<\/a> se gasta el dinero que debiera gastar en mantenimiento del Metro en su campa\u00f1a pol\u00edtica. Con los 500 mil mdp que costar\u00e1 el <a href=\"https:\/\/twitter.com\/hashtag\/TrenMaya?src=hash&amp;ref_src=twsrc%5Etfw\">#TrenMaya<\/a> podemos hacer 20 l\u00edneas nuevas y dar mantenimiento a todas. En 2024 haremos un gran gobierno.<\/p>&mdash; Xavier Gonz\u00e1lez Ziri\u00f3n (@XavierGZirion) <a href=\"https:\/\/twitter.com\/XavierGZirion\/status\/1611772111898693636?ref_src=twsrc%5Etfw\">January 7, 2023<\/a><\/blockquote><script async src=\"https:\/\/platform.twitter.com\/widgets.js\" charset=\"utf-8\"><\/script>\n<\/div><\/figure>\n\n\n\n<p>Afirm\u00f3 que es una simulaci\u00f3n la explicaci\u00f3n que dan sobre el origen de los recursos con que se pagan las giras que la jefa de gobierno hace a otros estados cada semana.<\/p>\n\n\n\n<p><strong>&#8220;Y por ello crean organizaciones que s\u00f3lo son parapeto, al decir que cada uno de sus integrantes don\u00f3 mil pesos para la campa\u00f1a de la Jefa de Gobierno, cuando todos sabemos que son recursos p\u00fablicos&#8221;,<\/strong>\u00a0asever\u00f3.<\/p>\n\n\n\n<p>Se\u00f1al\u00f3 que a casi un a\u00f1o de que concluya su mandato, no ha habido crecimiento econ\u00f3mico en la Ciudad de M\u00e9xico, por lo que&nbsp;<strong>43% de sus habitantes no votar\u00eda por Morena en la siguiente elecci\u00f3n.<\/strong><\/p>\n\n\n\n<p>&#8220;Si vemos los resultados de la CDMX, el gobierno de Sheinbaum es el peor, no dejamos los n\u00fameros rojos. En la Ciudad de M\u00e9xico, hoy, 43% de los ciudadanos no votar\u00edan por Morena&#8221;, dijo.<\/p>\n\n\n\n<p>Con Informaci\u00f3n de SUN <\/p>\n","protected":false},"excerpt":{"rendered":"<p>Por Redacci\u00f3n QP Fue un diputado del PRI quien se\u00f1al\u00f3 que la comitiva de la&#8230;<\/p>\n","protected":false},"author":2,"featured_media":98109,"comment_status":"open","ping_status":"open","sticky":false,"template":"","format":"standard","meta":{"_monsterinsights_skip_tracking":false,"_monsterinsights_sitenote_active":false,"_monsterinsights_sitenote_note":"","_monsterinsights_sitenote_category":0,"footnotes":""},"categories":[55],"tags":[],"class_list":["post-98108","post","type-post","status-publish","format-standard","has-post-thumbnail","hentry","category-cdmx"],"yoast_head":"<!-- This site is optimized with the Yoast SEO plugin v27.3 - https:\/\/yoast.com\/product\/yoast-seo-wordpress\/ -->\n<title>Xavier Gonz\u00e1lez Ziri\u00f3n acusa desv\u00edo de recursos para mantenimiento del Metro de la CDMX -<\/title>\n<meta name=\"robots\" content=\"index, follow, max-snippet:-1, max-image-preview:large, max-video-preview:-1\" \/>\n<link rel=\"canonical\" href=\"https:\/\/quehacerpolitico.mx\/?p=98108\" \/>\n<meta property=\"og:locale\" content=\"es_MX\" \/>\n<meta property=\"og:type\" content=\"article\" \/>\n<meta property=\"og:title\" content=\"Xavier Gonz\u00e1lez Ziri\u00f3n acusa desv\u00edo de recursos para mantenimiento del Metro de la CDMX -\" \/>\n<meta property=\"og:description\" content=\"Por Redacci\u00f3n QP Fue un diputado del PRI quien se\u00f1al\u00f3 que la comitiva de la...\" \/>\n<meta property=\"og:url\" content=\"https:\/\/quehacerpolitico.mx\/?p=98108\" \/>\n<meta property=\"article:published_time\" content=\"2023-01-18T00:00:20+00:00\" \/>\n<meta property=\"article:modified_time\" content=\"2023-01-18T00:00:24+00:00\" \/>\n<meta property=\"og:image\" content=\"https:\/\/quehacerpolitico.mx\/wp-content\/uploads\/2023\/01\/D6D25169-CED1-495F-BC9F-FF33C739302E.jpeg\" \/>\n\t<meta property=\"og:image:width\" content=\"679\" \/>\n\t<meta property=\"og:image:height\" content=\"452\" \/>\n\t<meta property=\"og:image:type\" content=\"image\/jpeg\" \/>\n<meta name=\"author\" content=\"Redacci\u00f3n QP\" \/>\n<meta name=\"twitter:card\" content=\"summary_large_image\" \/>\n<meta name=\"twitter:label1\" content=\"Escrito por\" \/>\n\t<meta name=\"twitter:data1\" content=\"Redacci\u00f3n QP\" \/>\n\t<meta name=\"twitter:label2\" content=\"Tiempo de lectura\" \/>\n\t<meta name=\"twitter:data2\" content=\"2 minutos\" \/>\n<script type=\"application\/ld+json\" class=\"yoast-schema-graph\">{\"@context\":\"https:\\\/\\\/schema.org\",\"@graph\":[{\"@type\":\"Article\",\"@id\":\"https:\\\/\\\/quehacerpolitico.mx\\\/?p=98108#article\",\"isPartOf\":{\"@id\":\"https:\\\/\\\/quehacerpolitico.mx\\\/?p=98108\"},\"author\":{\"name\":\"Redacci\u00f3n QP\",\"@id\":\"https:\\\/\\\/quehacerpolitico.mx\\\/#\\\/schema\\\/person\\\/496d8ad2d1d3f8036101dca7ee39e585\"},\"headline\":\"Xavier Gonz\u00e1lez Ziri\u00f3n acusa desv\u00edo de recursos para mantenimiento del Metro de la CDMX\",\"datePublished\":\"2023-01-18T00:00:20+00:00\",\"dateModified\":\"2023-01-18T00:00:24+00:00\",\"mainEntityOfPage\":{\"@id\":\"https:\\\/\\\/quehacerpolitico.mx\\\/?p=98108\"},\"wordCount\":361,\"commentCount\":0,\"image\":{\"@id\":\"https:\\\/\\\/quehacerpolitico.mx\\\/?p=98108#primaryimage\"},\"thumbnailUrl\":\"https:\\\/\\\/quehacerpolitico.mx\\\/wp-content\\\/uploads\\\/2023\\\/01\\\/D6D25169-CED1-495F-BC9F-FF33C739302E.jpeg\",\"articleSection\":[\"CDMX\"],\"inLanguage\":\"es\",\"potentialAction\":[{\"@type\":\"CommentAction\",\"name\":\"Comment\",\"target\":[\"https:\\\/\\\/quehacerpolitico.mx\\\/?p=98108#respond\"]}]},{\"@type\":\"WebPage\",\"@id\":\"https:\\\/\\\/quehacerpolitico.mx\\\/?p=98108\",\"url\":\"https:\\\/\\\/quehacerpolitico.mx\\\/?p=98108\",\"name\":\"Xavier Gonz\u00e1lez Ziri\u00f3n acusa desv\u00edo de recursos para mantenimiento del Metro de la CDMX -\",\"isPartOf\":{\"@id\":\"https:\\\/\\\/quehacerpolitico.mx\\\/#website\"},\"primaryImageOfPage\":{\"@id\":\"https:\\\/\\\/quehacerpolitico.mx\\\/?p=98108#primaryimage\"},\"image\":{\"@id\":\"https:\\\/\\\/quehacerpolitico.mx\\\/?p=98108#primaryimage\"},\"thumbnailUrl\":\"https:\\\/\\\/quehacerpolitico.mx\\\/wp-content\\\/uploads\\\/2023\\\/01\\\/D6D25169-CED1-495F-BC9F-FF33C739302E.jpeg\",\"datePublished\":\"2023-01-18T00:00:20+00:00\",\"dateModified\":\"2023-01-18T00:00:24+00:00\",\"author\":{\"@id\":\"https:\\\/\\\/quehacerpolitico.mx\\\/#\\\/schema\\\/person\\\/496d8ad2d1d3f8036101dca7ee39e585\"},\"breadcrumb\":{\"@id\":\"https:\\\/\\\/quehacerpolitico.mx\\\/?p=98108#breadcrumb\"},\"inLanguage\":\"es\",\"potentialAction\":[{\"@type\":\"ReadAction\",\"target\":[\"https:\\\/\\\/quehacerpolitico.mx\\\/?p=98108\"]}]},{\"@type\":\"ImageObject\",\"inLanguage\":\"es\",\"@id\":\"https:\\\/\\\/quehacerpolitico.mx\\\/?p=98108#primaryimage\",\"url\":\"https:\\\/\\\/quehacerpolitico.mx\\\/wp-content\\\/uploads\\\/2023\\\/01\\\/D6D25169-CED1-495F-BC9F-FF33C739302E.jpeg\",\"contentUrl\":\"https:\\\/\\\/quehacerpolitico.mx\\\/wp-content\\\/uploads\\\/2023\\\/01\\\/D6D25169-CED1-495F-BC9F-FF33C739302E.jpeg\",\"width\":679,\"height\":452},{\"@type\":\"BreadcrumbList\",\"@id\":\"https:\\\/\\\/quehacerpolitico.mx\\\/?p=98108#breadcrumb\",\"itemListElement\":[{\"@type\":\"ListItem\",\"position\":1,\"name\":\"Inicio\",\"item\":\"https:\\\/\\\/quehacerpolitico.mx\\\/\"},{\"@type\":\"ListItem\",\"position\":2,\"name\":\"Xavier Gonz\u00e1lez Ziri\u00f3n acusa desv\u00edo de recursos para mantenimiento del Metro de la CDMX\"}]},{\"@type\":\"WebSite\",\"@id\":\"https:\\\/\\\/quehacerpolitico.mx\\\/#website\",\"url\":\"https:\\\/\\\/quehacerpolitico.mx\\\/\",\"name\":\"\",\"description\":\"\",\"potentialAction\":[{\"@type\":\"SearchAction\",\"target\":{\"@type\":\"EntryPoint\",\"urlTemplate\":\"https:\\\/\\\/quehacerpolitico.mx\\\/?s={search_term_string}\"},\"query-input\":{\"@type\":\"PropertyValueSpecification\",\"valueRequired\":true,\"valueName\":\"search_term_string\"}}],\"inLanguage\":\"es\"},{\"@type\":\"Person\",\"@id\":\"https:\\\/\\\/quehacerpolitico.mx\\\/#\\\/schema\\\/person\\\/496d8ad2d1d3f8036101dca7ee39e585\",\"name\":\"Redacci\u00f3n QP\",\"image\":{\"@type\":\"ImageObject\",\"inLanguage\":\"es\",\"@id\":\"https:\\\/\\\/secure.gravatar.com\\\/avatar\\\/c7164ed6fdec453195284ad24a5ae5b6e1eed2b848477fa2a4787ba9adf39a41?s=96&d=mm&r=g\",\"url\":\"https:\\\/\\\/secure.gravatar.com\\\/avatar\\\/c7164ed6fdec453195284ad24a5ae5b6e1eed2b848477fa2a4787ba9adf39a41?s=96&d=mm&r=g\",\"contentUrl\":\"https:\\\/\\\/secure.gravatar.com\\\/avatar\\\/c7164ed6fdec453195284ad24a5ae5b6e1eed2b848477fa2a4787ba9adf39a41?s=96&d=mm&r=g\",\"caption\":\"Redacci\u00f3n QP\"},\"url\":\"https:\\\/\\\/quehacerpolitico.mx\\\/?author=2\"}]}<\/script>\n<!-- \/ Yoast SEO plugin. -->","yoast_head_json":{"title":"Xavier Gonz\u00e1lez Ziri\u00f3n acusa desv\u00edo de recursos para mantenimiento del Metro de la CDMX -","robots":{"index":"index","follow":"follow","max-snippet":"max-snippet:-1","max-image-preview":"max-image-preview:large","max-video-preview":"max-video-preview:-1"},"canonical":"https:\/\/quehacerpolitico.mx\/?p=98108","og_locale":"es_MX","og_type":"article","og_title":"Xavier Gonz\u00e1lez Ziri\u00f3n acusa desv\u00edo de recursos para mantenimiento del Metro de la CDMX -","og_description":"Por Redacci\u00f3n QP Fue un diputado del PRI quien se\u00f1al\u00f3 que la comitiva de la...","og_url":"https:\/\/quehacerpolitico.mx\/?p=98108","article_published_time":"2023-01-18T00:00:20+00:00","article_modified_time":"2023-01-18T00:00:24+00:00","og_image":[{"width":679,"height":452,"url":"https:\/\/quehacerpolitico.mx\/wp-content\/uploads\/2023\/01\/D6D25169-CED1-495F-BC9F-FF33C739302E.jpeg","type":"image\/jpeg"}],"author":"Redacci\u00f3n QP","twitter_card":"summary_large_image","twitter_misc":{"Escrito por":"Redacci\u00f3n QP","Tiempo de lectura":"2 minutos"},"schema":{"@context":"https:\/\/schema.org","@graph":[{"@type":"Article","@id":"https:\/\/quehacerpolitico.mx\/?p=98108#article","isPartOf":{"@id":"https:\/\/quehacerpolitico.mx\/?p=98108"},"author":{"name":"Redacci\u00f3n QP","@id":"https:\/\/quehacerpolitico.mx\/#\/schema\/person\/496d8ad2d1d3f8036101dca7ee39e585"},"headline":"Xavier Gonz\u00e1lez Ziri\u00f3n acusa desv\u00edo de recursos para mantenimiento del Metro de la CDMX","datePublished":"2023-01-18T00:00:20+00:00","dateModified":"2023-01-18T00:00:24+00:00","mainEntityOfPage":{"@id":"https:\/\/quehacerpolitico.mx\/?p=98108"},"wordCount":361,"commentCount":0,"image":{"@id":"https:\/\/quehacerpolitico.mx\/?p=98108#primaryimage"},"thumbnailUrl":"https:\/\/quehacerpolitico.mx\/wp-content\/uploads\/2023\/01\/D6D25169-CED1-495F-BC9F-FF33C739302E.jpeg","articleSection":["CDMX"],"inLanguage":"es","potentialAction":[{"@type":"CommentAction","name":"Comment","target":["https:\/\/quehacerpolitico.mx\/?p=98108#respond"]}]},{"@type":"WebPage","@id":"https:\/\/quehacerpolitico.mx\/?p=98108","url":"https:\/\/quehacerpolitico.mx\/?p=98108","name":"Xavier Gonz\u00e1lez Ziri\u00f3n acusa desv\u00edo de recursos para mantenimiento del Metro de la CDMX -","isPartOf":{"@id":"https:\/\/quehacerpolitico.mx\/#website"},"primaryImageOfPage":{"@id":"https:\/\/quehacerpolitico.mx\/?p=98108#primaryimage"},"image":{"@id":"https:\/\/quehacerpolitico.mx\/?p=98108#primaryimage"},"thumbnailUrl":"https:\/\/quehacerpolitico.mx\/wp-content\/uploads\/2023\/01\/D6D25169-CED1-495F-BC9F-FF33C739302E.jpeg","datePublished":"2023-01-18T00:00:20+00:00","dateModified":"2023-01-18T00:00:24+00:00","author":{"@id":"https:\/\/quehacerpolitico.mx\/#\/schema\/person\/496d8ad2d1d3f8036101dca7ee39e585"},"breadcrumb":{"@id":"https:\/\/quehacerpolitico.mx\/?p=98108#breadcrumb"},"inLanguage":"es","potentialAction":[{"@type":"ReadAction","target":["https:\/\/quehacerpolitico.mx\/?p=98108"]}]},{"@type":"ImageObject","inLanguage":"es","@id":"https:\/\/quehacerpolitico.mx\/?p=98108#primaryimage","url":"https:\/\/quehacerpolitico.mx\/wp-content\/uploads\/2023\/01\/D6D25169-CED1-495F-BC9F-FF33C739302E.jpeg","contentUrl":"https:\/\/quehacerpolitico.mx\/wp-content\/uploads\/2023\/01\/D6D25169-CED1-495F-BC9F-FF33C739302E.jpeg","width":679,"height":452},{"@type":"BreadcrumbList","@id":"https:\/\/quehacerpolitico.mx\/?p=98108#breadcrumb","itemListElement":[{"@type":"ListItem","position":1,"name":"Inicio","item":"https:\/\/quehacerpolitico.mx\/"},{"@type":"ListItem","position":2,"name":"Xavier Gonz\u00e1lez Ziri\u00f3n acusa desv\u00edo de recursos para mantenimiento del Metro de la CDMX"}]},{"@type":"WebSite","@id":"https:\/\/quehacerpolitico.mx\/#website","url":"https:\/\/quehacerpolitico.mx\/","name":"","description":"","potentialAction":[{"@type":"SearchAction","target":{"@type":"EntryPoint","urlTemplate":"https:\/\/quehacerpolitico.mx\/?s={search_term_string}"},"query-input":{"@type":"PropertyValueSpecification","valueRequired":true,"valueName":"search_term_string"}}],"inLanguage":"es"},{"@type":"Person","@id":"https:\/\/quehacerpolitico.mx\/#\/schema\/person\/496d8ad2d1d3f8036101dca7ee39e585","name":"Redacci\u00f3n QP","image":{"@type":"ImageObject","inLanguage":"es","@id":"https:\/\/secure.gravatar.com\/avatar\/c7164ed6fdec453195284ad24a5ae5b6e1eed2b848477fa2a4787ba9adf39a41?s=96&d=mm&r=g","url":"https:\/\/secure.gravatar.com\/avatar\/c7164ed6fdec453195284ad24a5ae5b6e1eed2b848477fa2a4787ba9adf39a41?s=96&d=mm&r=g","contentUrl":"https:\/\/secure.gravatar.com\/avatar\/c7164ed6fdec453195284ad24a5ae5b6e1eed2b848477fa2a4787ba9adf39a41?s=96&d=mm&r=g","caption":"Redacci\u00f3n QP"},"url":"https:\/\/quehacerpolitico.mx\/?author=2"}]}},"featured_image_urls":{"full":["https:\/\/quehacerpolitico.mx\/wp-content\/uploads\/2023\/01\/D6D25169-CED1-495F-BC9F-FF33C739302E.jpeg",679,452,false],"thumbnail":["https:\/\/quehacerpolitico.mx\/wp-content\/uploads\/2023\/01\/D6D25169-CED1-495F-BC9F-FF33C739302E-150x150.jpeg",150,150,true],"medium":["https:\/\/quehacerpolitico.mx\/wp-content\/uploads\/2023\/01\/D6D25169-CED1-495F-BC9F-FF33C739302E-300x200.jpeg",300,200,true],"medium_large":["https:\/\/quehacerpolitico.mx\/wp-content\/uploads\/2023\/01\/D6D25169-CED1-495F-BC9F-FF33C739302E.jpeg",640,426,false],"large":["https:\/\/quehacerpolitico.mx\/wp-content\/uploads\/2023\/01\/D6D25169-CED1-495F-BC9F-FF33C739302E.jpeg",640,426,false],"1536x1536":["https:\/\/quehacerpolitico.mx\/wp-content\/uploads\/2023\/01\/D6D25169-CED1-495F-BC9F-FF33C739302E.jpeg",679,452,false],"2048x2048":["https:\/\/quehacerpolitico.mx\/wp-content\/uploads\/2023\/01\/D6D25169-CED1-495F-BC9F-FF33C739302E.jpeg",679,452,false],"covernews-featured":["https:\/\/quehacerpolitico.mx\/wp-content\/uploads\/2023\/01\/D6D25169-CED1-495F-BC9F-FF33C739302E.jpeg",679,452,false],"covernews-medium":["https:\/\/quehacerpolitico.mx\/wp-content\/uploads\/2023\/01\/D6D25169-CED1-495F-BC9F-FF33C739302E.jpeg",511,340,false]},"author_info":{"display_name":"Redacci\u00f3n QP","author_link":"https:\/\/quehacerpolitico.mx\/?author=2"},"category_info":"<a href=\"https:\/\/quehacerpolitico.mx\/?cat=55\" rel=\"category\">CDMX<\/a>","tag_info":"CDMX","comment_count":"0","_links":{"self":[{"href":"https:\/\/quehacerpolitico.mx\/index.php?rest_route=\/wp\/v2\/posts\/98108","targetHints":{"allow":["GET"]}}],"collection":[{"href":"https:\/\/quehacerpolitico.mx\/index.php?rest_route=\/wp\/v2\/posts"}],"about":[{"href":"https:\/\/quehacerpolitico.mx\/index.php?rest_route=\/wp\/v2\/types\/post"}],"author":[{"embeddable":true,"href":"https:\/\/quehacerpolitico.mx\/index.php?rest_route=\/wp\/v2\/users\/2"}],"replies":[{"embeddable":true,"href":"https:\/\/quehacerpolitico.mx\/index.php?rest_route=%2Fwp%2Fv2%2Fcomments&post=98108"}],"version-history":[{"count":1,"href":"https:\/\/quehacerpolitico.mx\/index.php?rest_route=\/wp\/v2\/posts\/98108\/revisions"}],"predecessor-version":[{"id":98110,"href":"https:\/\/quehacerpolitico.mx\/index.php?rest_route=\/wp\/v2\/posts\/98108\/revisions\/98110"}],"wp:featuredmedia":[{"embeddable":true,"href":"https:\/\/quehacerpolitico.mx\/index.php?rest_route=\/wp\/v2\/media\/98109"}],"wp:attachment":[{"href":"https:\/\/quehacerpolitico.mx\/index.php?rest_route=%2Fwp%2Fv2%2Fmedia&parent=98108"}],"wp:term":[{"taxonomy":"category","embeddable":true,"href":"https:\/\/quehacerpolitico.mx\/index.php?rest_route=%2Fwp%2Fv2%2Fcategories&post=98108"},{"taxonomy":"post_tag","embeddable":true,"href":"https:\/\/quehacerpolitico.mx\/index.php?rest_route=%2Fwp%2Fv2%2Ftags&post=98108"}],"curies":[{"name":"wp","href":"https:\/\/api.w.org\/{rel}","templated":true}]}}