{"id":98104,"date":"2023-01-17T23:37:25","date_gmt":"2023-01-17T23:37:25","guid":{"rendered":"https:\/\/quehacerpolitico.mx\/?p=98104"},"modified":"2023-01-17T23:37:28","modified_gmt":"2023-01-17T23:37:28","slug":"se-registra-alejandra-del-moral-como-unica-aspirante-de-va-por-mexico-a-edomex","status":"publish","type":"post","link":"https:\/\/quehacerpolitico.mx\/?p=98104","title":{"rendered":"Se registra Alejandra del Moral como \u00fanica aspirante de Va por M\u00e9xico a Edomex"},"content":{"rendered":"\n<p>Por Redacci\u00f3n QP<\/p>\n\n\n\n<p>Del Moral mencion\u00f3 que la alianza representa el empoderamiento y defensa de las mujeres, adem\u00e1s de que son la alternativa que tiene la fuerza para ir adelante<\/p>\n\n\n\n<p>Arropada por cientos de militantes,\u00a0<strong>Alejandra del Moral Vela se registr\u00f3 como la \u00fanica aspirante a la candidatura\u00a0<\/strong>para contender por el Partido Revolucionario Institucional (PRI) a la gubernatura del Estado de M\u00e9xico para el periodo 2023 &#8211; 2029 y por la alianza Va Por M\u00e9xico.<\/p>\n\n\n\n<p>&#8220;Hoy inicia el proceso para ganar la gubernatura, hoy inicia nuestro triunfo, estamos reunidos para dar el primer paso de lo que ser\u00e1 la victoria&#8221;<\/p>\n\n\n\n<p>&#8220;Hoy inicia el proceso para ganar la gubernatura, hoy inicia nuestro triunfo, estamos reunidos para dar el primer paso de lo que ser\u00e1 la victoria&#8221;, dijo en su discurso.<\/p>\n\n\n\n<figure class=\"wp-block-embed is-type-rich is-provider-twitter wp-block-embed-twitter\"><div class=\"wp-block-embed__wrapper\">\n<blockquote class=\"twitter-tweet\" data-width=\"550\" data-dnt=\"true\"><p lang=\"es\" dir=\"ltr\"><a href=\"https:\/\/twitter.com\/hashtag\/QPMX?src=hash&amp;ref_src=twsrc%5Etfw\">#QPMX<\/a> Proceso para la Selecci\u00f3n y Postulaci\u00f3n de la Candidatura a la Gubernatura del Estado de M\u00e9xico  2023-2029 del <a href=\"https:\/\/twitter.com\/PRI_EDOMEX?ref_src=twsrc%5Etfw\">@PRI_EDOMEX<\/a> <a href=\"https:\/\/t.co\/cmJWWiwXZa\">https:\/\/t.co\/cmJWWiwXZa<\/a><\/p>&mdash; Quehacer Pol\u00edtico (@QueHacerPolitic) <a href=\"https:\/\/twitter.com\/QueHacerPolitic\/status\/1615493255826927616?ref_src=twsrc%5Etfw\">January 17, 2023<\/a><\/blockquote><script async src=\"https:\/\/platform.twitter.com\/widgets.js\" charset=\"utf-8\"><\/script>\n<\/div><\/figure>\n\n\n\n<p>Afirm\u00f3 que necesitar\u00e1 de todos, aunque aclar\u00f3 que tambi\u00e9n hay que ser valientes para reconocer lo que se debe cambiar, de ah\u00ed que indic\u00f3 que debe ser transformada la pol\u00edtica, por una fuente de soluciones para los problemas de los ciudadanos.<\/p>\n\n\n\n<p>Indic\u00f3 que se requiere una nueva visi\u00f3n de la pol\u00edtica que ponga los derechos de los mexiquenses en el centro y resalt\u00f3 que ha recorrido la entidad y caminado, por lo que tiene claro que a la gente no le importa si el gobierno es de izquierda o derecha, sino que sus carencias sean resueltas y problemas atendidos.<\/p>\n\n\n\n<figure class=\"wp-block-image\"><img decoding=\"async\" src=\"https:\/\/www.informador.mx\/export\/sites\/elinformador\/img\/2023\/01\/17\/2_1.jpg_541006058.jpg\" alt=\"\" title=\"\"\/><\/figure>\n\n\n\n<p>Mencion\u00f3 que<strong>\u00a0la alianza representa el empoderamiento y defensa de las mujeres<\/strong>, adem\u00e1s de que son la alternativa que tiene la fuerza para ir adelante, &#8220;somos referente de inclusi\u00f3n y pluralismo&#8221;.<\/p>\n\n\n\n<p>Record\u00f3 que&nbsp;<strong>con el apoyo de todas y todos ha sido alcaldesa, diputada local, federal, as\u00ed como presidenta del partido<\/strong>. &#8220;Tengo el orgullo de haber cumplido siempre, de haber entregado buenos resultados a M\u00e9xico y los Mexiquenses, juntos hemos logrado grandes batallas y hoy quiero convocarlos de nuevo a cerrar filas, una vez m\u00e1s defendamos los 125 municipios&#8221;, convoc\u00f3 a la militancia.<\/p>\n\n\n\n<p><strong>&#8220;No somos nuevos y no somos novatos, estamos listos para enfrentar a los de enfrente y para ganar lo que viene en el 2023<\/strong>. Demostremos que somos imparables, porque nuestra fuerza est\u00e1 en la alianza que tenemos con los ciudadanos mexiquenses, esta elecci\u00f3n se trata de las y los mexiquenses valientes que buscamos mejor futuro para nuestro estado&#8221;, apuro.<\/p>\n\n\n\n<p><strong>Agradeci\u00f3 a los presidentes de los partidos PRD y Nueva Alianza, quienes estuvieron presentes en el estado, adem\u00e1s de agradecer a Anuar Azar, dirigente del PAN<\/strong>, tambi\u00e9n a sus padres y esposo, por su apoyo.<\/p>\n\n\n\n<figure class=\"wp-block-image size-full\"><img loading=\"lazy\" decoding=\"async\" width=\"907\" height=\"512\" src=\"https:\/\/quehacerpolitico.mx\/wp-content\/uploads\/2023\/01\/image-8.jpeg\" alt=\"\" class=\"wp-image-98106\" srcset=\"https:\/\/quehacerpolitico.mx\/wp-content\/uploads\/2023\/01\/image-8.jpeg 907w, https:\/\/quehacerpolitico.mx\/wp-content\/uploads\/2023\/01\/image-8-300x169.jpeg 300w, https:\/\/quehacerpolitico.mx\/wp-content\/uploads\/2023\/01\/image-8-768x434.jpeg 768w, https:\/\/quehacerpolitico.mx\/wp-content\/uploads\/2023\/01\/image-8-260x146.jpeg 260w, https:\/\/quehacerpolitico.mx\/wp-content\/uploads\/2023\/01\/image-8-50x28.jpeg 50w, https:\/\/quehacerpolitico.mx\/wp-content\/uploads\/2023\/01\/image-8-133x75.jpeg 133w\" sizes=\"auto, (max-width: 907px) 100vw, 907px\" \/><\/figure>\n\n\n\n<p>En este registro la acompa\u00f1aron exdiputados locales y federales, diputados, senadores, los delegados de la Coordinaci\u00f3n de la Defensa del Edomex; la todav\u00eda Coordinadora de Defensa por el Estado de M\u00e9xico por el PRI se dio espacio para tomarse fotos con algunos de los asistentes que la recib\u00edan con abrazos y desde el templete, saludar a la militancia. Luego de firmar la documentaci\u00f3n, descendi\u00f3 para abrazar a sus padres y esposo, con l\u00e1grimas tambi\u00e9n celebr\u00f3 con los invitados especiales.<\/p>\n\n\n\n<p>En punto de las 11:45 horas, la \u00fanica aspirante a la candidatura por este partido entreg\u00f3 su documentaci\u00f3n a los integrantes de la Comisi\u00f3n estatal de Procesos Internos y ser\u00e1 este mismo martes que se d\u00e9 a conocer el resolutivo, para arrancar con la precampa\u00f1a que se prev\u00e9 en el municipio de Hueypoxtla el 18 de enero y concluir el 12 de febrero.<\/p>\n\n\n\n<p>Con Informaci\u00f3n de SUN <\/p>\n","protected":false},"excerpt":{"rendered":"<p>Por Redacci\u00f3n QP Del Moral mencion\u00f3 que la alianza representa el empoderamiento y defensa de&#8230;<\/p>\n","protected":false},"author":2,"featured_media":98105,"comment_status":"open","ping_status":"open","sticky":false,"template":"","format":"standard","meta":{"_monsterinsights_skip_tracking":false,"_monsterinsights_sitenote_active":false,"_monsterinsights_sitenote_note":"","_monsterinsights_sitenote_category":0,"footnotes":""},"categories":[2],"tags":[],"class_list":["post-98104","post","type-post","status-publish","format-standard","has-post-thumbnail","hentry","category-noticias"],"yoast_head":"<!-- This site is optimized with the Yoast SEO plugin v27.3 - https:\/\/yoast.com\/product\/yoast-seo-wordpress\/ -->\n<title>Se registra Alejandra del Moral como \u00fanica aspirante de Va por M\u00e9xico a Edomex -<\/title>\n<meta name=\"robots\" content=\"index, follow, max-snippet:-1, max-image-preview:large, max-video-preview:-1\" \/>\n<link rel=\"canonical\" href=\"https:\/\/quehacerpolitico.mx\/?p=98104\" \/>\n<meta property=\"og:locale\" content=\"es_MX\" \/>\n<meta property=\"og:type\" content=\"article\" \/>\n<meta property=\"og:title\" content=\"Se registra Alejandra del Moral como \u00fanica aspirante de Va por M\u00e9xico a Edomex -\" \/>\n<meta property=\"og:description\" content=\"Por Redacci\u00f3n QP Del Moral mencion\u00f3 que la alianza representa el empoderamiento y defensa de...\" \/>\n<meta property=\"og:url\" content=\"https:\/\/quehacerpolitico.mx\/?p=98104\" \/>\n<meta property=\"article:published_time\" content=\"2023-01-17T23:37:25+00:00\" \/>\n<meta property=\"article:modified_time\" content=\"2023-01-17T23:37:28+00:00\" \/>\n<meta property=\"og:image\" content=\"https:\/\/quehacerpolitico.mx\/wp-content\/uploads\/2023\/01\/D82EF84C-4226-41E1-94AE-F3B8F2401F4F.jpeg\" \/>\n\t<meta property=\"og:image:width\" content=\"907\" \/>\n\t<meta property=\"og:image:height\" content=\"512\" \/>\n\t<meta property=\"og:image:type\" content=\"image\/jpeg\" \/>\n<meta name=\"author\" content=\"Redacci\u00f3n QP\" \/>\n<meta name=\"twitter:card\" content=\"summary_large_image\" \/>\n<meta name=\"twitter:label1\" content=\"Escrito por\" \/>\n\t<meta name=\"twitter:data1\" content=\"Redacci\u00f3n QP\" \/>\n\t<meta name=\"twitter:label2\" content=\"Tiempo de lectura\" \/>\n\t<meta name=\"twitter:data2\" content=\"3 minutos\" \/>\n<script type=\"application\/ld+json\" class=\"yoast-schema-graph\">{\"@context\":\"https:\\\/\\\/schema.org\",\"@graph\":[{\"@type\":\"Article\",\"@id\":\"https:\\\/\\\/quehacerpolitico.mx\\\/?p=98104#article\",\"isPartOf\":{\"@id\":\"https:\\\/\\\/quehacerpolitico.mx\\\/?p=98104\"},\"author\":{\"name\":\"Redacci\u00f3n QP\",\"@id\":\"https:\\\/\\\/quehacerpolitico.mx\\\/#\\\/schema\\\/person\\\/496d8ad2d1d3f8036101dca7ee39e585\"},\"headline\":\"Se registra Alejandra del Moral como \u00fanica aspirante de Va por M\u00e9xico a Edomex\",\"datePublished\":\"2023-01-17T23:37:25+00:00\",\"dateModified\":\"2023-01-17T23:37:28+00:00\",\"mainEntityOfPage\":{\"@id\":\"https:\\\/\\\/quehacerpolitico.mx\\\/?p=98104\"},\"wordCount\":609,\"commentCount\":0,\"image\":{\"@id\":\"https:\\\/\\\/quehacerpolitico.mx\\\/?p=98104#primaryimage\"},\"thumbnailUrl\":\"https:\\\/\\\/quehacerpolitico.mx\\\/wp-content\\\/uploads\\\/2023\\\/01\\\/D82EF84C-4226-41E1-94AE-F3B8F2401F4F.jpeg\",\"articleSection\":[\"Noticias\"],\"inLanguage\":\"es\",\"potentialAction\":[{\"@type\":\"CommentAction\",\"name\":\"Comment\",\"target\":[\"https:\\\/\\\/quehacerpolitico.mx\\\/?p=98104#respond\"]}]},{\"@type\":\"WebPage\",\"@id\":\"https:\\\/\\\/quehacerpolitico.mx\\\/?p=98104\",\"url\":\"https:\\\/\\\/quehacerpolitico.mx\\\/?p=98104\",\"name\":\"Se registra Alejandra del Moral como \u00fanica aspirante de Va por M\u00e9xico a Edomex -\",\"isPartOf\":{\"@id\":\"https:\\\/\\\/quehacerpolitico.mx\\\/#website\"},\"primaryImageOfPage\":{\"@id\":\"https:\\\/\\\/quehacerpolitico.mx\\\/?p=98104#primaryimage\"},\"image\":{\"@id\":\"https:\\\/\\\/quehacerpolitico.mx\\\/?p=98104#primaryimage\"},\"thumbnailUrl\":\"https:\\\/\\\/quehacerpolitico.mx\\\/wp-content\\\/uploads\\\/2023\\\/01\\\/D82EF84C-4226-41E1-94AE-F3B8F2401F4F.jpeg\",\"datePublished\":\"2023-01-17T23:37:25+00:00\",\"dateModified\":\"2023-01-17T23:37:28+00:00\",\"author\":{\"@id\":\"https:\\\/\\\/quehacerpolitico.mx\\\/#\\\/schema\\\/person\\\/496d8ad2d1d3f8036101dca7ee39e585\"},\"breadcrumb\":{\"@id\":\"https:\\\/\\\/quehacerpolitico.mx\\\/?p=98104#breadcrumb\"},\"inLanguage\":\"es\",\"potentialAction\":[{\"@type\":\"ReadAction\",\"target\":[\"https:\\\/\\\/quehacerpolitico.mx\\\/?p=98104\"]}]},{\"@type\":\"ImageObject\",\"inLanguage\":\"es\",\"@id\":\"https:\\\/\\\/quehacerpolitico.mx\\\/?p=98104#primaryimage\",\"url\":\"https:\\\/\\\/quehacerpolitico.mx\\\/wp-content\\\/uploads\\\/2023\\\/01\\\/D82EF84C-4226-41E1-94AE-F3B8F2401F4F.jpeg\",\"contentUrl\":\"https:\\\/\\\/quehacerpolitico.mx\\\/wp-content\\\/uploads\\\/2023\\\/01\\\/D82EF84C-4226-41E1-94AE-F3B8F2401F4F.jpeg\",\"width\":907,\"height\":512},{\"@type\":\"BreadcrumbList\",\"@id\":\"https:\\\/\\\/quehacerpolitico.mx\\\/?p=98104#breadcrumb\",\"itemListElement\":[{\"@type\":\"ListItem\",\"position\":1,\"name\":\"Inicio\",\"item\":\"https:\\\/\\\/quehacerpolitico.mx\\\/\"},{\"@type\":\"ListItem\",\"position\":2,\"name\":\"Se registra Alejandra del Moral como \u00fanica aspirante de Va por M\u00e9xico a Edomex\"}]},{\"@type\":\"WebSite\",\"@id\":\"https:\\\/\\\/quehacerpolitico.mx\\\/#website\",\"url\":\"https:\\\/\\\/quehacerpolitico.mx\\\/\",\"name\":\"\",\"description\":\"\",\"potentialAction\":[{\"@type\":\"SearchAction\",\"target\":{\"@type\":\"EntryPoint\",\"urlTemplate\":\"https:\\\/\\\/quehacerpolitico.mx\\\/?s={search_term_string}\"},\"query-input\":{\"@type\":\"PropertyValueSpecification\",\"valueRequired\":true,\"valueName\":\"search_term_string\"}}],\"inLanguage\":\"es\"},{\"@type\":\"Person\",\"@id\":\"https:\\\/\\\/quehacerpolitico.mx\\\/#\\\/schema\\\/person\\\/496d8ad2d1d3f8036101dca7ee39e585\",\"name\":\"Redacci\u00f3n QP\",\"image\":{\"@type\":\"ImageObject\",\"inLanguage\":\"es\",\"@id\":\"https:\\\/\\\/secure.gravatar.com\\\/avatar\\\/c7164ed6fdec453195284ad24a5ae5b6e1eed2b848477fa2a4787ba9adf39a41?s=96&d=mm&r=g\",\"url\":\"https:\\\/\\\/secure.gravatar.com\\\/avatar\\\/c7164ed6fdec453195284ad24a5ae5b6e1eed2b848477fa2a4787ba9adf39a41?s=96&d=mm&r=g\",\"contentUrl\":\"https:\\\/\\\/secure.gravatar.com\\\/avatar\\\/c7164ed6fdec453195284ad24a5ae5b6e1eed2b848477fa2a4787ba9adf39a41?s=96&d=mm&r=g\",\"caption\":\"Redacci\u00f3n QP\"},\"url\":\"https:\\\/\\\/quehacerpolitico.mx\\\/?author=2\"}]}<\/script>\n<!-- \/ Yoast SEO plugin. -->","yoast_head_json":{"title":"Se registra Alejandra del Moral como \u00fanica aspirante de Va por M\u00e9xico a Edomex -","robots":{"index":"index","follow":"follow","max-snippet":"max-snippet:-1","max-image-preview":"max-image-preview:large","max-video-preview":"max-video-preview:-1"},"canonical":"https:\/\/quehacerpolitico.mx\/?p=98104","og_locale":"es_MX","og_type":"article","og_title":"Se registra Alejandra del Moral como \u00fanica aspirante de Va por M\u00e9xico a Edomex -","og_description":"Por Redacci\u00f3n QP Del Moral mencion\u00f3 que la alianza representa el empoderamiento y defensa de...","og_url":"https:\/\/quehacerpolitico.mx\/?p=98104","article_published_time":"2023-01-17T23:37:25+00:00","article_modified_time":"2023-01-17T23:37:28+00:00","og_image":[{"width":907,"height":512,"url":"https:\/\/quehacerpolitico.mx\/wp-content\/uploads\/2023\/01\/D82EF84C-4226-41E1-94AE-F3B8F2401F4F.jpeg","type":"image\/jpeg"}],"author":"Redacci\u00f3n QP","twitter_card":"summary_large_image","twitter_misc":{"Escrito por":"Redacci\u00f3n QP","Tiempo de lectura":"3 minutos"},"schema":{"@context":"https:\/\/schema.org","@graph":[{"@type":"Article","@id":"https:\/\/quehacerpolitico.mx\/?p=98104#article","isPartOf":{"@id":"https:\/\/quehacerpolitico.mx\/?p=98104"},"author":{"name":"Redacci\u00f3n QP","@id":"https:\/\/quehacerpolitico.mx\/#\/schema\/person\/496d8ad2d1d3f8036101dca7ee39e585"},"headline":"Se registra Alejandra del Moral como \u00fanica aspirante de Va por M\u00e9xico a Edomex","datePublished":"2023-01-17T23:37:25+00:00","dateModified":"2023-01-17T23:37:28+00:00","mainEntityOfPage":{"@id":"https:\/\/quehacerpolitico.mx\/?p=98104"},"wordCount":609,"commentCount":0,"image":{"@id":"https:\/\/quehacerpolitico.mx\/?p=98104#primaryimage"},"thumbnailUrl":"https:\/\/quehacerpolitico.mx\/wp-content\/uploads\/2023\/01\/D82EF84C-4226-41E1-94AE-F3B8F2401F4F.jpeg","articleSection":["Noticias"],"inLanguage":"es","potentialAction":[{"@type":"CommentAction","name":"Comment","target":["https:\/\/quehacerpolitico.mx\/?p=98104#respond"]}]},{"@type":"WebPage","@id":"https:\/\/quehacerpolitico.mx\/?p=98104","url":"https:\/\/quehacerpolitico.mx\/?p=98104","name":"Se registra Alejandra del Moral como \u00fanica aspirante de Va por M\u00e9xico a Edomex -","isPartOf":{"@id":"https:\/\/quehacerpolitico.mx\/#website"},"primaryImageOfPage":{"@id":"https:\/\/quehacerpolitico.mx\/?p=98104#primaryimage"},"image":{"@id":"https:\/\/quehacerpolitico.mx\/?p=98104#primaryimage"},"thumbnailUrl":"https:\/\/quehacerpolitico.mx\/wp-content\/uploads\/2023\/01\/D82EF84C-4226-41E1-94AE-F3B8F2401F4F.jpeg","datePublished":"2023-01-17T23:37:25+00:00","dateModified":"2023-01-17T23:37:28+00:00","author":{"@id":"https:\/\/quehacerpolitico.mx\/#\/schema\/person\/496d8ad2d1d3f8036101dca7ee39e585"},"breadcrumb":{"@id":"https:\/\/quehacerpolitico.mx\/?p=98104#breadcrumb"},"inLanguage":"es","potentialAction":[{"@type":"ReadAction","target":["https:\/\/quehacerpolitico.mx\/?p=98104"]}]},{"@type":"ImageObject","inLanguage":"es","@id":"https:\/\/quehacerpolitico.mx\/?p=98104#primaryimage","url":"https:\/\/quehacerpolitico.mx\/wp-content\/uploads\/2023\/01\/D82EF84C-4226-41E1-94AE-F3B8F2401F4F.jpeg","contentUrl":"https:\/\/quehacerpolitico.mx\/wp-content\/uploads\/2023\/01\/D82EF84C-4226-41E1-94AE-F3B8F2401F4F.jpeg","width":907,"height":512},{"@type":"BreadcrumbList","@id":"https:\/\/quehacerpolitico.mx\/?p=98104#breadcrumb","itemListElement":[{"@type":"ListItem","position":1,"name":"Inicio","item":"https:\/\/quehacerpolitico.mx\/"},{"@type":"ListItem","position":2,"name":"Se registra Alejandra del Moral como \u00fanica aspirante de Va por M\u00e9xico a Edomex"}]},{"@type":"WebSite","@id":"https:\/\/quehacerpolitico.mx\/#website","url":"https:\/\/quehacerpolitico.mx\/","name":"","description":"","potentialAction":[{"@type":"SearchAction","target":{"@type":"EntryPoint","urlTemplate":"https:\/\/quehacerpolitico.mx\/?s={search_term_string}"},"query-input":{"@type":"PropertyValueSpecification","valueRequired":true,"valueName":"search_term_string"}}],"inLanguage":"es"},{"@type":"Person","@id":"https:\/\/quehacerpolitico.mx\/#\/schema\/person\/496d8ad2d1d3f8036101dca7ee39e585","name":"Redacci\u00f3n QP","image":{"@type":"ImageObject","inLanguage":"es","@id":"https:\/\/secure.gravatar.com\/avatar\/c7164ed6fdec453195284ad24a5ae5b6e1eed2b848477fa2a4787ba9adf39a41?s=96&d=mm&r=g","url":"https:\/\/secure.gravatar.com\/avatar\/c7164ed6fdec453195284ad24a5ae5b6e1eed2b848477fa2a4787ba9adf39a41?s=96&d=mm&r=g","contentUrl":"https:\/\/secure.gravatar.com\/avatar\/c7164ed6fdec453195284ad24a5ae5b6e1eed2b848477fa2a4787ba9adf39a41?s=96&d=mm&r=g","caption":"Redacci\u00f3n QP"},"url":"https:\/\/quehacerpolitico.mx\/?author=2"}]}},"featured_image_urls":{"full":["https:\/\/quehacerpolitico.mx\/wp-content\/uploads\/2023\/01\/D82EF84C-4226-41E1-94AE-F3B8F2401F4F.jpeg",907,512,false],"thumbnail":["https:\/\/quehacerpolitico.mx\/wp-content\/uploads\/2023\/01\/D82EF84C-4226-41E1-94AE-F3B8F2401F4F-150x150.jpeg",150,150,true],"medium":["https:\/\/quehacerpolitico.mx\/wp-content\/uploads\/2023\/01\/D82EF84C-4226-41E1-94AE-F3B8F2401F4F-300x169.jpeg",300,169,true],"medium_large":["https:\/\/quehacerpolitico.mx\/wp-content\/uploads\/2023\/01\/D82EF84C-4226-41E1-94AE-F3B8F2401F4F-768x434.jpeg",640,362,true],"large":["https:\/\/quehacerpolitico.mx\/wp-content\/uploads\/2023\/01\/D82EF84C-4226-41E1-94AE-F3B8F2401F4F.jpeg",640,361,false],"1536x1536":["https:\/\/quehacerpolitico.mx\/wp-content\/uploads\/2023\/01\/D82EF84C-4226-41E1-94AE-F3B8F2401F4F.jpeg",907,512,false],"2048x2048":["https:\/\/quehacerpolitico.mx\/wp-content\/uploads\/2023\/01\/D82EF84C-4226-41E1-94AE-F3B8F2401F4F.jpeg",907,512,false],"covernews-featured":["https:\/\/quehacerpolitico.mx\/wp-content\/uploads\/2023\/01\/D82EF84C-4226-41E1-94AE-F3B8F2401F4F.jpeg",907,512,false],"covernews-medium":["https:\/\/quehacerpolitico.mx\/wp-content\/uploads\/2023\/01\/D82EF84C-4226-41E1-94AE-F3B8F2401F4F.jpeg",540,305,false]},"author_info":{"display_name":"Redacci\u00f3n QP","author_link":"https:\/\/quehacerpolitico.mx\/?author=2"},"category_info":"<a href=\"https:\/\/quehacerpolitico.mx\/?cat=2\" rel=\"category\">Noticias<\/a>","tag_info":"Noticias","comment_count":"0","_links":{"self":[{"href":"https:\/\/quehacerpolitico.mx\/index.php?rest_route=\/wp\/v2\/posts\/98104","targetHints":{"allow":["GET"]}}],"collection":[{"href":"https:\/\/quehacerpolitico.mx\/index.php?rest_route=\/wp\/v2\/posts"}],"about":[{"href":"https:\/\/quehacerpolitico.mx\/index.php?rest_route=\/wp\/v2\/types\/post"}],"author":[{"embeddable":true,"href":"https:\/\/quehacerpolitico.mx\/index.php?rest_route=\/wp\/v2\/users\/2"}],"replies":[{"embeddable":true,"href":"https:\/\/quehacerpolitico.mx\/index.php?rest_route=%2Fwp%2Fv2%2Fcomments&post=98104"}],"version-history":[{"count":1,"href":"https:\/\/quehacerpolitico.mx\/index.php?rest_route=\/wp\/v2\/posts\/98104\/revisions"}],"predecessor-version":[{"id":98107,"href":"https:\/\/quehacerpolitico.mx\/index.php?rest_route=\/wp\/v2\/posts\/98104\/revisions\/98107"}],"wp:featuredmedia":[{"embeddable":true,"href":"https:\/\/quehacerpolitico.mx\/index.php?rest_route=\/wp\/v2\/media\/98105"}],"wp:attachment":[{"href":"https:\/\/quehacerpolitico.mx\/index.php?rest_route=%2Fwp%2Fv2%2Fmedia&parent=98104"}],"wp:term":[{"taxonomy":"category","embeddable":true,"href":"https:\/\/quehacerpolitico.mx\/index.php?rest_route=%2Fwp%2Fv2%2Fcategories&post=98104"},{"taxonomy":"post_tag","embeddable":true,"href":"https:\/\/quehacerpolitico.mx\/index.php?rest_route=%2Fwp%2Fv2%2Ftags&post=98104"}],"curies":[{"name":"wp","href":"https:\/\/api.w.org\/{rel}","templated":true}]}}