{"id":98092,"date":"2023-01-16T22:21:50","date_gmt":"2023-01-16T22:21:50","guid":{"rendered":"https:\/\/quehacerpolitico.mx\/?p=98092"},"modified":"2023-01-16T22:21:54","modified_gmt":"2023-01-16T22:21:54","slug":"no-tengo-nada-de-que-avergonzarme-aparece-yasmin-esquivel","status":"publish","type":"post","link":"https:\/\/quehacerpolitico.mx\/?p=98092","title":{"rendered":"&#8220;No tengo nada de que avergonzarme&#8221;; aparece Yasm\u00edn Esquivel"},"content":{"rendered":"\n<p>Por Redacci\u00f3n QP<\/p>\n\n\n\n<p>Yasm\u00edn Esquivel finalmente aparece\u00a0luego de los se\u00f1alamientos que ha recibido sobre el plagio de su tesis<\/p>\n\n\n\n<p><strong>Yasm\u00edn Esquivel finalmente apareci\u00f3 luego de los se\u00f1alamientos que ha recibido sobre el plagio de su tesis<\/strong>. Sus declaraciones suceden justo cuando Ad\u00e1n Augusto L\u00f3pez, secretario de Gobernaci\u00f3n, indicara en la &#8220;ma\u00f1anera&#8221; de este lunes que la Secretar\u00eda de Educaci\u00f3n P\u00fablica<strong>\u00a0<\/strong>(SEP) rechaza la petici\u00f3n de la Universidad Nacional Aut\u00f3noma de M\u00e9xico (UNAM), donde estudi\u00f3 la abogada, para resolver el caso de la jueza.<\/p>\n\n\n\n<figure class=\"wp-block-embed is-type-video is-provider-youtube wp-block-embed-youtube wp-embed-aspect-16-9 wp-has-aspect-ratio\"><div class=\"wp-block-embed__wrapper\">\n<iframe loading=\"lazy\" title=\"SEP no puede quitarle t\u00edtulo a Yasm\u00edn Esquivel; Segob contesta a la UNAM\" width=\"640\" height=\"360\" src=\"https:\/\/www.youtube.com\/embed\/lYhTi8Y8IwI?feature=oembed\" frameborder=\"0\" allow=\"accelerometer; autoplay; clipboard-write; encrypted-media; gyroscope; picture-in-picture; web-share\" referrerpolicy=\"strict-origin-when-cross-origin\" allowfullscreen><\/iframe>\n<\/div><\/figure>\n\n\n\n<p>Fue el reportero Am\u00edlcar Salazar quien obtuvo un pronunciamiento de Yasm\u00edn Esquivel para un medio nacional,&nbsp;<strong>a su llegada a la Suprema Corte de Justicia de la Naci\u00f3n<\/strong>&nbsp;(SCJN), en el centro hist\u00f3rico de la Ciudad de M\u00e9xico.&nbsp;<\/p>\n\n\n\n<p>A bordo de una camioneta negra, la ministra Esquivel realiz\u00f3 su primera declaraci\u00f3n sobre la pol\u00e9mica y asegur\u00f3 que<strong>\u00a0no existe raz\u00f3n para que se averg\u00fcence, en referencia a las acusaciones de plagio, y manifest\u00f3 que su carrera es impecable<\/strong>:<\/p>\n\n\n\n<p><strong>&#8220;Siempre lo he hecho en esta funci\u00f3n desde hace 35 a\u00f1os, tengo una carrera impecable, tengo una carrera en la que no tengo de qu\u00e9 avergonzarme y continuar\u00e9, por supuesto, trabajando intensamente&#8221;<\/strong>.<\/p>\n\n\n\n<p>Ante la pregunta sobre si pedir\u00e1 licencia a su cargo como ministra de la Suprema Corte, Yasm\u00edn Esquivel declar\u00f3:<\/p>\n\n\n\n<p><strong>&#8220;No tengo nada de que avergonzarme, y trabajar\u00e9 intensamente en este proceso de cambio que necesitamos, y de independencia en el Poder Judicial de la Federaci\u00f3n&#8221;<\/strong>.<\/p>\n\n\n\n<figure class=\"wp-block-embed is-type-video is-provider-youtube wp-block-embed-youtube wp-embed-aspect-16-9 wp-has-aspect-ratio\"><div class=\"wp-block-embed__wrapper\">\n<iframe loading=\"lazy\" title=\"Ministra Yasm\u00edn Esquivel dice que no dejar\u00e1 el cargo; &quot;no tengo de qu\u00e9 avergonzarme&quot;\" width=\"640\" height=\"360\" src=\"https:\/\/www.youtube.com\/embed\/NyWLlcCOh-A?feature=oembed\" frameborder=\"0\" allow=\"accelerometer; autoplay; clipboard-write; encrypted-media; gyroscope; picture-in-picture; web-share\" referrerpolicy=\"strict-origin-when-cross-origin\" allowfullscreen><\/iframe>\n<\/div><\/figure>\n\n\n\n<p>Adem\u00e1s, ante la determinaci\u00f3n de la UNAM acerca de que copi\u00f3 la tesis, la ministra Esquivel agreg\u00f3 en su breve entrevista:&nbsp;<\/p>\n\n\n\n<p><strong>&#8220;Una resoluci\u00f3n que no comparto evidentemente, no existi\u00f3 un procedimiento, no hubo una valoraci\u00f3n de las pruebas que determinan contundentemente que la tesis es de mi autor\u00eda y, por supuesto, ni siquiera he sido notificada de ning\u00fan dictamen, ni de ning\u00fan acta.&nbsp;Rechazo absolutamente la determinaci\u00f3n del comit\u00e9 de integridad de la FES Arag\u00f3n&#8221;<\/strong>.&nbsp;<\/p>\n\n\n\n<h2 class=\"wp-block-heading\">Yasm\u00edn Esquivel: La SEP regresa &#8220;la bolita&#8221; a la UNAM<\/h2>\n\n\n\n<p>Aunque la Facultad de Estudios Superiores (FES) Arag\u00f3n de la UNAM admiti\u00f3 que se copi\u00f3 la tesis,&nbsp;<strong>encarg\u00f3 a la SEP del Gobierno federal la decisi\u00f3n final sobre retirarle su t\u00edtulo universitario<\/strong>.<\/p>\n\n\n\n<p>No obstante, Ad\u00e1n Augusto L\u00f3pez contest\u00f3 este lunes que&nbsp;<strong>la SEP \u00fanicamente podr\u00eda cancelar el registro, pero tiene que haber una resoluci\u00f3n judicial o una inhabilitaci\u00f3n, &#8220;cosa que no ha cumplimentado la UNAM&#8221;<\/strong>.<\/p>\n\n\n\n<p>Ad\u00e1n Augusto L\u00f3pez&nbsp;<strong>consider\u00f3 que el consejo universitario y el tribunal universitario de la UNAM deben decidir sobre el caso<\/strong>.<\/p>\n\n\n\n<h2 class=\"wp-block-heading\">Yasm\u00edn Esquivel, la ministra que pudo ser presidenta de la Corte, pero el esc\u00e1ndalo se lo impidi\u00f3<\/h2>\n\n\n\n<p>La pol\u00e9mica no ha cesado, desde que el periodista Guillermo Sheridan revelara, en Latinus, que&nbsp;<strong>la tesis de Yasm\u00edn Esquivel Mossa en septiembre de 1987, titulada &#8220;Inoperancia de los sindicatos en los trabajadores de confianza del Art\u00edculo 123 Apartado A&#8221; era plagio de una tesis previa, la titulada &#8220;Inoperancia del sindicato de los trabajadores de confianza del Art\u00edculo 123 Constitucional Apartado A&#8221;, que en julio de 1986 defendi\u00f3 el Lic. \u00c9dgar Ulises B\u00e1ez Guti\u00e9rrez en la Facultad de Derecho de la UNAM<\/strong>.<\/p>\n\n\n\n<p>A partir de ese momento, el debate no par\u00f3 y&nbsp;<strong>los se\u00f1alamientos a la ministra Esquivel fueron determinantes para que no fuera elegida como nueva presidente de la Suprema Corte<\/strong>, cargo que finalmente obtuvo su compa\u00f1era, la ministra Norma Luc\u00eda Pi\u00f1a.<\/p>\n\n\n\n<p>Yasm\u00edn Esquivel fue nominada por el Presidente\u00a0Andres Manuel Lopez Obrador en 2019, en medio de una controversia por ser esposa de un contratista cercano al Gobierno federal, fue acusada el pasado 21 de diciembre de plagiar su tesis, justo cuando contend\u00eda para presidir la SCJN.<\/p>\n\n\n\n<p>Luego del esc\u00e1ndalo,&nbsp;<strong>la UNAM determin\u00f3 que Yasm\u00edn Esquivel &#8220;copi\u00f3 parte sustancial&#8221; de una tesis de 1986 para titularse como licenciada en Derecho<\/strong>&nbsp;al siguiente a\u00f1o.&nbsp;<\/p>\n\n\n\n<p>En un bolet\u00edn, la UNAM indic\u00f3 que el director de la Facultad de Estudios Superiores (FES) Arag\u00f3n comunic\u00f3 a la Rector\u00eda el resultado del an\u00e1lisis realizado por el Comit\u00e9 de Integridad Acad\u00e9mica y Cient\u00edfica de esa entidad, que confirm\u00f3 el plagio.&nbsp;<\/p>\n\n\n\n<p>El texto se\u00f1al\u00f3 que de la interpretaci\u00f3n solicitada a la Oficina de la Abogac\u00eda General se desprende que la normatividad universitaria&nbsp;<strong>&#8220;carece de los mecanismos para invalidar un t\u00edtulo expedido por la Universidad Nacional, a\u00fan cuando el plagio de una tesis est\u00e9 documentado&#8221;<\/strong>.<\/p>\n","protected":false},"excerpt":{"rendered":"<p>Por Redacci\u00f3n QP Yasm\u00edn Esquivel finalmente aparece\u00a0luego de los se\u00f1alamientos que ha recibido sobre el&#8230;<\/p>\n","protected":false},"author":2,"featured_media":98093,"comment_status":"open","ping_status":"open","sticky":false,"template":"","format":"standard","meta":{"_monsterinsights_skip_tracking":false,"_monsterinsights_sitenote_active":false,"_monsterinsights_sitenote_note":"","_monsterinsights_sitenote_category":0,"footnotes":""},"categories":[2],"tags":[],"class_list":["post-98092","post","type-post","status-publish","format-standard","has-post-thumbnail","hentry","category-noticias"],"yoast_head":"<!-- This site is optimized with the Yoast SEO plugin v27.3 - https:\/\/yoast.com\/product\/yoast-seo-wordpress\/ -->\n<title>&quot;No tengo nada de que avergonzarme&quot;; aparece Yasm\u00edn Esquivel -<\/title>\n<meta name=\"robots\" content=\"index, follow, max-snippet:-1, max-image-preview:large, max-video-preview:-1\" \/>\n<link rel=\"canonical\" href=\"https:\/\/quehacerpolitico.mx\/?p=98092\" \/>\n<meta property=\"og:locale\" content=\"es_MX\" \/>\n<meta property=\"og:type\" content=\"article\" \/>\n<meta property=\"og:title\" content=\"&quot;No tengo nada de que avergonzarme&quot;; aparece Yasm\u00edn Esquivel -\" \/>\n<meta property=\"og:description\" content=\"Por Redacci\u00f3n QP Yasm\u00edn Esquivel finalmente aparece\u00a0luego de los se\u00f1alamientos que ha recibido sobre el...\" \/>\n<meta property=\"og:url\" content=\"https:\/\/quehacerpolitico.mx\/?p=98092\" \/>\n<meta property=\"article:published_time\" content=\"2023-01-16T22:21:50+00:00\" \/>\n<meta property=\"article:modified_time\" content=\"2023-01-16T22:21:54+00:00\" \/>\n<meta property=\"og:image\" content=\"https:\/\/quehacerpolitico.mx\/wp-content\/uploads\/2023\/01\/BBDD2A39-30D3-4D25-BA0F-5CC1DA0411EF.jpeg\" \/>\n\t<meta property=\"og:image:width\" content=\"700\" \/>\n\t<meta property=\"og:image:height\" content=\"438\" \/>\n\t<meta property=\"og:image:type\" content=\"image\/jpeg\" \/>\n<meta name=\"author\" content=\"Redacci\u00f3n QP\" \/>\n<meta name=\"twitter:card\" content=\"summary_large_image\" \/>\n<meta name=\"twitter:label1\" content=\"Escrito por\" \/>\n\t<meta name=\"twitter:data1\" content=\"Redacci\u00f3n QP\" \/>\n\t<meta name=\"twitter:label2\" content=\"Tiempo de lectura\" \/>\n\t<meta name=\"twitter:data2\" content=\"4 minutos\" \/>\n<script type=\"application\/ld+json\" class=\"yoast-schema-graph\">{\"@context\":\"https:\\\/\\\/schema.org\",\"@graph\":[{\"@type\":\"Article\",\"@id\":\"https:\\\/\\\/quehacerpolitico.mx\\\/?p=98092#article\",\"isPartOf\":{\"@id\":\"https:\\\/\\\/quehacerpolitico.mx\\\/?p=98092\"},\"author\":{\"name\":\"Redacci\u00f3n QP\",\"@id\":\"https:\\\/\\\/quehacerpolitico.mx\\\/#\\\/schema\\\/person\\\/496d8ad2d1d3f8036101dca7ee39e585\"},\"headline\":\"&#8220;No tengo nada de que avergonzarme&#8221;; aparece Yasm\u00edn Esquivel\",\"datePublished\":\"2023-01-16T22:21:50+00:00\",\"dateModified\":\"2023-01-16T22:21:54+00:00\",\"mainEntityOfPage\":{\"@id\":\"https:\\\/\\\/quehacerpolitico.mx\\\/?p=98092\"},\"wordCount\":809,\"commentCount\":0,\"image\":{\"@id\":\"https:\\\/\\\/quehacerpolitico.mx\\\/?p=98092#primaryimage\"},\"thumbnailUrl\":\"https:\\\/\\\/quehacerpolitico.mx\\\/wp-content\\\/uploads\\\/2023\\\/01\\\/BBDD2A39-30D3-4D25-BA0F-5CC1DA0411EF.jpeg\",\"articleSection\":[\"Noticias\"],\"inLanguage\":\"es\",\"potentialAction\":[{\"@type\":\"CommentAction\",\"name\":\"Comment\",\"target\":[\"https:\\\/\\\/quehacerpolitico.mx\\\/?p=98092#respond\"]}]},{\"@type\":\"WebPage\",\"@id\":\"https:\\\/\\\/quehacerpolitico.mx\\\/?p=98092\",\"url\":\"https:\\\/\\\/quehacerpolitico.mx\\\/?p=98092\",\"name\":\"\\\"No tengo nada de que avergonzarme\\\"; aparece Yasm\u00edn Esquivel -\",\"isPartOf\":{\"@id\":\"https:\\\/\\\/quehacerpolitico.mx\\\/#website\"},\"primaryImageOfPage\":{\"@id\":\"https:\\\/\\\/quehacerpolitico.mx\\\/?p=98092#primaryimage\"},\"image\":{\"@id\":\"https:\\\/\\\/quehacerpolitico.mx\\\/?p=98092#primaryimage\"},\"thumbnailUrl\":\"https:\\\/\\\/quehacerpolitico.mx\\\/wp-content\\\/uploads\\\/2023\\\/01\\\/BBDD2A39-30D3-4D25-BA0F-5CC1DA0411EF.jpeg\",\"datePublished\":\"2023-01-16T22:21:50+00:00\",\"dateModified\":\"2023-01-16T22:21:54+00:00\",\"author\":{\"@id\":\"https:\\\/\\\/quehacerpolitico.mx\\\/#\\\/schema\\\/person\\\/496d8ad2d1d3f8036101dca7ee39e585\"},\"breadcrumb\":{\"@id\":\"https:\\\/\\\/quehacerpolitico.mx\\\/?p=98092#breadcrumb\"},\"inLanguage\":\"es\",\"potentialAction\":[{\"@type\":\"ReadAction\",\"target\":[\"https:\\\/\\\/quehacerpolitico.mx\\\/?p=98092\"]}]},{\"@type\":\"ImageObject\",\"inLanguage\":\"es\",\"@id\":\"https:\\\/\\\/quehacerpolitico.mx\\\/?p=98092#primaryimage\",\"url\":\"https:\\\/\\\/quehacerpolitico.mx\\\/wp-content\\\/uploads\\\/2023\\\/01\\\/BBDD2A39-30D3-4D25-BA0F-5CC1DA0411EF.jpeg\",\"contentUrl\":\"https:\\\/\\\/quehacerpolitico.mx\\\/wp-content\\\/uploads\\\/2023\\\/01\\\/BBDD2A39-30D3-4D25-BA0F-5CC1DA0411EF.jpeg\",\"width\":700,\"height\":438},{\"@type\":\"BreadcrumbList\",\"@id\":\"https:\\\/\\\/quehacerpolitico.mx\\\/?p=98092#breadcrumb\",\"itemListElement\":[{\"@type\":\"ListItem\",\"position\":1,\"name\":\"Inicio\",\"item\":\"https:\\\/\\\/quehacerpolitico.mx\\\/\"},{\"@type\":\"ListItem\",\"position\":2,\"name\":\"&#8220;No tengo nada de que avergonzarme&#8221;; aparece Yasm\u00edn Esquivel\"}]},{\"@type\":\"WebSite\",\"@id\":\"https:\\\/\\\/quehacerpolitico.mx\\\/#website\",\"url\":\"https:\\\/\\\/quehacerpolitico.mx\\\/\",\"name\":\"\",\"description\":\"\",\"potentialAction\":[{\"@type\":\"SearchAction\",\"target\":{\"@type\":\"EntryPoint\",\"urlTemplate\":\"https:\\\/\\\/quehacerpolitico.mx\\\/?s={search_term_string}\"},\"query-input\":{\"@type\":\"PropertyValueSpecification\",\"valueRequired\":true,\"valueName\":\"search_term_string\"}}],\"inLanguage\":\"es\"},{\"@type\":\"Person\",\"@id\":\"https:\\\/\\\/quehacerpolitico.mx\\\/#\\\/schema\\\/person\\\/496d8ad2d1d3f8036101dca7ee39e585\",\"name\":\"Redacci\u00f3n QP\",\"image\":{\"@type\":\"ImageObject\",\"inLanguage\":\"es\",\"@id\":\"https:\\\/\\\/secure.gravatar.com\\\/avatar\\\/c7164ed6fdec453195284ad24a5ae5b6e1eed2b848477fa2a4787ba9adf39a41?s=96&d=mm&r=g\",\"url\":\"https:\\\/\\\/secure.gravatar.com\\\/avatar\\\/c7164ed6fdec453195284ad24a5ae5b6e1eed2b848477fa2a4787ba9adf39a41?s=96&d=mm&r=g\",\"contentUrl\":\"https:\\\/\\\/secure.gravatar.com\\\/avatar\\\/c7164ed6fdec453195284ad24a5ae5b6e1eed2b848477fa2a4787ba9adf39a41?s=96&d=mm&r=g\",\"caption\":\"Redacci\u00f3n QP\"},\"url\":\"https:\\\/\\\/quehacerpolitico.mx\\\/?author=2\"}]}<\/script>\n<!-- \/ Yoast SEO plugin. -->","yoast_head_json":{"title":"\"No tengo nada de que avergonzarme\"; aparece Yasm\u00edn Esquivel -","robots":{"index":"index","follow":"follow","max-snippet":"max-snippet:-1","max-image-preview":"max-image-preview:large","max-video-preview":"max-video-preview:-1"},"canonical":"https:\/\/quehacerpolitico.mx\/?p=98092","og_locale":"es_MX","og_type":"article","og_title":"\"No tengo nada de que avergonzarme\"; aparece Yasm\u00edn Esquivel -","og_description":"Por Redacci\u00f3n QP Yasm\u00edn Esquivel finalmente aparece\u00a0luego de los se\u00f1alamientos que ha recibido sobre el...","og_url":"https:\/\/quehacerpolitico.mx\/?p=98092","article_published_time":"2023-01-16T22:21:50+00:00","article_modified_time":"2023-01-16T22:21:54+00:00","og_image":[{"width":700,"height":438,"url":"https:\/\/quehacerpolitico.mx\/wp-content\/uploads\/2023\/01\/BBDD2A39-30D3-4D25-BA0F-5CC1DA0411EF.jpeg","type":"image\/jpeg"}],"author":"Redacci\u00f3n QP","twitter_card":"summary_large_image","twitter_misc":{"Escrito por":"Redacci\u00f3n QP","Tiempo de lectura":"4 minutos"},"schema":{"@context":"https:\/\/schema.org","@graph":[{"@type":"Article","@id":"https:\/\/quehacerpolitico.mx\/?p=98092#article","isPartOf":{"@id":"https:\/\/quehacerpolitico.mx\/?p=98092"},"author":{"name":"Redacci\u00f3n QP","@id":"https:\/\/quehacerpolitico.mx\/#\/schema\/person\/496d8ad2d1d3f8036101dca7ee39e585"},"headline":"&#8220;No tengo nada de que avergonzarme&#8221;; aparece Yasm\u00edn Esquivel","datePublished":"2023-01-16T22:21:50+00:00","dateModified":"2023-01-16T22:21:54+00:00","mainEntityOfPage":{"@id":"https:\/\/quehacerpolitico.mx\/?p=98092"},"wordCount":809,"commentCount":0,"image":{"@id":"https:\/\/quehacerpolitico.mx\/?p=98092#primaryimage"},"thumbnailUrl":"https:\/\/quehacerpolitico.mx\/wp-content\/uploads\/2023\/01\/BBDD2A39-30D3-4D25-BA0F-5CC1DA0411EF.jpeg","articleSection":["Noticias"],"inLanguage":"es","potentialAction":[{"@type":"CommentAction","name":"Comment","target":["https:\/\/quehacerpolitico.mx\/?p=98092#respond"]}]},{"@type":"WebPage","@id":"https:\/\/quehacerpolitico.mx\/?p=98092","url":"https:\/\/quehacerpolitico.mx\/?p=98092","name":"\"No tengo nada de que avergonzarme\"; aparece Yasm\u00edn Esquivel -","isPartOf":{"@id":"https:\/\/quehacerpolitico.mx\/#website"},"primaryImageOfPage":{"@id":"https:\/\/quehacerpolitico.mx\/?p=98092#primaryimage"},"image":{"@id":"https:\/\/quehacerpolitico.mx\/?p=98092#primaryimage"},"thumbnailUrl":"https:\/\/quehacerpolitico.mx\/wp-content\/uploads\/2023\/01\/BBDD2A39-30D3-4D25-BA0F-5CC1DA0411EF.jpeg","datePublished":"2023-01-16T22:21:50+00:00","dateModified":"2023-01-16T22:21:54+00:00","author":{"@id":"https:\/\/quehacerpolitico.mx\/#\/schema\/person\/496d8ad2d1d3f8036101dca7ee39e585"},"breadcrumb":{"@id":"https:\/\/quehacerpolitico.mx\/?p=98092#breadcrumb"},"inLanguage":"es","potentialAction":[{"@type":"ReadAction","target":["https:\/\/quehacerpolitico.mx\/?p=98092"]}]},{"@type":"ImageObject","inLanguage":"es","@id":"https:\/\/quehacerpolitico.mx\/?p=98092#primaryimage","url":"https:\/\/quehacerpolitico.mx\/wp-content\/uploads\/2023\/01\/BBDD2A39-30D3-4D25-BA0F-5CC1DA0411EF.jpeg","contentUrl":"https:\/\/quehacerpolitico.mx\/wp-content\/uploads\/2023\/01\/BBDD2A39-30D3-4D25-BA0F-5CC1DA0411EF.jpeg","width":700,"height":438},{"@type":"BreadcrumbList","@id":"https:\/\/quehacerpolitico.mx\/?p=98092#breadcrumb","itemListElement":[{"@type":"ListItem","position":1,"name":"Inicio","item":"https:\/\/quehacerpolitico.mx\/"},{"@type":"ListItem","position":2,"name":"&#8220;No tengo nada de que avergonzarme&#8221;; aparece Yasm\u00edn Esquivel"}]},{"@type":"WebSite","@id":"https:\/\/quehacerpolitico.mx\/#website","url":"https:\/\/quehacerpolitico.mx\/","name":"","description":"","potentialAction":[{"@type":"SearchAction","target":{"@type":"EntryPoint","urlTemplate":"https:\/\/quehacerpolitico.mx\/?s={search_term_string}"},"query-input":{"@type":"PropertyValueSpecification","valueRequired":true,"valueName":"search_term_string"}}],"inLanguage":"es"},{"@type":"Person","@id":"https:\/\/quehacerpolitico.mx\/#\/schema\/person\/496d8ad2d1d3f8036101dca7ee39e585","name":"Redacci\u00f3n QP","image":{"@type":"ImageObject","inLanguage":"es","@id":"https:\/\/secure.gravatar.com\/avatar\/c7164ed6fdec453195284ad24a5ae5b6e1eed2b848477fa2a4787ba9adf39a41?s=96&d=mm&r=g","url":"https:\/\/secure.gravatar.com\/avatar\/c7164ed6fdec453195284ad24a5ae5b6e1eed2b848477fa2a4787ba9adf39a41?s=96&d=mm&r=g","contentUrl":"https:\/\/secure.gravatar.com\/avatar\/c7164ed6fdec453195284ad24a5ae5b6e1eed2b848477fa2a4787ba9adf39a41?s=96&d=mm&r=g","caption":"Redacci\u00f3n QP"},"url":"https:\/\/quehacerpolitico.mx\/?author=2"}]}},"featured_image_urls":{"full":["https:\/\/quehacerpolitico.mx\/wp-content\/uploads\/2023\/01\/BBDD2A39-30D3-4D25-BA0F-5CC1DA0411EF.jpeg",700,438,false],"thumbnail":["https:\/\/quehacerpolitico.mx\/wp-content\/uploads\/2023\/01\/BBDD2A39-30D3-4D25-BA0F-5CC1DA0411EF-150x150.jpeg",150,150,true],"medium":["https:\/\/quehacerpolitico.mx\/wp-content\/uploads\/2023\/01\/BBDD2A39-30D3-4D25-BA0F-5CC1DA0411EF-300x188.jpeg",300,188,true],"medium_large":["https:\/\/quehacerpolitico.mx\/wp-content\/uploads\/2023\/01\/BBDD2A39-30D3-4D25-BA0F-5CC1DA0411EF.jpeg",640,400,false],"large":["https:\/\/quehacerpolitico.mx\/wp-content\/uploads\/2023\/01\/BBDD2A39-30D3-4D25-BA0F-5CC1DA0411EF.jpeg",640,400,false],"1536x1536":["https:\/\/quehacerpolitico.mx\/wp-content\/uploads\/2023\/01\/BBDD2A39-30D3-4D25-BA0F-5CC1DA0411EF.jpeg",700,438,false],"2048x2048":["https:\/\/quehacerpolitico.mx\/wp-content\/uploads\/2023\/01\/BBDD2A39-30D3-4D25-BA0F-5CC1DA0411EF.jpeg",700,438,false],"covernews-featured":["https:\/\/quehacerpolitico.mx\/wp-content\/uploads\/2023\/01\/BBDD2A39-30D3-4D25-BA0F-5CC1DA0411EF.jpeg",700,438,false],"covernews-medium":["https:\/\/quehacerpolitico.mx\/wp-content\/uploads\/2023\/01\/BBDD2A39-30D3-4D25-BA0F-5CC1DA0411EF.jpeg",540,338,false]},"author_info":{"display_name":"Redacci\u00f3n QP","author_link":"https:\/\/quehacerpolitico.mx\/?author=2"},"category_info":"<a href=\"https:\/\/quehacerpolitico.mx\/?cat=2\" rel=\"category\">Noticias<\/a>","tag_info":"Noticias","comment_count":"0","_links":{"self":[{"href":"https:\/\/quehacerpolitico.mx\/index.php?rest_route=\/wp\/v2\/posts\/98092","targetHints":{"allow":["GET"]}}],"collection":[{"href":"https:\/\/quehacerpolitico.mx\/index.php?rest_route=\/wp\/v2\/posts"}],"about":[{"href":"https:\/\/quehacerpolitico.mx\/index.php?rest_route=\/wp\/v2\/types\/post"}],"author":[{"embeddable":true,"href":"https:\/\/quehacerpolitico.mx\/index.php?rest_route=\/wp\/v2\/users\/2"}],"replies":[{"embeddable":true,"href":"https:\/\/quehacerpolitico.mx\/index.php?rest_route=%2Fwp%2Fv2%2Fcomments&post=98092"}],"version-history":[{"count":1,"href":"https:\/\/quehacerpolitico.mx\/index.php?rest_route=\/wp\/v2\/posts\/98092\/revisions"}],"predecessor-version":[{"id":98094,"href":"https:\/\/quehacerpolitico.mx\/index.php?rest_route=\/wp\/v2\/posts\/98092\/revisions\/98094"}],"wp:featuredmedia":[{"embeddable":true,"href":"https:\/\/quehacerpolitico.mx\/index.php?rest_route=\/wp\/v2\/media\/98093"}],"wp:attachment":[{"href":"https:\/\/quehacerpolitico.mx\/index.php?rest_route=%2Fwp%2Fv2%2Fmedia&parent=98092"}],"wp:term":[{"taxonomy":"category","embeddable":true,"href":"https:\/\/quehacerpolitico.mx\/index.php?rest_route=%2Fwp%2Fv2%2Fcategories&post=98092"},{"taxonomy":"post_tag","embeddable":true,"href":"https:\/\/quehacerpolitico.mx\/index.php?rest_route=%2Fwp%2Fv2%2Ftags&post=98092"}],"curies":[{"name":"wp","href":"https:\/\/api.w.org\/{rel}","templated":true}]}}