{"id":98088,"date":"2023-01-16T15:12:59","date_gmt":"2023-01-16T15:12:59","guid":{"rendered":"https:\/\/quehacerpolitico.mx\/?p=98088"},"modified":"2023-01-16T15:13:02","modified_gmt":"2023-01-16T15:13:02","slug":"la-opinion-lic-monserrat-cortes-arrona-a-pesar-de-la-inflacion-creditos-hipotecarios-viven-un-buen-momento","status":"publish","type":"post","link":"https:\/\/quehacerpolitico.mx\/?p=98088","title":{"rendered":"La opini\u00f3n\/\/\/Lic Monserrat Cort\u00e9s Arrona\/\/\/A PESAR DE LA INFLACI\u00d3N CR\u00c9DITOS HIPOTECARIOS VIVEN UN BUEN MOMENTO"},"content":{"rendered":"\n<p>Por Lic Monserrat Cort\u00e9s Arrona<\/p>\n\n\n\n<p>Analista<\/p>\n\n\n\n<p>A pesar del\u00a0<strong>escenario inflacionario<\/strong>\u00a0y los incrementos en las tasas de referencia, el costo de los cr\u00e9ditos hipotecarios se ha mantenido sin aumentos considerables.<\/p>\n\n\n\n<p>De junio a septiembre de 2022, por ejemplo, la tasa de inter\u00e9s en los productos de financiamiento para la vivienda ha aumentado menos de 50 puntos b\u00e1sicos, al pasar\u00a0<strong>de 9.23 a 9.60 por ciento.<\/strong>Las tasas\u00a0<strong>cerraron el 2022 en niveles de un d\u00edgito.<\/strong><\/p>\n\n\n\n<p>\u201cEstamos hablando que los\u00a0<strong>cambios han sido marginales.<\/strong>\u00a0Creo que, al final, esto debe transmitir mucha confianza para contratar un cr\u00e9dito\u201d.<\/p>\n\n\n\n<p>De esta forma, comparando con el mismo mes de este a\u00f1o, se habla de un aument\u00f3 de\u00a0<strong>cinco puntos b\u00e1sicos en 12 meses.<\/strong><\/p>\n\n\n\n<figure class=\"wp-block-image\"><img loading=\"lazy\" decoding=\"async\" width=\"751\" height=\"408\" src=\"https:\/\/quehacerpolitico.mx\/wp-content\/uploads\/2022\/09\/image-47.jpeg\" alt=\"\" class=\"wp-image-95196\" srcset=\"https:\/\/quehacerpolitico.mx\/wp-content\/uploads\/2022\/09\/image-47.jpeg 751w, https:\/\/quehacerpolitico.mx\/wp-content\/uploads\/2022\/09\/image-47-300x163.jpeg 300w, https:\/\/quehacerpolitico.mx\/wp-content\/uploads\/2022\/09\/image-47-260x141.jpeg 260w, https:\/\/quehacerpolitico.mx\/wp-content\/uploads\/2022\/09\/image-47-50x27.jpeg 50w, https:\/\/quehacerpolitico.mx\/wp-content\/uploads\/2022\/09\/image-47-138x75.jpeg 138w\" sizes=\"auto, (max-width: 751px) 100vw, 751px\" \/><\/figure>\n\n\n\n<h3 class=\"wp-block-heading\"><strong>Competencia entre bancos y expectativas positivas de inflaci\u00f3n<\/strong><\/h3>\n\n\n\n<p>Uno de los factores determinantes para mantener la tasa de inter\u00e9s de los cr\u00e9ditos hipotecarios sin alzas importantes ha sido la fuerte\u00a0<strong>competencia entre los bancos<\/strong>.<\/p>\n\n\n\n<p>Esto \u00faltimo, se ha sumado al sano&nbsp;<strong>comportamiento de los portafolios<\/strong>, as\u00ed como a ciertas perspectivas positivas de mediano y largo plazo en cuanto al manejo de la inflaci\u00f3n.<\/p>\n\n\n\n<p>\u201cSe estima que para <strong>este a\u00f1o pueda bajar la inflaci\u00f3n.<\/strong>\u00a0Yo creo que eso es determinante en un momento donde ya est\u00e1 muy alta en muchos pa\u00edses\u201d.<\/p>\n\n\n\n<h3 class=\"wp-block-heading\"><strong>\u201cBuen momento para adquirir cr\u00e9ditos hipotecarios\u201d<\/strong><\/h3>\n\n\n\n<p>En este contexto, se considera que, de cara al comienzo del a\u00f1o, es un\u00a0<strong>buen momento para contratar cr\u00e9ditos hipotecarios<\/strong> para adquirir una casa o departamento, ya que cuentan con condiciones atractivas, como tasas fijas de un d\u00edgito.\u00a0<\/p>\n\n\n\n<p>De igual forma, se recomienda a los interesados tener como ahorro al menos el\u00a0<strong>10% del valor<\/strong>\u00a0del inmueble que desean comprar.<\/p>\n\n\n\n<p>\u201cNadie piensa que el d\u00eda de ma\u00f1ana las viviendas vayan a valer menos. Cada a\u00f1o se forman 650 mil familias que necesitan una solucion de vivienda,\u00a0ya sea comprar o rentar. Y aprovechar las condiciones de hoy en d\u00eda es una ventaja\u201d.<\/p>\n\n\n\n<p>Finalmente subrayar que el riesgo es nulo, porque \u201csi las tasas comienzan a bajar, se tiene la oportunidad de recalificar el\u00a0<strong>cr\u00e9dito hipotecario<\/strong>, y aprovechar un ajuste\u201d.<\/p>\n\n\n\n<p>En mi opini\u00f3n.Es cuanto.<\/p>\n\n\n\n<p>No se te olvide que?<\/p>\n\n\n\n<p>En&nbsp;NotiExpress | La Revista del Sector Inmobiliario nos ocupamos en la difusi\u00f3n de la industria inmobiliaria generamos contenidos que te ayudar\u00e1n a mantenerte a la vanguardia en tecnolog\u00eda y en tendencias del sector inmobiliario para que puedas ofrecer el mejor servicio y generar m\u00e1s clientes.<\/p>\n\n\n\n<p>\u00c9chale una miradita a nuestra revista mensual donde encontrar\u00e1s la informaci\u00f3n precisa y oportuna con todo lo relacionado al sector inmobiliario aqu\u00ed\u00a0?<a href=\"https:\/\/issuu.com\/notiexpressmx\/docs\/notiexpress_07\">https:\/\/issuu.com\/notiexpressmx\/docs\/notiexpress_07\u00a0<\/a>\u00a0NotiExpress | La Revista del Sector Inmobiliario<\/p>\n\n\n\n<figure class=\"wp-block-image size-large\"><img loading=\"lazy\" decoding=\"async\" width=\"1024\" height=\"378\" src=\"https:\/\/quehacerpolitico.mx\/wp-content\/uploads\/2023\/01\/image-7-1024x378.jpeg\" alt=\"\" class=\"wp-image-98089\" srcset=\"https:\/\/quehacerpolitico.mx\/wp-content\/uploads\/2023\/01\/image-7-1024x378.jpeg 1024w, https:\/\/quehacerpolitico.mx\/wp-content\/uploads\/2023\/01\/image-7-300x111.jpeg 300w, https:\/\/quehacerpolitico.mx\/wp-content\/uploads\/2023\/01\/image-7-768x284.jpeg 768w, https:\/\/quehacerpolitico.mx\/wp-content\/uploads\/2023\/01\/image-7-260x96.jpeg 260w, https:\/\/quehacerpolitico.mx\/wp-content\/uploads\/2023\/01\/image-7-50x18.jpeg 50w, https:\/\/quehacerpolitico.mx\/wp-content\/uploads\/2023\/01\/image-7-150x55.jpeg 150w, https:\/\/quehacerpolitico.mx\/wp-content\/uploads\/2023\/01\/image-7.jpeg 1280w\" sizes=\"auto, (max-width: 1024px) 100vw, 1024px\" \/><\/figure>\n","protected":false},"excerpt":{"rendered":"<p>Por Lic Monserrat Cort\u00e9s Arrona Analista A pesar del\u00a0escenario inflacionario\u00a0y los incrementos en las tasas&#8230;<\/p>\n","protected":false},"author":2,"featured_media":98090,"comment_status":"open","ping_status":"open","sticky":false,"template":"","format":"standard","meta":{"_monsterinsights_skip_tracking":false,"_monsterinsights_sitenote_active":false,"_monsterinsights_sitenote_note":"","_monsterinsights_sitenote_category":0,"footnotes":""},"categories":[56],"tags":[],"class_list":["post-98088","post","type-post","status-publish","format-standard","has-post-thumbnail","hentry","category-economia"],"yoast_head":"<!-- This site is optimized with the Yoast SEO plugin v27.3 - https:\/\/yoast.com\/product\/yoast-seo-wordpress\/ -->\n<title>La opini\u00f3n\/\/\/Lic Monserrat Cort\u00e9s Arrona\/\/\/A PESAR DE LA INFLACI\u00d3N CR\u00c9DITOS HIPOTECARIOS VIVEN UN BUEN MOMENTO -<\/title>\n<meta name=\"robots\" content=\"index, follow, max-snippet:-1, max-image-preview:large, max-video-preview:-1\" \/>\n<link rel=\"canonical\" href=\"https:\/\/quehacerpolitico.mx\/?p=98088\" \/>\n<meta property=\"og:locale\" content=\"es_MX\" \/>\n<meta property=\"og:type\" content=\"article\" \/>\n<meta property=\"og:title\" content=\"La opini\u00f3n\/\/\/Lic Monserrat Cort\u00e9s Arrona\/\/\/A PESAR DE LA INFLACI\u00d3N CR\u00c9DITOS HIPOTECARIOS VIVEN UN BUEN MOMENTO -\" \/>\n<meta property=\"og:description\" content=\"Por Lic Monserrat Cort\u00e9s Arrona Analista A pesar del\u00a0escenario inflacionario\u00a0y los incrementos en las tasas...\" \/>\n<meta property=\"og:url\" content=\"https:\/\/quehacerpolitico.mx\/?p=98088\" \/>\n<meta property=\"article:published_time\" content=\"2023-01-16T15:12:59+00:00\" \/>\n<meta property=\"article:modified_time\" content=\"2023-01-16T15:13:02+00:00\" \/>\n<meta property=\"og:image\" content=\"https:\/\/quehacerpolitico.mx\/wp-content\/uploads\/2023\/01\/22A6B8C4-EA20-453B-B5C6-AB4E6C382EE8.jpeg\" \/>\n\t<meta property=\"og:image:width\" content=\"962\" \/>\n\t<meta property=\"og:image:height\" content=\"493\" \/>\n\t<meta property=\"og:image:type\" content=\"image\/jpeg\" \/>\n<meta name=\"author\" content=\"Redacci\u00f3n QP\" \/>\n<meta name=\"twitter:card\" content=\"summary_large_image\" \/>\n<meta name=\"twitter:label1\" content=\"Escrito por\" \/>\n\t<meta name=\"twitter:data1\" content=\"Redacci\u00f3n QP\" \/>\n\t<meta name=\"twitter:label2\" content=\"Tiempo de lectura\" \/>\n\t<meta name=\"twitter:data2\" content=\"2 minutos\" \/>\n<script type=\"application\/ld+json\" class=\"yoast-schema-graph\">{\"@context\":\"https:\\\/\\\/schema.org\",\"@graph\":[{\"@type\":\"Article\",\"@id\":\"https:\\\/\\\/quehacerpolitico.mx\\\/?p=98088#article\",\"isPartOf\":{\"@id\":\"https:\\\/\\\/quehacerpolitico.mx\\\/?p=98088\"},\"author\":{\"name\":\"Redacci\u00f3n QP\",\"@id\":\"https:\\\/\\\/quehacerpolitico.mx\\\/#\\\/schema\\\/person\\\/496d8ad2d1d3f8036101dca7ee39e585\"},\"headline\":\"La opini\u00f3n\\\/\\\/\\\/Lic Monserrat Cort\u00e9s Arrona\\\/\\\/\\\/A PESAR DE LA INFLACI\u00d3N CR\u00c9DITOS HIPOTECARIOS VIVEN UN BUEN MOMENTO\",\"datePublished\":\"2023-01-16T15:12:59+00:00\",\"dateModified\":\"2023-01-16T15:13:02+00:00\",\"mainEntityOfPage\":{\"@id\":\"https:\\\/\\\/quehacerpolitico.mx\\\/?p=98088\"},\"wordCount\":480,\"commentCount\":0,\"image\":{\"@id\":\"https:\\\/\\\/quehacerpolitico.mx\\\/?p=98088#primaryimage\"},\"thumbnailUrl\":\"https:\\\/\\\/quehacerpolitico.mx\\\/wp-content\\\/uploads\\\/2023\\\/01\\\/22A6B8C4-EA20-453B-B5C6-AB4E6C382EE8.jpeg\",\"articleSection\":[\"Econom\u00eda\"],\"inLanguage\":\"es\",\"potentialAction\":[{\"@type\":\"CommentAction\",\"name\":\"Comment\",\"target\":[\"https:\\\/\\\/quehacerpolitico.mx\\\/?p=98088#respond\"]}]},{\"@type\":\"WebPage\",\"@id\":\"https:\\\/\\\/quehacerpolitico.mx\\\/?p=98088\",\"url\":\"https:\\\/\\\/quehacerpolitico.mx\\\/?p=98088\",\"name\":\"La opini\u00f3n\\\/\\\/\\\/Lic Monserrat Cort\u00e9s Arrona\\\/\\\/\\\/A PESAR DE LA INFLACI\u00d3N CR\u00c9DITOS HIPOTECARIOS VIVEN UN BUEN MOMENTO -\",\"isPartOf\":{\"@id\":\"https:\\\/\\\/quehacerpolitico.mx\\\/#website\"},\"primaryImageOfPage\":{\"@id\":\"https:\\\/\\\/quehacerpolitico.mx\\\/?p=98088#primaryimage\"},\"image\":{\"@id\":\"https:\\\/\\\/quehacerpolitico.mx\\\/?p=98088#primaryimage\"},\"thumbnailUrl\":\"https:\\\/\\\/quehacerpolitico.mx\\\/wp-content\\\/uploads\\\/2023\\\/01\\\/22A6B8C4-EA20-453B-B5C6-AB4E6C382EE8.jpeg\",\"datePublished\":\"2023-01-16T15:12:59+00:00\",\"dateModified\":\"2023-01-16T15:13:02+00:00\",\"author\":{\"@id\":\"https:\\\/\\\/quehacerpolitico.mx\\\/#\\\/schema\\\/person\\\/496d8ad2d1d3f8036101dca7ee39e585\"},\"breadcrumb\":{\"@id\":\"https:\\\/\\\/quehacerpolitico.mx\\\/?p=98088#breadcrumb\"},\"inLanguage\":\"es\",\"potentialAction\":[{\"@type\":\"ReadAction\",\"target\":[\"https:\\\/\\\/quehacerpolitico.mx\\\/?p=98088\"]}]},{\"@type\":\"ImageObject\",\"inLanguage\":\"es\",\"@id\":\"https:\\\/\\\/quehacerpolitico.mx\\\/?p=98088#primaryimage\",\"url\":\"https:\\\/\\\/quehacerpolitico.mx\\\/wp-content\\\/uploads\\\/2023\\\/01\\\/22A6B8C4-EA20-453B-B5C6-AB4E6C382EE8.jpeg\",\"contentUrl\":\"https:\\\/\\\/quehacerpolitico.mx\\\/wp-content\\\/uploads\\\/2023\\\/01\\\/22A6B8C4-EA20-453B-B5C6-AB4E6C382EE8.jpeg\",\"width\":962,\"height\":493},{\"@type\":\"BreadcrumbList\",\"@id\":\"https:\\\/\\\/quehacerpolitico.mx\\\/?p=98088#breadcrumb\",\"itemListElement\":[{\"@type\":\"ListItem\",\"position\":1,\"name\":\"Inicio\",\"item\":\"https:\\\/\\\/quehacerpolitico.mx\\\/\"},{\"@type\":\"ListItem\",\"position\":2,\"name\":\"La opini\u00f3n\\\/\\\/\\\/Lic Monserrat Cort\u00e9s Arrona\\\/\\\/\\\/A PESAR DE LA INFLACI\u00d3N CR\u00c9DITOS HIPOTECARIOS VIVEN UN BUEN MOMENTO\"}]},{\"@type\":\"WebSite\",\"@id\":\"https:\\\/\\\/quehacerpolitico.mx\\\/#website\",\"url\":\"https:\\\/\\\/quehacerpolitico.mx\\\/\",\"name\":\"\",\"description\":\"\",\"potentialAction\":[{\"@type\":\"SearchAction\",\"target\":{\"@type\":\"EntryPoint\",\"urlTemplate\":\"https:\\\/\\\/quehacerpolitico.mx\\\/?s={search_term_string}\"},\"query-input\":{\"@type\":\"PropertyValueSpecification\",\"valueRequired\":true,\"valueName\":\"search_term_string\"}}],\"inLanguage\":\"es\"},{\"@type\":\"Person\",\"@id\":\"https:\\\/\\\/quehacerpolitico.mx\\\/#\\\/schema\\\/person\\\/496d8ad2d1d3f8036101dca7ee39e585\",\"name\":\"Redacci\u00f3n QP\",\"image\":{\"@type\":\"ImageObject\",\"inLanguage\":\"es\",\"@id\":\"https:\\\/\\\/secure.gravatar.com\\\/avatar\\\/c7164ed6fdec453195284ad24a5ae5b6e1eed2b848477fa2a4787ba9adf39a41?s=96&d=mm&r=g\",\"url\":\"https:\\\/\\\/secure.gravatar.com\\\/avatar\\\/c7164ed6fdec453195284ad24a5ae5b6e1eed2b848477fa2a4787ba9adf39a41?s=96&d=mm&r=g\",\"contentUrl\":\"https:\\\/\\\/secure.gravatar.com\\\/avatar\\\/c7164ed6fdec453195284ad24a5ae5b6e1eed2b848477fa2a4787ba9adf39a41?s=96&d=mm&r=g\",\"caption\":\"Redacci\u00f3n QP\"},\"url\":\"https:\\\/\\\/quehacerpolitico.mx\\\/?author=2\"}]}<\/script>\n<!-- \/ Yoast SEO plugin. -->","yoast_head_json":{"title":"La opini\u00f3n\/\/\/Lic Monserrat Cort\u00e9s Arrona\/\/\/A PESAR DE LA INFLACI\u00d3N CR\u00c9DITOS HIPOTECARIOS VIVEN UN BUEN MOMENTO -","robots":{"index":"index","follow":"follow","max-snippet":"max-snippet:-1","max-image-preview":"max-image-preview:large","max-video-preview":"max-video-preview:-1"},"canonical":"https:\/\/quehacerpolitico.mx\/?p=98088","og_locale":"es_MX","og_type":"article","og_title":"La opini\u00f3n\/\/\/Lic Monserrat Cort\u00e9s Arrona\/\/\/A PESAR DE LA INFLACI\u00d3N CR\u00c9DITOS HIPOTECARIOS VIVEN UN BUEN MOMENTO -","og_description":"Por Lic Monserrat Cort\u00e9s Arrona Analista A pesar del\u00a0escenario inflacionario\u00a0y los incrementos en las tasas...","og_url":"https:\/\/quehacerpolitico.mx\/?p=98088","article_published_time":"2023-01-16T15:12:59+00:00","article_modified_time":"2023-01-16T15:13:02+00:00","og_image":[{"width":962,"height":493,"url":"https:\/\/quehacerpolitico.mx\/wp-content\/uploads\/2023\/01\/22A6B8C4-EA20-453B-B5C6-AB4E6C382EE8.jpeg","type":"image\/jpeg"}],"author":"Redacci\u00f3n QP","twitter_card":"summary_large_image","twitter_misc":{"Escrito por":"Redacci\u00f3n QP","Tiempo de lectura":"2 minutos"},"schema":{"@context":"https:\/\/schema.org","@graph":[{"@type":"Article","@id":"https:\/\/quehacerpolitico.mx\/?p=98088#article","isPartOf":{"@id":"https:\/\/quehacerpolitico.mx\/?p=98088"},"author":{"name":"Redacci\u00f3n QP","@id":"https:\/\/quehacerpolitico.mx\/#\/schema\/person\/496d8ad2d1d3f8036101dca7ee39e585"},"headline":"La opini\u00f3n\/\/\/Lic Monserrat Cort\u00e9s Arrona\/\/\/A PESAR DE LA INFLACI\u00d3N CR\u00c9DITOS HIPOTECARIOS VIVEN UN BUEN MOMENTO","datePublished":"2023-01-16T15:12:59+00:00","dateModified":"2023-01-16T15:13:02+00:00","mainEntityOfPage":{"@id":"https:\/\/quehacerpolitico.mx\/?p=98088"},"wordCount":480,"commentCount":0,"image":{"@id":"https:\/\/quehacerpolitico.mx\/?p=98088#primaryimage"},"thumbnailUrl":"https:\/\/quehacerpolitico.mx\/wp-content\/uploads\/2023\/01\/22A6B8C4-EA20-453B-B5C6-AB4E6C382EE8.jpeg","articleSection":["Econom\u00eda"],"inLanguage":"es","potentialAction":[{"@type":"CommentAction","name":"Comment","target":["https:\/\/quehacerpolitico.mx\/?p=98088#respond"]}]},{"@type":"WebPage","@id":"https:\/\/quehacerpolitico.mx\/?p=98088","url":"https:\/\/quehacerpolitico.mx\/?p=98088","name":"La opini\u00f3n\/\/\/Lic Monserrat Cort\u00e9s Arrona\/\/\/A PESAR DE LA INFLACI\u00d3N CR\u00c9DITOS HIPOTECARIOS VIVEN UN BUEN MOMENTO -","isPartOf":{"@id":"https:\/\/quehacerpolitico.mx\/#website"},"primaryImageOfPage":{"@id":"https:\/\/quehacerpolitico.mx\/?p=98088#primaryimage"},"image":{"@id":"https:\/\/quehacerpolitico.mx\/?p=98088#primaryimage"},"thumbnailUrl":"https:\/\/quehacerpolitico.mx\/wp-content\/uploads\/2023\/01\/22A6B8C4-EA20-453B-B5C6-AB4E6C382EE8.jpeg","datePublished":"2023-01-16T15:12:59+00:00","dateModified":"2023-01-16T15:13:02+00:00","author":{"@id":"https:\/\/quehacerpolitico.mx\/#\/schema\/person\/496d8ad2d1d3f8036101dca7ee39e585"},"breadcrumb":{"@id":"https:\/\/quehacerpolitico.mx\/?p=98088#breadcrumb"},"inLanguage":"es","potentialAction":[{"@type":"ReadAction","target":["https:\/\/quehacerpolitico.mx\/?p=98088"]}]},{"@type":"ImageObject","inLanguage":"es","@id":"https:\/\/quehacerpolitico.mx\/?p=98088#primaryimage","url":"https:\/\/quehacerpolitico.mx\/wp-content\/uploads\/2023\/01\/22A6B8C4-EA20-453B-B5C6-AB4E6C382EE8.jpeg","contentUrl":"https:\/\/quehacerpolitico.mx\/wp-content\/uploads\/2023\/01\/22A6B8C4-EA20-453B-B5C6-AB4E6C382EE8.jpeg","width":962,"height":493},{"@type":"BreadcrumbList","@id":"https:\/\/quehacerpolitico.mx\/?p=98088#breadcrumb","itemListElement":[{"@type":"ListItem","position":1,"name":"Inicio","item":"https:\/\/quehacerpolitico.mx\/"},{"@type":"ListItem","position":2,"name":"La opini\u00f3n\/\/\/Lic Monserrat Cort\u00e9s Arrona\/\/\/A PESAR DE LA INFLACI\u00d3N CR\u00c9DITOS HIPOTECARIOS VIVEN UN BUEN MOMENTO"}]},{"@type":"WebSite","@id":"https:\/\/quehacerpolitico.mx\/#website","url":"https:\/\/quehacerpolitico.mx\/","name":"","description":"","potentialAction":[{"@type":"SearchAction","target":{"@type":"EntryPoint","urlTemplate":"https:\/\/quehacerpolitico.mx\/?s={search_term_string}"},"query-input":{"@type":"PropertyValueSpecification","valueRequired":true,"valueName":"search_term_string"}}],"inLanguage":"es"},{"@type":"Person","@id":"https:\/\/quehacerpolitico.mx\/#\/schema\/person\/496d8ad2d1d3f8036101dca7ee39e585","name":"Redacci\u00f3n QP","image":{"@type":"ImageObject","inLanguage":"es","@id":"https:\/\/secure.gravatar.com\/avatar\/c7164ed6fdec453195284ad24a5ae5b6e1eed2b848477fa2a4787ba9adf39a41?s=96&d=mm&r=g","url":"https:\/\/secure.gravatar.com\/avatar\/c7164ed6fdec453195284ad24a5ae5b6e1eed2b848477fa2a4787ba9adf39a41?s=96&d=mm&r=g","contentUrl":"https:\/\/secure.gravatar.com\/avatar\/c7164ed6fdec453195284ad24a5ae5b6e1eed2b848477fa2a4787ba9adf39a41?s=96&d=mm&r=g","caption":"Redacci\u00f3n QP"},"url":"https:\/\/quehacerpolitico.mx\/?author=2"}]}},"featured_image_urls":{"full":["https:\/\/quehacerpolitico.mx\/wp-content\/uploads\/2023\/01\/22A6B8C4-EA20-453B-B5C6-AB4E6C382EE8.jpeg",962,493,false],"thumbnail":["https:\/\/quehacerpolitico.mx\/wp-content\/uploads\/2023\/01\/22A6B8C4-EA20-453B-B5C6-AB4E6C382EE8-150x150.jpeg",150,150,true],"medium":["https:\/\/quehacerpolitico.mx\/wp-content\/uploads\/2023\/01\/22A6B8C4-EA20-453B-B5C6-AB4E6C382EE8-300x154.jpeg",300,154,true],"medium_large":["https:\/\/quehacerpolitico.mx\/wp-content\/uploads\/2023\/01\/22A6B8C4-EA20-453B-B5C6-AB4E6C382EE8-768x394.jpeg",640,328,true],"large":["https:\/\/quehacerpolitico.mx\/wp-content\/uploads\/2023\/01\/22A6B8C4-EA20-453B-B5C6-AB4E6C382EE8.jpeg",640,328,false],"1536x1536":["https:\/\/quehacerpolitico.mx\/wp-content\/uploads\/2023\/01\/22A6B8C4-EA20-453B-B5C6-AB4E6C382EE8.jpeg",962,493,false],"2048x2048":["https:\/\/quehacerpolitico.mx\/wp-content\/uploads\/2023\/01\/22A6B8C4-EA20-453B-B5C6-AB4E6C382EE8.jpeg",962,493,false],"covernews-featured":["https:\/\/quehacerpolitico.mx\/wp-content\/uploads\/2023\/01\/22A6B8C4-EA20-453B-B5C6-AB4E6C382EE8.jpeg",962,493,false],"covernews-medium":["https:\/\/quehacerpolitico.mx\/wp-content\/uploads\/2023\/01\/22A6B8C4-EA20-453B-B5C6-AB4E6C382EE8.jpeg",540,277,false]},"author_info":{"display_name":"Redacci\u00f3n QP","author_link":"https:\/\/quehacerpolitico.mx\/?author=2"},"category_info":"<a href=\"https:\/\/quehacerpolitico.mx\/?cat=56\" rel=\"category\">Econom\u00eda<\/a>","tag_info":"Econom\u00eda","comment_count":"0","_links":{"self":[{"href":"https:\/\/quehacerpolitico.mx\/index.php?rest_route=\/wp\/v2\/posts\/98088","targetHints":{"allow":["GET"]}}],"collection":[{"href":"https:\/\/quehacerpolitico.mx\/index.php?rest_route=\/wp\/v2\/posts"}],"about":[{"href":"https:\/\/quehacerpolitico.mx\/index.php?rest_route=\/wp\/v2\/types\/post"}],"author":[{"embeddable":true,"href":"https:\/\/quehacerpolitico.mx\/index.php?rest_route=\/wp\/v2\/users\/2"}],"replies":[{"embeddable":true,"href":"https:\/\/quehacerpolitico.mx\/index.php?rest_route=%2Fwp%2Fv2%2Fcomments&post=98088"}],"version-history":[{"count":1,"href":"https:\/\/quehacerpolitico.mx\/index.php?rest_route=\/wp\/v2\/posts\/98088\/revisions"}],"predecessor-version":[{"id":98091,"href":"https:\/\/quehacerpolitico.mx\/index.php?rest_route=\/wp\/v2\/posts\/98088\/revisions\/98091"}],"wp:featuredmedia":[{"embeddable":true,"href":"https:\/\/quehacerpolitico.mx\/index.php?rest_route=\/wp\/v2\/media\/98090"}],"wp:attachment":[{"href":"https:\/\/quehacerpolitico.mx\/index.php?rest_route=%2Fwp%2Fv2%2Fmedia&parent=98088"}],"wp:term":[{"taxonomy":"category","embeddable":true,"href":"https:\/\/quehacerpolitico.mx\/index.php?rest_route=%2Fwp%2Fv2%2Fcategories&post=98088"},{"taxonomy":"post_tag","embeddable":true,"href":"https:\/\/quehacerpolitico.mx\/index.php?rest_route=%2Fwp%2Fv2%2Ftags&post=98088"}],"curies":[{"name":"wp","href":"https:\/\/api.w.org\/{rel}","templated":true}]}}