{"id":98071,"date":"2023-01-12T18:45:09","date_gmt":"2023-01-12T18:45:09","guid":{"rendered":"https:\/\/quehacerpolitico.mx\/?p=98071"},"modified":"2023-01-12T18:45:13","modified_gmt":"2023-01-12T18:45:13","slug":"mexico-necesita-su-primera-mujer-presidenta-sheinbaum","status":"publish","type":"post","link":"https:\/\/quehacerpolitico.mx\/?p=98071","title":{"rendered":"&#8220;M\u00e9xico necesita su primera mujer presidenta&#8221;: Sheinbaum"},"content":{"rendered":"\n<p>Por Redacci\u00f3n QP<\/p>\n\n\n\n<p>Claudia Sheinbaum ha ideado pol\u00edticas como ampliar la educaci\u00f3n para personas de bajos ingresos<\/p>\n\n\n\n<p>Claudia Sheinbaum, jefa de gobierno de la Ciudad de M\u00e9xico, aspira a postularse para las pr\u00f3ximas elecciones presidenciales en junio de 2024. Es una figura influyente en el partido Morena y apoya a la actual pol\u00edtica de la administraci\u00f3n de favorecer a las empresas estatales, pero tambi\u00e9n cree que\u00a0<strong>&#8220;la inversi\u00f3n privada es necesaria&#8221;<\/strong>. Indic\u00f3 su intenci\u00f3n de crear un entorno que facilite la inversi\u00f3n nacional y extranjera en el desarrollo de energ\u00edas renovables.<\/p>\n\n\n\n<p>A principios de enero en la\u00a0Ciudad de M\u00e9xico, la jefa de gobierno concedi\u00f3 una entrevista para el peri\u00f3dico financiero m\u00e1s grande el mundo, el\u00a0<em>Nihon Keizai Shimbun<\/em>\u00a0(<em>Nikkei<\/em>).<\/p>\n\n\n\n<p>M\u00e9xico limita los mandatos presidenciales a seis a\u00f1os. El actual titular\u00a0Andres Manuel Lopez Obrador\u00a0no es elegible para postularse para presidente, por lo que Morena elegir\u00e1 un candidato presidencial sucesor a mediados de 2023, y Sheinbaum es considerada una de las favoritas.\u00a0<strong>Destaca que la actual administraci\u00f3n tiene un alto \u00edndice de aprobaci\u00f3n de alrededor del 60%.<\/strong><\/p>\n\n\n\n<p>Sheinbaum tambi\u00e9n dijo:\u00a0<strong>&#8220;M\u00e9xico necesita su primera mujer presidenta&#8221;<\/strong>, mostrando un fuerte deseo de postularse. Afirm\u00f3 que, de ser elegida,\u00a0<strong>&#8220;continuar\u00e1 con pol\u00edticas que protejan los derechos sociales&#8221;<\/strong>, y explic\u00f3 que b\u00e1sicamente dar\u00e1 continuidad a las pol\u00edticas de izquierda de la actual administraci\u00f3n, como corregir las disparidades en la educaci\u00f3n, la econom\u00eda y combate a la pobreza.<\/p>\n\n\n\n<figure class=\"wp-block-image size-full\"><img loading=\"lazy\" decoding=\"async\" width=\"484\" height=\"633\" src=\"https:\/\/quehacerpolitico.mx\/wp-content\/uploads\/2023\/01\/image-6.jpeg\" alt=\"\" class=\"wp-image-98072\" srcset=\"https:\/\/quehacerpolitico.mx\/wp-content\/uploads\/2023\/01\/image-6.jpeg 484w, https:\/\/quehacerpolitico.mx\/wp-content\/uploads\/2023\/01\/image-6-229x300.jpeg 229w, https:\/\/quehacerpolitico.mx\/wp-content\/uploads\/2023\/01\/image-6-112x146.jpeg 112w, https:\/\/quehacerpolitico.mx\/wp-content\/uploads\/2023\/01\/image-6-38x50.jpeg 38w, https:\/\/quehacerpolitico.mx\/wp-content\/uploads\/2023\/01\/image-6-57x75.jpeg 57w\" sizes=\"auto, (max-width: 484px) 100vw, 484px\" \/><\/figure>\n\n\n\n<p>El Presidente L\u00f3pez Obrador, que asumi\u00f3 el cargo en 2018, ha aumentado el salario m\u00ednimo y Sheinbaum ha prometido seguir haci\u00e9ndolo.<\/p>\n\n\n\n<p>Al ser M\u00e9xico un importante productor de petr\u00f3leo, la administraci\u00f3n actual ha revisado la&nbsp;<strong>liberalizaci\u00f3n de la industria energ\u00e9tica por la administraci\u00f3n anterior y ha dado un trato preferencial a las empresas estatales.<\/strong>&nbsp;Las empresas privadas, incluidas las empresas extranjeras, han mostrado una actitud cautelosa en su inversi\u00f3n en M\u00e9xico. Sheinbaum dijo que est\u00e1&nbsp;<strong>&#8220;de acuerdo&#8221;<\/strong>&nbsp;con esta pol\u00edtica, pero tambi\u00e9n se\u00f1al\u00f3 que&nbsp;<strong>&#8220;deber\u00edamos estudiar c\u00f3mo tener inversi\u00f3n p\u00fablica y privada&#8221;<\/strong>. Dijo que &#8220;avanzar\u00eda en la introducci\u00f3n de las energ\u00edas renovables&#8221; e insinu\u00f3 la posibilidad de promover la inversi\u00f3n en este campo.<\/p>\n\n\n\n<p>Estados Unidos vio como un problema la pol\u00edtica energ\u00e9tica proteccionista de M\u00e9xico y solicit\u00f3 revisar la base en el Tratado entre M\u00e9xico, Estados Unidos y Canad\u00e1\u00a0(T-MEC). Si esto no resuelve el problema, se puede establecer un comit\u00e9 de expertos. Si las cosas salen mal, Estados Unidos podr\u00eda imponer aranceles a los productos mexicanos. Ante esto, Sheinbaum dijo que &#8220;no hay un escenario en el que se impongan aranceles (a productos mexicanos)&#8221;, indicando la\u00a0<strong>importancia del di\u00e1logo con Estados Unidos.<\/strong><\/p>\n\n\n\n<p>Tambi\u00e9n anunci\u00f3 su intenci\u00f3n de atraer inversiones en industrias manufactureras como veh\u00edculos el\u00e9ctricos (EV) a M\u00e9xico, que est\u00e1 geogr\u00e1ficamente cerca de Estados Unidos, ya que la cadena de suministro se est\u00e1 reorganizando a nivel mundial debido al conflicto entre Estados Unidos y China.<\/p>\n\n\n\n<p>Seg\u00fan una encuesta publicada por un diario de circulaci\u00f3n nacional en diciembre de 2022, Sheinbaum&nbsp;<strong>tiene el \u00edndice de aprobaci\u00f3n m\u00e1s alto como candidata presidencial por Morena con un 31%,<\/strong>&nbsp;superior al 25 % del canciller Ebrard.<\/p>\n\n\n\n<p>Como alcaldesa de la capital, Sheinbaum ha implementado pol\u00edticas como&nbsp;<strong>ampliar la educaci\u00f3n&nbsp;<\/strong>para personas de bajos ingresos y&nbsp;<strong>mejorar la infraestructura de transporte<\/strong>, lo que la hizo popular en todo el pa\u00eds.<\/p>\n\n\n\n<p>La jefatura de gobierno de la Ciudad de M\u00e9xico, que tambi\u00e9n asumi\u00f3 el Presidente L\u00f3pez Obrador, es considerada una de las puertas de entrada a la presidencia.<\/p>\n\n\n\n<p>En cuanto a la pol\u00edtica exterior, posterior a la elecci\u00f3n presidencial Sheinbaum enfatiz\u00f3 que &#8220;bas\u00e1ndonos en la Constituci\u00f3n,&nbsp;<strong>construiremos relaciones amistosas con todos<\/strong>&nbsp;los pa\u00edses&#8221;, y mostr\u00f3 una postura de distanciamiento de los conflictos entre las grandes potencias.<\/p>\n\n\n\n<p>M\u00e9xico no critic\u00f3 directamente a Rusia por invadir Ucrania, ni particip\u00f3 en las sanciones econ\u00f3micas impuestas por Estados Unidos y Europa.&nbsp;<strong>M\u00e9xico tambi\u00e9n mantiene el equilibrio entre rivales como Estados Unidos y China.<\/strong><\/p>\n\n\n\n<p>Sheinbaum, por su parte, insisti\u00f3 en que &#8220;nosotros tambi\u00e9n somos parte de Am\u00e9rica Latina&#8221;, y dej\u00f3 claras sus intenciones de estrechar lazos con los gobiernos de izquierda cercanos. En Am\u00e9rica Central y del Sur, los gobiernos de izquierda est\u00e1n surgiendo uno tras otro. El presidente Luiz In\u00e1cio Lula da Silva de Brasil asume el cargo el primero. En 2022 asumi\u00f3 la administraci\u00f3n Gustavo Petro en Colombia.<\/p>\n\n\n\n<p>En la actualidad, hay pocos candidatos destacados en los partidos de oposici\u00f3n para las pr\u00f3ximas elecciones presidenciales. Tanto el Partido Revolucionario Institucional (PRI), al que pertenec\u00eda el ex presidente Pe\u00f1a Nieto, como el Partido Acci\u00f3n Nacional (PAN), que ha producido dos presidentes consecutivos desde el 2000, han enfrentado cr\u00edticas del p\u00fablico por denuncias de corrupci\u00f3n. Esta desconfianza hacia los partidos pol\u00edticos existentes llev\u00f3 a la victoria de L\u00f3pez Obrador, a quien llamaban la izquierda emergente, en las \u00faltimas elecciones presidenciales.<\/p>\n\n\n\n<p><strong>Lee la entrevista original en este link:<\/strong><\/p>\n\n\n\n<p><a href=\"https:\/\/www.nikkei.com\/article\/DGXZQOGN30ECP0Q2A131C2000000\/\">https:\/\/www.nikkei.com\/article\/DGXZQOGN30ECP0Q2A131C2000000\/<\/a><\/p>\n","protected":false},"excerpt":{"rendered":"<p>Por Redacci\u00f3n QP Claudia Sheinbaum ha ideado pol\u00edticas como ampliar la educaci\u00f3n para personas de&#8230;<\/p>\n","protected":false},"author":2,"featured_media":98073,"comment_status":"open","ping_status":"open","sticky":false,"template":"","format":"standard","meta":{"_monsterinsights_skip_tracking":false,"_monsterinsights_sitenote_active":false,"_monsterinsights_sitenote_note":"","_monsterinsights_sitenote_category":0,"footnotes":""},"categories":[2],"tags":[],"class_list":["post-98071","post","type-post","status-publish","format-standard","has-post-thumbnail","hentry","category-noticias"],"yoast_head":"<!-- This site is optimized with the Yoast SEO plugin v27.3 - https:\/\/yoast.com\/product\/yoast-seo-wordpress\/ -->\n<title>&quot;M\u00e9xico necesita su primera mujer presidenta&quot;: Sheinbaum -<\/title>\n<meta name=\"robots\" content=\"index, follow, max-snippet:-1, max-image-preview:large, max-video-preview:-1\" \/>\n<link rel=\"canonical\" href=\"https:\/\/quehacerpolitico.mx\/?p=98071\" \/>\n<meta property=\"og:locale\" content=\"es_MX\" \/>\n<meta property=\"og:type\" content=\"article\" \/>\n<meta property=\"og:title\" content=\"&quot;M\u00e9xico necesita su primera mujer presidenta&quot;: Sheinbaum -\" \/>\n<meta property=\"og:description\" content=\"Por Redacci\u00f3n QP Claudia Sheinbaum ha ideado pol\u00edticas como ampliar la educaci\u00f3n para personas de...\" \/>\n<meta property=\"og:url\" content=\"https:\/\/quehacerpolitico.mx\/?p=98071\" \/>\n<meta property=\"article:published_time\" content=\"2023-01-12T18:45:09+00:00\" \/>\n<meta property=\"article:modified_time\" content=\"2023-01-12T18:45:13+00:00\" \/>\n<meta property=\"og:image\" content=\"https:\/\/quehacerpolitico.mx\/wp-content\/uploads\/2023\/01\/221D0D1A-996F-4001-8B02-3264CCC48B7C.jpeg\" \/>\n\t<meta property=\"og:image:width\" content=\"414\" \/>\n\t<meta property=\"og:image:height\" content=\"311\" \/>\n\t<meta property=\"og:image:type\" content=\"image\/jpeg\" \/>\n<meta name=\"author\" content=\"Redacci\u00f3n QP\" \/>\n<meta name=\"twitter:card\" content=\"summary_large_image\" \/>\n<meta name=\"twitter:label1\" content=\"Escrito por\" \/>\n\t<meta name=\"twitter:data1\" content=\"Redacci\u00f3n QP\" \/>\n\t<meta name=\"twitter:label2\" content=\"Tiempo de lectura\" \/>\n\t<meta name=\"twitter:data2\" content=\"5 minutos\" \/>\n<script type=\"application\/ld+json\" class=\"yoast-schema-graph\">{\"@context\":\"https:\\\/\\\/schema.org\",\"@graph\":[{\"@type\":\"Article\",\"@id\":\"https:\\\/\\\/quehacerpolitico.mx\\\/?p=98071#article\",\"isPartOf\":{\"@id\":\"https:\\\/\\\/quehacerpolitico.mx\\\/?p=98071\"},\"author\":{\"name\":\"Redacci\u00f3n QP\",\"@id\":\"https:\\\/\\\/quehacerpolitico.mx\\\/#\\\/schema\\\/person\\\/496d8ad2d1d3f8036101dca7ee39e585\"},\"headline\":\"&#8220;M\u00e9xico necesita su primera mujer presidenta&#8221;: Sheinbaum\",\"datePublished\":\"2023-01-12T18:45:09+00:00\",\"dateModified\":\"2023-01-12T18:45:13+00:00\",\"mainEntityOfPage\":{\"@id\":\"https:\\\/\\\/quehacerpolitico.mx\\\/?p=98071\"},\"wordCount\":909,\"commentCount\":0,\"image\":{\"@id\":\"https:\\\/\\\/quehacerpolitico.mx\\\/?p=98071#primaryimage\"},\"thumbnailUrl\":\"https:\\\/\\\/quehacerpolitico.mx\\\/wp-content\\\/uploads\\\/2023\\\/01\\\/221D0D1A-996F-4001-8B02-3264CCC48B7C.jpeg\",\"articleSection\":[\"Noticias\"],\"inLanguage\":\"es\",\"potentialAction\":[{\"@type\":\"CommentAction\",\"name\":\"Comment\",\"target\":[\"https:\\\/\\\/quehacerpolitico.mx\\\/?p=98071#respond\"]}]},{\"@type\":\"WebPage\",\"@id\":\"https:\\\/\\\/quehacerpolitico.mx\\\/?p=98071\",\"url\":\"https:\\\/\\\/quehacerpolitico.mx\\\/?p=98071\",\"name\":\"\\\"M\u00e9xico necesita su primera mujer presidenta\\\": Sheinbaum -\",\"isPartOf\":{\"@id\":\"https:\\\/\\\/quehacerpolitico.mx\\\/#website\"},\"primaryImageOfPage\":{\"@id\":\"https:\\\/\\\/quehacerpolitico.mx\\\/?p=98071#primaryimage\"},\"image\":{\"@id\":\"https:\\\/\\\/quehacerpolitico.mx\\\/?p=98071#primaryimage\"},\"thumbnailUrl\":\"https:\\\/\\\/quehacerpolitico.mx\\\/wp-content\\\/uploads\\\/2023\\\/01\\\/221D0D1A-996F-4001-8B02-3264CCC48B7C.jpeg\",\"datePublished\":\"2023-01-12T18:45:09+00:00\",\"dateModified\":\"2023-01-12T18:45:13+00:00\",\"author\":{\"@id\":\"https:\\\/\\\/quehacerpolitico.mx\\\/#\\\/schema\\\/person\\\/496d8ad2d1d3f8036101dca7ee39e585\"},\"breadcrumb\":{\"@id\":\"https:\\\/\\\/quehacerpolitico.mx\\\/?p=98071#breadcrumb\"},\"inLanguage\":\"es\",\"potentialAction\":[{\"@type\":\"ReadAction\",\"target\":[\"https:\\\/\\\/quehacerpolitico.mx\\\/?p=98071\"]}]},{\"@type\":\"ImageObject\",\"inLanguage\":\"es\",\"@id\":\"https:\\\/\\\/quehacerpolitico.mx\\\/?p=98071#primaryimage\",\"url\":\"https:\\\/\\\/quehacerpolitico.mx\\\/wp-content\\\/uploads\\\/2023\\\/01\\\/221D0D1A-996F-4001-8B02-3264CCC48B7C.jpeg\",\"contentUrl\":\"https:\\\/\\\/quehacerpolitico.mx\\\/wp-content\\\/uploads\\\/2023\\\/01\\\/221D0D1A-996F-4001-8B02-3264CCC48B7C.jpeg\",\"width\":414,\"height\":311},{\"@type\":\"BreadcrumbList\",\"@id\":\"https:\\\/\\\/quehacerpolitico.mx\\\/?p=98071#breadcrumb\",\"itemListElement\":[{\"@type\":\"ListItem\",\"position\":1,\"name\":\"Inicio\",\"item\":\"https:\\\/\\\/quehacerpolitico.mx\\\/\"},{\"@type\":\"ListItem\",\"position\":2,\"name\":\"&#8220;M\u00e9xico necesita su primera mujer presidenta&#8221;: Sheinbaum\"}]},{\"@type\":\"WebSite\",\"@id\":\"https:\\\/\\\/quehacerpolitico.mx\\\/#website\",\"url\":\"https:\\\/\\\/quehacerpolitico.mx\\\/\",\"name\":\"\",\"description\":\"\",\"potentialAction\":[{\"@type\":\"SearchAction\",\"target\":{\"@type\":\"EntryPoint\",\"urlTemplate\":\"https:\\\/\\\/quehacerpolitico.mx\\\/?s={search_term_string}\"},\"query-input\":{\"@type\":\"PropertyValueSpecification\",\"valueRequired\":true,\"valueName\":\"search_term_string\"}}],\"inLanguage\":\"es\"},{\"@type\":\"Person\",\"@id\":\"https:\\\/\\\/quehacerpolitico.mx\\\/#\\\/schema\\\/person\\\/496d8ad2d1d3f8036101dca7ee39e585\",\"name\":\"Redacci\u00f3n QP\",\"image\":{\"@type\":\"ImageObject\",\"inLanguage\":\"es\",\"@id\":\"https:\\\/\\\/secure.gravatar.com\\\/avatar\\\/c7164ed6fdec453195284ad24a5ae5b6e1eed2b848477fa2a4787ba9adf39a41?s=96&d=mm&r=g\",\"url\":\"https:\\\/\\\/secure.gravatar.com\\\/avatar\\\/c7164ed6fdec453195284ad24a5ae5b6e1eed2b848477fa2a4787ba9adf39a41?s=96&d=mm&r=g\",\"contentUrl\":\"https:\\\/\\\/secure.gravatar.com\\\/avatar\\\/c7164ed6fdec453195284ad24a5ae5b6e1eed2b848477fa2a4787ba9adf39a41?s=96&d=mm&r=g\",\"caption\":\"Redacci\u00f3n QP\"},\"url\":\"https:\\\/\\\/quehacerpolitico.mx\\\/?author=2\"}]}<\/script>\n<!-- \/ Yoast SEO plugin. -->","yoast_head_json":{"title":"\"M\u00e9xico necesita su primera mujer presidenta\": Sheinbaum -","robots":{"index":"index","follow":"follow","max-snippet":"max-snippet:-1","max-image-preview":"max-image-preview:large","max-video-preview":"max-video-preview:-1"},"canonical":"https:\/\/quehacerpolitico.mx\/?p=98071","og_locale":"es_MX","og_type":"article","og_title":"\"M\u00e9xico necesita su primera mujer presidenta\": Sheinbaum -","og_description":"Por Redacci\u00f3n QP Claudia Sheinbaum ha ideado pol\u00edticas como ampliar la educaci\u00f3n para personas de...","og_url":"https:\/\/quehacerpolitico.mx\/?p=98071","article_published_time":"2023-01-12T18:45:09+00:00","article_modified_time":"2023-01-12T18:45:13+00:00","og_image":[{"width":414,"height":311,"url":"https:\/\/quehacerpolitico.mx\/wp-content\/uploads\/2023\/01\/221D0D1A-996F-4001-8B02-3264CCC48B7C.jpeg","type":"image\/jpeg"}],"author":"Redacci\u00f3n QP","twitter_card":"summary_large_image","twitter_misc":{"Escrito por":"Redacci\u00f3n QP","Tiempo de lectura":"5 minutos"},"schema":{"@context":"https:\/\/schema.org","@graph":[{"@type":"Article","@id":"https:\/\/quehacerpolitico.mx\/?p=98071#article","isPartOf":{"@id":"https:\/\/quehacerpolitico.mx\/?p=98071"},"author":{"name":"Redacci\u00f3n QP","@id":"https:\/\/quehacerpolitico.mx\/#\/schema\/person\/496d8ad2d1d3f8036101dca7ee39e585"},"headline":"&#8220;M\u00e9xico necesita su primera mujer presidenta&#8221;: Sheinbaum","datePublished":"2023-01-12T18:45:09+00:00","dateModified":"2023-01-12T18:45:13+00:00","mainEntityOfPage":{"@id":"https:\/\/quehacerpolitico.mx\/?p=98071"},"wordCount":909,"commentCount":0,"image":{"@id":"https:\/\/quehacerpolitico.mx\/?p=98071#primaryimage"},"thumbnailUrl":"https:\/\/quehacerpolitico.mx\/wp-content\/uploads\/2023\/01\/221D0D1A-996F-4001-8B02-3264CCC48B7C.jpeg","articleSection":["Noticias"],"inLanguage":"es","potentialAction":[{"@type":"CommentAction","name":"Comment","target":["https:\/\/quehacerpolitico.mx\/?p=98071#respond"]}]},{"@type":"WebPage","@id":"https:\/\/quehacerpolitico.mx\/?p=98071","url":"https:\/\/quehacerpolitico.mx\/?p=98071","name":"\"M\u00e9xico necesita su primera mujer presidenta\": Sheinbaum -","isPartOf":{"@id":"https:\/\/quehacerpolitico.mx\/#website"},"primaryImageOfPage":{"@id":"https:\/\/quehacerpolitico.mx\/?p=98071#primaryimage"},"image":{"@id":"https:\/\/quehacerpolitico.mx\/?p=98071#primaryimage"},"thumbnailUrl":"https:\/\/quehacerpolitico.mx\/wp-content\/uploads\/2023\/01\/221D0D1A-996F-4001-8B02-3264CCC48B7C.jpeg","datePublished":"2023-01-12T18:45:09+00:00","dateModified":"2023-01-12T18:45:13+00:00","author":{"@id":"https:\/\/quehacerpolitico.mx\/#\/schema\/person\/496d8ad2d1d3f8036101dca7ee39e585"},"breadcrumb":{"@id":"https:\/\/quehacerpolitico.mx\/?p=98071#breadcrumb"},"inLanguage":"es","potentialAction":[{"@type":"ReadAction","target":["https:\/\/quehacerpolitico.mx\/?p=98071"]}]},{"@type":"ImageObject","inLanguage":"es","@id":"https:\/\/quehacerpolitico.mx\/?p=98071#primaryimage","url":"https:\/\/quehacerpolitico.mx\/wp-content\/uploads\/2023\/01\/221D0D1A-996F-4001-8B02-3264CCC48B7C.jpeg","contentUrl":"https:\/\/quehacerpolitico.mx\/wp-content\/uploads\/2023\/01\/221D0D1A-996F-4001-8B02-3264CCC48B7C.jpeg","width":414,"height":311},{"@type":"BreadcrumbList","@id":"https:\/\/quehacerpolitico.mx\/?p=98071#breadcrumb","itemListElement":[{"@type":"ListItem","position":1,"name":"Inicio","item":"https:\/\/quehacerpolitico.mx\/"},{"@type":"ListItem","position":2,"name":"&#8220;M\u00e9xico necesita su primera mujer presidenta&#8221;: Sheinbaum"}]},{"@type":"WebSite","@id":"https:\/\/quehacerpolitico.mx\/#website","url":"https:\/\/quehacerpolitico.mx\/","name":"","description":"","potentialAction":[{"@type":"SearchAction","target":{"@type":"EntryPoint","urlTemplate":"https:\/\/quehacerpolitico.mx\/?s={search_term_string}"},"query-input":{"@type":"PropertyValueSpecification","valueRequired":true,"valueName":"search_term_string"}}],"inLanguage":"es"},{"@type":"Person","@id":"https:\/\/quehacerpolitico.mx\/#\/schema\/person\/496d8ad2d1d3f8036101dca7ee39e585","name":"Redacci\u00f3n QP","image":{"@type":"ImageObject","inLanguage":"es","@id":"https:\/\/secure.gravatar.com\/avatar\/c7164ed6fdec453195284ad24a5ae5b6e1eed2b848477fa2a4787ba9adf39a41?s=96&d=mm&r=g","url":"https:\/\/secure.gravatar.com\/avatar\/c7164ed6fdec453195284ad24a5ae5b6e1eed2b848477fa2a4787ba9adf39a41?s=96&d=mm&r=g","contentUrl":"https:\/\/secure.gravatar.com\/avatar\/c7164ed6fdec453195284ad24a5ae5b6e1eed2b848477fa2a4787ba9adf39a41?s=96&d=mm&r=g","caption":"Redacci\u00f3n QP"},"url":"https:\/\/quehacerpolitico.mx\/?author=2"}]}},"featured_image_urls":{"full":["https:\/\/quehacerpolitico.mx\/wp-content\/uploads\/2023\/01\/221D0D1A-996F-4001-8B02-3264CCC48B7C.jpeg",414,311,false],"thumbnail":["https:\/\/quehacerpolitico.mx\/wp-content\/uploads\/2023\/01\/221D0D1A-996F-4001-8B02-3264CCC48B7C-150x150.jpeg",150,150,true],"medium":["https:\/\/quehacerpolitico.mx\/wp-content\/uploads\/2023\/01\/221D0D1A-996F-4001-8B02-3264CCC48B7C-300x225.jpeg",300,225,true],"medium_large":["https:\/\/quehacerpolitico.mx\/wp-content\/uploads\/2023\/01\/221D0D1A-996F-4001-8B02-3264CCC48B7C.jpeg",414,311,false],"large":["https:\/\/quehacerpolitico.mx\/wp-content\/uploads\/2023\/01\/221D0D1A-996F-4001-8B02-3264CCC48B7C.jpeg",414,311,false],"1536x1536":["https:\/\/quehacerpolitico.mx\/wp-content\/uploads\/2023\/01\/221D0D1A-996F-4001-8B02-3264CCC48B7C.jpeg",414,311,false],"2048x2048":["https:\/\/quehacerpolitico.mx\/wp-content\/uploads\/2023\/01\/221D0D1A-996F-4001-8B02-3264CCC48B7C.jpeg",414,311,false],"covernews-featured":["https:\/\/quehacerpolitico.mx\/wp-content\/uploads\/2023\/01\/221D0D1A-996F-4001-8B02-3264CCC48B7C.jpeg",414,311,false],"covernews-medium":["https:\/\/quehacerpolitico.mx\/wp-content\/uploads\/2023\/01\/221D0D1A-996F-4001-8B02-3264CCC48B7C.jpeg",414,311,false]},"author_info":{"display_name":"Redacci\u00f3n QP","author_link":"https:\/\/quehacerpolitico.mx\/?author=2"},"category_info":"<a href=\"https:\/\/quehacerpolitico.mx\/?cat=2\" rel=\"category\">Noticias<\/a>","tag_info":"Noticias","comment_count":"0","_links":{"self":[{"href":"https:\/\/quehacerpolitico.mx\/index.php?rest_route=\/wp\/v2\/posts\/98071","targetHints":{"allow":["GET"]}}],"collection":[{"href":"https:\/\/quehacerpolitico.mx\/index.php?rest_route=\/wp\/v2\/posts"}],"about":[{"href":"https:\/\/quehacerpolitico.mx\/index.php?rest_route=\/wp\/v2\/types\/post"}],"author":[{"embeddable":true,"href":"https:\/\/quehacerpolitico.mx\/index.php?rest_route=\/wp\/v2\/users\/2"}],"replies":[{"embeddable":true,"href":"https:\/\/quehacerpolitico.mx\/index.php?rest_route=%2Fwp%2Fv2%2Fcomments&post=98071"}],"version-history":[{"count":1,"href":"https:\/\/quehacerpolitico.mx\/index.php?rest_route=\/wp\/v2\/posts\/98071\/revisions"}],"predecessor-version":[{"id":98074,"href":"https:\/\/quehacerpolitico.mx\/index.php?rest_route=\/wp\/v2\/posts\/98071\/revisions\/98074"}],"wp:featuredmedia":[{"embeddable":true,"href":"https:\/\/quehacerpolitico.mx\/index.php?rest_route=\/wp\/v2\/media\/98073"}],"wp:attachment":[{"href":"https:\/\/quehacerpolitico.mx\/index.php?rest_route=%2Fwp%2Fv2%2Fmedia&parent=98071"}],"wp:term":[{"taxonomy":"category","embeddable":true,"href":"https:\/\/quehacerpolitico.mx\/index.php?rest_route=%2Fwp%2Fv2%2Fcategories&post=98071"},{"taxonomy":"post_tag","embeddable":true,"href":"https:\/\/quehacerpolitico.mx\/index.php?rest_route=%2Fwp%2Fv2%2Ftags&post=98071"}],"curies":[{"name":"wp","href":"https:\/\/api.w.org\/{rel}","templated":true}]}}