{"id":98065,"date":"2023-01-12T18:21:10","date_gmt":"2023-01-12T18:21:10","guid":{"rendered":"https:\/\/quehacerpolitico.mx\/?p=98065"},"modified":"2023-01-12T18:21:53","modified_gmt":"2023-01-12T18:21:53","slug":"siempre-si-consiguieron-la-alianza-entre-el-pri-pan-y-prd-va-por-mexicoa-las-elecciones-en-edomex-y-coahuila","status":"publish","type":"post","link":"https:\/\/quehacerpolitico.mx\/?p=98065","title":{"rendered":"Siempre s\u00ed consiguieron la alianza entre el PRI, PAN y PRD &#8220;Va por M\u00e9xico&#8221;a las elecciones en Edomex y Coahuila"},"content":{"rendered":"\n<p>Por Redacci\u00f3n QP<\/p>\n\n\n\n<p>El PAN, PRI y PRD tambi\u00e9n planean ir juntos en\u00a0a alianza &#8220;Va por M\u00e9xico&#8221; para vencer a Morena en 2024<\/p>\n\n\n\n<p><strong>El PAN, PRI y PRD ir\u00e1n juntos en la alianza &#8220;Va por M\u00e9xico&#8221; en las pr\u00f3ximas elecciones en el Estado de M\u00e9xico, Coahuila y se preparan en coalici\u00f3n\u00a0para vencer a Morena en 2024<\/strong>.<\/p>\n\n\n\n<figure class=\"wp-block-embed is-type-rich is-provider-twitter wp-block-embed-twitter\"><div class=\"wp-block-embed__wrapper\">\n<blockquote class=\"twitter-tweet\" data-width=\"550\" data-dnt=\"true\"><p lang=\"es\" dir=\"ltr\">\ud83d\udea8<a href=\"https:\/\/twitter.com\/hashtag\/%C3%9ALTIMAHORA?src=hash&amp;ref_src=twsrc%5Etfw\">#\u00daLTIMAHORA<\/a> | Siempre s\u00ed consiguieron la alianza entre el PRI, PAN y PRD &quot;Va por M\u00e9xico&quot; <br><br>Ir\u00e1n juntos en las elecciones de 2023 y 2024. <a href=\"https:\/\/t.co\/Bp9lwYupZB\">pic.twitter.com\/Bp9lwYupZB<\/a><\/p>&mdash; Ruido en la Red (@RuidoEnLaRed) <a href=\"https:\/\/twitter.com\/RuidoEnLaRed\/status\/1613588856900653068?ref_src=twsrc%5Etfw\">January 12, 2023<\/a><\/blockquote><script async src=\"https:\/\/platform.twitter.com\/widgets.js\" charset=\"utf-8\"><\/script>\n<\/div><\/figure>\n\n\n\n<p>Marko Cort\u00e9s, Alejandro moreno y Jes\u00fas Zambrano, l\u00edderes de los tres partidos,&nbsp;<strong>realizaron una conferencia de prensa en la que anunciaron las alianzas para las pr\u00f3ximas elecciones<\/strong>.<\/p>\n\n\n\n<p>Alejandro Moreno, l\u00edder del PRI, se\u00f1al\u00f3 que la colaci\u00f3n &#8220;Va por M\u00e9xico&#8221; est\u00e1 cada vez m\u00e1s fuerte y unida. Asegur\u00f3 adem\u00e1s que\u00a0<strong>quieren que al pa\u00eds le vaya bien<\/strong>, porque\u00a0es &#8220;urgente que las familias mexicanas recuperen la tranquilidad y la certeza de que es posible construir un M\u00e9xico mejor&#8221;.<\/p>\n\n\n\n<p>\u201cNuevamente nos ped\u00edan en las calles y en las redes:\u2019 p\u00f3nganse de acuerdo, construyan, vayan juntos y eso hicimos, escuchar a la sociedad mexicana y por eso hoy estamos aqu\u00ed\u201d, dijo Marko Cort\u00e9s.<\/p>\n\n\n\n<p>Tengo el agrado de informar a todas las y los mexicanos, que nuestras dirigencias estatales en el Edomex, en Coahuila, as\u00ed como las dirigencias nacionales aqu\u00ed presentes, despu\u00e9s de muchas d\u00edas de di\u00e1logo, hemos logrado un gran acuerdo para reconstruir la coalici\u00f3n legislativa y construir una coalici\u00f3n electoral 2023-2024\u2033, agreg\u00f3.<\/p>\n\n\n\n<figure class=\"wp-block-image size-large\"><img loading=\"lazy\" decoding=\"async\" width=\"1024\" height=\"493\" src=\"https:\/\/quehacerpolitico.mx\/wp-content\/uploads\/2023\/01\/image-4-1024x493.jpeg\" alt=\"\" class=\"wp-image-98067\" srcset=\"https:\/\/quehacerpolitico.mx\/wp-content\/uploads\/2023\/01\/image-4-1024x493.jpeg 1024w, https:\/\/quehacerpolitico.mx\/wp-content\/uploads\/2023\/01\/image-4-300x144.jpeg 300w, https:\/\/quehacerpolitico.mx\/wp-content\/uploads\/2023\/01\/image-4-768x370.jpeg 768w, https:\/\/quehacerpolitico.mx\/wp-content\/uploads\/2023\/01\/image-4-260x125.jpeg 260w, https:\/\/quehacerpolitico.mx\/wp-content\/uploads\/2023\/01\/image-4-50x24.jpeg 50w, https:\/\/quehacerpolitico.mx\/wp-content\/uploads\/2023\/01\/image-4-150x72.jpeg 150w, https:\/\/quehacerpolitico.mx\/wp-content\/uploads\/2023\/01\/image-4-1280x618.jpeg 1280w, https:\/\/quehacerpolitico.mx\/wp-content\/uploads\/2023\/01\/image-4.jpeg 1284w\" sizes=\"auto, (max-width: 1024px) 100vw, 1024px\" \/><\/figure>\n\n\n\n<p>El acuerdo pol\u00edtico consiste que para el proceso electoral de 2023 en el Edomex y Coahuila, ser\u00e1 el PRI el responsable de llevar el proceso de definici\u00f3n de las candidaturas.<\/p>\n\n\n\n<p>\u201cLo har\u00e1 bajo sus reglas democr\u00e1ticas estatutarias, garantizando la posibilidad de participar en los procesos de selecci\u00f3n a todas y todos los interesados con independencia de su filiaci\u00f3n partidista, y que gocen de buen prestigio personal, con capacidad de gobernar bien y que garanticen las condiciones para la existencia de gobiernos de coalici\u00f3n en ambos estados\u201d, explic\u00f3.<\/p>\n\n\n\n<figure class=\"wp-block-embed is-type-rich is-provider-twitter wp-block-embed-twitter\"><div class=\"wp-block-embed__wrapper\">\n<blockquote class=\"twitter-tweet\" data-width=\"550\" data-dnt=\"true\"><p lang=\"es\" dir=\"ltr\">El PRI llevar\u00e1 el proceso electoral en Edomex y Coahuila<br><br>Mientras que el PAN se encargar\u00e1 del proceso para las elecciones presidenciales y la jefatura de gobierno. <a href=\"https:\/\/t.co\/wQ7KRqWzDW\">pic.twitter.com\/wQ7KRqWzDW<\/a><\/p>&mdash; Ruido en la Red (@RuidoEnLaRed) <a href=\"https:\/\/twitter.com\/RuidoEnLaRed\/status\/1613589367552970757?ref_src=twsrc%5Etfw\">January 12, 2023<\/a><\/blockquote><script async src=\"https:\/\/platform.twitter.com\/widgets.js\" charset=\"utf-8\"><\/script>\n<\/div><\/figure>\n\n\n\n<p>Para las elecciones de 2024, el PAN ser\u00e1 el responsable de llevar el proceso de definici\u00f3n de las candidaturas para la Presidencia de la Rep\u00fablica y el Gobierno de la Ciudad de M\u00e9xico.<\/p>\n\n\n\n<p>\u201cGarantizando la posibilidad de participar en los procesos de selecci\u00f3n a todas y todos los interesados, con independencia de que tengan o no alguna filiaci\u00f3n partidista, garantizando as\u00ed la posibilidad de que participe alguien que procede de la sociedad civil\u201d, indic\u00f3 Cort\u00e9s.<\/p>\n\n\n\n<figure class=\"wp-block-image size-large\"><img loading=\"lazy\" decoding=\"async\" width=\"1024\" height=\"701\" src=\"https:\/\/quehacerpolitico.mx\/wp-content\/uploads\/2023\/01\/image-3-1024x701.jpeg\" alt=\"\" class=\"wp-image-98066\" srcset=\"https:\/\/quehacerpolitico.mx\/wp-content\/uploads\/2023\/01\/image-3-1024x701.jpeg 1024w, https:\/\/quehacerpolitico.mx\/wp-content\/uploads\/2023\/01\/image-3-300x205.jpeg 300w, https:\/\/quehacerpolitico.mx\/wp-content\/uploads\/2023\/01\/image-3-768x525.jpeg 768w, https:\/\/quehacerpolitico.mx\/wp-content\/uploads\/2023\/01\/image-3-213x146.jpeg 213w, https:\/\/quehacerpolitico.mx\/wp-content\/uploads\/2023\/01\/image-3-50x34.jpeg 50w, https:\/\/quehacerpolitico.mx\/wp-content\/uploads\/2023\/01\/image-3-110x75.jpeg 110w, https:\/\/quehacerpolitico.mx\/wp-content\/uploads\/2023\/01\/image-3.jpeg 1273w\" sizes=\"auto, (max-width: 1024px) 100vw, 1024px\" \/><\/figure>\n\n\n\n<p>El dirigente nacional del PAN destac\u00f3 que este gran acuerdo \u201cda viabilidad al 2023 y que construye un escenario favorable, con reglas claras, para ganar y corregir el rumbo de M\u00e9xico en el 2024\u201d.<\/p>\n\n\n\n<figure class=\"wp-block-image size-large\"><img loading=\"lazy\" decoding=\"async\" width=\"1024\" height=\"683\" src=\"https:\/\/quehacerpolitico.mx\/wp-content\/uploads\/2023\/01\/image-5-1024x683.jpeg\" alt=\"\" class=\"wp-image-98069\" srcset=\"https:\/\/quehacerpolitico.mx\/wp-content\/uploads\/2023\/01\/image-5-1024x683.jpeg 1024w, https:\/\/quehacerpolitico.mx\/wp-content\/uploads\/2023\/01\/image-5-300x200.jpeg 300w, https:\/\/quehacerpolitico.mx\/wp-content\/uploads\/2023\/01\/image-5-768x512.jpeg 768w, https:\/\/quehacerpolitico.mx\/wp-content\/uploads\/2023\/01\/image-5-1536x1024.jpeg 1536w, https:\/\/quehacerpolitico.mx\/wp-content\/uploads\/2023\/01\/image-5-219x146.jpeg 219w, https:\/\/quehacerpolitico.mx\/wp-content\/uploads\/2023\/01\/image-5-50x33.jpeg 50w, https:\/\/quehacerpolitico.mx\/wp-content\/uploads\/2023\/01\/image-5-113x75.jpeg 113w, https:\/\/quehacerpolitico.mx\/wp-content\/uploads\/2023\/01\/image-5.jpeg 1620w\" sizes=\"auto, (max-width: 1024px) 100vw, 1024px\" \/><\/figure>\n\n\n\n<p>\u201cImpulsaremos de manera conjunta la construcci\u00f3n de un gran acuerdo de coalici\u00f3n con todas las fuerzas pol\u00edticas y sociales realmente opositoras para la mayor\u00eda de las gubernaturas en el 2024, para las alcald\u00edas, as\u00ed como para el Congreso de la Uni\u00f3n y Locales que est\u00e1 coalici\u00f3n considere convenientes, garantizando la posibilidad de participar en todos estos procesos de selecci\u00f3n a todas y todos los interesados\u201d, resalt\u00f3.<\/p>\n","protected":false},"excerpt":{"rendered":"<p>Por Redacci\u00f3n QP El PAN, PRI y PRD tambi\u00e9n planean ir juntos en\u00a0a alianza &#8220;Va&#8230;<\/p>\n","protected":false},"author":2,"featured_media":98068,"comment_status":"open","ping_status":"open","sticky":false,"template":"","format":"standard","meta":{"_monsterinsights_skip_tracking":false,"_monsterinsights_sitenote_active":false,"_monsterinsights_sitenote_note":"","_monsterinsights_sitenote_category":0,"footnotes":""},"categories":[2],"tags":[],"class_list":["post-98065","post","type-post","status-publish","format-standard","has-post-thumbnail","hentry","category-noticias"],"yoast_head":"<!-- This site is optimized with the Yoast SEO plugin v27.3 - https:\/\/yoast.com\/product\/yoast-seo-wordpress\/ -->\n<title>Siempre s\u00ed consiguieron la alianza entre el PRI, PAN y PRD &quot;Va por M\u00e9xico&quot;a las elecciones en Edomex y Coahuila -<\/title>\n<meta name=\"robots\" content=\"index, follow, max-snippet:-1, max-image-preview:large, max-video-preview:-1\" \/>\n<link rel=\"canonical\" href=\"https:\/\/quehacerpolitico.mx\/?p=98065\" \/>\n<meta property=\"og:locale\" content=\"es_MX\" \/>\n<meta property=\"og:type\" content=\"article\" \/>\n<meta property=\"og:title\" content=\"Siempre s\u00ed consiguieron la alianza entre el PRI, PAN y PRD &quot;Va por M\u00e9xico&quot;a las elecciones en Edomex y Coahuila -\" \/>\n<meta property=\"og:description\" content=\"Por Redacci\u00f3n QP El PAN, PRI y PRD tambi\u00e9n planean ir juntos en\u00a0a alianza &#8220;Va...\" \/>\n<meta property=\"og:url\" content=\"https:\/\/quehacerpolitico.mx\/?p=98065\" \/>\n<meta property=\"article:published_time\" content=\"2023-01-12T18:21:10+00:00\" \/>\n<meta property=\"article:modified_time\" content=\"2023-01-12T18:21:53+00:00\" \/>\n<meta property=\"og:image\" content=\"https:\/\/quehacerpolitico.mx\/wp-content\/uploads\/2023\/01\/2A297C32-9414-404D-8311-52BB040F8365.jpeg\" \/>\n\t<meta property=\"og:image:width\" content=\"1251\" \/>\n\t<meta property=\"og:image:height\" content=\"625\" \/>\n\t<meta property=\"og:image:type\" content=\"image\/jpeg\" \/>\n<meta name=\"author\" content=\"Redacci\u00f3n QP\" \/>\n<meta name=\"twitter:card\" content=\"summary_large_image\" \/>\n<meta name=\"twitter:label1\" content=\"Escrito por\" \/>\n\t<meta name=\"twitter:data1\" content=\"Redacci\u00f3n QP\" \/>\n\t<meta name=\"twitter:label2\" content=\"Tiempo de lectura\" \/>\n\t<meta name=\"twitter:data2\" content=\"3 minutos\" \/>\n<script type=\"application\/ld+json\" class=\"yoast-schema-graph\">{\"@context\":\"https:\\\/\\\/schema.org\",\"@graph\":[{\"@type\":\"Article\",\"@id\":\"https:\\\/\\\/quehacerpolitico.mx\\\/?p=98065#article\",\"isPartOf\":{\"@id\":\"https:\\\/\\\/quehacerpolitico.mx\\\/?p=98065\"},\"author\":{\"name\":\"Redacci\u00f3n QP\",\"@id\":\"https:\\\/\\\/quehacerpolitico.mx\\\/#\\\/schema\\\/person\\\/496d8ad2d1d3f8036101dca7ee39e585\"},\"headline\":\"Siempre s\u00ed consiguieron la alianza entre el PRI, PAN y PRD &#8220;Va por M\u00e9xico&#8221;a las elecciones en Edomex y Coahuila\",\"datePublished\":\"2023-01-12T18:21:10+00:00\",\"dateModified\":\"2023-01-12T18:21:53+00:00\",\"mainEntityOfPage\":{\"@id\":\"https:\\\/\\\/quehacerpolitico.mx\\\/?p=98065\"},\"wordCount\":569,\"commentCount\":0,\"image\":{\"@id\":\"https:\\\/\\\/quehacerpolitico.mx\\\/?p=98065#primaryimage\"},\"thumbnailUrl\":\"https:\\\/\\\/quehacerpolitico.mx\\\/wp-content\\\/uploads\\\/2023\\\/01\\\/2A297C32-9414-404D-8311-52BB040F8365.jpeg\",\"articleSection\":[\"Noticias\"],\"inLanguage\":\"es\",\"potentialAction\":[{\"@type\":\"CommentAction\",\"name\":\"Comment\",\"target\":[\"https:\\\/\\\/quehacerpolitico.mx\\\/?p=98065#respond\"]}]},{\"@type\":\"WebPage\",\"@id\":\"https:\\\/\\\/quehacerpolitico.mx\\\/?p=98065\",\"url\":\"https:\\\/\\\/quehacerpolitico.mx\\\/?p=98065\",\"name\":\"Siempre s\u00ed consiguieron la alianza entre el PRI, PAN y PRD \\\"Va por M\u00e9xico\\\"a las elecciones en Edomex y Coahuila -\",\"isPartOf\":{\"@id\":\"https:\\\/\\\/quehacerpolitico.mx\\\/#website\"},\"primaryImageOfPage\":{\"@id\":\"https:\\\/\\\/quehacerpolitico.mx\\\/?p=98065#primaryimage\"},\"image\":{\"@id\":\"https:\\\/\\\/quehacerpolitico.mx\\\/?p=98065#primaryimage\"},\"thumbnailUrl\":\"https:\\\/\\\/quehacerpolitico.mx\\\/wp-content\\\/uploads\\\/2023\\\/01\\\/2A297C32-9414-404D-8311-52BB040F8365.jpeg\",\"datePublished\":\"2023-01-12T18:21:10+00:00\",\"dateModified\":\"2023-01-12T18:21:53+00:00\",\"author\":{\"@id\":\"https:\\\/\\\/quehacerpolitico.mx\\\/#\\\/schema\\\/person\\\/496d8ad2d1d3f8036101dca7ee39e585\"},\"breadcrumb\":{\"@id\":\"https:\\\/\\\/quehacerpolitico.mx\\\/?p=98065#breadcrumb\"},\"inLanguage\":\"es\",\"potentialAction\":[{\"@type\":\"ReadAction\",\"target\":[\"https:\\\/\\\/quehacerpolitico.mx\\\/?p=98065\"]}]},{\"@type\":\"ImageObject\",\"inLanguage\":\"es\",\"@id\":\"https:\\\/\\\/quehacerpolitico.mx\\\/?p=98065#primaryimage\",\"url\":\"https:\\\/\\\/quehacerpolitico.mx\\\/wp-content\\\/uploads\\\/2023\\\/01\\\/2A297C32-9414-404D-8311-52BB040F8365.jpeg\",\"contentUrl\":\"https:\\\/\\\/quehacerpolitico.mx\\\/wp-content\\\/uploads\\\/2023\\\/01\\\/2A297C32-9414-404D-8311-52BB040F8365.jpeg\",\"width\":1251,\"height\":625},{\"@type\":\"BreadcrumbList\",\"@id\":\"https:\\\/\\\/quehacerpolitico.mx\\\/?p=98065#breadcrumb\",\"itemListElement\":[{\"@type\":\"ListItem\",\"position\":1,\"name\":\"Inicio\",\"item\":\"https:\\\/\\\/quehacerpolitico.mx\\\/\"},{\"@type\":\"ListItem\",\"position\":2,\"name\":\"Siempre s\u00ed consiguieron la alianza entre el PRI, PAN y PRD &#8220;Va por M\u00e9xico&#8221;a las elecciones en Edomex y Coahuila\"}]},{\"@type\":\"WebSite\",\"@id\":\"https:\\\/\\\/quehacerpolitico.mx\\\/#website\",\"url\":\"https:\\\/\\\/quehacerpolitico.mx\\\/\",\"name\":\"\",\"description\":\"\",\"potentialAction\":[{\"@type\":\"SearchAction\",\"target\":{\"@type\":\"EntryPoint\",\"urlTemplate\":\"https:\\\/\\\/quehacerpolitico.mx\\\/?s={search_term_string}\"},\"query-input\":{\"@type\":\"PropertyValueSpecification\",\"valueRequired\":true,\"valueName\":\"search_term_string\"}}],\"inLanguage\":\"es\"},{\"@type\":\"Person\",\"@id\":\"https:\\\/\\\/quehacerpolitico.mx\\\/#\\\/schema\\\/person\\\/496d8ad2d1d3f8036101dca7ee39e585\",\"name\":\"Redacci\u00f3n QP\",\"image\":{\"@type\":\"ImageObject\",\"inLanguage\":\"es\",\"@id\":\"https:\\\/\\\/secure.gravatar.com\\\/avatar\\\/c7164ed6fdec453195284ad24a5ae5b6e1eed2b848477fa2a4787ba9adf39a41?s=96&d=mm&r=g\",\"url\":\"https:\\\/\\\/secure.gravatar.com\\\/avatar\\\/c7164ed6fdec453195284ad24a5ae5b6e1eed2b848477fa2a4787ba9adf39a41?s=96&d=mm&r=g\",\"contentUrl\":\"https:\\\/\\\/secure.gravatar.com\\\/avatar\\\/c7164ed6fdec453195284ad24a5ae5b6e1eed2b848477fa2a4787ba9adf39a41?s=96&d=mm&r=g\",\"caption\":\"Redacci\u00f3n QP\"},\"url\":\"https:\\\/\\\/quehacerpolitico.mx\\\/?author=2\"}]}<\/script>\n<!-- \/ Yoast SEO plugin. -->","yoast_head_json":{"title":"Siempre s\u00ed consiguieron la alianza entre el PRI, PAN y PRD \"Va por M\u00e9xico\"a las elecciones en Edomex y Coahuila -","robots":{"index":"index","follow":"follow","max-snippet":"max-snippet:-1","max-image-preview":"max-image-preview:large","max-video-preview":"max-video-preview:-1"},"canonical":"https:\/\/quehacerpolitico.mx\/?p=98065","og_locale":"es_MX","og_type":"article","og_title":"Siempre s\u00ed consiguieron la alianza entre el PRI, PAN y PRD \"Va por M\u00e9xico\"a las elecciones en Edomex y Coahuila -","og_description":"Por Redacci\u00f3n QP El PAN, PRI y PRD tambi\u00e9n planean ir juntos en\u00a0a alianza &#8220;Va...","og_url":"https:\/\/quehacerpolitico.mx\/?p=98065","article_published_time":"2023-01-12T18:21:10+00:00","article_modified_time":"2023-01-12T18:21:53+00:00","og_image":[{"width":1251,"height":625,"url":"https:\/\/quehacerpolitico.mx\/wp-content\/uploads\/2023\/01\/2A297C32-9414-404D-8311-52BB040F8365.jpeg","type":"image\/jpeg"}],"author":"Redacci\u00f3n QP","twitter_card":"summary_large_image","twitter_misc":{"Escrito por":"Redacci\u00f3n QP","Tiempo de lectura":"3 minutos"},"schema":{"@context":"https:\/\/schema.org","@graph":[{"@type":"Article","@id":"https:\/\/quehacerpolitico.mx\/?p=98065#article","isPartOf":{"@id":"https:\/\/quehacerpolitico.mx\/?p=98065"},"author":{"name":"Redacci\u00f3n QP","@id":"https:\/\/quehacerpolitico.mx\/#\/schema\/person\/496d8ad2d1d3f8036101dca7ee39e585"},"headline":"Siempre s\u00ed consiguieron la alianza entre el PRI, PAN y PRD &#8220;Va por M\u00e9xico&#8221;a las elecciones en Edomex y Coahuila","datePublished":"2023-01-12T18:21:10+00:00","dateModified":"2023-01-12T18:21:53+00:00","mainEntityOfPage":{"@id":"https:\/\/quehacerpolitico.mx\/?p=98065"},"wordCount":569,"commentCount":0,"image":{"@id":"https:\/\/quehacerpolitico.mx\/?p=98065#primaryimage"},"thumbnailUrl":"https:\/\/quehacerpolitico.mx\/wp-content\/uploads\/2023\/01\/2A297C32-9414-404D-8311-52BB040F8365.jpeg","articleSection":["Noticias"],"inLanguage":"es","potentialAction":[{"@type":"CommentAction","name":"Comment","target":["https:\/\/quehacerpolitico.mx\/?p=98065#respond"]}]},{"@type":"WebPage","@id":"https:\/\/quehacerpolitico.mx\/?p=98065","url":"https:\/\/quehacerpolitico.mx\/?p=98065","name":"Siempre s\u00ed consiguieron la alianza entre el PRI, PAN y PRD \"Va por M\u00e9xico\"a las elecciones en Edomex y Coahuila -","isPartOf":{"@id":"https:\/\/quehacerpolitico.mx\/#website"},"primaryImageOfPage":{"@id":"https:\/\/quehacerpolitico.mx\/?p=98065#primaryimage"},"image":{"@id":"https:\/\/quehacerpolitico.mx\/?p=98065#primaryimage"},"thumbnailUrl":"https:\/\/quehacerpolitico.mx\/wp-content\/uploads\/2023\/01\/2A297C32-9414-404D-8311-52BB040F8365.jpeg","datePublished":"2023-01-12T18:21:10+00:00","dateModified":"2023-01-12T18:21:53+00:00","author":{"@id":"https:\/\/quehacerpolitico.mx\/#\/schema\/person\/496d8ad2d1d3f8036101dca7ee39e585"},"breadcrumb":{"@id":"https:\/\/quehacerpolitico.mx\/?p=98065#breadcrumb"},"inLanguage":"es","potentialAction":[{"@type":"ReadAction","target":["https:\/\/quehacerpolitico.mx\/?p=98065"]}]},{"@type":"ImageObject","inLanguage":"es","@id":"https:\/\/quehacerpolitico.mx\/?p=98065#primaryimage","url":"https:\/\/quehacerpolitico.mx\/wp-content\/uploads\/2023\/01\/2A297C32-9414-404D-8311-52BB040F8365.jpeg","contentUrl":"https:\/\/quehacerpolitico.mx\/wp-content\/uploads\/2023\/01\/2A297C32-9414-404D-8311-52BB040F8365.jpeg","width":1251,"height":625},{"@type":"BreadcrumbList","@id":"https:\/\/quehacerpolitico.mx\/?p=98065#breadcrumb","itemListElement":[{"@type":"ListItem","position":1,"name":"Inicio","item":"https:\/\/quehacerpolitico.mx\/"},{"@type":"ListItem","position":2,"name":"Siempre s\u00ed consiguieron la alianza entre el PRI, PAN y PRD &#8220;Va por M\u00e9xico&#8221;a las elecciones en Edomex y Coahuila"}]},{"@type":"WebSite","@id":"https:\/\/quehacerpolitico.mx\/#website","url":"https:\/\/quehacerpolitico.mx\/","name":"","description":"","potentialAction":[{"@type":"SearchAction","target":{"@type":"EntryPoint","urlTemplate":"https:\/\/quehacerpolitico.mx\/?s={search_term_string}"},"query-input":{"@type":"PropertyValueSpecification","valueRequired":true,"valueName":"search_term_string"}}],"inLanguage":"es"},{"@type":"Person","@id":"https:\/\/quehacerpolitico.mx\/#\/schema\/person\/496d8ad2d1d3f8036101dca7ee39e585","name":"Redacci\u00f3n QP","image":{"@type":"ImageObject","inLanguage":"es","@id":"https:\/\/secure.gravatar.com\/avatar\/c7164ed6fdec453195284ad24a5ae5b6e1eed2b848477fa2a4787ba9adf39a41?s=96&d=mm&r=g","url":"https:\/\/secure.gravatar.com\/avatar\/c7164ed6fdec453195284ad24a5ae5b6e1eed2b848477fa2a4787ba9adf39a41?s=96&d=mm&r=g","contentUrl":"https:\/\/secure.gravatar.com\/avatar\/c7164ed6fdec453195284ad24a5ae5b6e1eed2b848477fa2a4787ba9adf39a41?s=96&d=mm&r=g","caption":"Redacci\u00f3n QP"},"url":"https:\/\/quehacerpolitico.mx\/?author=2"}]}},"featured_image_urls":{"full":["https:\/\/quehacerpolitico.mx\/wp-content\/uploads\/2023\/01\/2A297C32-9414-404D-8311-52BB040F8365.jpeg",1251,625,false],"thumbnail":["https:\/\/quehacerpolitico.mx\/wp-content\/uploads\/2023\/01\/2A297C32-9414-404D-8311-52BB040F8365-150x150.jpeg",150,150,true],"medium":["https:\/\/quehacerpolitico.mx\/wp-content\/uploads\/2023\/01\/2A297C32-9414-404D-8311-52BB040F8365-300x150.jpeg",300,150,true],"medium_large":["https:\/\/quehacerpolitico.mx\/wp-content\/uploads\/2023\/01\/2A297C32-9414-404D-8311-52BB040F8365-768x384.jpeg",640,320,true],"large":["https:\/\/quehacerpolitico.mx\/wp-content\/uploads\/2023\/01\/2A297C32-9414-404D-8311-52BB040F8365-1024x512.jpeg",640,320,true],"1536x1536":["https:\/\/quehacerpolitico.mx\/wp-content\/uploads\/2023\/01\/2A297C32-9414-404D-8311-52BB040F8365.jpeg",1251,625,false],"2048x2048":["https:\/\/quehacerpolitico.mx\/wp-content\/uploads\/2023\/01\/2A297C32-9414-404D-8311-52BB040F8365.jpeg",1251,625,false],"covernews-featured":["https:\/\/quehacerpolitico.mx\/wp-content\/uploads\/2023\/01\/2A297C32-9414-404D-8311-52BB040F8365.jpeg",1024,512,false],"covernews-medium":["https:\/\/quehacerpolitico.mx\/wp-content\/uploads\/2023\/01\/2A297C32-9414-404D-8311-52BB040F8365.jpeg",540,270,false]},"author_info":{"display_name":"Redacci\u00f3n QP","author_link":"https:\/\/quehacerpolitico.mx\/?author=2"},"category_info":"<a href=\"https:\/\/quehacerpolitico.mx\/?cat=2\" rel=\"category\">Noticias<\/a>","tag_info":"Noticias","comment_count":"0","_links":{"self":[{"href":"https:\/\/quehacerpolitico.mx\/index.php?rest_route=\/wp\/v2\/posts\/98065","targetHints":{"allow":["GET"]}}],"collection":[{"href":"https:\/\/quehacerpolitico.mx\/index.php?rest_route=\/wp\/v2\/posts"}],"about":[{"href":"https:\/\/quehacerpolitico.mx\/index.php?rest_route=\/wp\/v2\/types\/post"}],"author":[{"embeddable":true,"href":"https:\/\/quehacerpolitico.mx\/index.php?rest_route=\/wp\/v2\/users\/2"}],"replies":[{"embeddable":true,"href":"https:\/\/quehacerpolitico.mx\/index.php?rest_route=%2Fwp%2Fv2%2Fcomments&post=98065"}],"version-history":[{"count":1,"href":"https:\/\/quehacerpolitico.mx\/index.php?rest_route=\/wp\/v2\/posts\/98065\/revisions"}],"predecessor-version":[{"id":98070,"href":"https:\/\/quehacerpolitico.mx\/index.php?rest_route=\/wp\/v2\/posts\/98065\/revisions\/98070"}],"wp:featuredmedia":[{"embeddable":true,"href":"https:\/\/quehacerpolitico.mx\/index.php?rest_route=\/wp\/v2\/media\/98068"}],"wp:attachment":[{"href":"https:\/\/quehacerpolitico.mx\/index.php?rest_route=%2Fwp%2Fv2%2Fmedia&parent=98065"}],"wp:term":[{"taxonomy":"category","embeddable":true,"href":"https:\/\/quehacerpolitico.mx\/index.php?rest_route=%2Fwp%2Fv2%2Fcategories&post=98065"},{"taxonomy":"post_tag","embeddable":true,"href":"https:\/\/quehacerpolitico.mx\/index.php?rest_route=%2Fwp%2Fv2%2Ftags&post=98065"}],"curies":[{"name":"wp","href":"https:\/\/api.w.org\/{rel}","templated":true}]}}