{"id":98052,"date":"2023-01-12T17:05:55","date_gmt":"2023-01-12T17:05:55","guid":{"rendered":"https:\/\/quehacerpolitico.mx\/?p=98052"},"modified":"2023-01-12T17:06:00","modified_gmt":"2023-01-12T17:06:00","slug":"grupo-plural-exige-juicio-politico-a-yasmin-esquivel-por-plagio-de-tesis","status":"publish","type":"post","link":"https:\/\/quehacerpolitico.mx\/?p=98052","title":{"rendered":"Grupo Plural exige juicio pol\u00edtico a Yasm\u00edn Esquivel por plagio de tesis"},"content":{"rendered":"\n<p>Por Redacci\u00f3n QP<\/p>\n\n\n\n<p>El senador Germ\u00e1n Mart\u00ednez C\u00e1zares expone que si la UNAM no le retira el t\u00edtulo, ella debe renunciar<\/p>\n\n\n\n<p>Tras el fallo de la FES Arag\u00f3n sobre el caso del plagio de tesis de\u00a0Yasm\u00edn Esquivel Mossa, en el que determina que\u00a0<strong>hubo una copia sustancial del trabajo presentado en 1986<\/strong>.\u00a0<strong>Grupo Plural<\/strong>\u00a0anuncia que iniciar\u00e1 un juicio pol\u00edtico en contra de la ministra de la Suprema Corte de Justicia de la Naci\u00f3n si no renuncia a su cargo.<\/p>\n\n\n\n<figure class=\"wp-block-image size-full\"><img loading=\"lazy\" decoding=\"async\" width=\"713\" height=\"900\" src=\"https:\/\/quehacerpolitico.mx\/wp-content\/uploads\/2023\/01\/image-2.jpeg\" alt=\"\" class=\"wp-image-98054\" srcset=\"https:\/\/quehacerpolitico.mx\/wp-content\/uploads\/2023\/01\/image-2.jpeg 713w, https:\/\/quehacerpolitico.mx\/wp-content\/uploads\/2023\/01\/image-2-238x300.jpeg 238w, https:\/\/quehacerpolitico.mx\/wp-content\/uploads\/2023\/01\/image-2-116x146.jpeg 116w, https:\/\/quehacerpolitico.mx\/wp-content\/uploads\/2023\/01\/image-2-40x50.jpeg 40w, https:\/\/quehacerpolitico.mx\/wp-content\/uploads\/2023\/01\/image-2-59x75.jpeg 59w\" sizes=\"auto, (max-width: 713px) 100vw, 713px\" \/><\/figure>\n\n\n\n<p>En un video difundido en redes sociales el senador Germ\u00e1n Mart\u00ednez C\u00e1zares de Grupo Plural expone que si la Universidad Nacional Aut\u00f3noma de M\u00e9xico\u00a0(UNAM) no le retira el t\u00edtulo, ella\u00a0<strong>debe renunciar<\/strong>.<\/p>\n\n\n\n<figure class=\"wp-block-embed is-type-rich is-provider-twitter wp-block-embed-twitter\"><div class=\"wp-block-embed__wrapper\">\n<blockquote class=\"twitter-tweet\" data-width=\"550\" data-dnt=\"true\"><p lang=\"es\" dir=\"ltr\">\u00a1El plagio de  <a href=\"https:\/\/twitter.com\/YasminEsquivel_?ref_src=twsrc%5Etfw\">@YasminEsquivel_<\/a>  no se puede quedar as\u00ed ! <a href=\"https:\/\/twitter.com\/UNAM_MX?ref_src=twsrc%5Etfw\">@UNAM_MX<\/a> <a href=\"https:\/\/twitter.com\/SCJN?ref_src=twsrc%5Etfw\">@SCJN<\/a> <a href=\"https:\/\/twitter.com\/senadomexicano?ref_src=twsrc%5Etfw\">@senadomexicano<\/a> <a href=\"https:\/\/twitter.com\/CJF_Mx?ref_src=twsrc%5Etfw\">@CJF_Mx<\/a> <a href=\"https:\/\/twitter.com\/EmilioAlvarezI?ref_src=twsrc%5Etfw\">@EmilioAlvarezI<\/a> <a href=\"https:\/\/twitter.com\/nancydelasa?ref_src=twsrc%5Etfw\">@nancydelasa<\/a> <a href=\"https:\/\/twitter.com\/GustavoMadero?ref_src=twsrc%5Etfw\">@GustavoMadero<\/a> <a href=\"https:\/\/twitter.com\/gpplural?ref_src=twsrc%5Etfw\">@gpplural<\/a> <a href=\"https:\/\/t.co\/ZcVfTR2yOl\">pic.twitter.com\/ZcVfTR2yOl<\/a><\/p>&mdash; @GPPlural (@gpplural) <a href=\"https:\/\/twitter.com\/gpplural\/status\/1613359470054379521?ref_src=twsrc%5Etfw\">January 12, 2023<\/a><\/blockquote><script async src=\"https:\/\/platform.twitter.com\/widgets.js\" charset=\"utf-8\"><\/script>\n<\/div><\/figure>\n\n\n\n<p><strong>&#8220;La UNAM ha dicho que la se\u00f1ora Esquivel plagi\u00f3, rob\u00f3, falsific\u00f3 su tesis, punto bueno. Segundo: la UNAM debe darle consecuencias y las SEP debe darle consecuencias. La UNAM otorga t\u00edtulos, la Ley Org\u00e1nica dice que otorga t\u00edtulos la UNAM, y las SEP otorga c\u00e9dulas.&#8221;<\/strong><\/p>\n\n\n\n<p>En su video menciona al art\u00edculo 95 de la Constituci\u00f3n, que establece que para ser ministro &#8220;debe tener t\u00edtulo, no c\u00e9dula entonces debe renunciar&#8221;, sentenci\u00f3 Mart\u00ednez.<br>&#8220;Pero si ni la constituci\u00f3n, ni la ley, ni la UNAM la obligan,&nbsp;<strong>s\u00ed la obliga la Cartilla Moral de Alfonso Reyes donde expone que el bien nos obliga a obrar con rectitud y a decir la verdad.<\/strong>&nbsp;No mienta, alumna Esquivel&#8221; se\u00f1al\u00f3 el senador de Grupo Plural.<\/p>\n\n\n\n<p>El juicio pol\u00edtico mencionado en su mensaje lo presentar\u00e1n ante la C\u00e1mara de Diputados. &#8220;Esto no se va a quedar as\u00ed, la UNAM merece respeto, el pa\u00eds merece respet\u00f3 y la Corte merece respeto y la \u00e9tica la salvar\u00eda, alumna Esquivel.&#8221; finaliz\u00f3 Germ\u00e1n Mart\u00ednez.<\/p>\n\n\n\n<p>Con Informaci\u00f3n de SUN <\/p>\n","protected":false},"excerpt":{"rendered":"<p>Por Redacci\u00f3n QP El senador Germ\u00e1n Mart\u00ednez C\u00e1zares expone que si la UNAM no le&#8230;<\/p>\n","protected":false},"author":2,"featured_media":98053,"comment_status":"open","ping_status":"open","sticky":false,"template":"","format":"standard","meta":{"_monsterinsights_skip_tracking":false,"_monsterinsights_sitenote_active":false,"_monsterinsights_sitenote_note":"","_monsterinsights_sitenote_category":0,"footnotes":""},"categories":[2],"tags":[],"class_list":["post-98052","post","type-post","status-publish","format-standard","has-post-thumbnail","hentry","category-noticias"],"yoast_head":"<!-- This site is optimized with the Yoast SEO plugin v27.3 - https:\/\/yoast.com\/product\/yoast-seo-wordpress\/ -->\n<title>Grupo Plural exige juicio pol\u00edtico a Yasm\u00edn Esquivel por plagio de tesis -<\/title>\n<meta name=\"robots\" content=\"index, follow, max-snippet:-1, max-image-preview:large, max-video-preview:-1\" \/>\n<link rel=\"canonical\" href=\"https:\/\/quehacerpolitico.mx\/?p=98052\" \/>\n<meta property=\"og:locale\" content=\"es_MX\" \/>\n<meta property=\"og:type\" content=\"article\" \/>\n<meta property=\"og:title\" content=\"Grupo Plural exige juicio pol\u00edtico a Yasm\u00edn Esquivel por plagio de tesis -\" \/>\n<meta property=\"og:description\" content=\"Por Redacci\u00f3n QP El senador Germ\u00e1n Mart\u00ednez C\u00e1zares expone que si la UNAM no le...\" \/>\n<meta property=\"og:url\" content=\"https:\/\/quehacerpolitico.mx\/?p=98052\" \/>\n<meta property=\"article:published_time\" content=\"2023-01-12T17:05:55+00:00\" \/>\n<meta property=\"article:modified_time\" content=\"2023-01-12T17:06:00+00:00\" \/>\n<meta property=\"og:image\" content=\"https:\/\/quehacerpolitico.mx\/wp-content\/uploads\/2023\/01\/64C3EF4A-A3AC-41AA-8CCD-7024E470EB68.jpeg\" \/>\n\t<meta property=\"og:image:width\" content=\"768\" \/>\n\t<meta property=\"og:image:height\" content=\"432\" \/>\n\t<meta property=\"og:image:type\" content=\"image\/jpeg\" \/>\n<meta name=\"author\" content=\"Redacci\u00f3n QP\" \/>\n<meta name=\"twitter:card\" content=\"summary_large_image\" \/>\n<meta name=\"twitter:label1\" content=\"Escrito por\" \/>\n\t<meta name=\"twitter:data1\" content=\"Redacci\u00f3n QP\" \/>\n\t<meta name=\"twitter:label2\" content=\"Tiempo de lectura\" \/>\n\t<meta name=\"twitter:data2\" content=\"2 minutos\" \/>\n<script type=\"application\/ld+json\" class=\"yoast-schema-graph\">{\"@context\":\"https:\\\/\\\/schema.org\",\"@graph\":[{\"@type\":\"Article\",\"@id\":\"https:\\\/\\\/quehacerpolitico.mx\\\/?p=98052#article\",\"isPartOf\":{\"@id\":\"https:\\\/\\\/quehacerpolitico.mx\\\/?p=98052\"},\"author\":{\"name\":\"Redacci\u00f3n QP\",\"@id\":\"https:\\\/\\\/quehacerpolitico.mx\\\/#\\\/schema\\\/person\\\/496d8ad2d1d3f8036101dca7ee39e585\"},\"headline\":\"Grupo Plural exige juicio pol\u00edtico a Yasm\u00edn Esquivel por plagio de tesis\",\"datePublished\":\"2023-01-12T17:05:55+00:00\",\"dateModified\":\"2023-01-12T17:06:00+00:00\",\"mainEntityOfPage\":{\"@id\":\"https:\\\/\\\/quehacerpolitico.mx\\\/?p=98052\"},\"wordCount\":343,\"commentCount\":0,\"image\":{\"@id\":\"https:\\\/\\\/quehacerpolitico.mx\\\/?p=98052#primaryimage\"},\"thumbnailUrl\":\"https:\\\/\\\/quehacerpolitico.mx\\\/wp-content\\\/uploads\\\/2023\\\/01\\\/64C3EF4A-A3AC-41AA-8CCD-7024E470EB68.jpeg\",\"articleSection\":[\"Noticias\"],\"inLanguage\":\"es\",\"potentialAction\":[{\"@type\":\"CommentAction\",\"name\":\"Comment\",\"target\":[\"https:\\\/\\\/quehacerpolitico.mx\\\/?p=98052#respond\"]}]},{\"@type\":\"WebPage\",\"@id\":\"https:\\\/\\\/quehacerpolitico.mx\\\/?p=98052\",\"url\":\"https:\\\/\\\/quehacerpolitico.mx\\\/?p=98052\",\"name\":\"Grupo Plural exige juicio pol\u00edtico a Yasm\u00edn Esquivel por plagio de tesis -\",\"isPartOf\":{\"@id\":\"https:\\\/\\\/quehacerpolitico.mx\\\/#website\"},\"primaryImageOfPage\":{\"@id\":\"https:\\\/\\\/quehacerpolitico.mx\\\/?p=98052#primaryimage\"},\"image\":{\"@id\":\"https:\\\/\\\/quehacerpolitico.mx\\\/?p=98052#primaryimage\"},\"thumbnailUrl\":\"https:\\\/\\\/quehacerpolitico.mx\\\/wp-content\\\/uploads\\\/2023\\\/01\\\/64C3EF4A-A3AC-41AA-8CCD-7024E470EB68.jpeg\",\"datePublished\":\"2023-01-12T17:05:55+00:00\",\"dateModified\":\"2023-01-12T17:06:00+00:00\",\"author\":{\"@id\":\"https:\\\/\\\/quehacerpolitico.mx\\\/#\\\/schema\\\/person\\\/496d8ad2d1d3f8036101dca7ee39e585\"},\"breadcrumb\":{\"@id\":\"https:\\\/\\\/quehacerpolitico.mx\\\/?p=98052#breadcrumb\"},\"inLanguage\":\"es\",\"potentialAction\":[{\"@type\":\"ReadAction\",\"target\":[\"https:\\\/\\\/quehacerpolitico.mx\\\/?p=98052\"]}]},{\"@type\":\"ImageObject\",\"inLanguage\":\"es\",\"@id\":\"https:\\\/\\\/quehacerpolitico.mx\\\/?p=98052#primaryimage\",\"url\":\"https:\\\/\\\/quehacerpolitico.mx\\\/wp-content\\\/uploads\\\/2023\\\/01\\\/64C3EF4A-A3AC-41AA-8CCD-7024E470EB68.jpeg\",\"contentUrl\":\"https:\\\/\\\/quehacerpolitico.mx\\\/wp-content\\\/uploads\\\/2023\\\/01\\\/64C3EF4A-A3AC-41AA-8CCD-7024E470EB68.jpeg\",\"width\":768,\"height\":432},{\"@type\":\"BreadcrumbList\",\"@id\":\"https:\\\/\\\/quehacerpolitico.mx\\\/?p=98052#breadcrumb\",\"itemListElement\":[{\"@type\":\"ListItem\",\"position\":1,\"name\":\"Inicio\",\"item\":\"https:\\\/\\\/quehacerpolitico.mx\\\/\"},{\"@type\":\"ListItem\",\"position\":2,\"name\":\"Grupo Plural exige juicio pol\u00edtico a Yasm\u00edn Esquivel por plagio de tesis\"}]},{\"@type\":\"WebSite\",\"@id\":\"https:\\\/\\\/quehacerpolitico.mx\\\/#website\",\"url\":\"https:\\\/\\\/quehacerpolitico.mx\\\/\",\"name\":\"\",\"description\":\"\",\"potentialAction\":[{\"@type\":\"SearchAction\",\"target\":{\"@type\":\"EntryPoint\",\"urlTemplate\":\"https:\\\/\\\/quehacerpolitico.mx\\\/?s={search_term_string}\"},\"query-input\":{\"@type\":\"PropertyValueSpecification\",\"valueRequired\":true,\"valueName\":\"search_term_string\"}}],\"inLanguage\":\"es\"},{\"@type\":\"Person\",\"@id\":\"https:\\\/\\\/quehacerpolitico.mx\\\/#\\\/schema\\\/person\\\/496d8ad2d1d3f8036101dca7ee39e585\",\"name\":\"Redacci\u00f3n QP\",\"image\":{\"@type\":\"ImageObject\",\"inLanguage\":\"es\",\"@id\":\"https:\\\/\\\/secure.gravatar.com\\\/avatar\\\/c7164ed6fdec453195284ad24a5ae5b6e1eed2b848477fa2a4787ba9adf39a41?s=96&d=mm&r=g\",\"url\":\"https:\\\/\\\/secure.gravatar.com\\\/avatar\\\/c7164ed6fdec453195284ad24a5ae5b6e1eed2b848477fa2a4787ba9adf39a41?s=96&d=mm&r=g\",\"contentUrl\":\"https:\\\/\\\/secure.gravatar.com\\\/avatar\\\/c7164ed6fdec453195284ad24a5ae5b6e1eed2b848477fa2a4787ba9adf39a41?s=96&d=mm&r=g\",\"caption\":\"Redacci\u00f3n QP\"},\"url\":\"https:\\\/\\\/quehacerpolitico.mx\\\/?author=2\"}]}<\/script>\n<!-- \/ Yoast SEO plugin. -->","yoast_head_json":{"title":"Grupo Plural exige juicio pol\u00edtico a Yasm\u00edn Esquivel por plagio de tesis -","robots":{"index":"index","follow":"follow","max-snippet":"max-snippet:-1","max-image-preview":"max-image-preview:large","max-video-preview":"max-video-preview:-1"},"canonical":"https:\/\/quehacerpolitico.mx\/?p=98052","og_locale":"es_MX","og_type":"article","og_title":"Grupo Plural exige juicio pol\u00edtico a Yasm\u00edn Esquivel por plagio de tesis -","og_description":"Por Redacci\u00f3n QP El senador Germ\u00e1n Mart\u00ednez C\u00e1zares expone que si la UNAM no le...","og_url":"https:\/\/quehacerpolitico.mx\/?p=98052","article_published_time":"2023-01-12T17:05:55+00:00","article_modified_time":"2023-01-12T17:06:00+00:00","og_image":[{"width":768,"height":432,"url":"https:\/\/quehacerpolitico.mx\/wp-content\/uploads\/2023\/01\/64C3EF4A-A3AC-41AA-8CCD-7024E470EB68.jpeg","type":"image\/jpeg"}],"author":"Redacci\u00f3n QP","twitter_card":"summary_large_image","twitter_misc":{"Escrito por":"Redacci\u00f3n QP","Tiempo de lectura":"2 minutos"},"schema":{"@context":"https:\/\/schema.org","@graph":[{"@type":"Article","@id":"https:\/\/quehacerpolitico.mx\/?p=98052#article","isPartOf":{"@id":"https:\/\/quehacerpolitico.mx\/?p=98052"},"author":{"name":"Redacci\u00f3n QP","@id":"https:\/\/quehacerpolitico.mx\/#\/schema\/person\/496d8ad2d1d3f8036101dca7ee39e585"},"headline":"Grupo Plural exige juicio pol\u00edtico a Yasm\u00edn Esquivel por plagio de tesis","datePublished":"2023-01-12T17:05:55+00:00","dateModified":"2023-01-12T17:06:00+00:00","mainEntityOfPage":{"@id":"https:\/\/quehacerpolitico.mx\/?p=98052"},"wordCount":343,"commentCount":0,"image":{"@id":"https:\/\/quehacerpolitico.mx\/?p=98052#primaryimage"},"thumbnailUrl":"https:\/\/quehacerpolitico.mx\/wp-content\/uploads\/2023\/01\/64C3EF4A-A3AC-41AA-8CCD-7024E470EB68.jpeg","articleSection":["Noticias"],"inLanguage":"es","potentialAction":[{"@type":"CommentAction","name":"Comment","target":["https:\/\/quehacerpolitico.mx\/?p=98052#respond"]}]},{"@type":"WebPage","@id":"https:\/\/quehacerpolitico.mx\/?p=98052","url":"https:\/\/quehacerpolitico.mx\/?p=98052","name":"Grupo Plural exige juicio pol\u00edtico a Yasm\u00edn Esquivel por plagio de tesis -","isPartOf":{"@id":"https:\/\/quehacerpolitico.mx\/#website"},"primaryImageOfPage":{"@id":"https:\/\/quehacerpolitico.mx\/?p=98052#primaryimage"},"image":{"@id":"https:\/\/quehacerpolitico.mx\/?p=98052#primaryimage"},"thumbnailUrl":"https:\/\/quehacerpolitico.mx\/wp-content\/uploads\/2023\/01\/64C3EF4A-A3AC-41AA-8CCD-7024E470EB68.jpeg","datePublished":"2023-01-12T17:05:55+00:00","dateModified":"2023-01-12T17:06:00+00:00","author":{"@id":"https:\/\/quehacerpolitico.mx\/#\/schema\/person\/496d8ad2d1d3f8036101dca7ee39e585"},"breadcrumb":{"@id":"https:\/\/quehacerpolitico.mx\/?p=98052#breadcrumb"},"inLanguage":"es","potentialAction":[{"@type":"ReadAction","target":["https:\/\/quehacerpolitico.mx\/?p=98052"]}]},{"@type":"ImageObject","inLanguage":"es","@id":"https:\/\/quehacerpolitico.mx\/?p=98052#primaryimage","url":"https:\/\/quehacerpolitico.mx\/wp-content\/uploads\/2023\/01\/64C3EF4A-A3AC-41AA-8CCD-7024E470EB68.jpeg","contentUrl":"https:\/\/quehacerpolitico.mx\/wp-content\/uploads\/2023\/01\/64C3EF4A-A3AC-41AA-8CCD-7024E470EB68.jpeg","width":768,"height":432},{"@type":"BreadcrumbList","@id":"https:\/\/quehacerpolitico.mx\/?p=98052#breadcrumb","itemListElement":[{"@type":"ListItem","position":1,"name":"Inicio","item":"https:\/\/quehacerpolitico.mx\/"},{"@type":"ListItem","position":2,"name":"Grupo Plural exige juicio pol\u00edtico a Yasm\u00edn Esquivel por plagio de tesis"}]},{"@type":"WebSite","@id":"https:\/\/quehacerpolitico.mx\/#website","url":"https:\/\/quehacerpolitico.mx\/","name":"","description":"","potentialAction":[{"@type":"SearchAction","target":{"@type":"EntryPoint","urlTemplate":"https:\/\/quehacerpolitico.mx\/?s={search_term_string}"},"query-input":{"@type":"PropertyValueSpecification","valueRequired":true,"valueName":"search_term_string"}}],"inLanguage":"es"},{"@type":"Person","@id":"https:\/\/quehacerpolitico.mx\/#\/schema\/person\/496d8ad2d1d3f8036101dca7ee39e585","name":"Redacci\u00f3n QP","image":{"@type":"ImageObject","inLanguage":"es","@id":"https:\/\/secure.gravatar.com\/avatar\/c7164ed6fdec453195284ad24a5ae5b6e1eed2b848477fa2a4787ba9adf39a41?s=96&d=mm&r=g","url":"https:\/\/secure.gravatar.com\/avatar\/c7164ed6fdec453195284ad24a5ae5b6e1eed2b848477fa2a4787ba9adf39a41?s=96&d=mm&r=g","contentUrl":"https:\/\/secure.gravatar.com\/avatar\/c7164ed6fdec453195284ad24a5ae5b6e1eed2b848477fa2a4787ba9adf39a41?s=96&d=mm&r=g","caption":"Redacci\u00f3n QP"},"url":"https:\/\/quehacerpolitico.mx\/?author=2"}]}},"featured_image_urls":{"full":["https:\/\/quehacerpolitico.mx\/wp-content\/uploads\/2023\/01\/64C3EF4A-A3AC-41AA-8CCD-7024E470EB68.jpeg",768,432,false],"thumbnail":["https:\/\/quehacerpolitico.mx\/wp-content\/uploads\/2023\/01\/64C3EF4A-A3AC-41AA-8CCD-7024E470EB68-150x150.jpeg",150,150,true],"medium":["https:\/\/quehacerpolitico.mx\/wp-content\/uploads\/2023\/01\/64C3EF4A-A3AC-41AA-8CCD-7024E470EB68-300x169.jpeg",300,169,true],"medium_large":["https:\/\/quehacerpolitico.mx\/wp-content\/uploads\/2023\/01\/64C3EF4A-A3AC-41AA-8CCD-7024E470EB68.jpeg",640,360,false],"large":["https:\/\/quehacerpolitico.mx\/wp-content\/uploads\/2023\/01\/64C3EF4A-A3AC-41AA-8CCD-7024E470EB68.jpeg",640,360,false],"1536x1536":["https:\/\/quehacerpolitico.mx\/wp-content\/uploads\/2023\/01\/64C3EF4A-A3AC-41AA-8CCD-7024E470EB68.jpeg",768,432,false],"2048x2048":["https:\/\/quehacerpolitico.mx\/wp-content\/uploads\/2023\/01\/64C3EF4A-A3AC-41AA-8CCD-7024E470EB68.jpeg",768,432,false],"covernews-featured":["https:\/\/quehacerpolitico.mx\/wp-content\/uploads\/2023\/01\/64C3EF4A-A3AC-41AA-8CCD-7024E470EB68.jpeg",768,432,false],"covernews-medium":["https:\/\/quehacerpolitico.mx\/wp-content\/uploads\/2023\/01\/64C3EF4A-A3AC-41AA-8CCD-7024E470EB68.jpeg",540,304,false]},"author_info":{"display_name":"Redacci\u00f3n QP","author_link":"https:\/\/quehacerpolitico.mx\/?author=2"},"category_info":"<a href=\"https:\/\/quehacerpolitico.mx\/?cat=2\" rel=\"category\">Noticias<\/a>","tag_info":"Noticias","comment_count":"0","_links":{"self":[{"href":"https:\/\/quehacerpolitico.mx\/index.php?rest_route=\/wp\/v2\/posts\/98052","targetHints":{"allow":["GET"]}}],"collection":[{"href":"https:\/\/quehacerpolitico.mx\/index.php?rest_route=\/wp\/v2\/posts"}],"about":[{"href":"https:\/\/quehacerpolitico.mx\/index.php?rest_route=\/wp\/v2\/types\/post"}],"author":[{"embeddable":true,"href":"https:\/\/quehacerpolitico.mx\/index.php?rest_route=\/wp\/v2\/users\/2"}],"replies":[{"embeddable":true,"href":"https:\/\/quehacerpolitico.mx\/index.php?rest_route=%2Fwp%2Fv2%2Fcomments&post=98052"}],"version-history":[{"count":1,"href":"https:\/\/quehacerpolitico.mx\/index.php?rest_route=\/wp\/v2\/posts\/98052\/revisions"}],"predecessor-version":[{"id":98055,"href":"https:\/\/quehacerpolitico.mx\/index.php?rest_route=\/wp\/v2\/posts\/98052\/revisions\/98055"}],"wp:featuredmedia":[{"embeddable":true,"href":"https:\/\/quehacerpolitico.mx\/index.php?rest_route=\/wp\/v2\/media\/98053"}],"wp:attachment":[{"href":"https:\/\/quehacerpolitico.mx\/index.php?rest_route=%2Fwp%2Fv2%2Fmedia&parent=98052"}],"wp:term":[{"taxonomy":"category","embeddable":true,"href":"https:\/\/quehacerpolitico.mx\/index.php?rest_route=%2Fwp%2Fv2%2Fcategories&post=98052"},{"taxonomy":"post_tag","embeddable":true,"href":"https:\/\/quehacerpolitico.mx\/index.php?rest_route=%2Fwp%2Fv2%2Ftags&post=98052"}],"curies":[{"name":"wp","href":"https:\/\/api.w.org\/{rel}","templated":true}]}}