{"id":98046,"date":"2023-01-12T14:30:42","date_gmt":"2023-01-12T14:30:42","guid":{"rendered":"https:\/\/quehacerpolitico.mx\/?p=98046"},"modified":"2023-01-12T14:30:46","modified_gmt":"2023-01-12T14:30:46","slug":"revelan-a-los-nominados-a-los-premios-sag","status":"publish","type":"post","link":"https:\/\/quehacerpolitico.mx\/?p=98046","title":{"rendered":"Revelan a los nominados a los Premios SAG"},"content":{"rendered":"\n<p>Por Redacci\u00f3n QP<\/p>\n\n\n\n<p>La ceremonia est\u00e1 programada para el 26 de febrero y se podr\u00e1 ver en la p\u00e1gina de Netflix en YouTube<\/p>\n\n\n\n<p>Ayer anunciaron las nominaciones de<strong>\u00a0la 29\u00aa entrega de los premios anuales del Sindicato de Actores de la Pantalla (SAG)<\/strong>, los cuales dieron los honores a los elencos de\u00a0<strong>\u201cEverything Everywhere All at Once\u201d<\/strong>\u00a0(\u201cTodo en todas partes al mismo tiempo\u201d) y \u201c<strong>The Banshees of Inisherin\u201d<\/strong>\u00a0(\u201cAlmas en pena de Inisherin\u201d), a la vez que hicieron algunos adelantos imprevistos para los Oscar.<\/p>\n\n\n\n<p>Las nominaciones de los premios, otorgados por el Sindicato de Actores de la Pantalla-Federaci\u00f3n Estadounidense de Artistas de Radio y Televisi\u00f3n (SAG-AFTRA, por sus siglas en ingl\u00e9s),&nbsp;fueron anunciadas por&nbsp;Instagram&nbsp;Live&nbsp;por&nbsp;Haley&nbsp;Lu&nbsp;Richardson&nbsp;(\u201cThe&nbsp;White&nbsp;Lotus\u201d) y&nbsp;Ashley&nbsp;Park(\u201cEmily&nbsp;in&nbsp;Paris\u201d).<\/p>\n\n\n\n<p>Los nominados\u00a0<strong>para el m\u00e1ximo galard\u00f3n<\/strong>, al de Mejor elenco, son:<strong>\u00a0\u201cBabylon\u201d, \u201cThe Banshees of Inisherin\u201d, \u201cEverything Everywhere All at Once\u201d, \u201cThe Fabelmans\u201d (\u201cLos Fabelman\u201d) y \u201cWomen Talking\u201d (\u201cEllas hablan\u201d)<\/strong>.<\/p>\n\n\n\n<p>Cate Blanchett de \u201cT\u00e1r\u201d, Viola Davis de \u201cThe Woman King\u201d (\u201cLa mujer rey\u201d), la actriz cubano-espa\u00f1ola Ana de Armas de \u201cBlonde\u201d (\u201cRubia\u201d), Danielle Deadwyler de \u201cTill\u201d (\u201cTill &#8211; El crimen que lo cambi\u00f3 todo\u201d) y Michelle Yeoh de \u201cEverything Everywhere All at Once\u201d fueron nominadas a Mejor actriz.<\/p>\n\n\n\n<p>En la categor\u00eda de Mejor actor fueron nominados: Austin Butler de \u201cElvis\u201d, Colin Farrell por \u201cThe Banshees of Inisherin\u201d, Brendan Fraser de \u201cThe Whale\u201d (\u201cLa ballena\u201d), Bill Nighy de \u201cLiving\u201d y Adam Sandler de \u201cHustle\u201d (\u201cGarra\u201d).<\/p>\n\n\n\n<p>Los premios&nbsp;SAG&nbsp;son considerados uno de los mejores predictores para los Oscar. Es inusual que una pel\u00edcula o actuaci\u00f3n que no es nominada en los&nbsp;SAG&nbsp;gane un premio de la Academia.&nbsp;Los actores conforman el porcentaje m\u00e1s grande de la Academia, por lo cual sus votos conllevan un mayor peso.<\/p>\n\n\n\n<p>Por lo general, quedar fuera de las nominaciones de elenco significa que un filme tiene pocas probabilidades de ganar como Mejor pel\u00edcula en los Premios de la Academia. El a\u00f1o pasado todos los principales ganadores de los SAG como el elenco de \u201cCODA\u201d (\u201cCODA. Se\u00f1ales del coraz\u00f3n\u201d), Will Smith, Jessica Chastain, Troy Kotsur y la actriz de ascendencia puertorrique\u00f1a Ariana DeBose, repitieron sus triunfos en los Oscar.<\/p>\n\n\n\n<p>Tras ganar en los Globos de Oro el pasado martes,&nbsp;<strong>\u201cThe Fabelmans\u201d y \u201cThe Banshees of Inisherin\u201d se ven como las principales contendientes de este a\u00f1o, mientras que \u201cEverything Everywhere All at Once\u201d (de las m\u00e1s nominadas con cinco menciones en los SAG) est\u00e1 bastante metida en la contienda<\/strong>.<\/p>\n\n\n\n<p>Quiz\u00e1 las que ganaron m\u00e1s fue la pel\u00edcula extravagante de Damien Chazelle sobre la \u00e9poca del cine mudo \u201cBabylon\u201d y la alegor\u00eda feminista de Sarah Polley \u201cWomen Talking\u201d. Antes de conseguir sus nominaciones a Mejor elenco (aunque no tuvieron nominaciones individuales), ambas pel\u00edculas hab\u00edan tenido problemas para lograr impulso en esta temporada de premios.<\/p>\n\n\n\n<p>En la re\u00f1ida&nbsp;<strong>categor\u00eda de Mejor actriz<\/strong>, Michelle Williams fue notablemente desairada por el sindicato de actores, aunque ha sido elogiada por su papel en \u201cThe Fabelmans\u201d. Williams, quien ha sido nominada en cuatro ocasiones, nunca ha ganado un Oscar. La nominaci\u00f3n de Sandler por el drama de baloncesto de Netflix \u201cHustle\u201d, tambi\u00e9n era menos esperada, aunque el actor dio uno de los mejores discursos de agradecimiento en los Premios Gotham en noviembre. Esa nominaci\u00f3n pudo ser para Tom Cruise.<\/p>\n\n\n\n<p>En la<strong>&nbsp;categor\u00eda de actor de reparto<\/strong>&nbsp;fueron nominados Paul Dano de \u201cThe Fabelmans\u201d, Brendan Gleeson de \u201cThe Banshees of Inisherin\u201d, Barry Keoghan de \u201cThe Banshees of Inisherin\u201d, Eddie Redmayne de \u201cThe Good Nurse\u201d (\u201cEl \u00e1ngel de la muerte\u201d) y el posible favorito de la categor\u00eda Ke Huy Quan de \u201cEverything Everywhere All at Once\u201d.<\/p>\n\n\n\n<h4 class=\"wp-block-heading\"><strong>Cambian de plataforma<\/strong><\/h4>\n\n\n\n<p>Tras perder su plataforma tradicional por los canales TNT y TBS, los premios SAG anunciaron ayer que llegaron a un acuerdo para transmitir la ceremonia por Netflix en streaming.<\/p>\n\n\n\n<p>La ceremonia de este a\u00f1o, programada para el 26 de febrero, se podr\u00e1 ver en la p\u00e1gina de\u00a0Netflix\u00a0en\u00a0YouTube. La del pr\u00f3ximo a\u00f1o ser\u00e1 transmitida directamente por\u00a0Netflix.<\/p>\n\n\n\n<p>AP<\/p>\n\n\n\n<figure class=\"wp-block-image\"><img decoding=\"async\" src=\"https:\/\/www.informador.mx\/__export\/1673511025269\/sites\/elinformador\/img\/2023\/01\/12\/imagen_imagen_blonde_unit_05904_r.jpg_158021514.jpg\" alt=\"\"\/><figcaption class=\"wp-element-caption\">Escena de la cinta protagonizada por Ana de Armas, quien va por la estatuilla a Mejor actriz. CORTES\u00cdA&nbsp;<\/figcaption><\/figure>\n\n\n\n<h4 class=\"wp-block-heading\"><strong>La competencia de \u201cMerlina\u201d<\/strong><\/h4>\n\n\n\n<p>La categor\u00eda de Mejor actriz en una serie de comedia consigui\u00f3 una nueva nominaci\u00f3n para la actriz de ascendencia mexicana&nbsp;<strong>Jenna Ortega<\/strong>&nbsp;por \u201cMerlina\u201d. Ortega competir\u00e1 con&nbsp;<strong>Christina Applegate&nbsp;<\/strong>de \u201cDead to Me\u201d,&nbsp;<strong>Rachel Brosnahan<\/strong>&nbsp;de \u201cThe Marvelous Mrs. Maisel\u201d,&nbsp;<strong>Jean Smart&nbsp;<\/strong>de \u201cHacks\u201d y&nbsp;<strong>Quinta Brunson<\/strong>&nbsp;de \u201cAbbott Elementary\u201d, quien fue galardonada el martes pasado en los Globos de Oro.<\/p>\n","protected":false},"excerpt":{"rendered":"<p>Por Redacci\u00f3n QP La ceremonia est\u00e1 programada para el 26 de febrero y se podr\u00e1&#8230;<\/p>\n","protected":false},"author":2,"featured_media":98047,"comment_status":"open","ping_status":"open","sticky":false,"template":"","format":"standard","meta":{"_monsterinsights_skip_tracking":false,"_monsterinsights_sitenote_active":false,"_monsterinsights_sitenote_note":"","_monsterinsights_sitenote_category":0,"footnotes":""},"categories":[58],"tags":[],"class_list":["post-98046","post","type-post","status-publish","format-standard","has-post-thumbnail","hentry","category-cultura"],"yoast_head":"<!-- This site is optimized with the Yoast SEO plugin v27.3 - https:\/\/yoast.com\/product\/yoast-seo-wordpress\/ -->\n<title>Revelan a los nominados a los Premios SAG -<\/title>\n<meta name=\"robots\" content=\"index, follow, max-snippet:-1, max-image-preview:large, max-video-preview:-1\" \/>\n<link rel=\"canonical\" href=\"https:\/\/quehacerpolitico.mx\/?p=98046\" \/>\n<meta property=\"og:locale\" content=\"es_MX\" \/>\n<meta property=\"og:type\" content=\"article\" \/>\n<meta property=\"og:title\" content=\"Revelan a los nominados a los Premios SAG -\" \/>\n<meta property=\"og:description\" content=\"Por Redacci\u00f3n QP La ceremonia est\u00e1 programada para el 26 de febrero y se podr\u00e1...\" \/>\n<meta property=\"og:url\" content=\"https:\/\/quehacerpolitico.mx\/?p=98046\" \/>\n<meta property=\"article:published_time\" content=\"2023-01-12T14:30:42+00:00\" \/>\n<meta property=\"article:modified_time\" content=\"2023-01-12T14:30:46+00:00\" \/>\n<meta property=\"og:image\" content=\"https:\/\/quehacerpolitico.mx\/wp-content\/uploads\/2023\/01\/18A72179-1FAE-4343-BC9C-658BCCF4FD2B.jpeg\" \/>\n\t<meta property=\"og:image:width\" content=\"739\" \/>\n\t<meta property=\"og:image:height\" content=\"415\" \/>\n\t<meta property=\"og:image:type\" content=\"image\/jpeg\" \/>\n<meta name=\"author\" content=\"Redacci\u00f3n QP\" \/>\n<meta name=\"twitter:card\" content=\"summary_large_image\" \/>\n<meta name=\"twitter:label1\" content=\"Escrito por\" \/>\n\t<meta name=\"twitter:data1\" content=\"Redacci\u00f3n QP\" \/>\n\t<meta name=\"twitter:label2\" content=\"Tiempo de lectura\" \/>\n\t<meta name=\"twitter:data2\" content=\"4 minutos\" \/>\n<script type=\"application\/ld+json\" class=\"yoast-schema-graph\">{\"@context\":\"https:\\\/\\\/schema.org\",\"@graph\":[{\"@type\":\"Article\",\"@id\":\"https:\\\/\\\/quehacerpolitico.mx\\\/?p=98046#article\",\"isPartOf\":{\"@id\":\"https:\\\/\\\/quehacerpolitico.mx\\\/?p=98046\"},\"author\":{\"name\":\"Redacci\u00f3n QP\",\"@id\":\"https:\\\/\\\/quehacerpolitico.mx\\\/#\\\/schema\\\/person\\\/496d8ad2d1d3f8036101dca7ee39e585\"},\"headline\":\"Revelan a los nominados a los Premios SAG\",\"datePublished\":\"2023-01-12T14:30:42+00:00\",\"dateModified\":\"2023-01-12T14:30:46+00:00\",\"mainEntityOfPage\":{\"@id\":\"https:\\\/\\\/quehacerpolitico.mx\\\/?p=98046\"},\"wordCount\":825,\"commentCount\":0,\"image\":{\"@id\":\"https:\\\/\\\/quehacerpolitico.mx\\\/?p=98046#primaryimage\"},\"thumbnailUrl\":\"https:\\\/\\\/quehacerpolitico.mx\\\/wp-content\\\/uploads\\\/2023\\\/01\\\/18A72179-1FAE-4343-BC9C-658BCCF4FD2B.jpeg\",\"articleSection\":[\"Cultura y Entretenimiento\"],\"inLanguage\":\"es\",\"potentialAction\":[{\"@type\":\"CommentAction\",\"name\":\"Comment\",\"target\":[\"https:\\\/\\\/quehacerpolitico.mx\\\/?p=98046#respond\"]}]},{\"@type\":\"WebPage\",\"@id\":\"https:\\\/\\\/quehacerpolitico.mx\\\/?p=98046\",\"url\":\"https:\\\/\\\/quehacerpolitico.mx\\\/?p=98046\",\"name\":\"Revelan a los nominados a los Premios SAG -\",\"isPartOf\":{\"@id\":\"https:\\\/\\\/quehacerpolitico.mx\\\/#website\"},\"primaryImageOfPage\":{\"@id\":\"https:\\\/\\\/quehacerpolitico.mx\\\/?p=98046#primaryimage\"},\"image\":{\"@id\":\"https:\\\/\\\/quehacerpolitico.mx\\\/?p=98046#primaryimage\"},\"thumbnailUrl\":\"https:\\\/\\\/quehacerpolitico.mx\\\/wp-content\\\/uploads\\\/2023\\\/01\\\/18A72179-1FAE-4343-BC9C-658BCCF4FD2B.jpeg\",\"datePublished\":\"2023-01-12T14:30:42+00:00\",\"dateModified\":\"2023-01-12T14:30:46+00:00\",\"author\":{\"@id\":\"https:\\\/\\\/quehacerpolitico.mx\\\/#\\\/schema\\\/person\\\/496d8ad2d1d3f8036101dca7ee39e585\"},\"breadcrumb\":{\"@id\":\"https:\\\/\\\/quehacerpolitico.mx\\\/?p=98046#breadcrumb\"},\"inLanguage\":\"es\",\"potentialAction\":[{\"@type\":\"ReadAction\",\"target\":[\"https:\\\/\\\/quehacerpolitico.mx\\\/?p=98046\"]}]},{\"@type\":\"ImageObject\",\"inLanguage\":\"es\",\"@id\":\"https:\\\/\\\/quehacerpolitico.mx\\\/?p=98046#primaryimage\",\"url\":\"https:\\\/\\\/quehacerpolitico.mx\\\/wp-content\\\/uploads\\\/2023\\\/01\\\/18A72179-1FAE-4343-BC9C-658BCCF4FD2B.jpeg\",\"contentUrl\":\"https:\\\/\\\/quehacerpolitico.mx\\\/wp-content\\\/uploads\\\/2023\\\/01\\\/18A72179-1FAE-4343-BC9C-658BCCF4FD2B.jpeg\",\"width\":739,\"height\":415},{\"@type\":\"BreadcrumbList\",\"@id\":\"https:\\\/\\\/quehacerpolitico.mx\\\/?p=98046#breadcrumb\",\"itemListElement\":[{\"@type\":\"ListItem\",\"position\":1,\"name\":\"Inicio\",\"item\":\"https:\\\/\\\/quehacerpolitico.mx\\\/\"},{\"@type\":\"ListItem\",\"position\":2,\"name\":\"Revelan a los nominados a los Premios SAG\"}]},{\"@type\":\"WebSite\",\"@id\":\"https:\\\/\\\/quehacerpolitico.mx\\\/#website\",\"url\":\"https:\\\/\\\/quehacerpolitico.mx\\\/\",\"name\":\"\",\"description\":\"\",\"potentialAction\":[{\"@type\":\"SearchAction\",\"target\":{\"@type\":\"EntryPoint\",\"urlTemplate\":\"https:\\\/\\\/quehacerpolitico.mx\\\/?s={search_term_string}\"},\"query-input\":{\"@type\":\"PropertyValueSpecification\",\"valueRequired\":true,\"valueName\":\"search_term_string\"}}],\"inLanguage\":\"es\"},{\"@type\":\"Person\",\"@id\":\"https:\\\/\\\/quehacerpolitico.mx\\\/#\\\/schema\\\/person\\\/496d8ad2d1d3f8036101dca7ee39e585\",\"name\":\"Redacci\u00f3n QP\",\"image\":{\"@type\":\"ImageObject\",\"inLanguage\":\"es\",\"@id\":\"https:\\\/\\\/secure.gravatar.com\\\/avatar\\\/c7164ed6fdec453195284ad24a5ae5b6e1eed2b848477fa2a4787ba9adf39a41?s=96&d=mm&r=g\",\"url\":\"https:\\\/\\\/secure.gravatar.com\\\/avatar\\\/c7164ed6fdec453195284ad24a5ae5b6e1eed2b848477fa2a4787ba9adf39a41?s=96&d=mm&r=g\",\"contentUrl\":\"https:\\\/\\\/secure.gravatar.com\\\/avatar\\\/c7164ed6fdec453195284ad24a5ae5b6e1eed2b848477fa2a4787ba9adf39a41?s=96&d=mm&r=g\",\"caption\":\"Redacci\u00f3n QP\"},\"url\":\"https:\\\/\\\/quehacerpolitico.mx\\\/?author=2\"}]}<\/script>\n<!-- \/ Yoast SEO plugin. -->","yoast_head_json":{"title":"Revelan a los nominados a los Premios SAG -","robots":{"index":"index","follow":"follow","max-snippet":"max-snippet:-1","max-image-preview":"max-image-preview:large","max-video-preview":"max-video-preview:-1"},"canonical":"https:\/\/quehacerpolitico.mx\/?p=98046","og_locale":"es_MX","og_type":"article","og_title":"Revelan a los nominados a los Premios SAG -","og_description":"Por Redacci\u00f3n QP La ceremonia est\u00e1 programada para el 26 de febrero y se podr\u00e1...","og_url":"https:\/\/quehacerpolitico.mx\/?p=98046","article_published_time":"2023-01-12T14:30:42+00:00","article_modified_time":"2023-01-12T14:30:46+00:00","og_image":[{"width":739,"height":415,"url":"https:\/\/quehacerpolitico.mx\/wp-content\/uploads\/2023\/01\/18A72179-1FAE-4343-BC9C-658BCCF4FD2B.jpeg","type":"image\/jpeg"}],"author":"Redacci\u00f3n QP","twitter_card":"summary_large_image","twitter_misc":{"Escrito por":"Redacci\u00f3n QP","Tiempo de lectura":"4 minutos"},"schema":{"@context":"https:\/\/schema.org","@graph":[{"@type":"Article","@id":"https:\/\/quehacerpolitico.mx\/?p=98046#article","isPartOf":{"@id":"https:\/\/quehacerpolitico.mx\/?p=98046"},"author":{"name":"Redacci\u00f3n QP","@id":"https:\/\/quehacerpolitico.mx\/#\/schema\/person\/496d8ad2d1d3f8036101dca7ee39e585"},"headline":"Revelan a los nominados a los Premios SAG","datePublished":"2023-01-12T14:30:42+00:00","dateModified":"2023-01-12T14:30:46+00:00","mainEntityOfPage":{"@id":"https:\/\/quehacerpolitico.mx\/?p=98046"},"wordCount":825,"commentCount":0,"image":{"@id":"https:\/\/quehacerpolitico.mx\/?p=98046#primaryimage"},"thumbnailUrl":"https:\/\/quehacerpolitico.mx\/wp-content\/uploads\/2023\/01\/18A72179-1FAE-4343-BC9C-658BCCF4FD2B.jpeg","articleSection":["Cultura y Entretenimiento"],"inLanguage":"es","potentialAction":[{"@type":"CommentAction","name":"Comment","target":["https:\/\/quehacerpolitico.mx\/?p=98046#respond"]}]},{"@type":"WebPage","@id":"https:\/\/quehacerpolitico.mx\/?p=98046","url":"https:\/\/quehacerpolitico.mx\/?p=98046","name":"Revelan a los nominados a los Premios SAG -","isPartOf":{"@id":"https:\/\/quehacerpolitico.mx\/#website"},"primaryImageOfPage":{"@id":"https:\/\/quehacerpolitico.mx\/?p=98046#primaryimage"},"image":{"@id":"https:\/\/quehacerpolitico.mx\/?p=98046#primaryimage"},"thumbnailUrl":"https:\/\/quehacerpolitico.mx\/wp-content\/uploads\/2023\/01\/18A72179-1FAE-4343-BC9C-658BCCF4FD2B.jpeg","datePublished":"2023-01-12T14:30:42+00:00","dateModified":"2023-01-12T14:30:46+00:00","author":{"@id":"https:\/\/quehacerpolitico.mx\/#\/schema\/person\/496d8ad2d1d3f8036101dca7ee39e585"},"breadcrumb":{"@id":"https:\/\/quehacerpolitico.mx\/?p=98046#breadcrumb"},"inLanguage":"es","potentialAction":[{"@type":"ReadAction","target":["https:\/\/quehacerpolitico.mx\/?p=98046"]}]},{"@type":"ImageObject","inLanguage":"es","@id":"https:\/\/quehacerpolitico.mx\/?p=98046#primaryimage","url":"https:\/\/quehacerpolitico.mx\/wp-content\/uploads\/2023\/01\/18A72179-1FAE-4343-BC9C-658BCCF4FD2B.jpeg","contentUrl":"https:\/\/quehacerpolitico.mx\/wp-content\/uploads\/2023\/01\/18A72179-1FAE-4343-BC9C-658BCCF4FD2B.jpeg","width":739,"height":415},{"@type":"BreadcrumbList","@id":"https:\/\/quehacerpolitico.mx\/?p=98046#breadcrumb","itemListElement":[{"@type":"ListItem","position":1,"name":"Inicio","item":"https:\/\/quehacerpolitico.mx\/"},{"@type":"ListItem","position":2,"name":"Revelan a los nominados a los Premios SAG"}]},{"@type":"WebSite","@id":"https:\/\/quehacerpolitico.mx\/#website","url":"https:\/\/quehacerpolitico.mx\/","name":"","description":"","potentialAction":[{"@type":"SearchAction","target":{"@type":"EntryPoint","urlTemplate":"https:\/\/quehacerpolitico.mx\/?s={search_term_string}"},"query-input":{"@type":"PropertyValueSpecification","valueRequired":true,"valueName":"search_term_string"}}],"inLanguage":"es"},{"@type":"Person","@id":"https:\/\/quehacerpolitico.mx\/#\/schema\/person\/496d8ad2d1d3f8036101dca7ee39e585","name":"Redacci\u00f3n QP","image":{"@type":"ImageObject","inLanguage":"es","@id":"https:\/\/secure.gravatar.com\/avatar\/c7164ed6fdec453195284ad24a5ae5b6e1eed2b848477fa2a4787ba9adf39a41?s=96&d=mm&r=g","url":"https:\/\/secure.gravatar.com\/avatar\/c7164ed6fdec453195284ad24a5ae5b6e1eed2b848477fa2a4787ba9adf39a41?s=96&d=mm&r=g","contentUrl":"https:\/\/secure.gravatar.com\/avatar\/c7164ed6fdec453195284ad24a5ae5b6e1eed2b848477fa2a4787ba9adf39a41?s=96&d=mm&r=g","caption":"Redacci\u00f3n QP"},"url":"https:\/\/quehacerpolitico.mx\/?author=2"}]}},"featured_image_urls":{"full":["https:\/\/quehacerpolitico.mx\/wp-content\/uploads\/2023\/01\/18A72179-1FAE-4343-BC9C-658BCCF4FD2B.jpeg",739,415,false],"thumbnail":["https:\/\/quehacerpolitico.mx\/wp-content\/uploads\/2023\/01\/18A72179-1FAE-4343-BC9C-658BCCF4FD2B-150x150.jpeg",150,150,true],"medium":["https:\/\/quehacerpolitico.mx\/wp-content\/uploads\/2023\/01\/18A72179-1FAE-4343-BC9C-658BCCF4FD2B-300x168.jpeg",300,168,true],"medium_large":["https:\/\/quehacerpolitico.mx\/wp-content\/uploads\/2023\/01\/18A72179-1FAE-4343-BC9C-658BCCF4FD2B.jpeg",640,359,false],"large":["https:\/\/quehacerpolitico.mx\/wp-content\/uploads\/2023\/01\/18A72179-1FAE-4343-BC9C-658BCCF4FD2B.jpeg",640,359,false],"1536x1536":["https:\/\/quehacerpolitico.mx\/wp-content\/uploads\/2023\/01\/18A72179-1FAE-4343-BC9C-658BCCF4FD2B.jpeg",739,415,false],"2048x2048":["https:\/\/quehacerpolitico.mx\/wp-content\/uploads\/2023\/01\/18A72179-1FAE-4343-BC9C-658BCCF4FD2B.jpeg",739,415,false],"covernews-featured":["https:\/\/quehacerpolitico.mx\/wp-content\/uploads\/2023\/01\/18A72179-1FAE-4343-BC9C-658BCCF4FD2B.jpeg",739,415,false],"covernews-medium":["https:\/\/quehacerpolitico.mx\/wp-content\/uploads\/2023\/01\/18A72179-1FAE-4343-BC9C-658BCCF4FD2B.jpeg",540,303,false]},"author_info":{"display_name":"Redacci\u00f3n QP","author_link":"https:\/\/quehacerpolitico.mx\/?author=2"},"category_info":"<a href=\"https:\/\/quehacerpolitico.mx\/?cat=58\" rel=\"category\">Cultura y Entretenimiento<\/a>","tag_info":"Cultura y Entretenimiento","comment_count":"0","_links":{"self":[{"href":"https:\/\/quehacerpolitico.mx\/index.php?rest_route=\/wp\/v2\/posts\/98046","targetHints":{"allow":["GET"]}}],"collection":[{"href":"https:\/\/quehacerpolitico.mx\/index.php?rest_route=\/wp\/v2\/posts"}],"about":[{"href":"https:\/\/quehacerpolitico.mx\/index.php?rest_route=\/wp\/v2\/types\/post"}],"author":[{"embeddable":true,"href":"https:\/\/quehacerpolitico.mx\/index.php?rest_route=\/wp\/v2\/users\/2"}],"replies":[{"embeddable":true,"href":"https:\/\/quehacerpolitico.mx\/index.php?rest_route=%2Fwp%2Fv2%2Fcomments&post=98046"}],"version-history":[{"count":1,"href":"https:\/\/quehacerpolitico.mx\/index.php?rest_route=\/wp\/v2\/posts\/98046\/revisions"}],"predecessor-version":[{"id":98048,"href":"https:\/\/quehacerpolitico.mx\/index.php?rest_route=\/wp\/v2\/posts\/98046\/revisions\/98048"}],"wp:featuredmedia":[{"embeddable":true,"href":"https:\/\/quehacerpolitico.mx\/index.php?rest_route=\/wp\/v2\/media\/98047"}],"wp:attachment":[{"href":"https:\/\/quehacerpolitico.mx\/index.php?rest_route=%2Fwp%2Fv2%2Fmedia&parent=98046"}],"wp:term":[{"taxonomy":"category","embeddable":true,"href":"https:\/\/quehacerpolitico.mx\/index.php?rest_route=%2Fwp%2Fv2%2Fcategories&post=98046"},{"taxonomy":"post_tag","embeddable":true,"href":"https:\/\/quehacerpolitico.mx\/index.php?rest_route=%2Fwp%2Fv2%2Ftags&post=98046"}],"curies":[{"name":"wp","href":"https:\/\/api.w.org\/{rel}","templated":true}]}}