{"id":98025,"date":"2023-01-09T20:36:38","date_gmt":"2023-01-09T20:36:38","guid":{"rendered":"https:\/\/quehacerpolitico.mx\/?p=98025"},"modified":"2023-01-09T20:36:41","modified_gmt":"2023-01-09T20:36:41","slug":"lopez-obrador-respalda-a-sheinbaum-por-accidente-en-metro","status":"publish","type":"post","link":"https:\/\/quehacerpolitico.mx\/?p=98025","title":{"rendered":"L\u00f3pez Obrador respalda a Sheinbaum por accidente en Metro"},"content":{"rendered":"\n<p>Por Redacci\u00f3n QP<\/p>\n\n\n\n<p>&#8220;Todo lo que necesite el Gobierno de la Ciudad y la jefa de Gobierno, que es una mujer trabajadora, \u00edntegra y honesta&#8221;, expres\u00f3 L\u00f3pez Obrador<\/p>\n\n\n\n<p><strong>Al se\u00f1alar que &#8220;se alborotan los zopilotes&#8221;, el presidente Andr\u00e9s Manuel L\u00f3pez Obrador expres\u00f3 su respaldo y solidaridad a la jefa de Gobierno de la Ciudad de M\u00e9xico, Claudia Sheinbaum, tras el accidente de la L\u00ednea 3 del Metro, que dej\u00f3 a una joven muerta y m\u00e1s de 100 lesionados.<\/strong><\/p>\n\n\n\n<p>En su conferencia ma\u00f1anera de este lunes en Palacio Nacional, L\u00f3pez Obrador llam\u00f3 a no &#8220;traficar con el dolor humano&#8221; porque eso es no tener escr\u00fapulos de ninguna \u00edndole. &#8220;Quiero aprovechar, porque se alborotan los zopilotes, con todo respeto; quiero expresar mi solidaridad, mi apoyo,&nbsp;<strong>todo lo que necesite el Gobierno de la Ciudad y la jefa de Gobierno, que es una mujer trabajadora, \u00edntegra y honesta<\/strong>&#8220;, expres\u00f3 L\u00f3pez Obrador.<\/p>\n\n\n\n<p>Asegur\u00f3 que como ya estamos en temporada electoral, sus adversarios se aprovechan para descalificar y atacar. &#8220;Todos tenemos la obligaci\u00f3n de actuar con rectitud y asumir nuestras responsabilidades,<strong>\u00a0pero no deja de haber este ingrediente, no deja de haber grilla, politiquer\u00eda&#8221;, dijo el Presidente. Pidi\u00f3 esperar a que concluya la investigaci\u00f3n judicial que determinar\u00e1 cu\u00e1les fueron las causas\u00a0<\/strong>del accidente del pasado s\u00e1bado en la L\u00ednea 3 del Metro, porque se va a dar a conocer la verdad sin ocultar absolutamente nada.<\/p>\n\n\n\n<p>&#8220;Adem\u00e1s, hay una investigaci\u00f3n judicial, se tiene que ver si fue falta de mantenimiento, si se debi\u00f3 a una falla el\u00e9ctrica, a un acto premeditado; en fin, se tiene que saber que sucedi\u00f3, que origin\u00f3 el accidente. &#8220;<strong>Estamos hablando de una joven fallecida, de heridos; es dolor humano, por eso lo de los zopilotes, es fuerte, pero no se puede traficar con el dolor humano,<\/strong>\u00a0eso es una enajenaci\u00f3n, eso es no tener escr\u00fapulos morales de ninguna \u00edndole. Vamos a esperar a que se tengan los resultados&#8221;, declar\u00f3 L\u00f3pez Obrador.<\/p>\n\n\n\n<figure class=\"wp-block-embed is-type-video is-provider-youtube wp-block-embed-youtube wp-embed-aspect-16-9 wp-has-aspect-ratio\"><div class=\"wp-block-embed__wrapper\">\n<iframe loading=\"lazy\" title=\"AMLO defiende a Sheinbaum tras accidente en Metro\" width=\"640\" height=\"360\" src=\"https:\/\/www.youtube.com\/embed\/eim7mcnOPgQ?feature=oembed\" frameborder=\"0\" allow=\"accelerometer; autoplay; clipboard-write; encrypted-media; gyroscope; picture-in-picture; web-share\" referrerpolicy=\"strict-origin-when-cross-origin\" allowfullscreen><\/iframe>\n<\/div><\/figure>\n\n\n\n<p>Con Informaci\u00f3n de SUN <\/p>\n","protected":false},"excerpt":{"rendered":"<p>Por Redacci\u00f3n QP &#8220;Todo lo que necesite el Gobierno de la Ciudad y la jefa&#8230;<\/p>\n","protected":false},"author":2,"featured_media":98026,"comment_status":"open","ping_status":"open","sticky":false,"template":"","format":"standard","meta":{"_monsterinsights_skip_tracking":false,"_monsterinsights_sitenote_active":false,"_monsterinsights_sitenote_note":"","_monsterinsights_sitenote_category":0,"footnotes":""},"categories":[2],"tags":[],"class_list":["post-98025","post","type-post","status-publish","format-standard","has-post-thumbnail","hentry","category-noticias"],"yoast_head":"<!-- This site is optimized with the Yoast SEO plugin v27.3 - https:\/\/yoast.com\/product\/yoast-seo-wordpress\/ -->\n<title>L\u00f3pez Obrador respalda a Sheinbaum por accidente en Metro -<\/title>\n<meta name=\"robots\" content=\"index, follow, max-snippet:-1, max-image-preview:large, max-video-preview:-1\" \/>\n<link rel=\"canonical\" href=\"https:\/\/quehacerpolitico.mx\/?p=98025\" \/>\n<meta property=\"og:locale\" content=\"es_MX\" \/>\n<meta property=\"og:type\" content=\"article\" \/>\n<meta property=\"og:title\" content=\"L\u00f3pez Obrador respalda a Sheinbaum por accidente en Metro -\" \/>\n<meta property=\"og:description\" content=\"Por Redacci\u00f3n QP &#8220;Todo lo que necesite el Gobierno de la Ciudad y la jefa...\" \/>\n<meta property=\"og:url\" content=\"https:\/\/quehacerpolitico.mx\/?p=98025\" \/>\n<meta property=\"article:published_time\" content=\"2023-01-09T20:36:38+00:00\" \/>\n<meta property=\"article:modified_time\" content=\"2023-01-09T20:36:41+00:00\" \/>\n<meta property=\"og:image\" content=\"https:\/\/quehacerpolitico.mx\/wp-content\/uploads\/2023\/01\/7CD7768D-A221-47A8-9302-D6A72CAE8080.jpeg\" \/>\n\t<meta property=\"og:image:width\" content=\"1284\" \/>\n\t<meta property=\"og:image:height\" content=\"700\" \/>\n\t<meta property=\"og:image:type\" content=\"image\/jpeg\" \/>\n<meta name=\"author\" content=\"Redacci\u00f3n QP\" \/>\n<meta name=\"twitter:card\" content=\"summary_large_image\" \/>\n<meta name=\"twitter:label1\" content=\"Escrito por\" \/>\n\t<meta name=\"twitter:data1\" content=\"Redacci\u00f3n QP\" \/>\n\t<meta name=\"twitter:label2\" content=\"Tiempo de lectura\" \/>\n\t<meta name=\"twitter:data2\" content=\"2 minutos\" \/>\n<script type=\"application\/ld+json\" class=\"yoast-schema-graph\">{\"@context\":\"https:\\\/\\\/schema.org\",\"@graph\":[{\"@type\":\"Article\",\"@id\":\"https:\\\/\\\/quehacerpolitico.mx\\\/?p=98025#article\",\"isPartOf\":{\"@id\":\"https:\\\/\\\/quehacerpolitico.mx\\\/?p=98025\"},\"author\":{\"name\":\"Redacci\u00f3n QP\",\"@id\":\"https:\\\/\\\/quehacerpolitico.mx\\\/#\\\/schema\\\/person\\\/496d8ad2d1d3f8036101dca7ee39e585\"},\"headline\":\"L\u00f3pez Obrador respalda a Sheinbaum por accidente en Metro\",\"datePublished\":\"2023-01-09T20:36:38+00:00\",\"dateModified\":\"2023-01-09T20:36:41+00:00\",\"mainEntityOfPage\":{\"@id\":\"https:\\\/\\\/quehacerpolitico.mx\\\/?p=98025\"},\"wordCount\":362,\"commentCount\":0,\"image\":{\"@id\":\"https:\\\/\\\/quehacerpolitico.mx\\\/?p=98025#primaryimage\"},\"thumbnailUrl\":\"https:\\\/\\\/quehacerpolitico.mx\\\/wp-content\\\/uploads\\\/2023\\\/01\\\/7CD7768D-A221-47A8-9302-D6A72CAE8080.jpeg\",\"articleSection\":[\"Noticias\"],\"inLanguage\":\"es\",\"potentialAction\":[{\"@type\":\"CommentAction\",\"name\":\"Comment\",\"target\":[\"https:\\\/\\\/quehacerpolitico.mx\\\/?p=98025#respond\"]}]},{\"@type\":\"WebPage\",\"@id\":\"https:\\\/\\\/quehacerpolitico.mx\\\/?p=98025\",\"url\":\"https:\\\/\\\/quehacerpolitico.mx\\\/?p=98025\",\"name\":\"L\u00f3pez Obrador respalda a Sheinbaum por accidente en Metro -\",\"isPartOf\":{\"@id\":\"https:\\\/\\\/quehacerpolitico.mx\\\/#website\"},\"primaryImageOfPage\":{\"@id\":\"https:\\\/\\\/quehacerpolitico.mx\\\/?p=98025#primaryimage\"},\"image\":{\"@id\":\"https:\\\/\\\/quehacerpolitico.mx\\\/?p=98025#primaryimage\"},\"thumbnailUrl\":\"https:\\\/\\\/quehacerpolitico.mx\\\/wp-content\\\/uploads\\\/2023\\\/01\\\/7CD7768D-A221-47A8-9302-D6A72CAE8080.jpeg\",\"datePublished\":\"2023-01-09T20:36:38+00:00\",\"dateModified\":\"2023-01-09T20:36:41+00:00\",\"author\":{\"@id\":\"https:\\\/\\\/quehacerpolitico.mx\\\/#\\\/schema\\\/person\\\/496d8ad2d1d3f8036101dca7ee39e585\"},\"breadcrumb\":{\"@id\":\"https:\\\/\\\/quehacerpolitico.mx\\\/?p=98025#breadcrumb\"},\"inLanguage\":\"es\",\"potentialAction\":[{\"@type\":\"ReadAction\",\"target\":[\"https:\\\/\\\/quehacerpolitico.mx\\\/?p=98025\"]}]},{\"@type\":\"ImageObject\",\"inLanguage\":\"es\",\"@id\":\"https:\\\/\\\/quehacerpolitico.mx\\\/?p=98025#primaryimage\",\"url\":\"https:\\\/\\\/quehacerpolitico.mx\\\/wp-content\\\/uploads\\\/2023\\\/01\\\/7CD7768D-A221-47A8-9302-D6A72CAE8080.jpeg\",\"contentUrl\":\"https:\\\/\\\/quehacerpolitico.mx\\\/wp-content\\\/uploads\\\/2023\\\/01\\\/7CD7768D-A221-47A8-9302-D6A72CAE8080.jpeg\",\"width\":1284,\"height\":700},{\"@type\":\"BreadcrumbList\",\"@id\":\"https:\\\/\\\/quehacerpolitico.mx\\\/?p=98025#breadcrumb\",\"itemListElement\":[{\"@type\":\"ListItem\",\"position\":1,\"name\":\"Inicio\",\"item\":\"https:\\\/\\\/quehacerpolitico.mx\\\/\"},{\"@type\":\"ListItem\",\"position\":2,\"name\":\"L\u00f3pez Obrador respalda a Sheinbaum por accidente en Metro\"}]},{\"@type\":\"WebSite\",\"@id\":\"https:\\\/\\\/quehacerpolitico.mx\\\/#website\",\"url\":\"https:\\\/\\\/quehacerpolitico.mx\\\/\",\"name\":\"\",\"description\":\"\",\"potentialAction\":[{\"@type\":\"SearchAction\",\"target\":{\"@type\":\"EntryPoint\",\"urlTemplate\":\"https:\\\/\\\/quehacerpolitico.mx\\\/?s={search_term_string}\"},\"query-input\":{\"@type\":\"PropertyValueSpecification\",\"valueRequired\":true,\"valueName\":\"search_term_string\"}}],\"inLanguage\":\"es\"},{\"@type\":\"Person\",\"@id\":\"https:\\\/\\\/quehacerpolitico.mx\\\/#\\\/schema\\\/person\\\/496d8ad2d1d3f8036101dca7ee39e585\",\"name\":\"Redacci\u00f3n QP\",\"image\":{\"@type\":\"ImageObject\",\"inLanguage\":\"es\",\"@id\":\"https:\\\/\\\/secure.gravatar.com\\\/avatar\\\/c7164ed6fdec453195284ad24a5ae5b6e1eed2b848477fa2a4787ba9adf39a41?s=96&d=mm&r=g\",\"url\":\"https:\\\/\\\/secure.gravatar.com\\\/avatar\\\/c7164ed6fdec453195284ad24a5ae5b6e1eed2b848477fa2a4787ba9adf39a41?s=96&d=mm&r=g\",\"contentUrl\":\"https:\\\/\\\/secure.gravatar.com\\\/avatar\\\/c7164ed6fdec453195284ad24a5ae5b6e1eed2b848477fa2a4787ba9adf39a41?s=96&d=mm&r=g\",\"caption\":\"Redacci\u00f3n QP\"},\"url\":\"https:\\\/\\\/quehacerpolitico.mx\\\/?author=2\"}]}<\/script>\n<!-- \/ Yoast SEO plugin. -->","yoast_head_json":{"title":"L\u00f3pez Obrador respalda a Sheinbaum por accidente en Metro -","robots":{"index":"index","follow":"follow","max-snippet":"max-snippet:-1","max-image-preview":"max-image-preview:large","max-video-preview":"max-video-preview:-1"},"canonical":"https:\/\/quehacerpolitico.mx\/?p=98025","og_locale":"es_MX","og_type":"article","og_title":"L\u00f3pez Obrador respalda a Sheinbaum por accidente en Metro -","og_description":"Por Redacci\u00f3n QP &#8220;Todo lo que necesite el Gobierno de la Ciudad y la jefa...","og_url":"https:\/\/quehacerpolitico.mx\/?p=98025","article_published_time":"2023-01-09T20:36:38+00:00","article_modified_time":"2023-01-09T20:36:41+00:00","og_image":[{"width":1284,"height":700,"url":"https:\/\/quehacerpolitico.mx\/wp-content\/uploads\/2023\/01\/7CD7768D-A221-47A8-9302-D6A72CAE8080.jpeg","type":"image\/jpeg"}],"author":"Redacci\u00f3n QP","twitter_card":"summary_large_image","twitter_misc":{"Escrito por":"Redacci\u00f3n QP","Tiempo de lectura":"2 minutos"},"schema":{"@context":"https:\/\/schema.org","@graph":[{"@type":"Article","@id":"https:\/\/quehacerpolitico.mx\/?p=98025#article","isPartOf":{"@id":"https:\/\/quehacerpolitico.mx\/?p=98025"},"author":{"name":"Redacci\u00f3n QP","@id":"https:\/\/quehacerpolitico.mx\/#\/schema\/person\/496d8ad2d1d3f8036101dca7ee39e585"},"headline":"L\u00f3pez Obrador respalda a Sheinbaum por accidente en Metro","datePublished":"2023-01-09T20:36:38+00:00","dateModified":"2023-01-09T20:36:41+00:00","mainEntityOfPage":{"@id":"https:\/\/quehacerpolitico.mx\/?p=98025"},"wordCount":362,"commentCount":0,"image":{"@id":"https:\/\/quehacerpolitico.mx\/?p=98025#primaryimage"},"thumbnailUrl":"https:\/\/quehacerpolitico.mx\/wp-content\/uploads\/2023\/01\/7CD7768D-A221-47A8-9302-D6A72CAE8080.jpeg","articleSection":["Noticias"],"inLanguage":"es","potentialAction":[{"@type":"CommentAction","name":"Comment","target":["https:\/\/quehacerpolitico.mx\/?p=98025#respond"]}]},{"@type":"WebPage","@id":"https:\/\/quehacerpolitico.mx\/?p=98025","url":"https:\/\/quehacerpolitico.mx\/?p=98025","name":"L\u00f3pez Obrador respalda a Sheinbaum por accidente en Metro -","isPartOf":{"@id":"https:\/\/quehacerpolitico.mx\/#website"},"primaryImageOfPage":{"@id":"https:\/\/quehacerpolitico.mx\/?p=98025#primaryimage"},"image":{"@id":"https:\/\/quehacerpolitico.mx\/?p=98025#primaryimage"},"thumbnailUrl":"https:\/\/quehacerpolitico.mx\/wp-content\/uploads\/2023\/01\/7CD7768D-A221-47A8-9302-D6A72CAE8080.jpeg","datePublished":"2023-01-09T20:36:38+00:00","dateModified":"2023-01-09T20:36:41+00:00","author":{"@id":"https:\/\/quehacerpolitico.mx\/#\/schema\/person\/496d8ad2d1d3f8036101dca7ee39e585"},"breadcrumb":{"@id":"https:\/\/quehacerpolitico.mx\/?p=98025#breadcrumb"},"inLanguage":"es","potentialAction":[{"@type":"ReadAction","target":["https:\/\/quehacerpolitico.mx\/?p=98025"]}]},{"@type":"ImageObject","inLanguage":"es","@id":"https:\/\/quehacerpolitico.mx\/?p=98025#primaryimage","url":"https:\/\/quehacerpolitico.mx\/wp-content\/uploads\/2023\/01\/7CD7768D-A221-47A8-9302-D6A72CAE8080.jpeg","contentUrl":"https:\/\/quehacerpolitico.mx\/wp-content\/uploads\/2023\/01\/7CD7768D-A221-47A8-9302-D6A72CAE8080.jpeg","width":1284,"height":700},{"@type":"BreadcrumbList","@id":"https:\/\/quehacerpolitico.mx\/?p=98025#breadcrumb","itemListElement":[{"@type":"ListItem","position":1,"name":"Inicio","item":"https:\/\/quehacerpolitico.mx\/"},{"@type":"ListItem","position":2,"name":"L\u00f3pez Obrador respalda a Sheinbaum por accidente en Metro"}]},{"@type":"WebSite","@id":"https:\/\/quehacerpolitico.mx\/#website","url":"https:\/\/quehacerpolitico.mx\/","name":"","description":"","potentialAction":[{"@type":"SearchAction","target":{"@type":"EntryPoint","urlTemplate":"https:\/\/quehacerpolitico.mx\/?s={search_term_string}"},"query-input":{"@type":"PropertyValueSpecification","valueRequired":true,"valueName":"search_term_string"}}],"inLanguage":"es"},{"@type":"Person","@id":"https:\/\/quehacerpolitico.mx\/#\/schema\/person\/496d8ad2d1d3f8036101dca7ee39e585","name":"Redacci\u00f3n QP","image":{"@type":"ImageObject","inLanguage":"es","@id":"https:\/\/secure.gravatar.com\/avatar\/c7164ed6fdec453195284ad24a5ae5b6e1eed2b848477fa2a4787ba9adf39a41?s=96&d=mm&r=g","url":"https:\/\/secure.gravatar.com\/avatar\/c7164ed6fdec453195284ad24a5ae5b6e1eed2b848477fa2a4787ba9adf39a41?s=96&d=mm&r=g","contentUrl":"https:\/\/secure.gravatar.com\/avatar\/c7164ed6fdec453195284ad24a5ae5b6e1eed2b848477fa2a4787ba9adf39a41?s=96&d=mm&r=g","caption":"Redacci\u00f3n QP"},"url":"https:\/\/quehacerpolitico.mx\/?author=2"}]}},"featured_image_urls":{"full":["https:\/\/quehacerpolitico.mx\/wp-content\/uploads\/2023\/01\/7CD7768D-A221-47A8-9302-D6A72CAE8080.jpeg",1284,700,false],"thumbnail":["https:\/\/quehacerpolitico.mx\/wp-content\/uploads\/2023\/01\/7CD7768D-A221-47A8-9302-D6A72CAE8080-150x150.jpeg",150,150,true],"medium":["https:\/\/quehacerpolitico.mx\/wp-content\/uploads\/2023\/01\/7CD7768D-A221-47A8-9302-D6A72CAE8080-300x164.jpeg",300,164,true],"medium_large":["https:\/\/quehacerpolitico.mx\/wp-content\/uploads\/2023\/01\/7CD7768D-A221-47A8-9302-D6A72CAE8080-768x419.jpeg",640,349,true],"large":["https:\/\/quehacerpolitico.mx\/wp-content\/uploads\/2023\/01\/7CD7768D-A221-47A8-9302-D6A72CAE8080-1024x558.jpeg",640,349,true],"1536x1536":["https:\/\/quehacerpolitico.mx\/wp-content\/uploads\/2023\/01\/7CD7768D-A221-47A8-9302-D6A72CAE8080.jpeg",1284,700,false],"2048x2048":["https:\/\/quehacerpolitico.mx\/wp-content\/uploads\/2023\/01\/7CD7768D-A221-47A8-9302-D6A72CAE8080.jpeg",1284,700,false],"covernews-featured":["https:\/\/quehacerpolitico.mx\/wp-content\/uploads\/2023\/01\/7CD7768D-A221-47A8-9302-D6A72CAE8080.jpeg",1024,558,false],"covernews-medium":["https:\/\/quehacerpolitico.mx\/wp-content\/uploads\/2023\/01\/7CD7768D-A221-47A8-9302-D6A72CAE8080.jpeg",540,294,false]},"author_info":{"display_name":"Redacci\u00f3n QP","author_link":"https:\/\/quehacerpolitico.mx\/?author=2"},"category_info":"<a href=\"https:\/\/quehacerpolitico.mx\/?cat=2\" rel=\"category\">Noticias<\/a>","tag_info":"Noticias","comment_count":"0","_links":{"self":[{"href":"https:\/\/quehacerpolitico.mx\/index.php?rest_route=\/wp\/v2\/posts\/98025","targetHints":{"allow":["GET"]}}],"collection":[{"href":"https:\/\/quehacerpolitico.mx\/index.php?rest_route=\/wp\/v2\/posts"}],"about":[{"href":"https:\/\/quehacerpolitico.mx\/index.php?rest_route=\/wp\/v2\/types\/post"}],"author":[{"embeddable":true,"href":"https:\/\/quehacerpolitico.mx\/index.php?rest_route=\/wp\/v2\/users\/2"}],"replies":[{"embeddable":true,"href":"https:\/\/quehacerpolitico.mx\/index.php?rest_route=%2Fwp%2Fv2%2Fcomments&post=98025"}],"version-history":[{"count":1,"href":"https:\/\/quehacerpolitico.mx\/index.php?rest_route=\/wp\/v2\/posts\/98025\/revisions"}],"predecessor-version":[{"id":98027,"href":"https:\/\/quehacerpolitico.mx\/index.php?rest_route=\/wp\/v2\/posts\/98025\/revisions\/98027"}],"wp:featuredmedia":[{"embeddable":true,"href":"https:\/\/quehacerpolitico.mx\/index.php?rest_route=\/wp\/v2\/media\/98026"}],"wp:attachment":[{"href":"https:\/\/quehacerpolitico.mx\/index.php?rest_route=%2Fwp%2Fv2%2Fmedia&parent=98025"}],"wp:term":[{"taxonomy":"category","embeddable":true,"href":"https:\/\/quehacerpolitico.mx\/index.php?rest_route=%2Fwp%2Fv2%2Fcategories&post=98025"},{"taxonomy":"post_tag","embeddable":true,"href":"https:\/\/quehacerpolitico.mx\/index.php?rest_route=%2Fwp%2Fv2%2Ftags&post=98025"}],"curies":[{"name":"wp","href":"https:\/\/api.w.org\/{rel}","templated":true}]}}