{"id":98016,"date":"2023-01-09T19:51:55","date_gmt":"2023-01-09T19:51:55","guid":{"rendered":"https:\/\/quehacerpolitico.mx\/?p=98016"},"modified":"2023-01-09T19:51:58","modified_gmt":"2023-01-09T19:51:58","slug":"lopez-obrador-pronostica-exito-para-cumbre-de-america-del-norte","status":"publish","type":"post","link":"https:\/\/quehacerpolitico.mx\/?p=98016","title":{"rendered":"L\u00f3pez Obrador pronostica \u00e9xito para Cumbre de Am\u00e9rica del Norte"},"content":{"rendered":"\n<p>Por Redacci\u00f3n QP<\/p>\n\n\n\n<p>&#8220;Yo pienso que va a ser muy exitoso el encuentro, la cumbre en general&#8221;, dijo L\u00f3pez Obrador. La Cumbre da inicio este lunes<\/p>\n\n\n\n<p><strong>L\u00f3pez Obrador, Presidente de M\u00e9xico, tiene confianza en que la X Cumbre\u00a0de L\u00edderes de Am\u00e9rica del Norte sea &#8220;muy exitosa&#8221;. Dicha cumbre comienza este lunes junto con Joe Biden, presidente de Estados Unidos, y Justin Trudeadu, primer ministro de Canad\u00e1.<\/strong><\/p>\n\n\n\n<p>Durante su habitual conferencia &#8220;ma\u00f1anera&#8221;, L\u00f3pez Obrador mencion\u00f3 que Joe Biden se encuentra feliz de visitar M\u00e9xico, y calific\u00f3 al estadounidense de &#8220;buena persona&#8221;.\u00a0&#8220;<strong>\u00c9l est\u00e1 muy contento de visitar M\u00e9xico, fue muy agradable el recorrido. Estuvimos platicando, es una muy buena persona<\/strong>&#8220;.<\/p>\n\n\n\n<figure class=\"wp-block-embed is-type-rich is-provider-twitter wp-block-embed-twitter\"><div class=\"wp-block-embed__wrapper\">\n<blockquote class=\"twitter-tweet\" data-width=\"550\" data-dnt=\"true\"><p lang=\"es\" dir=\"ltr\">El presidente L\u00f3pez Obrador asegur\u00f3 que ayer tuvo \u201cun buen encuentro\u201d con el presidente de EE.UU., Joe Biden, en su recorrido del AIFA a Ciudad de M\u00e9xico. <br><br>&quot;Platicamos sobre temas que vamos a tratar en la reuni\u00f3n bilateral de hoy&quot;, destac\u00f3.<br><br>M\u00e1s, en: <a href=\"https:\/\/t.co\/CAepyKLtss\">https:\/\/t.co\/CAepyKLtss<\/a> <a href=\"https:\/\/t.co\/zBJJ3SuNT9\">pic.twitter.com\/zBJJ3SuNT9<\/a><\/p>&mdash; Joaqu\u00edn L\u00f3pez-D\u00f3riga (@lopezdoriga) <a href=\"https:\/\/twitter.com\/lopezdoriga\/status\/1612451740594638848?ref_src=twsrc%5Etfw\">January 9, 2023<\/a><\/blockquote><script async src=\"https:\/\/platform.twitter.com\/widgets.js\" charset=\"utf-8\"><\/script>\n<\/div><\/figure>\n\n\n\n<p>&#8220;Yo pienso que va a ser muy exitoso el encuentro, la cumbre en general&#8221;, dijo. Se prev\u00e9 que a las 16:15 horas llegue a Palacio Nacional el presidente estadounidense\u00a0<strong>Joe Biden para ser recibido en el Patio de Honor de Palacio Nacional por el presidente L\u00f3pez Obrador. El mandatario mexicano estar\u00e1 acompa\u00f1ado de su esposa,<\/strong>Beatriz Guti\u00e9rrez M\u00fcller, mientras que Joe Biden lo estar\u00e1 de la primera dama de Estados Unidos, Jill Biden.<\/p>\n\n\n\n<p>Ser\u00e1 a las 17:00 horas que tendr\u00e1 lugar la reuni\u00f3n bilateral M\u00e9xico-Estados Unidos, en el Sal\u00f3n de Embajadores del recinto hist\u00f3rico. A las 18:35 hora<strong>s se realizar\u00e1 la recepci\u00f3n al primer ministro de Canad\u00e1, Justin Trudeau,<\/strong>&nbsp;tambi\u00e9n en el Patio de Honor de Palacio Nacional, pero sin ceremonia. A las 18:45 horas, el presidente L\u00f3pez Obrador ofrecer\u00e1 una cena a los presidentes de Estados Unidos y Canad\u00e1, as\u00ed como a sus esposas en el Sal\u00f3n Antecomedor.<\/p>\n\n\n\n<p>Se prev\u00e9 que la cena finalice\u00a0<strong>al filo de las 20:30 horas y los presidentes Joe Biden y Justin Trudeau se retiren para descansar.<\/strong><\/p>\n\n\n\n<p>Con Informaci\u00f3n de SUN <\/p>\n","protected":false},"excerpt":{"rendered":"<p>Por Redacci\u00f3n QP &#8220;Yo pienso que va a ser muy exitoso el encuentro, la cumbre&#8230;<\/p>\n","protected":false},"author":2,"featured_media":98017,"comment_status":"open","ping_status":"open","sticky":false,"template":"","format":"standard","meta":{"_monsterinsights_skip_tracking":false,"_monsterinsights_sitenote_active":false,"_monsterinsights_sitenote_note":"","_monsterinsights_sitenote_category":0,"footnotes":""},"categories":[2],"tags":[],"class_list":["post-98016","post","type-post","status-publish","format-standard","has-post-thumbnail","hentry","category-noticias"],"yoast_head":"<!-- This site is optimized with the Yoast SEO plugin v27.3 - https:\/\/yoast.com\/product\/yoast-seo-wordpress\/ -->\n<title>L\u00f3pez Obrador pronostica \u00e9xito para Cumbre de Am\u00e9rica del Norte -<\/title>\n<meta name=\"robots\" content=\"index, follow, max-snippet:-1, max-image-preview:large, max-video-preview:-1\" \/>\n<link rel=\"canonical\" href=\"https:\/\/quehacerpolitico.mx\/?p=98016\" \/>\n<meta property=\"og:locale\" content=\"es_MX\" \/>\n<meta property=\"og:type\" content=\"article\" \/>\n<meta property=\"og:title\" content=\"L\u00f3pez Obrador pronostica \u00e9xito para Cumbre de Am\u00e9rica del Norte -\" \/>\n<meta property=\"og:description\" content=\"Por Redacci\u00f3n QP &#8220;Yo pienso que va a ser muy exitoso el encuentro, la cumbre...\" \/>\n<meta property=\"og:url\" content=\"https:\/\/quehacerpolitico.mx\/?p=98016\" \/>\n<meta property=\"article:published_time\" content=\"2023-01-09T19:51:55+00:00\" \/>\n<meta property=\"article:modified_time\" content=\"2023-01-09T19:51:58+00:00\" \/>\n<meta property=\"og:image\" content=\"https:\/\/quehacerpolitico.mx\/wp-content\/uploads\/2023\/01\/779EAF98-AA7E-4E3A-9F94-D74EBF4894C2.jpeg\" \/>\n\t<meta property=\"og:image:width\" content=\"1284\" \/>\n\t<meta property=\"og:image:height\" content=\"708\" \/>\n\t<meta property=\"og:image:type\" content=\"image\/jpeg\" \/>\n<meta name=\"author\" content=\"Redacci\u00f3n QP\" \/>\n<meta name=\"twitter:card\" content=\"summary_large_image\" \/>\n<meta name=\"twitter:label1\" content=\"Escrito por\" \/>\n\t<meta name=\"twitter:data1\" content=\"Redacci\u00f3n QP\" \/>\n\t<meta name=\"twitter:label2\" content=\"Tiempo de lectura\" \/>\n\t<meta name=\"twitter:data2\" content=\"2 minutos\" \/>\n<script type=\"application\/ld+json\" class=\"yoast-schema-graph\">{\"@context\":\"https:\\\/\\\/schema.org\",\"@graph\":[{\"@type\":\"Article\",\"@id\":\"https:\\\/\\\/quehacerpolitico.mx\\\/?p=98016#article\",\"isPartOf\":{\"@id\":\"https:\\\/\\\/quehacerpolitico.mx\\\/?p=98016\"},\"author\":{\"name\":\"Redacci\u00f3n QP\",\"@id\":\"https:\\\/\\\/quehacerpolitico.mx\\\/#\\\/schema\\\/person\\\/496d8ad2d1d3f8036101dca7ee39e585\"},\"headline\":\"L\u00f3pez Obrador pronostica \u00e9xito para Cumbre de Am\u00e9rica del Norte\",\"datePublished\":\"2023-01-09T19:51:55+00:00\",\"dateModified\":\"2023-01-09T19:51:58+00:00\",\"mainEntityOfPage\":{\"@id\":\"https:\\\/\\\/quehacerpolitico.mx\\\/?p=98016\"},\"wordCount\":330,\"commentCount\":0,\"image\":{\"@id\":\"https:\\\/\\\/quehacerpolitico.mx\\\/?p=98016#primaryimage\"},\"thumbnailUrl\":\"https:\\\/\\\/quehacerpolitico.mx\\\/wp-content\\\/uploads\\\/2023\\\/01\\\/779EAF98-AA7E-4E3A-9F94-D74EBF4894C2.jpeg\",\"articleSection\":[\"Noticias\"],\"inLanguage\":\"es\",\"potentialAction\":[{\"@type\":\"CommentAction\",\"name\":\"Comment\",\"target\":[\"https:\\\/\\\/quehacerpolitico.mx\\\/?p=98016#respond\"]}]},{\"@type\":\"WebPage\",\"@id\":\"https:\\\/\\\/quehacerpolitico.mx\\\/?p=98016\",\"url\":\"https:\\\/\\\/quehacerpolitico.mx\\\/?p=98016\",\"name\":\"L\u00f3pez Obrador pronostica \u00e9xito para Cumbre de Am\u00e9rica del Norte -\",\"isPartOf\":{\"@id\":\"https:\\\/\\\/quehacerpolitico.mx\\\/#website\"},\"primaryImageOfPage\":{\"@id\":\"https:\\\/\\\/quehacerpolitico.mx\\\/?p=98016#primaryimage\"},\"image\":{\"@id\":\"https:\\\/\\\/quehacerpolitico.mx\\\/?p=98016#primaryimage\"},\"thumbnailUrl\":\"https:\\\/\\\/quehacerpolitico.mx\\\/wp-content\\\/uploads\\\/2023\\\/01\\\/779EAF98-AA7E-4E3A-9F94-D74EBF4894C2.jpeg\",\"datePublished\":\"2023-01-09T19:51:55+00:00\",\"dateModified\":\"2023-01-09T19:51:58+00:00\",\"author\":{\"@id\":\"https:\\\/\\\/quehacerpolitico.mx\\\/#\\\/schema\\\/person\\\/496d8ad2d1d3f8036101dca7ee39e585\"},\"breadcrumb\":{\"@id\":\"https:\\\/\\\/quehacerpolitico.mx\\\/?p=98016#breadcrumb\"},\"inLanguage\":\"es\",\"potentialAction\":[{\"@type\":\"ReadAction\",\"target\":[\"https:\\\/\\\/quehacerpolitico.mx\\\/?p=98016\"]}]},{\"@type\":\"ImageObject\",\"inLanguage\":\"es\",\"@id\":\"https:\\\/\\\/quehacerpolitico.mx\\\/?p=98016#primaryimage\",\"url\":\"https:\\\/\\\/quehacerpolitico.mx\\\/wp-content\\\/uploads\\\/2023\\\/01\\\/779EAF98-AA7E-4E3A-9F94-D74EBF4894C2.jpeg\",\"contentUrl\":\"https:\\\/\\\/quehacerpolitico.mx\\\/wp-content\\\/uploads\\\/2023\\\/01\\\/779EAF98-AA7E-4E3A-9F94-D74EBF4894C2.jpeg\",\"width\":1284,\"height\":708},{\"@type\":\"BreadcrumbList\",\"@id\":\"https:\\\/\\\/quehacerpolitico.mx\\\/?p=98016#breadcrumb\",\"itemListElement\":[{\"@type\":\"ListItem\",\"position\":1,\"name\":\"Inicio\",\"item\":\"https:\\\/\\\/quehacerpolitico.mx\\\/\"},{\"@type\":\"ListItem\",\"position\":2,\"name\":\"L\u00f3pez Obrador pronostica \u00e9xito para Cumbre de Am\u00e9rica del Norte\"}]},{\"@type\":\"WebSite\",\"@id\":\"https:\\\/\\\/quehacerpolitico.mx\\\/#website\",\"url\":\"https:\\\/\\\/quehacerpolitico.mx\\\/\",\"name\":\"\",\"description\":\"\",\"potentialAction\":[{\"@type\":\"SearchAction\",\"target\":{\"@type\":\"EntryPoint\",\"urlTemplate\":\"https:\\\/\\\/quehacerpolitico.mx\\\/?s={search_term_string}\"},\"query-input\":{\"@type\":\"PropertyValueSpecification\",\"valueRequired\":true,\"valueName\":\"search_term_string\"}}],\"inLanguage\":\"es\"},{\"@type\":\"Person\",\"@id\":\"https:\\\/\\\/quehacerpolitico.mx\\\/#\\\/schema\\\/person\\\/496d8ad2d1d3f8036101dca7ee39e585\",\"name\":\"Redacci\u00f3n QP\",\"image\":{\"@type\":\"ImageObject\",\"inLanguage\":\"es\",\"@id\":\"https:\\\/\\\/secure.gravatar.com\\\/avatar\\\/c7164ed6fdec453195284ad24a5ae5b6e1eed2b848477fa2a4787ba9adf39a41?s=96&d=mm&r=g\",\"url\":\"https:\\\/\\\/secure.gravatar.com\\\/avatar\\\/c7164ed6fdec453195284ad24a5ae5b6e1eed2b848477fa2a4787ba9adf39a41?s=96&d=mm&r=g\",\"contentUrl\":\"https:\\\/\\\/secure.gravatar.com\\\/avatar\\\/c7164ed6fdec453195284ad24a5ae5b6e1eed2b848477fa2a4787ba9adf39a41?s=96&d=mm&r=g\",\"caption\":\"Redacci\u00f3n QP\"},\"url\":\"https:\\\/\\\/quehacerpolitico.mx\\\/?author=2\"}]}<\/script>\n<!-- \/ Yoast SEO plugin. -->","yoast_head_json":{"title":"L\u00f3pez Obrador pronostica \u00e9xito para Cumbre de Am\u00e9rica del Norte -","robots":{"index":"index","follow":"follow","max-snippet":"max-snippet:-1","max-image-preview":"max-image-preview:large","max-video-preview":"max-video-preview:-1"},"canonical":"https:\/\/quehacerpolitico.mx\/?p=98016","og_locale":"es_MX","og_type":"article","og_title":"L\u00f3pez Obrador pronostica \u00e9xito para Cumbre de Am\u00e9rica del Norte -","og_description":"Por Redacci\u00f3n QP &#8220;Yo pienso que va a ser muy exitoso el encuentro, la cumbre...","og_url":"https:\/\/quehacerpolitico.mx\/?p=98016","article_published_time":"2023-01-09T19:51:55+00:00","article_modified_time":"2023-01-09T19:51:58+00:00","og_image":[{"width":1284,"height":708,"url":"https:\/\/quehacerpolitico.mx\/wp-content\/uploads\/2023\/01\/779EAF98-AA7E-4E3A-9F94-D74EBF4894C2.jpeg","type":"image\/jpeg"}],"author":"Redacci\u00f3n QP","twitter_card":"summary_large_image","twitter_misc":{"Escrito por":"Redacci\u00f3n QP","Tiempo de lectura":"2 minutos"},"schema":{"@context":"https:\/\/schema.org","@graph":[{"@type":"Article","@id":"https:\/\/quehacerpolitico.mx\/?p=98016#article","isPartOf":{"@id":"https:\/\/quehacerpolitico.mx\/?p=98016"},"author":{"name":"Redacci\u00f3n QP","@id":"https:\/\/quehacerpolitico.mx\/#\/schema\/person\/496d8ad2d1d3f8036101dca7ee39e585"},"headline":"L\u00f3pez Obrador pronostica \u00e9xito para Cumbre de Am\u00e9rica del Norte","datePublished":"2023-01-09T19:51:55+00:00","dateModified":"2023-01-09T19:51:58+00:00","mainEntityOfPage":{"@id":"https:\/\/quehacerpolitico.mx\/?p=98016"},"wordCount":330,"commentCount":0,"image":{"@id":"https:\/\/quehacerpolitico.mx\/?p=98016#primaryimage"},"thumbnailUrl":"https:\/\/quehacerpolitico.mx\/wp-content\/uploads\/2023\/01\/779EAF98-AA7E-4E3A-9F94-D74EBF4894C2.jpeg","articleSection":["Noticias"],"inLanguage":"es","potentialAction":[{"@type":"CommentAction","name":"Comment","target":["https:\/\/quehacerpolitico.mx\/?p=98016#respond"]}]},{"@type":"WebPage","@id":"https:\/\/quehacerpolitico.mx\/?p=98016","url":"https:\/\/quehacerpolitico.mx\/?p=98016","name":"L\u00f3pez Obrador pronostica \u00e9xito para Cumbre de Am\u00e9rica del Norte -","isPartOf":{"@id":"https:\/\/quehacerpolitico.mx\/#website"},"primaryImageOfPage":{"@id":"https:\/\/quehacerpolitico.mx\/?p=98016#primaryimage"},"image":{"@id":"https:\/\/quehacerpolitico.mx\/?p=98016#primaryimage"},"thumbnailUrl":"https:\/\/quehacerpolitico.mx\/wp-content\/uploads\/2023\/01\/779EAF98-AA7E-4E3A-9F94-D74EBF4894C2.jpeg","datePublished":"2023-01-09T19:51:55+00:00","dateModified":"2023-01-09T19:51:58+00:00","author":{"@id":"https:\/\/quehacerpolitico.mx\/#\/schema\/person\/496d8ad2d1d3f8036101dca7ee39e585"},"breadcrumb":{"@id":"https:\/\/quehacerpolitico.mx\/?p=98016#breadcrumb"},"inLanguage":"es","potentialAction":[{"@type":"ReadAction","target":["https:\/\/quehacerpolitico.mx\/?p=98016"]}]},{"@type":"ImageObject","inLanguage":"es","@id":"https:\/\/quehacerpolitico.mx\/?p=98016#primaryimage","url":"https:\/\/quehacerpolitico.mx\/wp-content\/uploads\/2023\/01\/779EAF98-AA7E-4E3A-9F94-D74EBF4894C2.jpeg","contentUrl":"https:\/\/quehacerpolitico.mx\/wp-content\/uploads\/2023\/01\/779EAF98-AA7E-4E3A-9F94-D74EBF4894C2.jpeg","width":1284,"height":708},{"@type":"BreadcrumbList","@id":"https:\/\/quehacerpolitico.mx\/?p=98016#breadcrumb","itemListElement":[{"@type":"ListItem","position":1,"name":"Inicio","item":"https:\/\/quehacerpolitico.mx\/"},{"@type":"ListItem","position":2,"name":"L\u00f3pez Obrador pronostica \u00e9xito para Cumbre de Am\u00e9rica del Norte"}]},{"@type":"WebSite","@id":"https:\/\/quehacerpolitico.mx\/#website","url":"https:\/\/quehacerpolitico.mx\/","name":"","description":"","potentialAction":[{"@type":"SearchAction","target":{"@type":"EntryPoint","urlTemplate":"https:\/\/quehacerpolitico.mx\/?s={search_term_string}"},"query-input":{"@type":"PropertyValueSpecification","valueRequired":true,"valueName":"search_term_string"}}],"inLanguage":"es"},{"@type":"Person","@id":"https:\/\/quehacerpolitico.mx\/#\/schema\/person\/496d8ad2d1d3f8036101dca7ee39e585","name":"Redacci\u00f3n QP","image":{"@type":"ImageObject","inLanguage":"es","@id":"https:\/\/secure.gravatar.com\/avatar\/c7164ed6fdec453195284ad24a5ae5b6e1eed2b848477fa2a4787ba9adf39a41?s=96&d=mm&r=g","url":"https:\/\/secure.gravatar.com\/avatar\/c7164ed6fdec453195284ad24a5ae5b6e1eed2b848477fa2a4787ba9adf39a41?s=96&d=mm&r=g","contentUrl":"https:\/\/secure.gravatar.com\/avatar\/c7164ed6fdec453195284ad24a5ae5b6e1eed2b848477fa2a4787ba9adf39a41?s=96&d=mm&r=g","caption":"Redacci\u00f3n QP"},"url":"https:\/\/quehacerpolitico.mx\/?author=2"}]}},"featured_image_urls":{"full":["https:\/\/quehacerpolitico.mx\/wp-content\/uploads\/2023\/01\/779EAF98-AA7E-4E3A-9F94-D74EBF4894C2.jpeg",1284,708,false],"thumbnail":["https:\/\/quehacerpolitico.mx\/wp-content\/uploads\/2023\/01\/779EAF98-AA7E-4E3A-9F94-D74EBF4894C2-150x150.jpeg",150,150,true],"medium":["https:\/\/quehacerpolitico.mx\/wp-content\/uploads\/2023\/01\/779EAF98-AA7E-4E3A-9F94-D74EBF4894C2-300x165.jpeg",300,165,true],"medium_large":["https:\/\/quehacerpolitico.mx\/wp-content\/uploads\/2023\/01\/779EAF98-AA7E-4E3A-9F94-D74EBF4894C2-768x423.jpeg",640,353,true],"large":["https:\/\/quehacerpolitico.mx\/wp-content\/uploads\/2023\/01\/779EAF98-AA7E-4E3A-9F94-D74EBF4894C2-1024x565.jpeg",640,353,true],"1536x1536":["https:\/\/quehacerpolitico.mx\/wp-content\/uploads\/2023\/01\/779EAF98-AA7E-4E3A-9F94-D74EBF4894C2.jpeg",1284,708,false],"2048x2048":["https:\/\/quehacerpolitico.mx\/wp-content\/uploads\/2023\/01\/779EAF98-AA7E-4E3A-9F94-D74EBF4894C2.jpeg",1284,708,false],"covernews-featured":["https:\/\/quehacerpolitico.mx\/wp-content\/uploads\/2023\/01\/779EAF98-AA7E-4E3A-9F94-D74EBF4894C2.jpeg",1024,565,false],"covernews-medium":["https:\/\/quehacerpolitico.mx\/wp-content\/uploads\/2023\/01\/779EAF98-AA7E-4E3A-9F94-D74EBF4894C2.jpeg",540,298,false]},"author_info":{"display_name":"Redacci\u00f3n QP","author_link":"https:\/\/quehacerpolitico.mx\/?author=2"},"category_info":"<a href=\"https:\/\/quehacerpolitico.mx\/?cat=2\" rel=\"category\">Noticias<\/a>","tag_info":"Noticias","comment_count":"0","_links":{"self":[{"href":"https:\/\/quehacerpolitico.mx\/index.php?rest_route=\/wp\/v2\/posts\/98016","targetHints":{"allow":["GET"]}}],"collection":[{"href":"https:\/\/quehacerpolitico.mx\/index.php?rest_route=\/wp\/v2\/posts"}],"about":[{"href":"https:\/\/quehacerpolitico.mx\/index.php?rest_route=\/wp\/v2\/types\/post"}],"author":[{"embeddable":true,"href":"https:\/\/quehacerpolitico.mx\/index.php?rest_route=\/wp\/v2\/users\/2"}],"replies":[{"embeddable":true,"href":"https:\/\/quehacerpolitico.mx\/index.php?rest_route=%2Fwp%2Fv2%2Fcomments&post=98016"}],"version-history":[{"count":1,"href":"https:\/\/quehacerpolitico.mx\/index.php?rest_route=\/wp\/v2\/posts\/98016\/revisions"}],"predecessor-version":[{"id":98018,"href":"https:\/\/quehacerpolitico.mx\/index.php?rest_route=\/wp\/v2\/posts\/98016\/revisions\/98018"}],"wp:featuredmedia":[{"embeddable":true,"href":"https:\/\/quehacerpolitico.mx\/index.php?rest_route=\/wp\/v2\/media\/98017"}],"wp:attachment":[{"href":"https:\/\/quehacerpolitico.mx\/index.php?rest_route=%2Fwp%2Fv2%2Fmedia&parent=98016"}],"wp:term":[{"taxonomy":"category","embeddable":true,"href":"https:\/\/quehacerpolitico.mx\/index.php?rest_route=%2Fwp%2Fv2%2Fcategories&post=98016"},{"taxonomy":"post_tag","embeddable":true,"href":"https:\/\/quehacerpolitico.mx\/index.php?rest_route=%2Fwp%2Fv2%2Ftags&post=98016"}],"curies":[{"name":"wp","href":"https:\/\/api.w.org\/{rel}","templated":true}]}}