{"id":98013,"date":"2023-01-09T19:37:49","date_gmt":"2023-01-09T19:37:49","guid":{"rendered":"https:\/\/quehacerpolitico.mx\/?p=98013"},"modified":"2023-01-09T19:37:53","modified_gmt":"2023-01-09T19:37:53","slug":"lopez-obrador-hablo-con-biden-sobre-captura-de-ovidio-guzman-a-su-llegada","status":"publish","type":"post","link":"https:\/\/quehacerpolitico.mx\/?p=98013","title":{"rendered":"\u00bfL\u00f3pez Obrador habl\u00f3 con Biden sobre captura de Ovidio Guzm\u00e1n a su llegada?"},"content":{"rendered":"\n<p>Por Redacci\u00f3n QP<\/p>\n\n\n\n<p>&#8220;No se plante\u00f3, no es eso. Nuestros adversarios simplifican mucho las cosas, todo lo ven de manera politiquera, pragm\u00e1tica, no saben de principios, de ideales&#8221;, dice L\u00f3pez Obrador<\/p>\n\n\n\n<p>El Presidente\u00a0Andres Manuel Lopez Obrador neg\u00f3 este lunes haber abordado\u00a0la detenci\u00f3n de Ovidio Guzm\u00e1n, uno de los hijos de Joaqu\u00edn &#8220;Chapo&#8221; Guzm\u00e1n m\u00e1s buscados por EU, con el mandatario estadounidense, Joe Biden, a su llegada a M\u00e9xico.<\/p>\n\n\n\n<p><strong>&#8220;No se plante\u00f3, no es eso. Nuestros adversarios simplifican mucho las cosas, todo lo ven de manera politiquera, pragm\u00e1tica, no saben de principios, de ideales&#8221;<\/strong>, declar\u00f3 el mandatario en su rueda de prensa matutina.<\/p>\n\n\n\n<figure class=\"wp-block-embed is-type-video is-provider-youtube wp-block-embed-youtube wp-embed-aspect-16-9 wp-has-aspect-ratio\"><div class=\"wp-block-embed__wrapper\">\n<iframe loading=\"lazy\" title=\"AMLO asegura que no habl\u00f3 sobre detenci\u00f3n de Ovidio Guzm\u00e1n con Biden\" width=\"640\" height=\"360\" src=\"https:\/\/www.youtube.com\/embed\/ZZ0MIhpRKPY?feature=oembed\" frameborder=\"0\" allow=\"accelerometer; autoplay; clipboard-write; encrypted-media; gyroscope; picture-in-picture; web-share\" referrerpolicy=\"strict-origin-when-cross-origin\" allowfullscreen><\/iframe>\n<\/div><\/figure>\n\n\n\n<p><strong>La detenci\u00f3n de Ovidio Guzm\u00e1n el jueves pasado en Sinaloa, donde se desat\u00f3 una jornada violenta que dej\u00f3 al menos 29 muertos,<\/strong>\u00a0ha causado pol\u00e9mica en M\u00e9xico por ocurrir d\u00edas antes de la visita de Biden al pa\u00eds por la Cumbre de L\u00edderes de Am\u00e9rica del Norte.<\/p>\n\n\n\n<p><strong>El Departamento de Justicia estadounidense ofrec\u00eda 5 millones de d\u00f3lares por la captura de Ovidio<\/strong>, uno de los m\u00e1ximos herederos del &#8220;Chapo&#8221;, sobre quien pesa una solicitud de extradici\u00f3n.<\/p>\n\n\n\n<p>Pero\u00a0<strong>L\u00f3pez Obrador ha negado que el operativo tenga relaci\u00f3n con la visita de Biden<\/strong>, con quien convers\u00f3 por m\u00e1s de una hora este domingo durante el traslado del mandatario estadounidense del Aeropuerto Internacional Felipe \u00c1ngeles al centro de Ciudad de M\u00e9xico.<\/p>\n\n\n\n<p><strong>&#8220;Que si se detuvo a esta persona, Ovidio, fue porque ven\u00eda el presidente Biden, que si se le detuvo es porque quer\u00edamos quedar bien con el presidente, es un argumento muy rampl\u00f3n y adem\u00e1s es una falta de respeto a quienes llevan a cabo esta acci\u00f3n y pierden la vida&#8221;<\/strong>, coment\u00f3 el mandatario.<\/p>\n\n\n\n<p>El arresto de Ovidio, quien est\u00e1 en prisi\u00f3n preventiva con fines de extradici\u00f3n en el penal de Almoloya del Estado de M\u00e9xico, ocurri\u00f3 mientras Estados Unidos y Canad\u00e1 intensifican las alertas por el narcotr\u00e1fico, en particular del fentanilo, droga sint\u00e9tica elaborada en M\u00e9xico.<\/p>\n\n\n\n<p><strong>L\u00f3pez Obrador tendr\u00e1 este lunes el encuentro bilateral oficial con Biden en el Palacio Nacional<\/strong>, adem\u00e1s de una cena trilateral con la presencia tambi\u00e9n del primer ministro de Canad\u00e1, Justin Trudeau.<\/p>\n\n\n\n<p>La reuni\u00f3n trilateral oficial de &#8220;Los Tres Amigos&#8221;, como se conoce a este grupo, ser\u00e1 el martes con migraci\u00f3n, comercio y seguridad como los temas principales, mientras que el mi\u00e9rcoles habr\u00e1 un di\u00e1logo bilateral entre L\u00f3pez Obrador y Trudeau.<\/p>\n\n\n\n<p>Con Informaci\u00f3n de EFE<\/p>\n","protected":false},"excerpt":{"rendered":"<p>Por Redacci\u00f3n QP &#8220;No se plante\u00f3, no es eso. Nuestros adversarios simplifican mucho las cosas,&#8230;<\/p>\n","protected":false},"author":2,"featured_media":98014,"comment_status":"open","ping_status":"open","sticky":false,"template":"","format":"standard","meta":{"_monsterinsights_skip_tracking":false,"_monsterinsights_sitenote_active":false,"_monsterinsights_sitenote_note":"","_monsterinsights_sitenote_category":0,"footnotes":""},"categories":[2],"tags":[],"class_list":["post-98013","post","type-post","status-publish","format-standard","has-post-thumbnail","hentry","category-noticias"],"yoast_head":"<!-- This site is optimized with the Yoast SEO plugin v27.3 - https:\/\/yoast.com\/product\/yoast-seo-wordpress\/ -->\n<title>\u00bfL\u00f3pez Obrador habl\u00f3 con Biden sobre captura de Ovidio Guzm\u00e1n a su llegada? -<\/title>\n<meta name=\"robots\" content=\"index, follow, max-snippet:-1, max-image-preview:large, max-video-preview:-1\" \/>\n<link rel=\"canonical\" href=\"https:\/\/quehacerpolitico.mx\/?p=98013\" \/>\n<meta property=\"og:locale\" content=\"es_MX\" \/>\n<meta property=\"og:type\" content=\"article\" \/>\n<meta property=\"og:title\" content=\"\u00bfL\u00f3pez Obrador habl\u00f3 con Biden sobre captura de Ovidio Guzm\u00e1n a su llegada? -\" \/>\n<meta property=\"og:description\" content=\"Por Redacci\u00f3n QP &#8220;No se plante\u00f3, no es eso. Nuestros adversarios simplifican mucho las cosas,...\" \/>\n<meta property=\"og:url\" content=\"https:\/\/quehacerpolitico.mx\/?p=98013\" \/>\n<meta property=\"article:published_time\" content=\"2023-01-09T19:37:49+00:00\" \/>\n<meta property=\"article:modified_time\" content=\"2023-01-09T19:37:53+00:00\" \/>\n<meta property=\"og:image\" content=\"https:\/\/quehacerpolitico.mx\/wp-content\/uploads\/2023\/01\/93EB790E-FA4B-48A7-9D02-BA744C7061C6.jpeg\" \/>\n\t<meta property=\"og:image:width\" content=\"938\" \/>\n\t<meta property=\"og:image:height\" content=\"697\" \/>\n\t<meta property=\"og:image:type\" content=\"image\/jpeg\" \/>\n<meta name=\"author\" content=\"Redacci\u00f3n QP\" \/>\n<meta name=\"twitter:card\" content=\"summary_large_image\" \/>\n<meta name=\"twitter:label1\" content=\"Escrito por\" \/>\n\t<meta name=\"twitter:data1\" content=\"Redacci\u00f3n QP\" \/>\n\t<meta name=\"twitter:label2\" content=\"Tiempo de lectura\" \/>\n\t<meta name=\"twitter:data2\" content=\"2 minutos\" \/>\n<script type=\"application\/ld+json\" class=\"yoast-schema-graph\">{\"@context\":\"https:\\\/\\\/schema.org\",\"@graph\":[{\"@type\":\"Article\",\"@id\":\"https:\\\/\\\/quehacerpolitico.mx\\\/?p=98013#article\",\"isPartOf\":{\"@id\":\"https:\\\/\\\/quehacerpolitico.mx\\\/?p=98013\"},\"author\":{\"name\":\"Redacci\u00f3n QP\",\"@id\":\"https:\\\/\\\/quehacerpolitico.mx\\\/#\\\/schema\\\/person\\\/496d8ad2d1d3f8036101dca7ee39e585\"},\"headline\":\"\u00bfL\u00f3pez Obrador habl\u00f3 con Biden sobre captura de Ovidio Guzm\u00e1n a su llegada?\",\"datePublished\":\"2023-01-09T19:37:49+00:00\",\"dateModified\":\"2023-01-09T19:37:53+00:00\",\"mainEntityOfPage\":{\"@id\":\"https:\\\/\\\/quehacerpolitico.mx\\\/?p=98013\"},\"wordCount\":456,\"commentCount\":0,\"image\":{\"@id\":\"https:\\\/\\\/quehacerpolitico.mx\\\/?p=98013#primaryimage\"},\"thumbnailUrl\":\"https:\\\/\\\/quehacerpolitico.mx\\\/wp-content\\\/uploads\\\/2023\\\/01\\\/93EB790E-FA4B-48A7-9D02-BA744C7061C6.jpeg\",\"articleSection\":[\"Noticias\"],\"inLanguage\":\"es\",\"potentialAction\":[{\"@type\":\"CommentAction\",\"name\":\"Comment\",\"target\":[\"https:\\\/\\\/quehacerpolitico.mx\\\/?p=98013#respond\"]}]},{\"@type\":\"WebPage\",\"@id\":\"https:\\\/\\\/quehacerpolitico.mx\\\/?p=98013\",\"url\":\"https:\\\/\\\/quehacerpolitico.mx\\\/?p=98013\",\"name\":\"\u00bfL\u00f3pez Obrador habl\u00f3 con Biden sobre captura de Ovidio Guzm\u00e1n a su llegada? -\",\"isPartOf\":{\"@id\":\"https:\\\/\\\/quehacerpolitico.mx\\\/#website\"},\"primaryImageOfPage\":{\"@id\":\"https:\\\/\\\/quehacerpolitico.mx\\\/?p=98013#primaryimage\"},\"image\":{\"@id\":\"https:\\\/\\\/quehacerpolitico.mx\\\/?p=98013#primaryimage\"},\"thumbnailUrl\":\"https:\\\/\\\/quehacerpolitico.mx\\\/wp-content\\\/uploads\\\/2023\\\/01\\\/93EB790E-FA4B-48A7-9D02-BA744C7061C6.jpeg\",\"datePublished\":\"2023-01-09T19:37:49+00:00\",\"dateModified\":\"2023-01-09T19:37:53+00:00\",\"author\":{\"@id\":\"https:\\\/\\\/quehacerpolitico.mx\\\/#\\\/schema\\\/person\\\/496d8ad2d1d3f8036101dca7ee39e585\"},\"breadcrumb\":{\"@id\":\"https:\\\/\\\/quehacerpolitico.mx\\\/?p=98013#breadcrumb\"},\"inLanguage\":\"es\",\"potentialAction\":[{\"@type\":\"ReadAction\",\"target\":[\"https:\\\/\\\/quehacerpolitico.mx\\\/?p=98013\"]}]},{\"@type\":\"ImageObject\",\"inLanguage\":\"es\",\"@id\":\"https:\\\/\\\/quehacerpolitico.mx\\\/?p=98013#primaryimage\",\"url\":\"https:\\\/\\\/quehacerpolitico.mx\\\/wp-content\\\/uploads\\\/2023\\\/01\\\/93EB790E-FA4B-48A7-9D02-BA744C7061C6.jpeg\",\"contentUrl\":\"https:\\\/\\\/quehacerpolitico.mx\\\/wp-content\\\/uploads\\\/2023\\\/01\\\/93EB790E-FA4B-48A7-9D02-BA744C7061C6.jpeg\",\"width\":938,\"height\":697},{\"@type\":\"BreadcrumbList\",\"@id\":\"https:\\\/\\\/quehacerpolitico.mx\\\/?p=98013#breadcrumb\",\"itemListElement\":[{\"@type\":\"ListItem\",\"position\":1,\"name\":\"Inicio\",\"item\":\"https:\\\/\\\/quehacerpolitico.mx\\\/\"},{\"@type\":\"ListItem\",\"position\":2,\"name\":\"\u00bfL\u00f3pez Obrador habl\u00f3 con Biden sobre captura de Ovidio Guzm\u00e1n a su llegada?\"}]},{\"@type\":\"WebSite\",\"@id\":\"https:\\\/\\\/quehacerpolitico.mx\\\/#website\",\"url\":\"https:\\\/\\\/quehacerpolitico.mx\\\/\",\"name\":\"\",\"description\":\"\",\"potentialAction\":[{\"@type\":\"SearchAction\",\"target\":{\"@type\":\"EntryPoint\",\"urlTemplate\":\"https:\\\/\\\/quehacerpolitico.mx\\\/?s={search_term_string}\"},\"query-input\":{\"@type\":\"PropertyValueSpecification\",\"valueRequired\":true,\"valueName\":\"search_term_string\"}}],\"inLanguage\":\"es\"},{\"@type\":\"Person\",\"@id\":\"https:\\\/\\\/quehacerpolitico.mx\\\/#\\\/schema\\\/person\\\/496d8ad2d1d3f8036101dca7ee39e585\",\"name\":\"Redacci\u00f3n QP\",\"image\":{\"@type\":\"ImageObject\",\"inLanguage\":\"es\",\"@id\":\"https:\\\/\\\/secure.gravatar.com\\\/avatar\\\/c7164ed6fdec453195284ad24a5ae5b6e1eed2b848477fa2a4787ba9adf39a41?s=96&d=mm&r=g\",\"url\":\"https:\\\/\\\/secure.gravatar.com\\\/avatar\\\/c7164ed6fdec453195284ad24a5ae5b6e1eed2b848477fa2a4787ba9adf39a41?s=96&d=mm&r=g\",\"contentUrl\":\"https:\\\/\\\/secure.gravatar.com\\\/avatar\\\/c7164ed6fdec453195284ad24a5ae5b6e1eed2b848477fa2a4787ba9adf39a41?s=96&d=mm&r=g\",\"caption\":\"Redacci\u00f3n QP\"},\"url\":\"https:\\\/\\\/quehacerpolitico.mx\\\/?author=2\"}]}<\/script>\n<!-- \/ Yoast SEO plugin. -->","yoast_head_json":{"title":"\u00bfL\u00f3pez Obrador habl\u00f3 con Biden sobre captura de Ovidio Guzm\u00e1n a su llegada? -","robots":{"index":"index","follow":"follow","max-snippet":"max-snippet:-1","max-image-preview":"max-image-preview:large","max-video-preview":"max-video-preview:-1"},"canonical":"https:\/\/quehacerpolitico.mx\/?p=98013","og_locale":"es_MX","og_type":"article","og_title":"\u00bfL\u00f3pez Obrador habl\u00f3 con Biden sobre captura de Ovidio Guzm\u00e1n a su llegada? -","og_description":"Por Redacci\u00f3n QP &#8220;No se plante\u00f3, no es eso. Nuestros adversarios simplifican mucho las cosas,...","og_url":"https:\/\/quehacerpolitico.mx\/?p=98013","article_published_time":"2023-01-09T19:37:49+00:00","article_modified_time":"2023-01-09T19:37:53+00:00","og_image":[{"width":938,"height":697,"url":"https:\/\/quehacerpolitico.mx\/wp-content\/uploads\/2023\/01\/93EB790E-FA4B-48A7-9D02-BA744C7061C6.jpeg","type":"image\/jpeg"}],"author":"Redacci\u00f3n QP","twitter_card":"summary_large_image","twitter_misc":{"Escrito por":"Redacci\u00f3n QP","Tiempo de lectura":"2 minutos"},"schema":{"@context":"https:\/\/schema.org","@graph":[{"@type":"Article","@id":"https:\/\/quehacerpolitico.mx\/?p=98013#article","isPartOf":{"@id":"https:\/\/quehacerpolitico.mx\/?p=98013"},"author":{"name":"Redacci\u00f3n QP","@id":"https:\/\/quehacerpolitico.mx\/#\/schema\/person\/496d8ad2d1d3f8036101dca7ee39e585"},"headline":"\u00bfL\u00f3pez Obrador habl\u00f3 con Biden sobre captura de Ovidio Guzm\u00e1n a su llegada?","datePublished":"2023-01-09T19:37:49+00:00","dateModified":"2023-01-09T19:37:53+00:00","mainEntityOfPage":{"@id":"https:\/\/quehacerpolitico.mx\/?p=98013"},"wordCount":456,"commentCount":0,"image":{"@id":"https:\/\/quehacerpolitico.mx\/?p=98013#primaryimage"},"thumbnailUrl":"https:\/\/quehacerpolitico.mx\/wp-content\/uploads\/2023\/01\/93EB790E-FA4B-48A7-9D02-BA744C7061C6.jpeg","articleSection":["Noticias"],"inLanguage":"es","potentialAction":[{"@type":"CommentAction","name":"Comment","target":["https:\/\/quehacerpolitico.mx\/?p=98013#respond"]}]},{"@type":"WebPage","@id":"https:\/\/quehacerpolitico.mx\/?p=98013","url":"https:\/\/quehacerpolitico.mx\/?p=98013","name":"\u00bfL\u00f3pez Obrador habl\u00f3 con Biden sobre captura de Ovidio Guzm\u00e1n a su llegada? -","isPartOf":{"@id":"https:\/\/quehacerpolitico.mx\/#website"},"primaryImageOfPage":{"@id":"https:\/\/quehacerpolitico.mx\/?p=98013#primaryimage"},"image":{"@id":"https:\/\/quehacerpolitico.mx\/?p=98013#primaryimage"},"thumbnailUrl":"https:\/\/quehacerpolitico.mx\/wp-content\/uploads\/2023\/01\/93EB790E-FA4B-48A7-9D02-BA744C7061C6.jpeg","datePublished":"2023-01-09T19:37:49+00:00","dateModified":"2023-01-09T19:37:53+00:00","author":{"@id":"https:\/\/quehacerpolitico.mx\/#\/schema\/person\/496d8ad2d1d3f8036101dca7ee39e585"},"breadcrumb":{"@id":"https:\/\/quehacerpolitico.mx\/?p=98013#breadcrumb"},"inLanguage":"es","potentialAction":[{"@type":"ReadAction","target":["https:\/\/quehacerpolitico.mx\/?p=98013"]}]},{"@type":"ImageObject","inLanguage":"es","@id":"https:\/\/quehacerpolitico.mx\/?p=98013#primaryimage","url":"https:\/\/quehacerpolitico.mx\/wp-content\/uploads\/2023\/01\/93EB790E-FA4B-48A7-9D02-BA744C7061C6.jpeg","contentUrl":"https:\/\/quehacerpolitico.mx\/wp-content\/uploads\/2023\/01\/93EB790E-FA4B-48A7-9D02-BA744C7061C6.jpeg","width":938,"height":697},{"@type":"BreadcrumbList","@id":"https:\/\/quehacerpolitico.mx\/?p=98013#breadcrumb","itemListElement":[{"@type":"ListItem","position":1,"name":"Inicio","item":"https:\/\/quehacerpolitico.mx\/"},{"@type":"ListItem","position":2,"name":"\u00bfL\u00f3pez Obrador habl\u00f3 con Biden sobre captura de Ovidio Guzm\u00e1n a su llegada?"}]},{"@type":"WebSite","@id":"https:\/\/quehacerpolitico.mx\/#website","url":"https:\/\/quehacerpolitico.mx\/","name":"","description":"","potentialAction":[{"@type":"SearchAction","target":{"@type":"EntryPoint","urlTemplate":"https:\/\/quehacerpolitico.mx\/?s={search_term_string}"},"query-input":{"@type":"PropertyValueSpecification","valueRequired":true,"valueName":"search_term_string"}}],"inLanguage":"es"},{"@type":"Person","@id":"https:\/\/quehacerpolitico.mx\/#\/schema\/person\/496d8ad2d1d3f8036101dca7ee39e585","name":"Redacci\u00f3n QP","image":{"@type":"ImageObject","inLanguage":"es","@id":"https:\/\/secure.gravatar.com\/avatar\/c7164ed6fdec453195284ad24a5ae5b6e1eed2b848477fa2a4787ba9adf39a41?s=96&d=mm&r=g","url":"https:\/\/secure.gravatar.com\/avatar\/c7164ed6fdec453195284ad24a5ae5b6e1eed2b848477fa2a4787ba9adf39a41?s=96&d=mm&r=g","contentUrl":"https:\/\/secure.gravatar.com\/avatar\/c7164ed6fdec453195284ad24a5ae5b6e1eed2b848477fa2a4787ba9adf39a41?s=96&d=mm&r=g","caption":"Redacci\u00f3n QP"},"url":"https:\/\/quehacerpolitico.mx\/?author=2"}]}},"featured_image_urls":{"full":["https:\/\/quehacerpolitico.mx\/wp-content\/uploads\/2023\/01\/93EB790E-FA4B-48A7-9D02-BA744C7061C6.jpeg",938,697,false],"thumbnail":["https:\/\/quehacerpolitico.mx\/wp-content\/uploads\/2023\/01\/93EB790E-FA4B-48A7-9D02-BA744C7061C6-150x150.jpeg",150,150,true],"medium":["https:\/\/quehacerpolitico.mx\/wp-content\/uploads\/2023\/01\/93EB790E-FA4B-48A7-9D02-BA744C7061C6-300x223.jpeg",300,223,true],"medium_large":["https:\/\/quehacerpolitico.mx\/wp-content\/uploads\/2023\/01\/93EB790E-FA4B-48A7-9D02-BA744C7061C6-768x571.jpeg",640,476,true],"large":["https:\/\/quehacerpolitico.mx\/wp-content\/uploads\/2023\/01\/93EB790E-FA4B-48A7-9D02-BA744C7061C6.jpeg",640,476,false],"1536x1536":["https:\/\/quehacerpolitico.mx\/wp-content\/uploads\/2023\/01\/93EB790E-FA4B-48A7-9D02-BA744C7061C6.jpeg",938,697,false],"2048x2048":["https:\/\/quehacerpolitico.mx\/wp-content\/uploads\/2023\/01\/93EB790E-FA4B-48A7-9D02-BA744C7061C6.jpeg",938,697,false],"covernews-featured":["https:\/\/quehacerpolitico.mx\/wp-content\/uploads\/2023\/01\/93EB790E-FA4B-48A7-9D02-BA744C7061C6.jpeg",938,697,false],"covernews-medium":["https:\/\/quehacerpolitico.mx\/wp-content\/uploads\/2023\/01\/93EB790E-FA4B-48A7-9D02-BA744C7061C6.jpeg",458,340,false]},"author_info":{"display_name":"Redacci\u00f3n QP","author_link":"https:\/\/quehacerpolitico.mx\/?author=2"},"category_info":"<a href=\"https:\/\/quehacerpolitico.mx\/?cat=2\" rel=\"category\">Noticias<\/a>","tag_info":"Noticias","comment_count":"0","_links":{"self":[{"href":"https:\/\/quehacerpolitico.mx\/index.php?rest_route=\/wp\/v2\/posts\/98013","targetHints":{"allow":["GET"]}}],"collection":[{"href":"https:\/\/quehacerpolitico.mx\/index.php?rest_route=\/wp\/v2\/posts"}],"about":[{"href":"https:\/\/quehacerpolitico.mx\/index.php?rest_route=\/wp\/v2\/types\/post"}],"author":[{"embeddable":true,"href":"https:\/\/quehacerpolitico.mx\/index.php?rest_route=\/wp\/v2\/users\/2"}],"replies":[{"embeddable":true,"href":"https:\/\/quehacerpolitico.mx\/index.php?rest_route=%2Fwp%2Fv2%2Fcomments&post=98013"}],"version-history":[{"count":1,"href":"https:\/\/quehacerpolitico.mx\/index.php?rest_route=\/wp\/v2\/posts\/98013\/revisions"}],"predecessor-version":[{"id":98015,"href":"https:\/\/quehacerpolitico.mx\/index.php?rest_route=\/wp\/v2\/posts\/98013\/revisions\/98015"}],"wp:featuredmedia":[{"embeddable":true,"href":"https:\/\/quehacerpolitico.mx\/index.php?rest_route=\/wp\/v2\/media\/98014"}],"wp:attachment":[{"href":"https:\/\/quehacerpolitico.mx\/index.php?rest_route=%2Fwp%2Fv2%2Fmedia&parent=98013"}],"wp:term":[{"taxonomy":"category","embeddable":true,"href":"https:\/\/quehacerpolitico.mx\/index.php?rest_route=%2Fwp%2Fv2%2Fcategories&post=98013"},{"taxonomy":"post_tag","embeddable":true,"href":"https:\/\/quehacerpolitico.mx\/index.php?rest_route=%2Fwp%2Fv2%2Ftags&post=98013"}],"curies":[{"name":"wp","href":"https:\/\/api.w.org\/{rel}","templated":true}]}}