{"id":98000,"date":"2023-01-09T14:40:12","date_gmt":"2023-01-09T14:40:12","guid":{"rendered":"https:\/\/quehacerpolitico.mx\/?p=98000"},"modified":"2023-01-09T14:40:16","modified_gmt":"2023-01-09T14:40:16","slug":"vision-humanista-margarita-perez-delgado-el-aumento-en-los-costos-de-la-canasta-basica-tendra-graves-efectos-en-la-economia-de-la-poblacion","status":"publish","type":"post","link":"https:\/\/quehacerpolitico.mx\/?p=98000","title":{"rendered":"Visi\u00f3n Humanista\/\/\/Margarita Perez Delgado\/\/\/El aumento en los costos de la canasta b\u00e1sica tendr\u00e1 graves efectos en la econom\u00eda de la poblaci\u00f3n."},"content":{"rendered":"\n<p>Lic Margarita Perez Delgado<\/p>\n\n\n\n<p>Analista<\/p>\n\n\n\n<p>Refieren que la primera quincena del a\u00f1o siempre suele ser la m\u00e1s compleja debido al pago de impuestos<\/p>\n\n\n\n<p>El inicio del a\u00f1o y la llegada de la cuesta de enero est\u00e1 impactando los bolsillos de los mexicanos y los habitantes de la CDMX no son la excepci\u00f3n. A pesar del alza al salario m\u00ednimo, los gastos provenientes del cierre del a\u00f1o 2022 y el aumento en los costos de la canasta b\u00e1sica tendr\u00e1 graves efectos en la econom\u00eda de la poblaci\u00f3n.<\/p>\n\n\n\n<p>Analistas afirman que la primera quincena del a\u00f1o siempre suele ser la m\u00e1s compleja debido al pago de impuestos, as\u00ed como de los primeros cobros de las compras efectuadas entre los meses de noviembre a enero.<\/p>\n\n\n\n<p>Mientras que a los pagos se le suma un incremento en los costos de productos como el jitomate, cebolla, papa, carnes de pollo, res y puerco, as\u00ed como el huevo.<\/p>\n\n\n\n<p>\u201cEstamos teniendo un inicio de a\u00f1o muy complejo porque si bien ya se aplica el aumento al salario m\u00ednimo por el orden del 20 por ciento para la base trabajadora, la realidad es que este aumento tambi\u00e9n impacta a los servicios y a los productos, los patrones que deben pagar m\u00e1s, en consecuencia suben sus precios de la misma manera\u201d.<\/p>\n\n\n\n<p>Debido a ello, insumos de la canasta b\u00e1sica registraron un alza en sus costos desde los primeros d\u00edas de enero de 2023, en tanto que los trabajadores no han sentido un incremento real de sueldo percibido conforme a los gastos que se vienen arrastrando del fin de a\u00f1o, as\u00ed como el pago de impuestos y compensaciones.<\/p>\n\n\n\n<p>Para este a\u00f1o, la tasa inflacionaria tiene una proyecci\u00f3n menor al 2022, pasando de 9.47 por ciento a un promedio anual estimado del ocho por ciento para 2023. Sin embargo, los efectos del incremento del salario y la baja en esta tasa financiera no se ver\u00e1n reflejados en los bolsillos de la ciudadan\u00eda hasta pasar la primera mitad del a\u00f1o.<\/p>\n\n\n\n<p>As\u00ed el Quehacer Pol\u00edtico a trav\u00e9s de mi Visi\u00f3n Humanista.Es cuanto.<\/p>\n","protected":false},"excerpt":{"rendered":"<p>Lic Margarita Perez Delgado Analista Refieren que la primera quincena del a\u00f1o siempre suele ser&#8230;<\/p>\n","protected":false},"author":2,"featured_media":98001,"comment_status":"open","ping_status":"open","sticky":false,"template":"","format":"standard","meta":{"_monsterinsights_skip_tracking":false,"_monsterinsights_sitenote_active":false,"_monsterinsights_sitenote_note":"","_monsterinsights_sitenote_category":0,"footnotes":""},"categories":[56],"tags":[],"class_list":["post-98000","post","type-post","status-publish","format-standard","has-post-thumbnail","hentry","category-economia"],"yoast_head":"<!-- This site is optimized with the Yoast SEO plugin v27.3 - https:\/\/yoast.com\/product\/yoast-seo-wordpress\/ -->\n<title>Visi\u00f3n Humanista\/\/\/Margarita Perez Delgado\/\/\/El aumento en los costos de la canasta b\u00e1sica tendr\u00e1 graves efectos en la econom\u00eda de la poblaci\u00f3n. -<\/title>\n<meta name=\"robots\" content=\"index, follow, max-snippet:-1, max-image-preview:large, max-video-preview:-1\" \/>\n<link rel=\"canonical\" href=\"https:\/\/quehacerpolitico.mx\/?p=98000\" \/>\n<meta property=\"og:locale\" content=\"es_MX\" \/>\n<meta property=\"og:type\" content=\"article\" \/>\n<meta property=\"og:title\" content=\"Visi\u00f3n Humanista\/\/\/Margarita Perez Delgado\/\/\/El aumento en los costos de la canasta b\u00e1sica tendr\u00e1 graves efectos en la econom\u00eda de la poblaci\u00f3n. -\" \/>\n<meta property=\"og:description\" content=\"Lic Margarita Perez Delgado Analista Refieren que la primera quincena del a\u00f1o siempre suele ser...\" \/>\n<meta property=\"og:url\" content=\"https:\/\/quehacerpolitico.mx\/?p=98000\" \/>\n<meta property=\"article:published_time\" content=\"2023-01-09T14:40:12+00:00\" \/>\n<meta property=\"article:modified_time\" content=\"2023-01-09T14:40:16+00:00\" \/>\n<meta property=\"og:image\" content=\"https:\/\/quehacerpolitico.mx\/wp-content\/uploads\/2023\/01\/4331001E-1DA1-452C-B70A-C95F7323F999.jpeg\" \/>\n\t<meta property=\"og:image:width\" content=\"963\" \/>\n\t<meta property=\"og:image:height\" content=\"493\" \/>\n\t<meta property=\"og:image:type\" content=\"image\/jpeg\" \/>\n<meta name=\"author\" content=\"Redacci\u00f3n QP\" \/>\n<meta name=\"twitter:card\" content=\"summary_large_image\" \/>\n<meta name=\"twitter:label1\" content=\"Escrito por\" \/>\n\t<meta name=\"twitter:data1\" content=\"Redacci\u00f3n QP\" \/>\n\t<meta name=\"twitter:label2\" content=\"Tiempo de lectura\" \/>\n\t<meta name=\"twitter:data2\" content=\"2 minutos\" \/>\n<script type=\"application\/ld+json\" class=\"yoast-schema-graph\">{\"@context\":\"https:\\\/\\\/schema.org\",\"@graph\":[{\"@type\":\"Article\",\"@id\":\"https:\\\/\\\/quehacerpolitico.mx\\\/?p=98000#article\",\"isPartOf\":{\"@id\":\"https:\\\/\\\/quehacerpolitico.mx\\\/?p=98000\"},\"author\":{\"name\":\"Redacci\u00f3n QP\",\"@id\":\"https:\\\/\\\/quehacerpolitico.mx\\\/#\\\/schema\\\/person\\\/496d8ad2d1d3f8036101dca7ee39e585\"},\"headline\":\"Visi\u00f3n Humanista\\\/\\\/\\\/Margarita Perez Delgado\\\/\\\/\\\/El aumento en los costos de la canasta b\u00e1sica tendr\u00e1 graves efectos en la econom\u00eda de la poblaci\u00f3n.\",\"datePublished\":\"2023-01-09T14:40:12+00:00\",\"dateModified\":\"2023-01-09T14:40:16+00:00\",\"mainEntityOfPage\":{\"@id\":\"https:\\\/\\\/quehacerpolitico.mx\\\/?p=98000\"},\"wordCount\":387,\"commentCount\":0,\"image\":{\"@id\":\"https:\\\/\\\/quehacerpolitico.mx\\\/?p=98000#primaryimage\"},\"thumbnailUrl\":\"https:\\\/\\\/quehacerpolitico.mx\\\/wp-content\\\/uploads\\\/2023\\\/01\\\/4331001E-1DA1-452C-B70A-C95F7323F999.jpeg\",\"articleSection\":[\"Econom\u00eda\"],\"inLanguage\":\"es\",\"potentialAction\":[{\"@type\":\"CommentAction\",\"name\":\"Comment\",\"target\":[\"https:\\\/\\\/quehacerpolitico.mx\\\/?p=98000#respond\"]}]},{\"@type\":\"WebPage\",\"@id\":\"https:\\\/\\\/quehacerpolitico.mx\\\/?p=98000\",\"url\":\"https:\\\/\\\/quehacerpolitico.mx\\\/?p=98000\",\"name\":\"Visi\u00f3n Humanista\\\/\\\/\\\/Margarita Perez Delgado\\\/\\\/\\\/El aumento en los costos de la canasta b\u00e1sica tendr\u00e1 graves efectos en la econom\u00eda de la poblaci\u00f3n. -\",\"isPartOf\":{\"@id\":\"https:\\\/\\\/quehacerpolitico.mx\\\/#website\"},\"primaryImageOfPage\":{\"@id\":\"https:\\\/\\\/quehacerpolitico.mx\\\/?p=98000#primaryimage\"},\"image\":{\"@id\":\"https:\\\/\\\/quehacerpolitico.mx\\\/?p=98000#primaryimage\"},\"thumbnailUrl\":\"https:\\\/\\\/quehacerpolitico.mx\\\/wp-content\\\/uploads\\\/2023\\\/01\\\/4331001E-1DA1-452C-B70A-C95F7323F999.jpeg\",\"datePublished\":\"2023-01-09T14:40:12+00:00\",\"dateModified\":\"2023-01-09T14:40:16+00:00\",\"author\":{\"@id\":\"https:\\\/\\\/quehacerpolitico.mx\\\/#\\\/schema\\\/person\\\/496d8ad2d1d3f8036101dca7ee39e585\"},\"breadcrumb\":{\"@id\":\"https:\\\/\\\/quehacerpolitico.mx\\\/?p=98000#breadcrumb\"},\"inLanguage\":\"es\",\"potentialAction\":[{\"@type\":\"ReadAction\",\"target\":[\"https:\\\/\\\/quehacerpolitico.mx\\\/?p=98000\"]}]},{\"@type\":\"ImageObject\",\"inLanguage\":\"es\",\"@id\":\"https:\\\/\\\/quehacerpolitico.mx\\\/?p=98000#primaryimage\",\"url\":\"https:\\\/\\\/quehacerpolitico.mx\\\/wp-content\\\/uploads\\\/2023\\\/01\\\/4331001E-1DA1-452C-B70A-C95F7323F999.jpeg\",\"contentUrl\":\"https:\\\/\\\/quehacerpolitico.mx\\\/wp-content\\\/uploads\\\/2023\\\/01\\\/4331001E-1DA1-452C-B70A-C95F7323F999.jpeg\",\"width\":963,\"height\":493},{\"@type\":\"BreadcrumbList\",\"@id\":\"https:\\\/\\\/quehacerpolitico.mx\\\/?p=98000#breadcrumb\",\"itemListElement\":[{\"@type\":\"ListItem\",\"position\":1,\"name\":\"Inicio\",\"item\":\"https:\\\/\\\/quehacerpolitico.mx\\\/\"},{\"@type\":\"ListItem\",\"position\":2,\"name\":\"Visi\u00f3n Humanista\\\/\\\/\\\/Margarita Perez Delgado\\\/\\\/\\\/El aumento en los costos de la canasta b\u00e1sica tendr\u00e1 graves efectos en la econom\u00eda de la poblaci\u00f3n.\"}]},{\"@type\":\"WebSite\",\"@id\":\"https:\\\/\\\/quehacerpolitico.mx\\\/#website\",\"url\":\"https:\\\/\\\/quehacerpolitico.mx\\\/\",\"name\":\"\",\"description\":\"\",\"potentialAction\":[{\"@type\":\"SearchAction\",\"target\":{\"@type\":\"EntryPoint\",\"urlTemplate\":\"https:\\\/\\\/quehacerpolitico.mx\\\/?s={search_term_string}\"},\"query-input\":{\"@type\":\"PropertyValueSpecification\",\"valueRequired\":true,\"valueName\":\"search_term_string\"}}],\"inLanguage\":\"es\"},{\"@type\":\"Person\",\"@id\":\"https:\\\/\\\/quehacerpolitico.mx\\\/#\\\/schema\\\/person\\\/496d8ad2d1d3f8036101dca7ee39e585\",\"name\":\"Redacci\u00f3n QP\",\"image\":{\"@type\":\"ImageObject\",\"inLanguage\":\"es\",\"@id\":\"https:\\\/\\\/secure.gravatar.com\\\/avatar\\\/c7164ed6fdec453195284ad24a5ae5b6e1eed2b848477fa2a4787ba9adf39a41?s=96&d=mm&r=g\",\"url\":\"https:\\\/\\\/secure.gravatar.com\\\/avatar\\\/c7164ed6fdec453195284ad24a5ae5b6e1eed2b848477fa2a4787ba9adf39a41?s=96&d=mm&r=g\",\"contentUrl\":\"https:\\\/\\\/secure.gravatar.com\\\/avatar\\\/c7164ed6fdec453195284ad24a5ae5b6e1eed2b848477fa2a4787ba9adf39a41?s=96&d=mm&r=g\",\"caption\":\"Redacci\u00f3n QP\"},\"url\":\"https:\\\/\\\/quehacerpolitico.mx\\\/?author=2\"}]}<\/script>\n<!-- \/ Yoast SEO plugin. -->","yoast_head_json":{"title":"Visi\u00f3n Humanista\/\/\/Margarita Perez Delgado\/\/\/El aumento en los costos de la canasta b\u00e1sica tendr\u00e1 graves efectos en la econom\u00eda de la poblaci\u00f3n. -","robots":{"index":"index","follow":"follow","max-snippet":"max-snippet:-1","max-image-preview":"max-image-preview:large","max-video-preview":"max-video-preview:-1"},"canonical":"https:\/\/quehacerpolitico.mx\/?p=98000","og_locale":"es_MX","og_type":"article","og_title":"Visi\u00f3n Humanista\/\/\/Margarita Perez Delgado\/\/\/El aumento en los costos de la canasta b\u00e1sica tendr\u00e1 graves efectos en la econom\u00eda de la poblaci\u00f3n. -","og_description":"Lic Margarita Perez Delgado Analista Refieren que la primera quincena del a\u00f1o siempre suele ser...","og_url":"https:\/\/quehacerpolitico.mx\/?p=98000","article_published_time":"2023-01-09T14:40:12+00:00","article_modified_time":"2023-01-09T14:40:16+00:00","og_image":[{"width":963,"height":493,"url":"https:\/\/quehacerpolitico.mx\/wp-content\/uploads\/2023\/01\/4331001E-1DA1-452C-B70A-C95F7323F999.jpeg","type":"image\/jpeg"}],"author":"Redacci\u00f3n QP","twitter_card":"summary_large_image","twitter_misc":{"Escrito por":"Redacci\u00f3n QP","Tiempo de lectura":"2 minutos"},"schema":{"@context":"https:\/\/schema.org","@graph":[{"@type":"Article","@id":"https:\/\/quehacerpolitico.mx\/?p=98000#article","isPartOf":{"@id":"https:\/\/quehacerpolitico.mx\/?p=98000"},"author":{"name":"Redacci\u00f3n QP","@id":"https:\/\/quehacerpolitico.mx\/#\/schema\/person\/496d8ad2d1d3f8036101dca7ee39e585"},"headline":"Visi\u00f3n Humanista\/\/\/Margarita Perez Delgado\/\/\/El aumento en los costos de la canasta b\u00e1sica tendr\u00e1 graves efectos en la econom\u00eda de la poblaci\u00f3n.","datePublished":"2023-01-09T14:40:12+00:00","dateModified":"2023-01-09T14:40:16+00:00","mainEntityOfPage":{"@id":"https:\/\/quehacerpolitico.mx\/?p=98000"},"wordCount":387,"commentCount":0,"image":{"@id":"https:\/\/quehacerpolitico.mx\/?p=98000#primaryimage"},"thumbnailUrl":"https:\/\/quehacerpolitico.mx\/wp-content\/uploads\/2023\/01\/4331001E-1DA1-452C-B70A-C95F7323F999.jpeg","articleSection":["Econom\u00eda"],"inLanguage":"es","potentialAction":[{"@type":"CommentAction","name":"Comment","target":["https:\/\/quehacerpolitico.mx\/?p=98000#respond"]}]},{"@type":"WebPage","@id":"https:\/\/quehacerpolitico.mx\/?p=98000","url":"https:\/\/quehacerpolitico.mx\/?p=98000","name":"Visi\u00f3n Humanista\/\/\/Margarita Perez Delgado\/\/\/El aumento en los costos de la canasta b\u00e1sica tendr\u00e1 graves efectos en la econom\u00eda de la poblaci\u00f3n. -","isPartOf":{"@id":"https:\/\/quehacerpolitico.mx\/#website"},"primaryImageOfPage":{"@id":"https:\/\/quehacerpolitico.mx\/?p=98000#primaryimage"},"image":{"@id":"https:\/\/quehacerpolitico.mx\/?p=98000#primaryimage"},"thumbnailUrl":"https:\/\/quehacerpolitico.mx\/wp-content\/uploads\/2023\/01\/4331001E-1DA1-452C-B70A-C95F7323F999.jpeg","datePublished":"2023-01-09T14:40:12+00:00","dateModified":"2023-01-09T14:40:16+00:00","author":{"@id":"https:\/\/quehacerpolitico.mx\/#\/schema\/person\/496d8ad2d1d3f8036101dca7ee39e585"},"breadcrumb":{"@id":"https:\/\/quehacerpolitico.mx\/?p=98000#breadcrumb"},"inLanguage":"es","potentialAction":[{"@type":"ReadAction","target":["https:\/\/quehacerpolitico.mx\/?p=98000"]}]},{"@type":"ImageObject","inLanguage":"es","@id":"https:\/\/quehacerpolitico.mx\/?p=98000#primaryimage","url":"https:\/\/quehacerpolitico.mx\/wp-content\/uploads\/2023\/01\/4331001E-1DA1-452C-B70A-C95F7323F999.jpeg","contentUrl":"https:\/\/quehacerpolitico.mx\/wp-content\/uploads\/2023\/01\/4331001E-1DA1-452C-B70A-C95F7323F999.jpeg","width":963,"height":493},{"@type":"BreadcrumbList","@id":"https:\/\/quehacerpolitico.mx\/?p=98000#breadcrumb","itemListElement":[{"@type":"ListItem","position":1,"name":"Inicio","item":"https:\/\/quehacerpolitico.mx\/"},{"@type":"ListItem","position":2,"name":"Visi\u00f3n Humanista\/\/\/Margarita Perez Delgado\/\/\/El aumento en los costos de la canasta b\u00e1sica tendr\u00e1 graves efectos en la econom\u00eda de la poblaci\u00f3n."}]},{"@type":"WebSite","@id":"https:\/\/quehacerpolitico.mx\/#website","url":"https:\/\/quehacerpolitico.mx\/","name":"","description":"","potentialAction":[{"@type":"SearchAction","target":{"@type":"EntryPoint","urlTemplate":"https:\/\/quehacerpolitico.mx\/?s={search_term_string}"},"query-input":{"@type":"PropertyValueSpecification","valueRequired":true,"valueName":"search_term_string"}}],"inLanguage":"es"},{"@type":"Person","@id":"https:\/\/quehacerpolitico.mx\/#\/schema\/person\/496d8ad2d1d3f8036101dca7ee39e585","name":"Redacci\u00f3n QP","image":{"@type":"ImageObject","inLanguage":"es","@id":"https:\/\/secure.gravatar.com\/avatar\/c7164ed6fdec453195284ad24a5ae5b6e1eed2b848477fa2a4787ba9adf39a41?s=96&d=mm&r=g","url":"https:\/\/secure.gravatar.com\/avatar\/c7164ed6fdec453195284ad24a5ae5b6e1eed2b848477fa2a4787ba9adf39a41?s=96&d=mm&r=g","contentUrl":"https:\/\/secure.gravatar.com\/avatar\/c7164ed6fdec453195284ad24a5ae5b6e1eed2b848477fa2a4787ba9adf39a41?s=96&d=mm&r=g","caption":"Redacci\u00f3n QP"},"url":"https:\/\/quehacerpolitico.mx\/?author=2"}]}},"featured_image_urls":{"full":["https:\/\/quehacerpolitico.mx\/wp-content\/uploads\/2023\/01\/4331001E-1DA1-452C-B70A-C95F7323F999.jpeg",963,493,false],"thumbnail":["https:\/\/quehacerpolitico.mx\/wp-content\/uploads\/2023\/01\/4331001E-1DA1-452C-B70A-C95F7323F999-150x150.jpeg",150,150,true],"medium":["https:\/\/quehacerpolitico.mx\/wp-content\/uploads\/2023\/01\/4331001E-1DA1-452C-B70A-C95F7323F999-300x154.jpeg",300,154,true],"medium_large":["https:\/\/quehacerpolitico.mx\/wp-content\/uploads\/2023\/01\/4331001E-1DA1-452C-B70A-C95F7323F999-768x393.jpeg",640,328,true],"large":["https:\/\/quehacerpolitico.mx\/wp-content\/uploads\/2023\/01\/4331001E-1DA1-452C-B70A-C95F7323F999.jpeg",640,328,false],"1536x1536":["https:\/\/quehacerpolitico.mx\/wp-content\/uploads\/2023\/01\/4331001E-1DA1-452C-B70A-C95F7323F999.jpeg",963,493,false],"2048x2048":["https:\/\/quehacerpolitico.mx\/wp-content\/uploads\/2023\/01\/4331001E-1DA1-452C-B70A-C95F7323F999.jpeg",963,493,false],"covernews-featured":["https:\/\/quehacerpolitico.mx\/wp-content\/uploads\/2023\/01\/4331001E-1DA1-452C-B70A-C95F7323F999.jpeg",963,493,false],"covernews-medium":["https:\/\/quehacerpolitico.mx\/wp-content\/uploads\/2023\/01\/4331001E-1DA1-452C-B70A-C95F7323F999.jpeg",540,276,false]},"author_info":{"display_name":"Redacci\u00f3n QP","author_link":"https:\/\/quehacerpolitico.mx\/?author=2"},"category_info":"<a href=\"https:\/\/quehacerpolitico.mx\/?cat=56\" rel=\"category\">Econom\u00eda<\/a>","tag_info":"Econom\u00eda","comment_count":"0","_links":{"self":[{"href":"https:\/\/quehacerpolitico.mx\/index.php?rest_route=\/wp\/v2\/posts\/98000","targetHints":{"allow":["GET"]}}],"collection":[{"href":"https:\/\/quehacerpolitico.mx\/index.php?rest_route=\/wp\/v2\/posts"}],"about":[{"href":"https:\/\/quehacerpolitico.mx\/index.php?rest_route=\/wp\/v2\/types\/post"}],"author":[{"embeddable":true,"href":"https:\/\/quehacerpolitico.mx\/index.php?rest_route=\/wp\/v2\/users\/2"}],"replies":[{"embeddable":true,"href":"https:\/\/quehacerpolitico.mx\/index.php?rest_route=%2Fwp%2Fv2%2Fcomments&post=98000"}],"version-history":[{"count":1,"href":"https:\/\/quehacerpolitico.mx\/index.php?rest_route=\/wp\/v2\/posts\/98000\/revisions"}],"predecessor-version":[{"id":98002,"href":"https:\/\/quehacerpolitico.mx\/index.php?rest_route=\/wp\/v2\/posts\/98000\/revisions\/98002"}],"wp:featuredmedia":[{"embeddable":true,"href":"https:\/\/quehacerpolitico.mx\/index.php?rest_route=\/wp\/v2\/media\/98001"}],"wp:attachment":[{"href":"https:\/\/quehacerpolitico.mx\/index.php?rest_route=%2Fwp%2Fv2%2Fmedia&parent=98000"}],"wp:term":[{"taxonomy":"category","embeddable":true,"href":"https:\/\/quehacerpolitico.mx\/index.php?rest_route=%2Fwp%2Fv2%2Fcategories&post=98000"},{"taxonomy":"post_tag","embeddable":true,"href":"https:\/\/quehacerpolitico.mx\/index.php?rest_route=%2Fwp%2Fv2%2Ftags&post=98000"}],"curies":[{"name":"wp","href":"https:\/\/api.w.org\/{rel}","templated":true}]}}