{"id":97997,"date":"2023-01-06T18:22:25","date_gmt":"2023-01-06T18:22:25","guid":{"rendered":"https:\/\/quehacerpolitico.mx\/?p=97997"},"modified":"2023-01-06T18:22:32","modified_gmt":"2023-01-06T18:22:32","slug":"hay-calma-en-sinaloa-tras-detencion-de-ovidio-guzman-lopez-obrador","status":"publish","type":"post","link":"https:\/\/quehacerpolitico.mx\/?p=97997","title":{"rendered":"Hay calma en Sinaloa tras detenci\u00f3n de Ovidio Guzm\u00e1n: L\u00f3pez Obrador"},"content":{"rendered":"\n<p>Por Redacci\u00f3n QP<\/p>\n\n\n\n<p>L\u00f3pez Obrador informa que se mantendr\u00e1 la presencia de elementos de la Sedena, de la Guardia Nacional y de la polic\u00eda estatal en Sinaloa<\/p>\n\n\n\n<p>El Presidente\u00a0Andres Manuel Lopez Obrador inform\u00f3 que\u00a0<strong>se mantendr\u00e1 la presencia de elementos de la Secretar\u00eda de la Defensa Nacional (Sedena), de la Guardia Nacional y de la polic\u00eda estatal en Sinaloa<\/strong>\u00a0para proteger a la poblaci\u00f3n de esa entidad, luego del enfrentamiento de ayer para\u00a0detener a Ovidio Guzm\u00e1n Lopez, &#8220;El Rat\u00f3n&#8221;.<\/p>\n\n\n\n<figure class=\"wp-block-embed is-type-video is-provider-youtube wp-block-embed-youtube wp-embed-aspect-16-9 wp-has-aspect-ratio\"><div class=\"wp-block-embed__wrapper\">\n<iframe loading=\"lazy\" title=\"Hay calma en Sinaloa tras detenci\u00f3n de Ovidio; se mantendr\u00e1 el Ej\u00e9rcito, informa AMLO\" width=\"640\" height=\"360\" src=\"https:\/\/www.youtube.com\/embed\/E9mdLrw9HM4?feature=oembed\" frameborder=\"0\" allow=\"accelerometer; autoplay; clipboard-write; encrypted-media; gyroscope; picture-in-picture; web-share\" referrerpolicy=\"strict-origin-when-cross-origin\" allowfullscreen><\/iframe>\n<\/div><\/figure>\n\n\n\n<p>En\u00a0conferencia de prensa \u201cma\u00f1anera\u201d, L\u00f3pez Obrador\u00a0afirm\u00f3 que\u00a0<strong>en las \u00faltimas horas &#8220;hay calma&#8221; en la entidad<\/strong>\u00a0e inform\u00f3 que este viernes por la ma\u00f1ana habl\u00f3 con el gobernador de Sinaloa, Rub\u00e9n Rocha Moya, quien le asegur\u00f3 que\u00a0<strong>ya no hay bloqueos en las calles<\/strong>\u00a0y que\u00a0<strong>se est\u00e1n retirando los veh\u00edculos que fueron incendiados<\/strong>.<\/p>\n\n\n\n<p><strong>&#8220;Se va a mantener la presencia de elementos de la Secretar\u00eda de la Defensa, de la Guardia Nacional, de la polic\u00eda estatal que est\u00e1 colaborando, y que se va a tener esta protecci\u00f3n para que no haya da\u00f1os a la poblaci\u00f3n civil en todo Sinaloa. Esa es la decisi\u00f3n que se ha tomado&#8221;<\/strong>.<\/p>\n\n\n\n<p><strong>&#8220;Afortunadamente, hay una calma en estas \u00faltimas horas<\/strong>. Habl\u00e9 con el gobernador y \u00e9l me menciona que no hay grupos armados en Sinaloa, en bloqueos, que ya est\u00e1n quitando desde ayer todos los carros que fueron incendiados y utilizados para bloquear calles, precisamente en toda la ciudad, lo que me dijo hoy en la ma\u00f1ana&#8221;, indic\u00f3 L\u00f3pez Obrador.<\/p>\n\n\n\n<p>Con Informaci\u00f3n de SUN <\/p>\n","protected":false},"excerpt":{"rendered":"<p>Por Redacci\u00f3n QP L\u00f3pez Obrador informa que se mantendr\u00e1 la presencia de elementos de la&#8230;<\/p>\n","protected":false},"author":2,"featured_media":97998,"comment_status":"open","ping_status":"open","sticky":false,"template":"","format":"standard","meta":{"_monsterinsights_skip_tracking":false,"_monsterinsights_sitenote_active":false,"_monsterinsights_sitenote_note":"","_monsterinsights_sitenote_category":0,"footnotes":""},"categories":[2],"tags":[],"class_list":["post-97997","post","type-post","status-publish","format-standard","has-post-thumbnail","hentry","category-noticias"],"yoast_head":"<!-- This site is optimized with the Yoast SEO plugin v27.3 - https:\/\/yoast.com\/product\/yoast-seo-wordpress\/ -->\n<title>Hay calma en Sinaloa tras detenci\u00f3n de Ovidio Guzm\u00e1n: L\u00f3pez Obrador -<\/title>\n<meta name=\"robots\" content=\"index, follow, max-snippet:-1, max-image-preview:large, max-video-preview:-1\" \/>\n<link rel=\"canonical\" href=\"https:\/\/quehacerpolitico.mx\/?p=97997\" \/>\n<meta property=\"og:locale\" content=\"es_MX\" \/>\n<meta property=\"og:type\" content=\"article\" \/>\n<meta property=\"og:title\" content=\"Hay calma en Sinaloa tras detenci\u00f3n de Ovidio Guzm\u00e1n: L\u00f3pez Obrador -\" \/>\n<meta property=\"og:description\" content=\"Por Redacci\u00f3n QP L\u00f3pez Obrador informa que se mantendr\u00e1 la presencia de elementos de la...\" \/>\n<meta property=\"og:url\" content=\"https:\/\/quehacerpolitico.mx\/?p=97997\" \/>\n<meta property=\"article:published_time\" content=\"2023-01-06T18:22:25+00:00\" \/>\n<meta property=\"article:modified_time\" content=\"2023-01-06T18:22:32+00:00\" \/>\n<meta property=\"og:image\" content=\"https:\/\/quehacerpolitico.mx\/wp-content\/uploads\/2023\/01\/08282978-8CC8-4A0E-BE3B-63B631298722.jpeg\" \/>\n\t<meta property=\"og:image:width\" content=\"957\" \/>\n\t<meta property=\"og:image:height\" content=\"704\" \/>\n\t<meta property=\"og:image:type\" content=\"image\/jpeg\" \/>\n<meta name=\"author\" content=\"Redacci\u00f3n QP\" \/>\n<meta name=\"twitter:card\" content=\"summary_large_image\" \/>\n<meta name=\"twitter:label1\" content=\"Escrito por\" \/>\n\t<meta name=\"twitter:data1\" content=\"Redacci\u00f3n QP\" \/>\n\t<meta name=\"twitter:label2\" content=\"Tiempo de lectura\" \/>\n\t<meta name=\"twitter:data2\" content=\"1 minuto\" \/>\n<script type=\"application\/ld+json\" class=\"yoast-schema-graph\">{\"@context\":\"https:\\\/\\\/schema.org\",\"@graph\":[{\"@type\":\"Article\",\"@id\":\"https:\\\/\\\/quehacerpolitico.mx\\\/?p=97997#article\",\"isPartOf\":{\"@id\":\"https:\\\/\\\/quehacerpolitico.mx\\\/?p=97997\"},\"author\":{\"name\":\"Redacci\u00f3n QP\",\"@id\":\"https:\\\/\\\/quehacerpolitico.mx\\\/#\\\/schema\\\/person\\\/496d8ad2d1d3f8036101dca7ee39e585\"},\"headline\":\"Hay calma en Sinaloa tras detenci\u00f3n de Ovidio Guzm\u00e1n: L\u00f3pez Obrador\",\"datePublished\":\"2023-01-06T18:22:25+00:00\",\"dateModified\":\"2023-01-06T18:22:32+00:00\",\"mainEntityOfPage\":{\"@id\":\"https:\\\/\\\/quehacerpolitico.mx\\\/?p=97997\"},\"wordCount\":296,\"commentCount\":0,\"image\":{\"@id\":\"https:\\\/\\\/quehacerpolitico.mx\\\/?p=97997#primaryimage\"},\"thumbnailUrl\":\"https:\\\/\\\/quehacerpolitico.mx\\\/wp-content\\\/uploads\\\/2023\\\/01\\\/08282978-8CC8-4A0E-BE3B-63B631298722.jpeg\",\"articleSection\":[\"Noticias\"],\"inLanguage\":\"es\",\"potentialAction\":[{\"@type\":\"CommentAction\",\"name\":\"Comment\",\"target\":[\"https:\\\/\\\/quehacerpolitico.mx\\\/?p=97997#respond\"]}]},{\"@type\":\"WebPage\",\"@id\":\"https:\\\/\\\/quehacerpolitico.mx\\\/?p=97997\",\"url\":\"https:\\\/\\\/quehacerpolitico.mx\\\/?p=97997\",\"name\":\"Hay calma en Sinaloa tras detenci\u00f3n de Ovidio Guzm\u00e1n: L\u00f3pez Obrador -\",\"isPartOf\":{\"@id\":\"https:\\\/\\\/quehacerpolitico.mx\\\/#website\"},\"primaryImageOfPage\":{\"@id\":\"https:\\\/\\\/quehacerpolitico.mx\\\/?p=97997#primaryimage\"},\"image\":{\"@id\":\"https:\\\/\\\/quehacerpolitico.mx\\\/?p=97997#primaryimage\"},\"thumbnailUrl\":\"https:\\\/\\\/quehacerpolitico.mx\\\/wp-content\\\/uploads\\\/2023\\\/01\\\/08282978-8CC8-4A0E-BE3B-63B631298722.jpeg\",\"datePublished\":\"2023-01-06T18:22:25+00:00\",\"dateModified\":\"2023-01-06T18:22:32+00:00\",\"author\":{\"@id\":\"https:\\\/\\\/quehacerpolitico.mx\\\/#\\\/schema\\\/person\\\/496d8ad2d1d3f8036101dca7ee39e585\"},\"breadcrumb\":{\"@id\":\"https:\\\/\\\/quehacerpolitico.mx\\\/?p=97997#breadcrumb\"},\"inLanguage\":\"es\",\"potentialAction\":[{\"@type\":\"ReadAction\",\"target\":[\"https:\\\/\\\/quehacerpolitico.mx\\\/?p=97997\"]}]},{\"@type\":\"ImageObject\",\"inLanguage\":\"es\",\"@id\":\"https:\\\/\\\/quehacerpolitico.mx\\\/?p=97997#primaryimage\",\"url\":\"https:\\\/\\\/quehacerpolitico.mx\\\/wp-content\\\/uploads\\\/2023\\\/01\\\/08282978-8CC8-4A0E-BE3B-63B631298722.jpeg\",\"contentUrl\":\"https:\\\/\\\/quehacerpolitico.mx\\\/wp-content\\\/uploads\\\/2023\\\/01\\\/08282978-8CC8-4A0E-BE3B-63B631298722.jpeg\",\"width\":957,\"height\":704},{\"@type\":\"BreadcrumbList\",\"@id\":\"https:\\\/\\\/quehacerpolitico.mx\\\/?p=97997#breadcrumb\",\"itemListElement\":[{\"@type\":\"ListItem\",\"position\":1,\"name\":\"Inicio\",\"item\":\"https:\\\/\\\/quehacerpolitico.mx\\\/\"},{\"@type\":\"ListItem\",\"position\":2,\"name\":\"Hay calma en Sinaloa tras detenci\u00f3n de Ovidio Guzm\u00e1n: L\u00f3pez Obrador\"}]},{\"@type\":\"WebSite\",\"@id\":\"https:\\\/\\\/quehacerpolitico.mx\\\/#website\",\"url\":\"https:\\\/\\\/quehacerpolitico.mx\\\/\",\"name\":\"\",\"description\":\"\",\"potentialAction\":[{\"@type\":\"SearchAction\",\"target\":{\"@type\":\"EntryPoint\",\"urlTemplate\":\"https:\\\/\\\/quehacerpolitico.mx\\\/?s={search_term_string}\"},\"query-input\":{\"@type\":\"PropertyValueSpecification\",\"valueRequired\":true,\"valueName\":\"search_term_string\"}}],\"inLanguage\":\"es\"},{\"@type\":\"Person\",\"@id\":\"https:\\\/\\\/quehacerpolitico.mx\\\/#\\\/schema\\\/person\\\/496d8ad2d1d3f8036101dca7ee39e585\",\"name\":\"Redacci\u00f3n QP\",\"image\":{\"@type\":\"ImageObject\",\"inLanguage\":\"es\",\"@id\":\"https:\\\/\\\/secure.gravatar.com\\\/avatar\\\/c7164ed6fdec453195284ad24a5ae5b6e1eed2b848477fa2a4787ba9adf39a41?s=96&d=mm&r=g\",\"url\":\"https:\\\/\\\/secure.gravatar.com\\\/avatar\\\/c7164ed6fdec453195284ad24a5ae5b6e1eed2b848477fa2a4787ba9adf39a41?s=96&d=mm&r=g\",\"contentUrl\":\"https:\\\/\\\/secure.gravatar.com\\\/avatar\\\/c7164ed6fdec453195284ad24a5ae5b6e1eed2b848477fa2a4787ba9adf39a41?s=96&d=mm&r=g\",\"caption\":\"Redacci\u00f3n QP\"},\"url\":\"https:\\\/\\\/quehacerpolitico.mx\\\/?author=2\"}]}<\/script>\n<!-- \/ Yoast SEO plugin. -->","yoast_head_json":{"title":"Hay calma en Sinaloa tras detenci\u00f3n de Ovidio Guzm\u00e1n: L\u00f3pez Obrador -","robots":{"index":"index","follow":"follow","max-snippet":"max-snippet:-1","max-image-preview":"max-image-preview:large","max-video-preview":"max-video-preview:-1"},"canonical":"https:\/\/quehacerpolitico.mx\/?p=97997","og_locale":"es_MX","og_type":"article","og_title":"Hay calma en Sinaloa tras detenci\u00f3n de Ovidio Guzm\u00e1n: L\u00f3pez Obrador -","og_description":"Por Redacci\u00f3n QP L\u00f3pez Obrador informa que se mantendr\u00e1 la presencia de elementos de la...","og_url":"https:\/\/quehacerpolitico.mx\/?p=97997","article_published_time":"2023-01-06T18:22:25+00:00","article_modified_time":"2023-01-06T18:22:32+00:00","og_image":[{"width":957,"height":704,"url":"https:\/\/quehacerpolitico.mx\/wp-content\/uploads\/2023\/01\/08282978-8CC8-4A0E-BE3B-63B631298722.jpeg","type":"image\/jpeg"}],"author":"Redacci\u00f3n QP","twitter_card":"summary_large_image","twitter_misc":{"Escrito por":"Redacci\u00f3n QP","Tiempo de lectura":"1 minuto"},"schema":{"@context":"https:\/\/schema.org","@graph":[{"@type":"Article","@id":"https:\/\/quehacerpolitico.mx\/?p=97997#article","isPartOf":{"@id":"https:\/\/quehacerpolitico.mx\/?p=97997"},"author":{"name":"Redacci\u00f3n QP","@id":"https:\/\/quehacerpolitico.mx\/#\/schema\/person\/496d8ad2d1d3f8036101dca7ee39e585"},"headline":"Hay calma en Sinaloa tras detenci\u00f3n de Ovidio Guzm\u00e1n: L\u00f3pez Obrador","datePublished":"2023-01-06T18:22:25+00:00","dateModified":"2023-01-06T18:22:32+00:00","mainEntityOfPage":{"@id":"https:\/\/quehacerpolitico.mx\/?p=97997"},"wordCount":296,"commentCount":0,"image":{"@id":"https:\/\/quehacerpolitico.mx\/?p=97997#primaryimage"},"thumbnailUrl":"https:\/\/quehacerpolitico.mx\/wp-content\/uploads\/2023\/01\/08282978-8CC8-4A0E-BE3B-63B631298722.jpeg","articleSection":["Noticias"],"inLanguage":"es","potentialAction":[{"@type":"CommentAction","name":"Comment","target":["https:\/\/quehacerpolitico.mx\/?p=97997#respond"]}]},{"@type":"WebPage","@id":"https:\/\/quehacerpolitico.mx\/?p=97997","url":"https:\/\/quehacerpolitico.mx\/?p=97997","name":"Hay calma en Sinaloa tras detenci\u00f3n de Ovidio Guzm\u00e1n: L\u00f3pez Obrador -","isPartOf":{"@id":"https:\/\/quehacerpolitico.mx\/#website"},"primaryImageOfPage":{"@id":"https:\/\/quehacerpolitico.mx\/?p=97997#primaryimage"},"image":{"@id":"https:\/\/quehacerpolitico.mx\/?p=97997#primaryimage"},"thumbnailUrl":"https:\/\/quehacerpolitico.mx\/wp-content\/uploads\/2023\/01\/08282978-8CC8-4A0E-BE3B-63B631298722.jpeg","datePublished":"2023-01-06T18:22:25+00:00","dateModified":"2023-01-06T18:22:32+00:00","author":{"@id":"https:\/\/quehacerpolitico.mx\/#\/schema\/person\/496d8ad2d1d3f8036101dca7ee39e585"},"breadcrumb":{"@id":"https:\/\/quehacerpolitico.mx\/?p=97997#breadcrumb"},"inLanguage":"es","potentialAction":[{"@type":"ReadAction","target":["https:\/\/quehacerpolitico.mx\/?p=97997"]}]},{"@type":"ImageObject","inLanguage":"es","@id":"https:\/\/quehacerpolitico.mx\/?p=97997#primaryimage","url":"https:\/\/quehacerpolitico.mx\/wp-content\/uploads\/2023\/01\/08282978-8CC8-4A0E-BE3B-63B631298722.jpeg","contentUrl":"https:\/\/quehacerpolitico.mx\/wp-content\/uploads\/2023\/01\/08282978-8CC8-4A0E-BE3B-63B631298722.jpeg","width":957,"height":704},{"@type":"BreadcrumbList","@id":"https:\/\/quehacerpolitico.mx\/?p=97997#breadcrumb","itemListElement":[{"@type":"ListItem","position":1,"name":"Inicio","item":"https:\/\/quehacerpolitico.mx\/"},{"@type":"ListItem","position":2,"name":"Hay calma en Sinaloa tras detenci\u00f3n de Ovidio Guzm\u00e1n: L\u00f3pez Obrador"}]},{"@type":"WebSite","@id":"https:\/\/quehacerpolitico.mx\/#website","url":"https:\/\/quehacerpolitico.mx\/","name":"","description":"","potentialAction":[{"@type":"SearchAction","target":{"@type":"EntryPoint","urlTemplate":"https:\/\/quehacerpolitico.mx\/?s={search_term_string}"},"query-input":{"@type":"PropertyValueSpecification","valueRequired":true,"valueName":"search_term_string"}}],"inLanguage":"es"},{"@type":"Person","@id":"https:\/\/quehacerpolitico.mx\/#\/schema\/person\/496d8ad2d1d3f8036101dca7ee39e585","name":"Redacci\u00f3n QP","image":{"@type":"ImageObject","inLanguage":"es","@id":"https:\/\/secure.gravatar.com\/avatar\/c7164ed6fdec453195284ad24a5ae5b6e1eed2b848477fa2a4787ba9adf39a41?s=96&d=mm&r=g","url":"https:\/\/secure.gravatar.com\/avatar\/c7164ed6fdec453195284ad24a5ae5b6e1eed2b848477fa2a4787ba9adf39a41?s=96&d=mm&r=g","contentUrl":"https:\/\/secure.gravatar.com\/avatar\/c7164ed6fdec453195284ad24a5ae5b6e1eed2b848477fa2a4787ba9adf39a41?s=96&d=mm&r=g","caption":"Redacci\u00f3n QP"},"url":"https:\/\/quehacerpolitico.mx\/?author=2"}]}},"featured_image_urls":{"full":["https:\/\/quehacerpolitico.mx\/wp-content\/uploads\/2023\/01\/08282978-8CC8-4A0E-BE3B-63B631298722.jpeg",957,704,false],"thumbnail":["https:\/\/quehacerpolitico.mx\/wp-content\/uploads\/2023\/01\/08282978-8CC8-4A0E-BE3B-63B631298722-150x150.jpeg",150,150,true],"medium":["https:\/\/quehacerpolitico.mx\/wp-content\/uploads\/2023\/01\/08282978-8CC8-4A0E-BE3B-63B631298722-300x221.jpeg",300,221,true],"medium_large":["https:\/\/quehacerpolitico.mx\/wp-content\/uploads\/2023\/01\/08282978-8CC8-4A0E-BE3B-63B631298722-768x565.jpeg",640,471,true],"large":["https:\/\/quehacerpolitico.mx\/wp-content\/uploads\/2023\/01\/08282978-8CC8-4A0E-BE3B-63B631298722.jpeg",640,471,false],"1536x1536":["https:\/\/quehacerpolitico.mx\/wp-content\/uploads\/2023\/01\/08282978-8CC8-4A0E-BE3B-63B631298722.jpeg",957,704,false],"2048x2048":["https:\/\/quehacerpolitico.mx\/wp-content\/uploads\/2023\/01\/08282978-8CC8-4A0E-BE3B-63B631298722.jpeg",957,704,false],"covernews-featured":["https:\/\/quehacerpolitico.mx\/wp-content\/uploads\/2023\/01\/08282978-8CC8-4A0E-BE3B-63B631298722.jpeg",957,704,false],"covernews-medium":["https:\/\/quehacerpolitico.mx\/wp-content\/uploads\/2023\/01\/08282978-8CC8-4A0E-BE3B-63B631298722.jpeg",462,340,false]},"author_info":{"display_name":"Redacci\u00f3n QP","author_link":"https:\/\/quehacerpolitico.mx\/?author=2"},"category_info":"<a href=\"https:\/\/quehacerpolitico.mx\/?cat=2\" rel=\"category\">Noticias<\/a>","tag_info":"Noticias","comment_count":"0","_links":{"self":[{"href":"https:\/\/quehacerpolitico.mx\/index.php?rest_route=\/wp\/v2\/posts\/97997","targetHints":{"allow":["GET"]}}],"collection":[{"href":"https:\/\/quehacerpolitico.mx\/index.php?rest_route=\/wp\/v2\/posts"}],"about":[{"href":"https:\/\/quehacerpolitico.mx\/index.php?rest_route=\/wp\/v2\/types\/post"}],"author":[{"embeddable":true,"href":"https:\/\/quehacerpolitico.mx\/index.php?rest_route=\/wp\/v2\/users\/2"}],"replies":[{"embeddable":true,"href":"https:\/\/quehacerpolitico.mx\/index.php?rest_route=%2Fwp%2Fv2%2Fcomments&post=97997"}],"version-history":[{"count":1,"href":"https:\/\/quehacerpolitico.mx\/index.php?rest_route=\/wp\/v2\/posts\/97997\/revisions"}],"predecessor-version":[{"id":97999,"href":"https:\/\/quehacerpolitico.mx\/index.php?rest_route=\/wp\/v2\/posts\/97997\/revisions\/97999"}],"wp:featuredmedia":[{"embeddable":true,"href":"https:\/\/quehacerpolitico.mx\/index.php?rest_route=\/wp\/v2\/media\/97998"}],"wp:attachment":[{"href":"https:\/\/quehacerpolitico.mx\/index.php?rest_route=%2Fwp%2Fv2%2Fmedia&parent=97997"}],"wp:term":[{"taxonomy":"category","embeddable":true,"href":"https:\/\/quehacerpolitico.mx\/index.php?rest_route=%2Fwp%2Fv2%2Fcategories&post=97997"},{"taxonomy":"post_tag","embeddable":true,"href":"https:\/\/quehacerpolitico.mx\/index.php?rest_route=%2Fwp%2Fv2%2Ftags&post=97997"}],"curies":[{"name":"wp","href":"https:\/\/api.w.org\/{rel}","templated":true}]}}