{"id":97991,"date":"2023-01-06T17:58:34","date_gmt":"2023-01-06T17:58:34","guid":{"rendered":"https:\/\/quehacerpolitico.mx\/?p=97991"},"modified":"2023-01-06T17:58:37","modified_gmt":"2023-01-06T17:58:37","slug":"lopez-obrador-lamenta-muertes-de-militares-en-operativo-de-ovidio-guzman","status":"publish","type":"post","link":"https:\/\/quehacerpolitico.mx\/?p=97991","title":{"rendered":"L\u00f3pez Obrador lamenta muertes de militares en operativo de Ovidio Guzm\u00e1n"},"content":{"rendered":"\n<p>Por Redacci\u00f3n QP<\/p>\n\n\n\n<p>L\u00f3pez Obrador afirma que se actu\u00f3 de manera responsable para cuidar a la poblaci\u00f3n civil y no hubo v\u00edctimas inocentes<\/p>\n\n\n\n<p>El Presidente\u00a0Andres Manuel Lopez Obrador afirm\u00f3 que gracias al apoyo del gobierno de Sinaloa y de los municipios de esa entidad, el operativo para\u00a0detener a Ovidio Guzm\u00e1n Lopez \u201cEl Rat\u00f3n\u201d hijo de Joaqu\u00edn &#8220;Chapo&#8221; Chapo Guzm\u00e1n, permiti\u00f3 que las cosas\u00a0<strong>&#8220;no fuesen m\u00e1s dif\u00edciles o dram\u00e1ticas&#8221;<\/strong>.<\/p>\n\n\n\n<figure class=\"wp-block-embed is-type-video is-provider-youtube wp-block-embed-youtube wp-embed-aspect-16-9 wp-has-aspect-ratio\"><div class=\"wp-block-embed__wrapper\">\n<iframe loading=\"lazy\" title=\"Lamenta AMLO muertes de militares y \u201cde seres humanos\u201d en operativo Ovidio Guzm\u00e1n\" width=\"640\" height=\"360\" src=\"https:\/\/www.youtube.com\/embed\/CgBHF_1W6pw?feature=oembed\" frameborder=\"0\" allow=\"accelerometer; autoplay; clipboard-write; encrypted-media; gyroscope; picture-in-picture; web-share\" referrerpolicy=\"strict-origin-when-cross-origin\" allowfullscreen><\/iframe>\n<\/div><\/figure>\n\n\n\n<p>En su\u00a0conferencia \u201cma\u00f1anera\u201d de este viernes en Palacio Nacional, y en compa\u00f1\u00eda del Gabinete de Seguridad,\u00a0<strong>L\u00f3pez Obrador lament\u00f3 &#8220;todas&#8221; las p\u00e9rdidas de vida que ocasionaron los enfrentamientos en esa entidad<\/strong>.<\/p>\n\n\n\n<p>Afirm\u00f3 que\u00a0<strong>se actu\u00f3 de manera responsable<\/strong>\u00a0para cuidar a la poblaci\u00f3n civil y no hubo v\u00edctimas inocentes.<\/p>\n\n\n\n<p><strong>&#8220;Afortunadamente, tambi\u00e9n se cont\u00f3 con el apoyo del gobierno del Estado, el gobernador Rub\u00e9n Rocha, de autoridades municipales, y todo esto permiti\u00f3 que las cosas no fuesen m\u00e1s dif\u00edciles, dram\u00e1ticas, aun cuando hubo enfrentamientos entre la delincuencia, entre las autoridades, con las corporaciones del Ej\u00e9rcito, de la Guardia Nacional, de la guardia civil, y con los grupos de la delincuencia&#8221;<\/strong>, dijo L\u00f3pez Obrador.<\/p>\n\n\n\n<p><strong>&#8220;Lamentamos mucho la p\u00e9rdida de vidas, desde luego, de quienes perdieron la vida en cumplimiento de su deber como soldados y miembros de la Guardia y tambi\u00e9n lamentamos todas las p\u00e9rdidas de vidas de los seres humanos que el d\u00eda de ayer participaron en estos enfrentamientos<\/strong>&#8220;, dijo.<\/p>\n\n\n\n<p>Con Informaci\u00f3n de SUN <\/p>\n","protected":false},"excerpt":{"rendered":"<p>Por Redacci\u00f3n QP L\u00f3pez Obrador afirma que se actu\u00f3 de manera responsable para cuidar a&#8230;<\/p>\n","protected":false},"author":2,"featured_media":97992,"comment_status":"open","ping_status":"open","sticky":false,"template":"","format":"standard","meta":{"_monsterinsights_skip_tracking":false,"_monsterinsights_sitenote_active":false,"_monsterinsights_sitenote_note":"","_monsterinsights_sitenote_category":0,"footnotes":""},"categories":[2],"tags":[],"class_list":["post-97991","post","type-post","status-publish","format-standard","has-post-thumbnail","hentry","category-noticias"],"yoast_head":"<!-- This site is optimized with the Yoast SEO plugin v27.3 - https:\/\/yoast.com\/product\/yoast-seo-wordpress\/ -->\n<title>L\u00f3pez Obrador lamenta muertes de militares en operativo de Ovidio Guzm\u00e1n -<\/title>\n<meta name=\"robots\" content=\"index, follow, max-snippet:-1, max-image-preview:large, max-video-preview:-1\" \/>\n<link rel=\"canonical\" href=\"https:\/\/quehacerpolitico.mx\/?p=97991\" \/>\n<meta property=\"og:locale\" content=\"es_MX\" \/>\n<meta property=\"og:type\" content=\"article\" \/>\n<meta property=\"og:title\" content=\"L\u00f3pez Obrador lamenta muertes de militares en operativo de Ovidio Guzm\u00e1n -\" \/>\n<meta property=\"og:description\" content=\"Por Redacci\u00f3n QP L\u00f3pez Obrador afirma que se actu\u00f3 de manera responsable para cuidar a...\" \/>\n<meta property=\"og:url\" content=\"https:\/\/quehacerpolitico.mx\/?p=97991\" \/>\n<meta property=\"article:published_time\" content=\"2023-01-06T17:58:34+00:00\" \/>\n<meta property=\"article:modified_time\" content=\"2023-01-06T17:58:37+00:00\" \/>\n<meta property=\"og:image\" content=\"https:\/\/quehacerpolitico.mx\/wp-content\/uploads\/2023\/01\/F7D4461C-CC7D-430E-B2B0-063F5312CC3A.jpeg\" \/>\n\t<meta property=\"og:image:width\" content=\"962\" \/>\n\t<meta property=\"og:image:height\" content=\"676\" \/>\n\t<meta property=\"og:image:type\" content=\"image\/jpeg\" \/>\n<meta name=\"author\" content=\"Redacci\u00f3n QP\" \/>\n<meta name=\"twitter:card\" content=\"summary_large_image\" \/>\n<meta name=\"twitter:label1\" content=\"Escrito por\" \/>\n\t<meta name=\"twitter:data1\" content=\"Redacci\u00f3n QP\" \/>\n\t<meta name=\"twitter:label2\" content=\"Tiempo de lectura\" \/>\n\t<meta name=\"twitter:data2\" content=\"1 minuto\" \/>\n<script type=\"application\/ld+json\" class=\"yoast-schema-graph\">{\"@context\":\"https:\\\/\\\/schema.org\",\"@graph\":[{\"@type\":\"Article\",\"@id\":\"https:\\\/\\\/quehacerpolitico.mx\\\/?p=97991#article\",\"isPartOf\":{\"@id\":\"https:\\\/\\\/quehacerpolitico.mx\\\/?p=97991\"},\"author\":{\"name\":\"Redacci\u00f3n QP\",\"@id\":\"https:\\\/\\\/quehacerpolitico.mx\\\/#\\\/schema\\\/person\\\/496d8ad2d1d3f8036101dca7ee39e585\"},\"headline\":\"L\u00f3pez Obrador lamenta muertes de militares en operativo de Ovidio Guzm\u00e1n\",\"datePublished\":\"2023-01-06T17:58:34+00:00\",\"dateModified\":\"2023-01-06T17:58:37+00:00\",\"mainEntityOfPage\":{\"@id\":\"https:\\\/\\\/quehacerpolitico.mx\\\/?p=97991\"},\"wordCount\":283,\"commentCount\":0,\"image\":{\"@id\":\"https:\\\/\\\/quehacerpolitico.mx\\\/?p=97991#primaryimage\"},\"thumbnailUrl\":\"https:\\\/\\\/quehacerpolitico.mx\\\/wp-content\\\/uploads\\\/2023\\\/01\\\/F7D4461C-CC7D-430E-B2B0-063F5312CC3A.jpeg\",\"articleSection\":[\"Noticias\"],\"inLanguage\":\"es\",\"potentialAction\":[{\"@type\":\"CommentAction\",\"name\":\"Comment\",\"target\":[\"https:\\\/\\\/quehacerpolitico.mx\\\/?p=97991#respond\"]}]},{\"@type\":\"WebPage\",\"@id\":\"https:\\\/\\\/quehacerpolitico.mx\\\/?p=97991\",\"url\":\"https:\\\/\\\/quehacerpolitico.mx\\\/?p=97991\",\"name\":\"L\u00f3pez Obrador lamenta muertes de militares en operativo de Ovidio Guzm\u00e1n -\",\"isPartOf\":{\"@id\":\"https:\\\/\\\/quehacerpolitico.mx\\\/#website\"},\"primaryImageOfPage\":{\"@id\":\"https:\\\/\\\/quehacerpolitico.mx\\\/?p=97991#primaryimage\"},\"image\":{\"@id\":\"https:\\\/\\\/quehacerpolitico.mx\\\/?p=97991#primaryimage\"},\"thumbnailUrl\":\"https:\\\/\\\/quehacerpolitico.mx\\\/wp-content\\\/uploads\\\/2023\\\/01\\\/F7D4461C-CC7D-430E-B2B0-063F5312CC3A.jpeg\",\"datePublished\":\"2023-01-06T17:58:34+00:00\",\"dateModified\":\"2023-01-06T17:58:37+00:00\",\"author\":{\"@id\":\"https:\\\/\\\/quehacerpolitico.mx\\\/#\\\/schema\\\/person\\\/496d8ad2d1d3f8036101dca7ee39e585\"},\"breadcrumb\":{\"@id\":\"https:\\\/\\\/quehacerpolitico.mx\\\/?p=97991#breadcrumb\"},\"inLanguage\":\"es\",\"potentialAction\":[{\"@type\":\"ReadAction\",\"target\":[\"https:\\\/\\\/quehacerpolitico.mx\\\/?p=97991\"]}]},{\"@type\":\"ImageObject\",\"inLanguage\":\"es\",\"@id\":\"https:\\\/\\\/quehacerpolitico.mx\\\/?p=97991#primaryimage\",\"url\":\"https:\\\/\\\/quehacerpolitico.mx\\\/wp-content\\\/uploads\\\/2023\\\/01\\\/F7D4461C-CC7D-430E-B2B0-063F5312CC3A.jpeg\",\"contentUrl\":\"https:\\\/\\\/quehacerpolitico.mx\\\/wp-content\\\/uploads\\\/2023\\\/01\\\/F7D4461C-CC7D-430E-B2B0-063F5312CC3A.jpeg\",\"width\":962,\"height\":676},{\"@type\":\"BreadcrumbList\",\"@id\":\"https:\\\/\\\/quehacerpolitico.mx\\\/?p=97991#breadcrumb\",\"itemListElement\":[{\"@type\":\"ListItem\",\"position\":1,\"name\":\"Inicio\",\"item\":\"https:\\\/\\\/quehacerpolitico.mx\\\/\"},{\"@type\":\"ListItem\",\"position\":2,\"name\":\"L\u00f3pez Obrador lamenta muertes de militares en operativo de Ovidio Guzm\u00e1n\"}]},{\"@type\":\"WebSite\",\"@id\":\"https:\\\/\\\/quehacerpolitico.mx\\\/#website\",\"url\":\"https:\\\/\\\/quehacerpolitico.mx\\\/\",\"name\":\"\",\"description\":\"\",\"potentialAction\":[{\"@type\":\"SearchAction\",\"target\":{\"@type\":\"EntryPoint\",\"urlTemplate\":\"https:\\\/\\\/quehacerpolitico.mx\\\/?s={search_term_string}\"},\"query-input\":{\"@type\":\"PropertyValueSpecification\",\"valueRequired\":true,\"valueName\":\"search_term_string\"}}],\"inLanguage\":\"es\"},{\"@type\":\"Person\",\"@id\":\"https:\\\/\\\/quehacerpolitico.mx\\\/#\\\/schema\\\/person\\\/496d8ad2d1d3f8036101dca7ee39e585\",\"name\":\"Redacci\u00f3n QP\",\"image\":{\"@type\":\"ImageObject\",\"inLanguage\":\"es\",\"@id\":\"https:\\\/\\\/secure.gravatar.com\\\/avatar\\\/c7164ed6fdec453195284ad24a5ae5b6e1eed2b848477fa2a4787ba9adf39a41?s=96&d=mm&r=g\",\"url\":\"https:\\\/\\\/secure.gravatar.com\\\/avatar\\\/c7164ed6fdec453195284ad24a5ae5b6e1eed2b848477fa2a4787ba9adf39a41?s=96&d=mm&r=g\",\"contentUrl\":\"https:\\\/\\\/secure.gravatar.com\\\/avatar\\\/c7164ed6fdec453195284ad24a5ae5b6e1eed2b848477fa2a4787ba9adf39a41?s=96&d=mm&r=g\",\"caption\":\"Redacci\u00f3n QP\"},\"url\":\"https:\\\/\\\/quehacerpolitico.mx\\\/?author=2\"}]}<\/script>\n<!-- \/ Yoast SEO plugin. -->","yoast_head_json":{"title":"L\u00f3pez Obrador lamenta muertes de militares en operativo de Ovidio Guzm\u00e1n -","robots":{"index":"index","follow":"follow","max-snippet":"max-snippet:-1","max-image-preview":"max-image-preview:large","max-video-preview":"max-video-preview:-1"},"canonical":"https:\/\/quehacerpolitico.mx\/?p=97991","og_locale":"es_MX","og_type":"article","og_title":"L\u00f3pez Obrador lamenta muertes de militares en operativo de Ovidio Guzm\u00e1n -","og_description":"Por Redacci\u00f3n QP L\u00f3pez Obrador afirma que se actu\u00f3 de manera responsable para cuidar a...","og_url":"https:\/\/quehacerpolitico.mx\/?p=97991","article_published_time":"2023-01-06T17:58:34+00:00","article_modified_time":"2023-01-06T17:58:37+00:00","og_image":[{"width":962,"height":676,"url":"https:\/\/quehacerpolitico.mx\/wp-content\/uploads\/2023\/01\/F7D4461C-CC7D-430E-B2B0-063F5312CC3A.jpeg","type":"image\/jpeg"}],"author":"Redacci\u00f3n QP","twitter_card":"summary_large_image","twitter_misc":{"Escrito por":"Redacci\u00f3n QP","Tiempo de lectura":"1 minuto"},"schema":{"@context":"https:\/\/schema.org","@graph":[{"@type":"Article","@id":"https:\/\/quehacerpolitico.mx\/?p=97991#article","isPartOf":{"@id":"https:\/\/quehacerpolitico.mx\/?p=97991"},"author":{"name":"Redacci\u00f3n QP","@id":"https:\/\/quehacerpolitico.mx\/#\/schema\/person\/496d8ad2d1d3f8036101dca7ee39e585"},"headline":"L\u00f3pez Obrador lamenta muertes de militares en operativo de Ovidio Guzm\u00e1n","datePublished":"2023-01-06T17:58:34+00:00","dateModified":"2023-01-06T17:58:37+00:00","mainEntityOfPage":{"@id":"https:\/\/quehacerpolitico.mx\/?p=97991"},"wordCount":283,"commentCount":0,"image":{"@id":"https:\/\/quehacerpolitico.mx\/?p=97991#primaryimage"},"thumbnailUrl":"https:\/\/quehacerpolitico.mx\/wp-content\/uploads\/2023\/01\/F7D4461C-CC7D-430E-B2B0-063F5312CC3A.jpeg","articleSection":["Noticias"],"inLanguage":"es","potentialAction":[{"@type":"CommentAction","name":"Comment","target":["https:\/\/quehacerpolitico.mx\/?p=97991#respond"]}]},{"@type":"WebPage","@id":"https:\/\/quehacerpolitico.mx\/?p=97991","url":"https:\/\/quehacerpolitico.mx\/?p=97991","name":"L\u00f3pez Obrador lamenta muertes de militares en operativo de Ovidio Guzm\u00e1n -","isPartOf":{"@id":"https:\/\/quehacerpolitico.mx\/#website"},"primaryImageOfPage":{"@id":"https:\/\/quehacerpolitico.mx\/?p=97991#primaryimage"},"image":{"@id":"https:\/\/quehacerpolitico.mx\/?p=97991#primaryimage"},"thumbnailUrl":"https:\/\/quehacerpolitico.mx\/wp-content\/uploads\/2023\/01\/F7D4461C-CC7D-430E-B2B0-063F5312CC3A.jpeg","datePublished":"2023-01-06T17:58:34+00:00","dateModified":"2023-01-06T17:58:37+00:00","author":{"@id":"https:\/\/quehacerpolitico.mx\/#\/schema\/person\/496d8ad2d1d3f8036101dca7ee39e585"},"breadcrumb":{"@id":"https:\/\/quehacerpolitico.mx\/?p=97991#breadcrumb"},"inLanguage":"es","potentialAction":[{"@type":"ReadAction","target":["https:\/\/quehacerpolitico.mx\/?p=97991"]}]},{"@type":"ImageObject","inLanguage":"es","@id":"https:\/\/quehacerpolitico.mx\/?p=97991#primaryimage","url":"https:\/\/quehacerpolitico.mx\/wp-content\/uploads\/2023\/01\/F7D4461C-CC7D-430E-B2B0-063F5312CC3A.jpeg","contentUrl":"https:\/\/quehacerpolitico.mx\/wp-content\/uploads\/2023\/01\/F7D4461C-CC7D-430E-B2B0-063F5312CC3A.jpeg","width":962,"height":676},{"@type":"BreadcrumbList","@id":"https:\/\/quehacerpolitico.mx\/?p=97991#breadcrumb","itemListElement":[{"@type":"ListItem","position":1,"name":"Inicio","item":"https:\/\/quehacerpolitico.mx\/"},{"@type":"ListItem","position":2,"name":"L\u00f3pez Obrador lamenta muertes de militares en operativo de Ovidio Guzm\u00e1n"}]},{"@type":"WebSite","@id":"https:\/\/quehacerpolitico.mx\/#website","url":"https:\/\/quehacerpolitico.mx\/","name":"","description":"","potentialAction":[{"@type":"SearchAction","target":{"@type":"EntryPoint","urlTemplate":"https:\/\/quehacerpolitico.mx\/?s={search_term_string}"},"query-input":{"@type":"PropertyValueSpecification","valueRequired":true,"valueName":"search_term_string"}}],"inLanguage":"es"},{"@type":"Person","@id":"https:\/\/quehacerpolitico.mx\/#\/schema\/person\/496d8ad2d1d3f8036101dca7ee39e585","name":"Redacci\u00f3n QP","image":{"@type":"ImageObject","inLanguage":"es","@id":"https:\/\/secure.gravatar.com\/avatar\/c7164ed6fdec453195284ad24a5ae5b6e1eed2b848477fa2a4787ba9adf39a41?s=96&d=mm&r=g","url":"https:\/\/secure.gravatar.com\/avatar\/c7164ed6fdec453195284ad24a5ae5b6e1eed2b848477fa2a4787ba9adf39a41?s=96&d=mm&r=g","contentUrl":"https:\/\/secure.gravatar.com\/avatar\/c7164ed6fdec453195284ad24a5ae5b6e1eed2b848477fa2a4787ba9adf39a41?s=96&d=mm&r=g","caption":"Redacci\u00f3n QP"},"url":"https:\/\/quehacerpolitico.mx\/?author=2"}]}},"featured_image_urls":{"full":["https:\/\/quehacerpolitico.mx\/wp-content\/uploads\/2023\/01\/F7D4461C-CC7D-430E-B2B0-063F5312CC3A.jpeg",962,676,false],"thumbnail":["https:\/\/quehacerpolitico.mx\/wp-content\/uploads\/2023\/01\/F7D4461C-CC7D-430E-B2B0-063F5312CC3A-150x150.jpeg",150,150,true],"medium":["https:\/\/quehacerpolitico.mx\/wp-content\/uploads\/2023\/01\/F7D4461C-CC7D-430E-B2B0-063F5312CC3A-300x211.jpeg",300,211,true],"medium_large":["https:\/\/quehacerpolitico.mx\/wp-content\/uploads\/2023\/01\/F7D4461C-CC7D-430E-B2B0-063F5312CC3A-768x540.jpeg",640,450,true],"large":["https:\/\/quehacerpolitico.mx\/wp-content\/uploads\/2023\/01\/F7D4461C-CC7D-430E-B2B0-063F5312CC3A.jpeg",640,450,false],"1536x1536":["https:\/\/quehacerpolitico.mx\/wp-content\/uploads\/2023\/01\/F7D4461C-CC7D-430E-B2B0-063F5312CC3A.jpeg",962,676,false],"2048x2048":["https:\/\/quehacerpolitico.mx\/wp-content\/uploads\/2023\/01\/F7D4461C-CC7D-430E-B2B0-063F5312CC3A.jpeg",962,676,false],"covernews-featured":["https:\/\/quehacerpolitico.mx\/wp-content\/uploads\/2023\/01\/F7D4461C-CC7D-430E-B2B0-063F5312CC3A.jpeg",962,676,false],"covernews-medium":["https:\/\/quehacerpolitico.mx\/wp-content\/uploads\/2023\/01\/F7D4461C-CC7D-430E-B2B0-063F5312CC3A.jpeg",484,340,false]},"author_info":{"display_name":"Redacci\u00f3n QP","author_link":"https:\/\/quehacerpolitico.mx\/?author=2"},"category_info":"<a href=\"https:\/\/quehacerpolitico.mx\/?cat=2\" rel=\"category\">Noticias<\/a>","tag_info":"Noticias","comment_count":"0","_links":{"self":[{"href":"https:\/\/quehacerpolitico.mx\/index.php?rest_route=\/wp\/v2\/posts\/97991","targetHints":{"allow":["GET"]}}],"collection":[{"href":"https:\/\/quehacerpolitico.mx\/index.php?rest_route=\/wp\/v2\/posts"}],"about":[{"href":"https:\/\/quehacerpolitico.mx\/index.php?rest_route=\/wp\/v2\/types\/post"}],"author":[{"embeddable":true,"href":"https:\/\/quehacerpolitico.mx\/index.php?rest_route=\/wp\/v2\/users\/2"}],"replies":[{"embeddable":true,"href":"https:\/\/quehacerpolitico.mx\/index.php?rest_route=%2Fwp%2Fv2%2Fcomments&post=97991"}],"version-history":[{"count":1,"href":"https:\/\/quehacerpolitico.mx\/index.php?rest_route=\/wp\/v2\/posts\/97991\/revisions"}],"predecessor-version":[{"id":97993,"href":"https:\/\/quehacerpolitico.mx\/index.php?rest_route=\/wp\/v2\/posts\/97991\/revisions\/97993"}],"wp:featuredmedia":[{"embeddable":true,"href":"https:\/\/quehacerpolitico.mx\/index.php?rest_route=\/wp\/v2\/media\/97992"}],"wp:attachment":[{"href":"https:\/\/quehacerpolitico.mx\/index.php?rest_route=%2Fwp%2Fv2%2Fmedia&parent=97991"}],"wp:term":[{"taxonomy":"category","embeddable":true,"href":"https:\/\/quehacerpolitico.mx\/index.php?rest_route=%2Fwp%2Fv2%2Fcategories&post=97991"},{"taxonomy":"post_tag","embeddable":true,"href":"https:\/\/quehacerpolitico.mx\/index.php?rest_route=%2Fwp%2Fv2%2Ftags&post=97991"}],"curies":[{"name":"wp","href":"https:\/\/api.w.org\/{rel}","templated":true}]}}