{"id":97978,"date":"2023-01-02T19:45:22","date_gmt":"2023-01-02T19:45:22","guid":{"rendered":"https:\/\/quehacerpolitico.mx\/?p=97978"},"modified":"2023-01-02T19:45:26","modified_gmt":"2023-01-02T19:45:26","slug":"ministra-esquivel-no-plagio-tesis-concluye-fiscalia-de-la-cdmx","status":"publish","type":"post","link":"https:\/\/quehacerpolitico.mx\/?p=97978","title":{"rendered":"Ministra Esquivel no plagi\u00f3 tesis, concluye Fiscal\u00eda de la CDMX"},"content":{"rendered":"\n<p>Por Redacci\u00f3n QP<\/p>\n\n\n\n<p>Despu\u00e9s de la controversia en la que se vio envuelta la ministra\u00a0Esquivel Mossa, la Fiscal\u00eda de la CDMX\u00a0afirm\u00f3\u00a0que no hubo plagio en su tesis<\/p>\n\n\n\n<p><strong>En seis d\u00edas, la Fiscal\u00eda General de Justicia de CDMX\u00a0determin\u00f3 que la ministra Yasm\u00edn Esquivel Mossa &#8220;no copi\u00f3 ni en partes ni en su totalidad&#8221; la tesis de licenciatura de \u00c9dgar Ulises B\u00e1ez Guti\u00e9rrez, sino que por el contrario, este \u00faltimo tom\u00f3 &#8220;varias referencias y texto&#8221; del proyecto que comenz\u00f3 en 1985 la actual aspirante a la presidencia de la Suprema Corte.<\/strong><\/p>\n\n\n\n<figure class=\"wp-block-embed is-type-video is-provider-youtube wp-block-embed-youtube wp-embed-aspect-16-9 wp-has-aspect-ratio\"><div class=\"wp-block-embed__wrapper\">\n<iframe loading=\"lazy\" title=\"Ministra Esquivel no plagi\u00f3 tesis: determina FGJ\" width=\"640\" height=\"360\" src=\"https:\/\/www.youtube.com\/embed\/6kXc1Hm5xxw?feature=oembed\" frameborder=\"0\" allow=\"accelerometer; autoplay; clipboard-write; encrypted-media; gyroscope; picture-in-picture; web-share\" referrerpolicy=\"strict-origin-when-cross-origin\" allowfullscreen><\/iframe>\n<\/div><\/figure>\n\n\n\n<p>La instituci\u00f3n encabezada por la fiscal Ernestina Godoy Ramos no ejercer\u00e1 acci\u00f3n penal contra el abogado B\u00e1ez Guti\u00e9rrez, debido a que los hechos que pudieron haber ocurrido datan de 1986 y 1987, fecha en la que estaba vigente la Ley Federal de Derechos de Autor publicada en 1963.<\/p>\n\n\n\n<p>El 24 de diciembre de 2022, Esquivel Mossa present\u00f3 ante la fiscal\u00eda capitalina una denuncia de hechos contra quien o quienes resulten responsables del presunto plagio de su trabajo de titulaci\u00f3n.\u00a0<strong>Derivado de los datos de prueba obtenidos durante la investigaci\u00f3n, espec\u00edficamente de la ministra, la agente del Ministerio P\u00fablico Araceli G\u00f3mez de los Santos resolvi\u00f3 el 30 de diciembre pasado\u00a0<\/strong>que &#8220;es evidente que Yasm\u00edn Esquivel Mossa es la autora original de la tesis Inoperancia de los Sindicatos en los Trabajadores de Confianza del art\u00edculo 123 apartado A&#8221;.<\/p>\n\n\n\n<p>Lo anterior, porque seg\u00fan el documento de la fiscal\u00eda capitalina, \u00c9dgar Ulises B\u00e1ez Guti\u00e9rrez admiti\u00f3 ante la maestra Martha Rodr\u00edguez Ortiz, asesora de ambas tesis, que c<strong>opi\u00f3 segmentos del proyecto que Esquivel Mossa inici\u00f3 para obtener el t\u00edtulo de licenciada en Derecho, y registr\u00f3 en la entonces ENEP Arag\u00f3n de la UNAM<\/strong>.&nbsp;Posteriormente, Rodr\u00edguez Ortiz declar\u00f3 ante notario p\u00fablico que B\u00e1ez Guti\u00e9rrez hizo esas admisiones por medio de una carta que le envi\u00f3 a su domicilio.<\/p>\n\n\n\n<p>La fiscal\u00eda se\u00f1al\u00f3 que la maestra present\u00f3 la carta firmada por \u00c9dgar Ulises B\u00e1ez Guti\u00e9rrez, que le lleg\u00f3 al buz\u00f3n de correo de su domicilio,\u00a0<strong>en la que presuntamente confes\u00f3 que plagi\u00f3 el trabajo de tesis de la ministra porque necesitaba concluir la carrera r\u00e1pido. El personal de la fiscal\u00eda incorpor\u00f3 a la indagatoria dict\u00e1menes periciales en inform\u00e1tica forense\u00a0<\/strong>y documentoscopia del abogado particular de la ministra, con base en los cuales concluye que el trabajo acad\u00e9mico de la ministra se subi\u00f3 al repositorio TESIUNAM antes que el de B\u00e1ez Guti\u00e9rrez, y que fue modificado de manera ilegal.<\/p>\n\n\n\n<p>As\u00ed como cuatro hojas originales correspondientes al proyecto de capitulado de su tesis, siendo la primera la car\u00e1tula, que tiene la leyenda &#8220;dic 85&#8221; y una r\u00fabrica, que no presentan alteraci\u00f3n y s\u00f3lo presentan envejecimiento propio del tiempo.<strong>Adem\u00e1s, Rodr\u00edguez Ortiz manifest\u00f3 que dicha carta tra\u00eda anexa una copia de la c\u00e9dula profesional de B\u00e1ez Guti\u00e9rrez, documentos que se integraron a la investigaci\u00f3n.<br>El 29 de diciembre, la maestra Martha Rodr\u00edguez Ortiz&nbsp;<\/strong>declar\u00f3 en calidad de testigo ante la fiscal\u00eda capitalina que ella acudi\u00f3 al domicilio del abogado B\u00e1ez Guti\u00e9rrez, quien le confirm\u00f3 que \u00e9l redact\u00f3 el documento que lleg\u00f3 a su domicilio.<\/p>\n\n\n\n<p>&#8220;Siendo las ocho horas con treinta minutos del veintinueve de diciembre de dos mil veintid\u00f3s me constitu\u00ed en el inmueble (\u2026) donde se encontraba mi requirente y el se\u00f1or<strong>\u00a0\u00c9dgar\u00a0Ulises\u00a0B\u00e1ezGuti\u00e9rrez, quien se identific\u00f3 con su c\u00e9dula profesional n\u00famero\u00a01094599, expedido por la\u00a0SEP, y que en este acto dicha persona me exhibe un documento de fecha 27 de diciembre,<\/strong>\u00fanicamente por el anverso, del cual me manifiesta que \u00e9l lo redact\u00f3 y conoce su contenido y alcance legal del mismo, toda vez que es licenciado en Derecho, del cual solicita que en este acto se firme ante mi persona, por lo que dicho se\u00f1or procede a poner ante m\u00ed su firma y ratifica el contenido&#8221;.<\/p>\n\n\n\n<p>En la carta se afirma que la maestra &nbsp;le mostr\u00f3 el trabajo que entonces realizaba la alumna Yasm\u00edn Esquivel Mossa, sobre el tema de los sindicatos, que en la d\u00e9cada de los a\u00f1os 80 era un asunto relevante. &#8220;Por lo anterior manifiesto que tuve la oportunidad de revisar y estudiar varias partes del trabajo de otra alumna.&nbsp;<strong>En d\u00edas recientes he visto en medios de comunicaci\u00f3n que la tesis de la cual es de &nbsp;Yasm\u00edn Esquivel Mossa, ministra de la SCJN, y quiero de manera libre y voluntaria aclarar que es un hecho real que pude tomar partes importantes del trabajo de ella en el a\u00f1o de 1985 a 1986.<\/strong>&nbsp;Lo anterior para todos los efectos legales y administrativos de las autoridades universitarias que haya lugar&#8221;, se\u00f1ala el texto presentado por Rodr\u00edguez Ortiz.<\/p>\n\n\n\n<p>Con esos elementos y sin contar con declaraci\u00f3n de B\u00e1ez Guti\u00e9rrez ante el Ministerio P\u00fablico, la encargada de la investigaci\u00f3n, Araceli G\u00f3mez de los Santos, concluy\u00f3 que la ministra Esquivel Mossa&nbsp;<strong>no cometi\u00f3 plagio, que fue&nbsp;B\u00e1ez&nbsp;Guti\u00e9rrez quien copi\u00f3 partes del proyecto de la primera y que, dado el tiempo transcurrido desde los hechos<\/strong>, ya no hay posibilidad de buscar ejercer acci\u00f3n penal, por lo que la carpeta no llegar\u00e1 a manos de un juez.<\/p>\n\n\n\n<h2 class=\"wp-block-heading\">&nbsp;Conclusiones de la indagatoria&nbsp;<\/h2>\n\n\n\n<p><strong>La investigaci\u00f3n realizada por la fiscal\u00eda capitalina refiere que \u00c9dgar\u00a0Ulises B\u00e1ez tom\u00f3 partes de la tesis de la ministra Yasm\u00edn Esquivel, quien no copi\u00f3 en su trabajo de tesis. La FGJ no ejercer\u00e1 acci\u00f3n penal contra el abogado B\u00e1ez, debido a que los hechos que pudieron haber ocurrido datan de 1986 y 1987, y la causa est\u00e1 sobreseida.<\/strong><\/p>\n\n\n\n<p>Con Informaci\u00f3n de SUN <\/p>\n","protected":false},"excerpt":{"rendered":"<p>Por Redacci\u00f3n QP Despu\u00e9s de la controversia en la que se vio envuelta la ministra\u00a0Esquivel&#8230;<\/p>\n","protected":false},"author":2,"featured_media":97979,"comment_status":"open","ping_status":"open","sticky":false,"template":"","format":"standard","meta":{"_monsterinsights_skip_tracking":false,"_monsterinsights_sitenote_active":false,"_monsterinsights_sitenote_note":"","_monsterinsights_sitenote_category":0,"footnotes":""},"categories":[2],"tags":[],"class_list":["post-97978","post","type-post","status-publish","format-standard","has-post-thumbnail","hentry","category-noticias"],"yoast_head":"<!-- This site is optimized with the Yoast SEO plugin v27.3 - https:\/\/yoast.com\/product\/yoast-seo-wordpress\/ -->\n<title>Ministra Esquivel no plagi\u00f3 tesis, concluye Fiscal\u00eda de la CDMX -<\/title>\n<meta name=\"robots\" content=\"index, follow, max-snippet:-1, max-image-preview:large, max-video-preview:-1\" \/>\n<link rel=\"canonical\" href=\"https:\/\/quehacerpolitico.mx\/?p=97978\" \/>\n<meta property=\"og:locale\" content=\"es_MX\" \/>\n<meta property=\"og:type\" content=\"article\" \/>\n<meta property=\"og:title\" content=\"Ministra Esquivel no plagi\u00f3 tesis, concluye Fiscal\u00eda de la CDMX -\" \/>\n<meta property=\"og:description\" content=\"Por Redacci\u00f3n QP Despu\u00e9s de la controversia en la que se vio envuelta la ministra\u00a0Esquivel...\" \/>\n<meta property=\"og:url\" content=\"https:\/\/quehacerpolitico.mx\/?p=97978\" \/>\n<meta property=\"article:published_time\" content=\"2023-01-02T19:45:22+00:00\" \/>\n<meta property=\"article:modified_time\" content=\"2023-01-02T19:45:26+00:00\" \/>\n<meta property=\"og:image\" content=\"https:\/\/quehacerpolitico.mx\/wp-content\/uploads\/2023\/01\/7EFC8533-E299-41F7-BDA5-FFB746BDB4C7.jpeg\" \/>\n\t<meta property=\"og:image:width\" content=\"608\" \/>\n\t<meta property=\"og:image:height\" content=\"342\" \/>\n\t<meta property=\"og:image:type\" content=\"image\/jpeg\" \/>\n<meta name=\"author\" content=\"Redacci\u00f3n QP\" \/>\n<meta name=\"twitter:card\" content=\"summary_large_image\" \/>\n<meta name=\"twitter:label1\" content=\"Escrito por\" \/>\n\t<meta name=\"twitter:data1\" content=\"Redacci\u00f3n QP\" \/>\n\t<meta name=\"twitter:label2\" content=\"Tiempo de lectura\" \/>\n\t<meta name=\"twitter:data2\" content=\"5 minutos\" \/>\n<script type=\"application\/ld+json\" class=\"yoast-schema-graph\">{\"@context\":\"https:\\\/\\\/schema.org\",\"@graph\":[{\"@type\":\"Article\",\"@id\":\"https:\\\/\\\/quehacerpolitico.mx\\\/?p=97978#article\",\"isPartOf\":{\"@id\":\"https:\\\/\\\/quehacerpolitico.mx\\\/?p=97978\"},\"author\":{\"name\":\"Redacci\u00f3n QP\",\"@id\":\"https:\\\/\\\/quehacerpolitico.mx\\\/#\\\/schema\\\/person\\\/496d8ad2d1d3f8036101dca7ee39e585\"},\"headline\":\"Ministra Esquivel no plagi\u00f3 tesis, concluye Fiscal\u00eda de la CDMX\",\"datePublished\":\"2023-01-02T19:45:22+00:00\",\"dateModified\":\"2023-01-02T19:45:26+00:00\",\"mainEntityOfPage\":{\"@id\":\"https:\\\/\\\/quehacerpolitico.mx\\\/?p=97978\"},\"wordCount\":1000,\"commentCount\":0,\"image\":{\"@id\":\"https:\\\/\\\/quehacerpolitico.mx\\\/?p=97978#primaryimage\"},\"thumbnailUrl\":\"https:\\\/\\\/quehacerpolitico.mx\\\/wp-content\\\/uploads\\\/2023\\\/01\\\/7EFC8533-E299-41F7-BDA5-FFB746BDB4C7.jpeg\",\"articleSection\":[\"Noticias\"],\"inLanguage\":\"es\",\"potentialAction\":[{\"@type\":\"CommentAction\",\"name\":\"Comment\",\"target\":[\"https:\\\/\\\/quehacerpolitico.mx\\\/?p=97978#respond\"]}]},{\"@type\":\"WebPage\",\"@id\":\"https:\\\/\\\/quehacerpolitico.mx\\\/?p=97978\",\"url\":\"https:\\\/\\\/quehacerpolitico.mx\\\/?p=97978\",\"name\":\"Ministra Esquivel no plagi\u00f3 tesis, concluye Fiscal\u00eda de la CDMX -\",\"isPartOf\":{\"@id\":\"https:\\\/\\\/quehacerpolitico.mx\\\/#website\"},\"primaryImageOfPage\":{\"@id\":\"https:\\\/\\\/quehacerpolitico.mx\\\/?p=97978#primaryimage\"},\"image\":{\"@id\":\"https:\\\/\\\/quehacerpolitico.mx\\\/?p=97978#primaryimage\"},\"thumbnailUrl\":\"https:\\\/\\\/quehacerpolitico.mx\\\/wp-content\\\/uploads\\\/2023\\\/01\\\/7EFC8533-E299-41F7-BDA5-FFB746BDB4C7.jpeg\",\"datePublished\":\"2023-01-02T19:45:22+00:00\",\"dateModified\":\"2023-01-02T19:45:26+00:00\",\"author\":{\"@id\":\"https:\\\/\\\/quehacerpolitico.mx\\\/#\\\/schema\\\/person\\\/496d8ad2d1d3f8036101dca7ee39e585\"},\"breadcrumb\":{\"@id\":\"https:\\\/\\\/quehacerpolitico.mx\\\/?p=97978#breadcrumb\"},\"inLanguage\":\"es\",\"potentialAction\":[{\"@type\":\"ReadAction\",\"target\":[\"https:\\\/\\\/quehacerpolitico.mx\\\/?p=97978\"]}]},{\"@type\":\"ImageObject\",\"inLanguage\":\"es\",\"@id\":\"https:\\\/\\\/quehacerpolitico.mx\\\/?p=97978#primaryimage\",\"url\":\"https:\\\/\\\/quehacerpolitico.mx\\\/wp-content\\\/uploads\\\/2023\\\/01\\\/7EFC8533-E299-41F7-BDA5-FFB746BDB4C7.jpeg\",\"contentUrl\":\"https:\\\/\\\/quehacerpolitico.mx\\\/wp-content\\\/uploads\\\/2023\\\/01\\\/7EFC8533-E299-41F7-BDA5-FFB746BDB4C7.jpeg\",\"width\":608,\"height\":342},{\"@type\":\"BreadcrumbList\",\"@id\":\"https:\\\/\\\/quehacerpolitico.mx\\\/?p=97978#breadcrumb\",\"itemListElement\":[{\"@type\":\"ListItem\",\"position\":1,\"name\":\"Inicio\",\"item\":\"https:\\\/\\\/quehacerpolitico.mx\\\/\"},{\"@type\":\"ListItem\",\"position\":2,\"name\":\"Ministra Esquivel no plagi\u00f3 tesis, concluye Fiscal\u00eda de la CDMX\"}]},{\"@type\":\"WebSite\",\"@id\":\"https:\\\/\\\/quehacerpolitico.mx\\\/#website\",\"url\":\"https:\\\/\\\/quehacerpolitico.mx\\\/\",\"name\":\"\",\"description\":\"\",\"potentialAction\":[{\"@type\":\"SearchAction\",\"target\":{\"@type\":\"EntryPoint\",\"urlTemplate\":\"https:\\\/\\\/quehacerpolitico.mx\\\/?s={search_term_string}\"},\"query-input\":{\"@type\":\"PropertyValueSpecification\",\"valueRequired\":true,\"valueName\":\"search_term_string\"}}],\"inLanguage\":\"es\"},{\"@type\":\"Person\",\"@id\":\"https:\\\/\\\/quehacerpolitico.mx\\\/#\\\/schema\\\/person\\\/496d8ad2d1d3f8036101dca7ee39e585\",\"name\":\"Redacci\u00f3n QP\",\"image\":{\"@type\":\"ImageObject\",\"inLanguage\":\"es\",\"@id\":\"https:\\\/\\\/secure.gravatar.com\\\/avatar\\\/c7164ed6fdec453195284ad24a5ae5b6e1eed2b848477fa2a4787ba9adf39a41?s=96&d=mm&r=g\",\"url\":\"https:\\\/\\\/secure.gravatar.com\\\/avatar\\\/c7164ed6fdec453195284ad24a5ae5b6e1eed2b848477fa2a4787ba9adf39a41?s=96&d=mm&r=g\",\"contentUrl\":\"https:\\\/\\\/secure.gravatar.com\\\/avatar\\\/c7164ed6fdec453195284ad24a5ae5b6e1eed2b848477fa2a4787ba9adf39a41?s=96&d=mm&r=g\",\"caption\":\"Redacci\u00f3n QP\"},\"url\":\"https:\\\/\\\/quehacerpolitico.mx\\\/?author=2\"}]}<\/script>\n<!-- \/ Yoast SEO plugin. -->","yoast_head_json":{"title":"Ministra Esquivel no plagi\u00f3 tesis, concluye Fiscal\u00eda de la CDMX -","robots":{"index":"index","follow":"follow","max-snippet":"max-snippet:-1","max-image-preview":"max-image-preview:large","max-video-preview":"max-video-preview:-1"},"canonical":"https:\/\/quehacerpolitico.mx\/?p=97978","og_locale":"es_MX","og_type":"article","og_title":"Ministra Esquivel no plagi\u00f3 tesis, concluye Fiscal\u00eda de la CDMX -","og_description":"Por Redacci\u00f3n QP Despu\u00e9s de la controversia en la que se vio envuelta la ministra\u00a0Esquivel...","og_url":"https:\/\/quehacerpolitico.mx\/?p=97978","article_published_time":"2023-01-02T19:45:22+00:00","article_modified_time":"2023-01-02T19:45:26+00:00","og_image":[{"width":608,"height":342,"url":"https:\/\/quehacerpolitico.mx\/wp-content\/uploads\/2023\/01\/7EFC8533-E299-41F7-BDA5-FFB746BDB4C7.jpeg","type":"image\/jpeg"}],"author":"Redacci\u00f3n QP","twitter_card":"summary_large_image","twitter_misc":{"Escrito por":"Redacci\u00f3n QP","Tiempo de lectura":"5 minutos"},"schema":{"@context":"https:\/\/schema.org","@graph":[{"@type":"Article","@id":"https:\/\/quehacerpolitico.mx\/?p=97978#article","isPartOf":{"@id":"https:\/\/quehacerpolitico.mx\/?p=97978"},"author":{"name":"Redacci\u00f3n QP","@id":"https:\/\/quehacerpolitico.mx\/#\/schema\/person\/496d8ad2d1d3f8036101dca7ee39e585"},"headline":"Ministra Esquivel no plagi\u00f3 tesis, concluye Fiscal\u00eda de la CDMX","datePublished":"2023-01-02T19:45:22+00:00","dateModified":"2023-01-02T19:45:26+00:00","mainEntityOfPage":{"@id":"https:\/\/quehacerpolitico.mx\/?p=97978"},"wordCount":1000,"commentCount":0,"image":{"@id":"https:\/\/quehacerpolitico.mx\/?p=97978#primaryimage"},"thumbnailUrl":"https:\/\/quehacerpolitico.mx\/wp-content\/uploads\/2023\/01\/7EFC8533-E299-41F7-BDA5-FFB746BDB4C7.jpeg","articleSection":["Noticias"],"inLanguage":"es","potentialAction":[{"@type":"CommentAction","name":"Comment","target":["https:\/\/quehacerpolitico.mx\/?p=97978#respond"]}]},{"@type":"WebPage","@id":"https:\/\/quehacerpolitico.mx\/?p=97978","url":"https:\/\/quehacerpolitico.mx\/?p=97978","name":"Ministra Esquivel no plagi\u00f3 tesis, concluye Fiscal\u00eda de la CDMX -","isPartOf":{"@id":"https:\/\/quehacerpolitico.mx\/#website"},"primaryImageOfPage":{"@id":"https:\/\/quehacerpolitico.mx\/?p=97978#primaryimage"},"image":{"@id":"https:\/\/quehacerpolitico.mx\/?p=97978#primaryimage"},"thumbnailUrl":"https:\/\/quehacerpolitico.mx\/wp-content\/uploads\/2023\/01\/7EFC8533-E299-41F7-BDA5-FFB746BDB4C7.jpeg","datePublished":"2023-01-02T19:45:22+00:00","dateModified":"2023-01-02T19:45:26+00:00","author":{"@id":"https:\/\/quehacerpolitico.mx\/#\/schema\/person\/496d8ad2d1d3f8036101dca7ee39e585"},"breadcrumb":{"@id":"https:\/\/quehacerpolitico.mx\/?p=97978#breadcrumb"},"inLanguage":"es","potentialAction":[{"@type":"ReadAction","target":["https:\/\/quehacerpolitico.mx\/?p=97978"]}]},{"@type":"ImageObject","inLanguage":"es","@id":"https:\/\/quehacerpolitico.mx\/?p=97978#primaryimage","url":"https:\/\/quehacerpolitico.mx\/wp-content\/uploads\/2023\/01\/7EFC8533-E299-41F7-BDA5-FFB746BDB4C7.jpeg","contentUrl":"https:\/\/quehacerpolitico.mx\/wp-content\/uploads\/2023\/01\/7EFC8533-E299-41F7-BDA5-FFB746BDB4C7.jpeg","width":608,"height":342},{"@type":"BreadcrumbList","@id":"https:\/\/quehacerpolitico.mx\/?p=97978#breadcrumb","itemListElement":[{"@type":"ListItem","position":1,"name":"Inicio","item":"https:\/\/quehacerpolitico.mx\/"},{"@type":"ListItem","position":2,"name":"Ministra Esquivel no plagi\u00f3 tesis, concluye Fiscal\u00eda de la CDMX"}]},{"@type":"WebSite","@id":"https:\/\/quehacerpolitico.mx\/#website","url":"https:\/\/quehacerpolitico.mx\/","name":"","description":"","potentialAction":[{"@type":"SearchAction","target":{"@type":"EntryPoint","urlTemplate":"https:\/\/quehacerpolitico.mx\/?s={search_term_string}"},"query-input":{"@type":"PropertyValueSpecification","valueRequired":true,"valueName":"search_term_string"}}],"inLanguage":"es"},{"@type":"Person","@id":"https:\/\/quehacerpolitico.mx\/#\/schema\/person\/496d8ad2d1d3f8036101dca7ee39e585","name":"Redacci\u00f3n QP","image":{"@type":"ImageObject","inLanguage":"es","@id":"https:\/\/secure.gravatar.com\/avatar\/c7164ed6fdec453195284ad24a5ae5b6e1eed2b848477fa2a4787ba9adf39a41?s=96&d=mm&r=g","url":"https:\/\/secure.gravatar.com\/avatar\/c7164ed6fdec453195284ad24a5ae5b6e1eed2b848477fa2a4787ba9adf39a41?s=96&d=mm&r=g","contentUrl":"https:\/\/secure.gravatar.com\/avatar\/c7164ed6fdec453195284ad24a5ae5b6e1eed2b848477fa2a4787ba9adf39a41?s=96&d=mm&r=g","caption":"Redacci\u00f3n QP"},"url":"https:\/\/quehacerpolitico.mx\/?author=2"}]}},"featured_image_urls":{"full":["https:\/\/quehacerpolitico.mx\/wp-content\/uploads\/2023\/01\/7EFC8533-E299-41F7-BDA5-FFB746BDB4C7.jpeg",608,342,false],"thumbnail":["https:\/\/quehacerpolitico.mx\/wp-content\/uploads\/2023\/01\/7EFC8533-E299-41F7-BDA5-FFB746BDB4C7-150x150.jpeg",150,150,true],"medium":["https:\/\/quehacerpolitico.mx\/wp-content\/uploads\/2023\/01\/7EFC8533-E299-41F7-BDA5-FFB746BDB4C7-300x169.jpeg",300,169,true],"medium_large":["https:\/\/quehacerpolitico.mx\/wp-content\/uploads\/2023\/01\/7EFC8533-E299-41F7-BDA5-FFB746BDB4C7.jpeg",608,342,false],"large":["https:\/\/quehacerpolitico.mx\/wp-content\/uploads\/2023\/01\/7EFC8533-E299-41F7-BDA5-FFB746BDB4C7.jpeg",608,342,false],"1536x1536":["https:\/\/quehacerpolitico.mx\/wp-content\/uploads\/2023\/01\/7EFC8533-E299-41F7-BDA5-FFB746BDB4C7.jpeg",608,342,false],"2048x2048":["https:\/\/quehacerpolitico.mx\/wp-content\/uploads\/2023\/01\/7EFC8533-E299-41F7-BDA5-FFB746BDB4C7.jpeg",608,342,false],"covernews-featured":["https:\/\/quehacerpolitico.mx\/wp-content\/uploads\/2023\/01\/7EFC8533-E299-41F7-BDA5-FFB746BDB4C7.jpeg",608,342,false],"covernews-medium":["https:\/\/quehacerpolitico.mx\/wp-content\/uploads\/2023\/01\/7EFC8533-E299-41F7-BDA5-FFB746BDB4C7.jpeg",540,304,false]},"author_info":{"display_name":"Redacci\u00f3n QP","author_link":"https:\/\/quehacerpolitico.mx\/?author=2"},"category_info":"<a href=\"https:\/\/quehacerpolitico.mx\/?cat=2\" rel=\"category\">Noticias<\/a>","tag_info":"Noticias","comment_count":"0","_links":{"self":[{"href":"https:\/\/quehacerpolitico.mx\/index.php?rest_route=\/wp\/v2\/posts\/97978","targetHints":{"allow":["GET"]}}],"collection":[{"href":"https:\/\/quehacerpolitico.mx\/index.php?rest_route=\/wp\/v2\/posts"}],"about":[{"href":"https:\/\/quehacerpolitico.mx\/index.php?rest_route=\/wp\/v2\/types\/post"}],"author":[{"embeddable":true,"href":"https:\/\/quehacerpolitico.mx\/index.php?rest_route=\/wp\/v2\/users\/2"}],"replies":[{"embeddable":true,"href":"https:\/\/quehacerpolitico.mx\/index.php?rest_route=%2Fwp%2Fv2%2Fcomments&post=97978"}],"version-history":[{"count":1,"href":"https:\/\/quehacerpolitico.mx\/index.php?rest_route=\/wp\/v2\/posts\/97978\/revisions"}],"predecessor-version":[{"id":97980,"href":"https:\/\/quehacerpolitico.mx\/index.php?rest_route=\/wp\/v2\/posts\/97978\/revisions\/97980"}],"wp:featuredmedia":[{"embeddable":true,"href":"https:\/\/quehacerpolitico.mx\/index.php?rest_route=\/wp\/v2\/media\/97979"}],"wp:attachment":[{"href":"https:\/\/quehacerpolitico.mx\/index.php?rest_route=%2Fwp%2Fv2%2Fmedia&parent=97978"}],"wp:term":[{"taxonomy":"category","embeddable":true,"href":"https:\/\/quehacerpolitico.mx\/index.php?rest_route=%2Fwp%2Fv2%2Fcategories&post=97978"},{"taxonomy":"post_tag","embeddable":true,"href":"https:\/\/quehacerpolitico.mx\/index.php?rest_route=%2Fwp%2Fv2%2Ftags&post=97978"}],"curies":[{"name":"wp","href":"https:\/\/api.w.org\/{rel}","templated":true}]}}