{"id":97975,"date":"2023-01-02T19:25:52","date_gmt":"2023-01-02T19:25:52","guid":{"rendered":"https:\/\/quehacerpolitico.mx\/?p=97975"},"modified":"2023-01-02T19:25:57","modified_gmt":"2023-01-02T19:25:57","slug":"norma-lucia-pina-nueva-presidente-de-la-suprema-corte","status":"publish","type":"post","link":"https:\/\/quehacerpolitico.mx\/?p=97975","title":{"rendered":"Norma Luc\u00eda Pi\u00f1a, nueva presidente de la Suprema Corte"},"content":{"rendered":"\n<p>Por Redacci\u00f3n QP<\/p>\n\n\n\n<p>Norma Luc\u00eda Pi\u00f1a Hern\u00e1ndez es la nueva presidenta de la Suprema Corte de Justicia de la Naci\u00f3n y del Consejo de la Judicatura Federal<\/p>\n\n\n\n<p><strong>Norma Luc\u00eda Pi\u00f1a Hern\u00e1ndez es la nueva presidenta de la Suprema Corte de Justicia de la Naci\u00f3n (SCJN)<\/strong>.<\/p>\n\n\n\n<p>La nueva ministra&nbsp;<strong>obtuvo 6 votos de sus compa\u00f1eros ministros<\/strong>,&nbsp;<strong>ganando por un voto de diferencia al ministro Alfredo Guti\u00e9rrez Ortiz Mena<\/strong>.<\/p>\n\n\n\n<p>En tercera ronda de votaci\u00f3n, la ministra Norma Luc\u00eda Pi\u00f1a Hern\u00e1ndez\u00a0<strong>se convirti\u00f3 en la primera mujer en ser designada presidenta en la historia de la Suprema Corte de Justicia de la Naci\u00f3n<\/strong>, para los pr\u00f3ximos cuatro a\u00f1os.<\/p>\n\n\n\n<p>Al anunciarse la mayor\u00eda de votos, la ministra tom\u00f3 protesta del cargo y al borde del llanto&nbsp;<strong>afirm\u00f3 que las mujeres se colocar\u00e1n por primera vez en el centro del pleno del m\u00e1ximo tribunal de justicia<\/strong>.<\/p>\n\n\n\n<p><strong>&#8220;Represento a los ministros, pero tambi\u00e9n represento a las mujeres porque soy la primera mujer presidenta de la Corte&#8221;<\/strong>, declar\u00f3 Norma Luc\u00eda Pi\u00f1a.<\/p>\n\n\n\n<p>Dijo que asume la m\u00e1xima responsabilidad consciente de su responsabilidad y ofreci\u00f3 una representaci\u00f3n forjada en lo que ha sido como jurista.<\/p>\n\n\n\n<p><strong>&#8220;Me siento acompa\u00f1ada y acuerpada por las mujeres, me siento muy fuerte&#8221;<\/strong>, dice Norma Luc\u00eda Pi\u00f1a, la primera ministra presidenta de la Corte.<\/p>\n\n\n\n<h2 class=\"wp-block-heading\">Norma Luc\u00eda Pi\u00f1a Hern\u00e1ndez: Su formaci\u00f3n y experiencia&nbsp;<\/h2>\n\n\n\n<ul class=\"wp-block-list\">\n<li><strong>Profesora de Educaci\u00f3n Primaria<\/strong>. Benem\u00e9rita Escuela Nacional de Maestros. 1974-1978. Aprobada con Menci\u00f3n Honor\u00edfica<\/li>\n\n\n\n<li><strong>Licenciatura en Derecho<\/strong>, Universidad Nacional Aut\u00f3noma de M\u00e9xico (1979-1984). Promedio 9.6<\/li>\n\n\n\n<li><strong>Especialidad en Psicolog\u00eda Social y Comunicaci\u00f3n<\/strong>, Instituto Nacional de Ciencias de la Educaci\u00f3n (Madrid, Espa\u00f1a) (1977-1978). Becada por la Secretar\u00eda de Educaci\u00f3n P\u00fablica<\/li>\n\n\n\n<li><strong>Especialidad en Derecho Constitucional y Administrativo&nbsp;<\/strong>en la Divisi\u00f3n de Estudios de Postgrado, Universidad Nacional Aut\u00f3noma de M\u00e9xico. (1985-1986)<\/li>\n\n\n\n<li><strong>Doctorante&nbsp;<\/strong>en la Divisi\u00f3n de Estudios de Postgrado de la Universidad Nacional Aut\u00f3noma de M\u00e9xico. (1986-1988) Promedio 9.6<\/li>\n\n\n\n<li><strong>Especialidad Judicial<\/strong>, Instituto de Especializaci\u00f3n Judicial de la Suprema Corte de Justicia de la Naci\u00f3n (1989)<\/li>\n\n\n\n<li><strong>Especialidad en Derecho Penal<\/strong>, Universidad Panamericana (1997). Aprobada con Menci\u00f3n Honor\u00edfica<\/li>\n\n\n\n<li><strong>Diplomado en Derecho Constitucional y Amparo<\/strong>en el Instituto de la Judicatura Federal. (2001)<\/li>\n\n\n\n<li><strong>Especialidad en Argumentaci\u00f3n Jur\u00eddica<\/strong>&nbsp;por la Universidad de Alicante, Espa\u00f1a, del Curso de Postgrado en Derecho, Mayo-Octubre 2010. Sobresaliente 9.5<\/li>\n\n\n\n<li><strong>M\u00e1ster en Argumentaci\u00f3n Jur\u00eddica<\/strong>&nbsp;por la Universidad de Alicante, Espa\u00f1a. Diciembre de 2011 a diciembre de 2012. Sobresaliente 10 (Pendiente de recibir T\u00edtulo)<\/li>\n\n\n\n<li><strong>Profesora de Educaci\u00f3n Primaria&nbsp;<\/strong>en la Escuela de Experimentaci\u00f3n Pedag\u00f3gica \u201cManuel M. Acosta\u201d Anexa a la Benem\u00e9rita Escuela Nacional de Maestros<\/li>\n\n\n\n<li><strong>T\u00e9cnica Acad\u00e9mica&nbsp;<\/strong>en el Instituto de Investigaciones Jur\u00eddicas de la Universidad Nacional Aut\u00f3noma de M\u00e9xico<\/li>\n\n\n\n<li><strong>Secretaria Proyectista en el Tercer Tribunal Colegiado en Materia Administrativa del Primer Circuito<\/strong>. (1988-1992)<\/li>\n\n\n\n<li><strong>Secretaria de Estudio y Cuenta en la Primera Sala de la Suprema Corte<\/strong>&nbsp;de Justicia de la Naci\u00f3n. (1992-1998)<\/li>\n\n\n\n<li><strong>Juez por Oposici\u00f3n en el Juzgado Tercero de Distrito en el Estado de Morelos<\/strong>. (1998-2000)<\/li>\n\n\n\n<li><strong>Juez Quinto de Distrito en Materia Administrativa en el Distrito Federal<\/strong>. (2000)<\/li>\n\n\n\n<li><strong>Magistrada de Circuito por Oposici\u00f3n<\/strong>&nbsp;a partir del 04 de septiembre de 2000<\/li>\n\n\n\n<li><strong>Magistrada ratificada en el Decimocuarto Tribunal Colegiado en Materia Administrativa del Primer Circuito<\/strong><\/li>\n\n\n\n<li><strong>Magistrada en el Vig\u00e9simo Tribunal Colegiado en Materia Administrativa del Primer Circuito<\/strong>(2015)<\/li>\n\n\n\n<li>Actualmente&nbsp;<strong>Ministra de la Suprema Corte de Justicia de la Naci\u00f3n<\/strong><\/li>\n<\/ul>\n\n\n\n<h2 class=\"wp-block-heading\">\u00bfQu\u00e9 hace la Presidencia de la Suprema Corte de Justicia de la Naci\u00f3n?<\/h2>\n\n\n\n<p><strong>Es responsable de la direcci\u00f3n de la Suprema Corte y del Consejo de la Judicatura Federal<\/strong>, y funge como representante del Poder Judicial Federal por un periodo de cuatro a\u00f1os.<\/p>\n\n\n\n<p><strong>Entre sus labores destacan<\/strong>:<\/p>\n\n\n\n<ul class=\"wp-block-list\">\n<li>Autorizar los lineamientos para la&nbsp;<strong>elaboraci\u00f3n de los programas anuales&nbsp;<\/strong>de trabajo, los programas anuales de necesidades y el proyecto de presupuesto de la Suprema Corte y del Consejo de la Judicatura Federal<\/li>\n\n\n\n<li><strong>Tramitar los asuntos de la competencia&nbsp;<\/strong>del Pleno de la Suprema Corte<\/li>\n\n\n\n<li><strong>Autorizar las listas de los asuntos, dirigir los debates y moderar las sesiones&nbsp;<\/strong>de los Plenos de la SCJN y el CJF<\/li>\n\n\n\n<li><strong>Firmar las resoluciones del Pleno de la SCJN<\/strong>, junto con la o el ponente y con la Secretar\u00eda General de Acuerdos, que dar\u00e1 fe<\/li>\n\n\n\n<li><strong>Establecer comit\u00e9s de Ministras y Ministros&nbsp;<\/strong>como instancias de consulta y apoyo en la administraci\u00f3n de la SCJN<\/li>\n\n\n\n<li><strong>Rendir informes&nbsp;ante las y los Ministros de la SCJN, las y los miembros del CJF<\/strong>, as\u00ed como representantes de los dem\u00e1s Poderes de la Uni\u00f3n<\/li>\n<\/ul>\n\n\n\n<p>Con informaci\u00f3n de la Suprema Corte de Justicia de la Naci\u00f3n y de SUN<\/p>\n","protected":false},"excerpt":{"rendered":"<p>Por Redacci\u00f3n QP Norma Luc\u00eda Pi\u00f1a Hern\u00e1ndez es la nueva presidenta de la Suprema Corte&#8230;<\/p>\n","protected":false},"author":2,"featured_media":97976,"comment_status":"open","ping_status":"open","sticky":false,"template":"","format":"standard","meta":{"_monsterinsights_skip_tracking":false,"_monsterinsights_sitenote_active":false,"_monsterinsights_sitenote_note":"","_monsterinsights_sitenote_category":0,"footnotes":""},"categories":[2],"tags":[],"class_list":["post-97975","post","type-post","status-publish","format-standard","has-post-thumbnail","hentry","category-noticias"],"yoast_head":"<!-- This site is optimized with the Yoast SEO plugin v27.3 - https:\/\/yoast.com\/product\/yoast-seo-wordpress\/ -->\n<title>Norma Luc\u00eda Pi\u00f1a, nueva presidente de la Suprema Corte -<\/title>\n<meta name=\"robots\" content=\"index, follow, max-snippet:-1, max-image-preview:large, max-video-preview:-1\" \/>\n<link rel=\"canonical\" href=\"https:\/\/quehacerpolitico.mx\/?p=97975\" \/>\n<meta property=\"og:locale\" content=\"es_MX\" \/>\n<meta property=\"og:type\" content=\"article\" \/>\n<meta property=\"og:title\" content=\"Norma Luc\u00eda Pi\u00f1a, nueva presidente de la Suprema Corte -\" \/>\n<meta property=\"og:description\" content=\"Por Redacci\u00f3n QP Norma Luc\u00eda Pi\u00f1a Hern\u00e1ndez es la nueva presidenta de la Suprema Corte...\" \/>\n<meta property=\"og:url\" content=\"https:\/\/quehacerpolitico.mx\/?p=97975\" \/>\n<meta property=\"article:published_time\" content=\"2023-01-02T19:25:52+00:00\" \/>\n<meta property=\"article:modified_time\" content=\"2023-01-02T19:25:57+00:00\" \/>\n<meta property=\"og:image\" content=\"https:\/\/quehacerpolitico.mx\/wp-content\/uploads\/2023\/01\/78E92DE4-04E0-4E2A-B8C2-0761B446D807.jpeg\" \/>\n\t<meta property=\"og:image:width\" content=\"687\" \/>\n\t<meta property=\"og:image:height\" content=\"446\" \/>\n\t<meta property=\"og:image:type\" content=\"image\/jpeg\" \/>\n<meta name=\"author\" content=\"Redacci\u00f3n QP\" \/>\n<meta name=\"twitter:card\" content=\"summary_large_image\" \/>\n<meta name=\"twitter:label1\" content=\"Escrito por\" \/>\n\t<meta name=\"twitter:data1\" content=\"Redacci\u00f3n QP\" \/>\n\t<meta name=\"twitter:label2\" content=\"Tiempo de lectura\" \/>\n\t<meta name=\"twitter:data2\" content=\"4 minutos\" \/>\n<script type=\"application\/ld+json\" class=\"yoast-schema-graph\">{\"@context\":\"https:\\\/\\\/schema.org\",\"@graph\":[{\"@type\":\"Article\",\"@id\":\"https:\\\/\\\/quehacerpolitico.mx\\\/?p=97975#article\",\"isPartOf\":{\"@id\":\"https:\\\/\\\/quehacerpolitico.mx\\\/?p=97975\"},\"author\":{\"name\":\"Redacci\u00f3n QP\",\"@id\":\"https:\\\/\\\/quehacerpolitico.mx\\\/#\\\/schema\\\/person\\\/496d8ad2d1d3f8036101dca7ee39e585\"},\"headline\":\"Norma Luc\u00eda Pi\u00f1a, nueva presidente de la Suprema Corte\",\"datePublished\":\"2023-01-02T19:25:52+00:00\",\"dateModified\":\"2023-01-02T19:25:57+00:00\",\"mainEntityOfPage\":{\"@id\":\"https:\\\/\\\/quehacerpolitico.mx\\\/?p=97975\"},\"wordCount\":831,\"commentCount\":0,\"image\":{\"@id\":\"https:\\\/\\\/quehacerpolitico.mx\\\/?p=97975#primaryimage\"},\"thumbnailUrl\":\"https:\\\/\\\/quehacerpolitico.mx\\\/wp-content\\\/uploads\\\/2023\\\/01\\\/78E92DE4-04E0-4E2A-B8C2-0761B446D807.jpeg\",\"articleSection\":[\"Noticias\"],\"inLanguage\":\"es\",\"potentialAction\":[{\"@type\":\"CommentAction\",\"name\":\"Comment\",\"target\":[\"https:\\\/\\\/quehacerpolitico.mx\\\/?p=97975#respond\"]}]},{\"@type\":\"WebPage\",\"@id\":\"https:\\\/\\\/quehacerpolitico.mx\\\/?p=97975\",\"url\":\"https:\\\/\\\/quehacerpolitico.mx\\\/?p=97975\",\"name\":\"Norma Luc\u00eda Pi\u00f1a, nueva presidente de la Suprema Corte -\",\"isPartOf\":{\"@id\":\"https:\\\/\\\/quehacerpolitico.mx\\\/#website\"},\"primaryImageOfPage\":{\"@id\":\"https:\\\/\\\/quehacerpolitico.mx\\\/?p=97975#primaryimage\"},\"image\":{\"@id\":\"https:\\\/\\\/quehacerpolitico.mx\\\/?p=97975#primaryimage\"},\"thumbnailUrl\":\"https:\\\/\\\/quehacerpolitico.mx\\\/wp-content\\\/uploads\\\/2023\\\/01\\\/78E92DE4-04E0-4E2A-B8C2-0761B446D807.jpeg\",\"datePublished\":\"2023-01-02T19:25:52+00:00\",\"dateModified\":\"2023-01-02T19:25:57+00:00\",\"author\":{\"@id\":\"https:\\\/\\\/quehacerpolitico.mx\\\/#\\\/schema\\\/person\\\/496d8ad2d1d3f8036101dca7ee39e585\"},\"breadcrumb\":{\"@id\":\"https:\\\/\\\/quehacerpolitico.mx\\\/?p=97975#breadcrumb\"},\"inLanguage\":\"es\",\"potentialAction\":[{\"@type\":\"ReadAction\",\"target\":[\"https:\\\/\\\/quehacerpolitico.mx\\\/?p=97975\"]}]},{\"@type\":\"ImageObject\",\"inLanguage\":\"es\",\"@id\":\"https:\\\/\\\/quehacerpolitico.mx\\\/?p=97975#primaryimage\",\"url\":\"https:\\\/\\\/quehacerpolitico.mx\\\/wp-content\\\/uploads\\\/2023\\\/01\\\/78E92DE4-04E0-4E2A-B8C2-0761B446D807.jpeg\",\"contentUrl\":\"https:\\\/\\\/quehacerpolitico.mx\\\/wp-content\\\/uploads\\\/2023\\\/01\\\/78E92DE4-04E0-4E2A-B8C2-0761B446D807.jpeg\",\"width\":687,\"height\":446},{\"@type\":\"BreadcrumbList\",\"@id\":\"https:\\\/\\\/quehacerpolitico.mx\\\/?p=97975#breadcrumb\",\"itemListElement\":[{\"@type\":\"ListItem\",\"position\":1,\"name\":\"Inicio\",\"item\":\"https:\\\/\\\/quehacerpolitico.mx\\\/\"},{\"@type\":\"ListItem\",\"position\":2,\"name\":\"Norma Luc\u00eda Pi\u00f1a, nueva presidente de la Suprema Corte\"}]},{\"@type\":\"WebSite\",\"@id\":\"https:\\\/\\\/quehacerpolitico.mx\\\/#website\",\"url\":\"https:\\\/\\\/quehacerpolitico.mx\\\/\",\"name\":\"\",\"description\":\"\",\"potentialAction\":[{\"@type\":\"SearchAction\",\"target\":{\"@type\":\"EntryPoint\",\"urlTemplate\":\"https:\\\/\\\/quehacerpolitico.mx\\\/?s={search_term_string}\"},\"query-input\":{\"@type\":\"PropertyValueSpecification\",\"valueRequired\":true,\"valueName\":\"search_term_string\"}}],\"inLanguage\":\"es\"},{\"@type\":\"Person\",\"@id\":\"https:\\\/\\\/quehacerpolitico.mx\\\/#\\\/schema\\\/person\\\/496d8ad2d1d3f8036101dca7ee39e585\",\"name\":\"Redacci\u00f3n QP\",\"image\":{\"@type\":\"ImageObject\",\"inLanguage\":\"es\",\"@id\":\"https:\\\/\\\/secure.gravatar.com\\\/avatar\\\/c7164ed6fdec453195284ad24a5ae5b6e1eed2b848477fa2a4787ba9adf39a41?s=96&d=mm&r=g\",\"url\":\"https:\\\/\\\/secure.gravatar.com\\\/avatar\\\/c7164ed6fdec453195284ad24a5ae5b6e1eed2b848477fa2a4787ba9adf39a41?s=96&d=mm&r=g\",\"contentUrl\":\"https:\\\/\\\/secure.gravatar.com\\\/avatar\\\/c7164ed6fdec453195284ad24a5ae5b6e1eed2b848477fa2a4787ba9adf39a41?s=96&d=mm&r=g\",\"caption\":\"Redacci\u00f3n QP\"},\"url\":\"https:\\\/\\\/quehacerpolitico.mx\\\/?author=2\"}]}<\/script>\n<!-- \/ Yoast SEO plugin. -->","yoast_head_json":{"title":"Norma Luc\u00eda Pi\u00f1a, nueva presidente de la Suprema Corte -","robots":{"index":"index","follow":"follow","max-snippet":"max-snippet:-1","max-image-preview":"max-image-preview:large","max-video-preview":"max-video-preview:-1"},"canonical":"https:\/\/quehacerpolitico.mx\/?p=97975","og_locale":"es_MX","og_type":"article","og_title":"Norma Luc\u00eda Pi\u00f1a, nueva presidente de la Suprema Corte -","og_description":"Por Redacci\u00f3n QP Norma Luc\u00eda Pi\u00f1a Hern\u00e1ndez es la nueva presidenta de la Suprema Corte...","og_url":"https:\/\/quehacerpolitico.mx\/?p=97975","article_published_time":"2023-01-02T19:25:52+00:00","article_modified_time":"2023-01-02T19:25:57+00:00","og_image":[{"width":687,"height":446,"url":"https:\/\/quehacerpolitico.mx\/wp-content\/uploads\/2023\/01\/78E92DE4-04E0-4E2A-B8C2-0761B446D807.jpeg","type":"image\/jpeg"}],"author":"Redacci\u00f3n QP","twitter_card":"summary_large_image","twitter_misc":{"Escrito por":"Redacci\u00f3n QP","Tiempo de lectura":"4 minutos"},"schema":{"@context":"https:\/\/schema.org","@graph":[{"@type":"Article","@id":"https:\/\/quehacerpolitico.mx\/?p=97975#article","isPartOf":{"@id":"https:\/\/quehacerpolitico.mx\/?p=97975"},"author":{"name":"Redacci\u00f3n QP","@id":"https:\/\/quehacerpolitico.mx\/#\/schema\/person\/496d8ad2d1d3f8036101dca7ee39e585"},"headline":"Norma Luc\u00eda Pi\u00f1a, nueva presidente de la Suprema Corte","datePublished":"2023-01-02T19:25:52+00:00","dateModified":"2023-01-02T19:25:57+00:00","mainEntityOfPage":{"@id":"https:\/\/quehacerpolitico.mx\/?p=97975"},"wordCount":831,"commentCount":0,"image":{"@id":"https:\/\/quehacerpolitico.mx\/?p=97975#primaryimage"},"thumbnailUrl":"https:\/\/quehacerpolitico.mx\/wp-content\/uploads\/2023\/01\/78E92DE4-04E0-4E2A-B8C2-0761B446D807.jpeg","articleSection":["Noticias"],"inLanguage":"es","potentialAction":[{"@type":"CommentAction","name":"Comment","target":["https:\/\/quehacerpolitico.mx\/?p=97975#respond"]}]},{"@type":"WebPage","@id":"https:\/\/quehacerpolitico.mx\/?p=97975","url":"https:\/\/quehacerpolitico.mx\/?p=97975","name":"Norma Luc\u00eda Pi\u00f1a, nueva presidente de la Suprema Corte -","isPartOf":{"@id":"https:\/\/quehacerpolitico.mx\/#website"},"primaryImageOfPage":{"@id":"https:\/\/quehacerpolitico.mx\/?p=97975#primaryimage"},"image":{"@id":"https:\/\/quehacerpolitico.mx\/?p=97975#primaryimage"},"thumbnailUrl":"https:\/\/quehacerpolitico.mx\/wp-content\/uploads\/2023\/01\/78E92DE4-04E0-4E2A-B8C2-0761B446D807.jpeg","datePublished":"2023-01-02T19:25:52+00:00","dateModified":"2023-01-02T19:25:57+00:00","author":{"@id":"https:\/\/quehacerpolitico.mx\/#\/schema\/person\/496d8ad2d1d3f8036101dca7ee39e585"},"breadcrumb":{"@id":"https:\/\/quehacerpolitico.mx\/?p=97975#breadcrumb"},"inLanguage":"es","potentialAction":[{"@type":"ReadAction","target":["https:\/\/quehacerpolitico.mx\/?p=97975"]}]},{"@type":"ImageObject","inLanguage":"es","@id":"https:\/\/quehacerpolitico.mx\/?p=97975#primaryimage","url":"https:\/\/quehacerpolitico.mx\/wp-content\/uploads\/2023\/01\/78E92DE4-04E0-4E2A-B8C2-0761B446D807.jpeg","contentUrl":"https:\/\/quehacerpolitico.mx\/wp-content\/uploads\/2023\/01\/78E92DE4-04E0-4E2A-B8C2-0761B446D807.jpeg","width":687,"height":446},{"@type":"BreadcrumbList","@id":"https:\/\/quehacerpolitico.mx\/?p=97975#breadcrumb","itemListElement":[{"@type":"ListItem","position":1,"name":"Inicio","item":"https:\/\/quehacerpolitico.mx\/"},{"@type":"ListItem","position":2,"name":"Norma Luc\u00eda Pi\u00f1a, nueva presidente de la Suprema Corte"}]},{"@type":"WebSite","@id":"https:\/\/quehacerpolitico.mx\/#website","url":"https:\/\/quehacerpolitico.mx\/","name":"","description":"","potentialAction":[{"@type":"SearchAction","target":{"@type":"EntryPoint","urlTemplate":"https:\/\/quehacerpolitico.mx\/?s={search_term_string}"},"query-input":{"@type":"PropertyValueSpecification","valueRequired":true,"valueName":"search_term_string"}}],"inLanguage":"es"},{"@type":"Person","@id":"https:\/\/quehacerpolitico.mx\/#\/schema\/person\/496d8ad2d1d3f8036101dca7ee39e585","name":"Redacci\u00f3n QP","image":{"@type":"ImageObject","inLanguage":"es","@id":"https:\/\/secure.gravatar.com\/avatar\/c7164ed6fdec453195284ad24a5ae5b6e1eed2b848477fa2a4787ba9adf39a41?s=96&d=mm&r=g","url":"https:\/\/secure.gravatar.com\/avatar\/c7164ed6fdec453195284ad24a5ae5b6e1eed2b848477fa2a4787ba9adf39a41?s=96&d=mm&r=g","contentUrl":"https:\/\/secure.gravatar.com\/avatar\/c7164ed6fdec453195284ad24a5ae5b6e1eed2b848477fa2a4787ba9adf39a41?s=96&d=mm&r=g","caption":"Redacci\u00f3n QP"},"url":"https:\/\/quehacerpolitico.mx\/?author=2"}]}},"featured_image_urls":{"full":["https:\/\/quehacerpolitico.mx\/wp-content\/uploads\/2023\/01\/78E92DE4-04E0-4E2A-B8C2-0761B446D807.jpeg",687,446,false],"thumbnail":["https:\/\/quehacerpolitico.mx\/wp-content\/uploads\/2023\/01\/78E92DE4-04E0-4E2A-B8C2-0761B446D807-150x150.jpeg",150,150,true],"medium":["https:\/\/quehacerpolitico.mx\/wp-content\/uploads\/2023\/01\/78E92DE4-04E0-4E2A-B8C2-0761B446D807-300x195.jpeg",300,195,true],"medium_large":["https:\/\/quehacerpolitico.mx\/wp-content\/uploads\/2023\/01\/78E92DE4-04E0-4E2A-B8C2-0761B446D807.jpeg",640,415,false],"large":["https:\/\/quehacerpolitico.mx\/wp-content\/uploads\/2023\/01\/78E92DE4-04E0-4E2A-B8C2-0761B446D807.jpeg",640,415,false],"1536x1536":["https:\/\/quehacerpolitico.mx\/wp-content\/uploads\/2023\/01\/78E92DE4-04E0-4E2A-B8C2-0761B446D807.jpeg",687,446,false],"2048x2048":["https:\/\/quehacerpolitico.mx\/wp-content\/uploads\/2023\/01\/78E92DE4-04E0-4E2A-B8C2-0761B446D807.jpeg",687,446,false],"covernews-featured":["https:\/\/quehacerpolitico.mx\/wp-content\/uploads\/2023\/01\/78E92DE4-04E0-4E2A-B8C2-0761B446D807.jpeg",687,446,false],"covernews-medium":["https:\/\/quehacerpolitico.mx\/wp-content\/uploads\/2023\/01\/78E92DE4-04E0-4E2A-B8C2-0761B446D807.jpeg",524,340,false]},"author_info":{"display_name":"Redacci\u00f3n QP","author_link":"https:\/\/quehacerpolitico.mx\/?author=2"},"category_info":"<a href=\"https:\/\/quehacerpolitico.mx\/?cat=2\" rel=\"category\">Noticias<\/a>","tag_info":"Noticias","comment_count":"0","_links":{"self":[{"href":"https:\/\/quehacerpolitico.mx\/index.php?rest_route=\/wp\/v2\/posts\/97975","targetHints":{"allow":["GET"]}}],"collection":[{"href":"https:\/\/quehacerpolitico.mx\/index.php?rest_route=\/wp\/v2\/posts"}],"about":[{"href":"https:\/\/quehacerpolitico.mx\/index.php?rest_route=\/wp\/v2\/types\/post"}],"author":[{"embeddable":true,"href":"https:\/\/quehacerpolitico.mx\/index.php?rest_route=\/wp\/v2\/users\/2"}],"replies":[{"embeddable":true,"href":"https:\/\/quehacerpolitico.mx\/index.php?rest_route=%2Fwp%2Fv2%2Fcomments&post=97975"}],"version-history":[{"count":1,"href":"https:\/\/quehacerpolitico.mx\/index.php?rest_route=\/wp\/v2\/posts\/97975\/revisions"}],"predecessor-version":[{"id":97977,"href":"https:\/\/quehacerpolitico.mx\/index.php?rest_route=\/wp\/v2\/posts\/97975\/revisions\/97977"}],"wp:featuredmedia":[{"embeddable":true,"href":"https:\/\/quehacerpolitico.mx\/index.php?rest_route=\/wp\/v2\/media\/97976"}],"wp:attachment":[{"href":"https:\/\/quehacerpolitico.mx\/index.php?rest_route=%2Fwp%2Fv2%2Fmedia&parent=97975"}],"wp:term":[{"taxonomy":"category","embeddable":true,"href":"https:\/\/quehacerpolitico.mx\/index.php?rest_route=%2Fwp%2Fv2%2Fcategories&post=97975"},{"taxonomy":"post_tag","embeddable":true,"href":"https:\/\/quehacerpolitico.mx\/index.php?rest_route=%2Fwp%2Fv2%2Ftags&post=97975"}],"curies":[{"name":"wp","href":"https:\/\/api.w.org\/{rel}","templated":true}]}}