{"id":97953,"date":"2022-12-29T21:29:30","date_gmt":"2022-12-29T21:29:30","guid":{"rendered":"https:\/\/quehacerpolitico.mx\/?p=97953"},"modified":"2022-12-29T21:29:32","modified_gmt":"2022-12-29T21:29:32","slug":"incongruente-ampliacion-del-decreto-de-autos-chocolate-amda","status":"publish","type":"post","link":"https:\/\/quehacerpolitico.mx\/?p=97953","title":{"rendered":"Incongruente ampliaci\u00f3n del decreto de &#8220;autos chocolate&#8221;: AMDA"},"content":{"rendered":"\n<p>Por Redacci\u00f3n QP<\/p>\n\n\n\n<p>La Asociaci\u00f3n Mexicana de Distribuidores de Automotores \u00a0se\u00f1ala que la medida promueve el envejecimiento del parque vehicular y m\u00e1s contaminaci\u00f3n<\/p>\n\n\n\n<p>Respecto a la ampliaci\u00f3n del decreto que regularizar\u00e1 m\u00e1s autos chocolate, es decir, veh\u00edculos extranjeros importados de manera ilegal al pa\u00eds, desde el 1 de enero de 2023 hasta el 31 de marzo pr\u00f3ximos,\u00a0<strong>la Asociaci\u00f3n Mexicana de Distribuidores de Automotores (AMDA) considera que es una incongruencia, ya que incentiva el envejecimiento del parque vehicular.<\/strong><\/p>\n\n\n\n<figure class=\"wp-block-embed is-type-rich is-provider-twitter wp-block-embed-twitter\"><div class=\"wp-block-embed__wrapper\">\n<blockquote class=\"twitter-tweet\" data-width=\"550\" data-dnt=\"true\"><p lang=\"es\" dir=\"ltr\">Incongruente la <a href=\"https:\/\/twitter.com\/hashtag\/ampliaci%C3%B3n?src=hash&amp;ref_src=twsrc%5Etfw\">#ampliaci\u00f3n<\/a> al <a href=\"https:\/\/twitter.com\/hashtag\/Decreto?src=hash&amp;ref_src=twsrc%5Etfw\">#Decreto<\/a> que fomenta la regularizaci\u00f3n de <a href=\"https:\/\/twitter.com\/hashtag\/veh%C3%ADculos?src=hash&amp;ref_src=twsrc%5Etfw\">#veh\u00edculos<\/a> de <a href=\"https:\/\/twitter.com\/hashtag\/contrabando?src=hash&amp;ref_src=twsrc%5Etfw\">#contrabando<\/a> <a href=\"https:\/\/t.co\/aL8ncIM88k\">https:\/\/t.co\/aL8ncIM88k<\/a> <a href=\"https:\/\/t.co\/8gNPkFKBpZ\">pic.twitter.com\/8gNPkFKBpZ<\/a><\/p>&mdash; AMDA (@AMDAMX) <a href=\"https:\/\/twitter.com\/AMDAMX\/status\/1608469689750937601?ref_src=twsrc%5Etfw\">December 29, 2022<\/a><\/blockquote><script async src=\"https:\/\/platform.twitter.com\/widgets.js\" charset=\"utf-8\"><\/script>\n<\/div><\/figure>\n\n\n\n<p>Durante la conferencia de prensa matutina del presidente Andr\u00e9s Manuel L\u00f3pez Obrador, la secretaria de Seguridad P\u00fablica y Protecci\u00f3n Ciudadana, Rosa Icela Rodr\u00edguez, inform\u00f3 que se han regularizado un mill\u00f3n 47 mil 142 unidades de contrabando.<\/p>\n\n\n\n<p>No obstante, el objetivo de acabar con la informalidad de este tipo de unidades no se ha logrado, al contrario, siguen entrando miles de autom\u00f3viles de contrabando, principalmente por la delincuencia organizada que controla a quienes operan el tr\u00e1fico, la venta y distribuci\u00f3n de estos veh\u00edculos.<\/p>\n\n\n\n<p><strong>\u201cAntes del decreto de regularizaci\u00f3n el problema se limitaba a los estados fronterizos, ahora el pa\u00eds se est\u00e1 inundando con ese tipo de unidades de desecho hasta en entidades donde ni siquiera exist\u00edan debido a que ya emplacadas \u00e9stas pueden circular a cualquier parte del pa\u00eds<\/strong>&nbsp;para ser comercializadas, exponiendo la seguridad vial por los defectos ocultos que portan y sobreofertando la disponibilidad de veh\u00edculos usados, bajando el precio de los usados nacionales, por lo que sus propietarios al ver reducido su precio desistir\u00e1n de renovarlos\u201d, dijo Guillermo Rosales, presidente ejecutivo de la AMDA.<\/p>\n\n\n\n<h2 class=\"wp-block-heading\">Se incentiva la informalidad<\/h2>\n\n\n\n<p>Los distribuidores de autos consideran que en vez de impulsar la renovaci\u00f3n del parque vehicular con programas de apoyo para el transporte p\u00fablico, el campo y los microempresarios, el gobierno federal incentiva la informalidad.<\/p>\n\n\n\n<p><strong>La AMDA advirti\u00f3 que al concluir este a\u00f1o se regularizar\u00e1n e importar\u00e1n m\u00e1s veh\u00edculos extranjeros que nuevos vendidos en el mismo lapso: hasta un mill\u00f3n 200 mil autos usados contra un mill\u00f3n 70 mil nuevos, regresando a los peores tiempos de este fen\u00f3meno con el &#8220;chocodecreto&#8221; que en 2005 firm\u00f3 el entonces presidente Vicente Fox, indic\u00f3 Rosales.<\/strong><\/p>\n\n\n\n<p>Con Informaci\u00f3n de SUN <\/p>\n","protected":false},"excerpt":{"rendered":"<p>Por Redacci\u00f3n QP La Asociaci\u00f3n Mexicana de Distribuidores de Automotores \u00a0se\u00f1ala que la medida promueve&#8230;<\/p>\n","protected":false},"author":2,"featured_media":97954,"comment_status":"open","ping_status":"open","sticky":false,"template":"","format":"standard","meta":{"_monsterinsights_skip_tracking":false,"_monsterinsights_sitenote_active":false,"_monsterinsights_sitenote_note":"","_monsterinsights_sitenote_category":0,"footnotes":""},"categories":[56],"tags":[],"class_list":["post-97953","post","type-post","status-publish","format-standard","has-post-thumbnail","hentry","category-economia"],"yoast_head":"<!-- This site is optimized with the Yoast SEO plugin v27.3 - https:\/\/yoast.com\/product\/yoast-seo-wordpress\/ -->\n<title>Incongruente ampliaci\u00f3n del decreto de &quot;autos chocolate&quot;: AMDA -<\/title>\n<meta name=\"robots\" content=\"index, follow, max-snippet:-1, max-image-preview:large, max-video-preview:-1\" \/>\n<link rel=\"canonical\" href=\"https:\/\/quehacerpolitico.mx\/?p=97953\" \/>\n<meta property=\"og:locale\" content=\"es_MX\" \/>\n<meta property=\"og:type\" content=\"article\" \/>\n<meta property=\"og:title\" content=\"Incongruente ampliaci\u00f3n del decreto de &quot;autos chocolate&quot;: AMDA -\" \/>\n<meta property=\"og:description\" content=\"Por Redacci\u00f3n QP La Asociaci\u00f3n Mexicana de Distribuidores de Automotores \u00a0se\u00f1ala que la medida promueve...\" \/>\n<meta property=\"og:url\" content=\"https:\/\/quehacerpolitico.mx\/?p=97953\" \/>\n<meta property=\"article:published_time\" content=\"2022-12-29T21:29:30+00:00\" \/>\n<meta property=\"article:modified_time\" content=\"2022-12-29T21:29:32+00:00\" \/>\n<meta property=\"og:image\" content=\"https:\/\/quehacerpolitico.mx\/wp-content\/uploads\/2022\/12\/F9A60BE1-BEE8-4C3B-9220-27BDC72DE58A.jpeg\" \/>\n\t<meta property=\"og:image:width\" content=\"600\" \/>\n\t<meta property=\"og:image:height\" content=\"413\" \/>\n\t<meta property=\"og:image:type\" content=\"image\/jpeg\" \/>\n<meta name=\"author\" content=\"Redacci\u00f3n QP\" \/>\n<meta name=\"twitter:card\" content=\"summary_large_image\" \/>\n<meta name=\"twitter:label1\" content=\"Escrito por\" \/>\n\t<meta name=\"twitter:data1\" content=\"Redacci\u00f3n QP\" \/>\n\t<meta name=\"twitter:label2\" content=\"Tiempo de lectura\" \/>\n\t<meta name=\"twitter:data2\" content=\"2 minutos\" \/>\n<script type=\"application\/ld+json\" class=\"yoast-schema-graph\">{\"@context\":\"https:\\\/\\\/schema.org\",\"@graph\":[{\"@type\":\"Article\",\"@id\":\"https:\\\/\\\/quehacerpolitico.mx\\\/?p=97953#article\",\"isPartOf\":{\"@id\":\"https:\\\/\\\/quehacerpolitico.mx\\\/?p=97953\"},\"author\":{\"name\":\"Redacci\u00f3n QP\",\"@id\":\"https:\\\/\\\/quehacerpolitico.mx\\\/#\\\/schema\\\/person\\\/496d8ad2d1d3f8036101dca7ee39e585\"},\"headline\":\"Incongruente ampliaci\u00f3n del decreto de &#8220;autos chocolate&#8221;: AMDA\",\"datePublished\":\"2022-12-29T21:29:30+00:00\",\"dateModified\":\"2022-12-29T21:29:32+00:00\",\"mainEntityOfPage\":{\"@id\":\"https:\\\/\\\/quehacerpolitico.mx\\\/?p=97953\"},\"wordCount\":406,\"commentCount\":0,\"image\":{\"@id\":\"https:\\\/\\\/quehacerpolitico.mx\\\/?p=97953#primaryimage\"},\"thumbnailUrl\":\"https:\\\/\\\/quehacerpolitico.mx\\\/wp-content\\\/uploads\\\/2022\\\/12\\\/F9A60BE1-BEE8-4C3B-9220-27BDC72DE58A.jpeg\",\"articleSection\":[\"Econom\u00eda\"],\"inLanguage\":\"es\",\"potentialAction\":[{\"@type\":\"CommentAction\",\"name\":\"Comment\",\"target\":[\"https:\\\/\\\/quehacerpolitico.mx\\\/?p=97953#respond\"]}]},{\"@type\":\"WebPage\",\"@id\":\"https:\\\/\\\/quehacerpolitico.mx\\\/?p=97953\",\"url\":\"https:\\\/\\\/quehacerpolitico.mx\\\/?p=97953\",\"name\":\"Incongruente ampliaci\u00f3n del decreto de \\\"autos chocolate\\\": AMDA -\",\"isPartOf\":{\"@id\":\"https:\\\/\\\/quehacerpolitico.mx\\\/#website\"},\"primaryImageOfPage\":{\"@id\":\"https:\\\/\\\/quehacerpolitico.mx\\\/?p=97953#primaryimage\"},\"image\":{\"@id\":\"https:\\\/\\\/quehacerpolitico.mx\\\/?p=97953#primaryimage\"},\"thumbnailUrl\":\"https:\\\/\\\/quehacerpolitico.mx\\\/wp-content\\\/uploads\\\/2022\\\/12\\\/F9A60BE1-BEE8-4C3B-9220-27BDC72DE58A.jpeg\",\"datePublished\":\"2022-12-29T21:29:30+00:00\",\"dateModified\":\"2022-12-29T21:29:32+00:00\",\"author\":{\"@id\":\"https:\\\/\\\/quehacerpolitico.mx\\\/#\\\/schema\\\/person\\\/496d8ad2d1d3f8036101dca7ee39e585\"},\"breadcrumb\":{\"@id\":\"https:\\\/\\\/quehacerpolitico.mx\\\/?p=97953#breadcrumb\"},\"inLanguage\":\"es\",\"potentialAction\":[{\"@type\":\"ReadAction\",\"target\":[\"https:\\\/\\\/quehacerpolitico.mx\\\/?p=97953\"]}]},{\"@type\":\"ImageObject\",\"inLanguage\":\"es\",\"@id\":\"https:\\\/\\\/quehacerpolitico.mx\\\/?p=97953#primaryimage\",\"url\":\"https:\\\/\\\/quehacerpolitico.mx\\\/wp-content\\\/uploads\\\/2022\\\/12\\\/F9A60BE1-BEE8-4C3B-9220-27BDC72DE58A.jpeg\",\"contentUrl\":\"https:\\\/\\\/quehacerpolitico.mx\\\/wp-content\\\/uploads\\\/2022\\\/12\\\/F9A60BE1-BEE8-4C3B-9220-27BDC72DE58A.jpeg\",\"width\":600,\"height\":413},{\"@type\":\"BreadcrumbList\",\"@id\":\"https:\\\/\\\/quehacerpolitico.mx\\\/?p=97953#breadcrumb\",\"itemListElement\":[{\"@type\":\"ListItem\",\"position\":1,\"name\":\"Inicio\",\"item\":\"https:\\\/\\\/quehacerpolitico.mx\\\/\"},{\"@type\":\"ListItem\",\"position\":2,\"name\":\"Incongruente ampliaci\u00f3n del decreto de &#8220;autos chocolate&#8221;: AMDA\"}]},{\"@type\":\"WebSite\",\"@id\":\"https:\\\/\\\/quehacerpolitico.mx\\\/#website\",\"url\":\"https:\\\/\\\/quehacerpolitico.mx\\\/\",\"name\":\"\",\"description\":\"\",\"potentialAction\":[{\"@type\":\"SearchAction\",\"target\":{\"@type\":\"EntryPoint\",\"urlTemplate\":\"https:\\\/\\\/quehacerpolitico.mx\\\/?s={search_term_string}\"},\"query-input\":{\"@type\":\"PropertyValueSpecification\",\"valueRequired\":true,\"valueName\":\"search_term_string\"}}],\"inLanguage\":\"es\"},{\"@type\":\"Person\",\"@id\":\"https:\\\/\\\/quehacerpolitico.mx\\\/#\\\/schema\\\/person\\\/496d8ad2d1d3f8036101dca7ee39e585\",\"name\":\"Redacci\u00f3n QP\",\"image\":{\"@type\":\"ImageObject\",\"inLanguage\":\"es\",\"@id\":\"https:\\\/\\\/secure.gravatar.com\\\/avatar\\\/c7164ed6fdec453195284ad24a5ae5b6e1eed2b848477fa2a4787ba9adf39a41?s=96&d=mm&r=g\",\"url\":\"https:\\\/\\\/secure.gravatar.com\\\/avatar\\\/c7164ed6fdec453195284ad24a5ae5b6e1eed2b848477fa2a4787ba9adf39a41?s=96&d=mm&r=g\",\"contentUrl\":\"https:\\\/\\\/secure.gravatar.com\\\/avatar\\\/c7164ed6fdec453195284ad24a5ae5b6e1eed2b848477fa2a4787ba9adf39a41?s=96&d=mm&r=g\",\"caption\":\"Redacci\u00f3n QP\"},\"url\":\"https:\\\/\\\/quehacerpolitico.mx\\\/?author=2\"}]}<\/script>\n<!-- \/ Yoast SEO plugin. -->","yoast_head_json":{"title":"Incongruente ampliaci\u00f3n del decreto de \"autos chocolate\": AMDA -","robots":{"index":"index","follow":"follow","max-snippet":"max-snippet:-1","max-image-preview":"max-image-preview:large","max-video-preview":"max-video-preview:-1"},"canonical":"https:\/\/quehacerpolitico.mx\/?p=97953","og_locale":"es_MX","og_type":"article","og_title":"Incongruente ampliaci\u00f3n del decreto de \"autos chocolate\": AMDA -","og_description":"Por Redacci\u00f3n QP La Asociaci\u00f3n Mexicana de Distribuidores de Automotores \u00a0se\u00f1ala que la medida promueve...","og_url":"https:\/\/quehacerpolitico.mx\/?p=97953","article_published_time":"2022-12-29T21:29:30+00:00","article_modified_time":"2022-12-29T21:29:32+00:00","og_image":[{"width":600,"height":413,"url":"https:\/\/quehacerpolitico.mx\/wp-content\/uploads\/2022\/12\/F9A60BE1-BEE8-4C3B-9220-27BDC72DE58A.jpeg","type":"image\/jpeg"}],"author":"Redacci\u00f3n QP","twitter_card":"summary_large_image","twitter_misc":{"Escrito por":"Redacci\u00f3n QP","Tiempo de lectura":"2 minutos"},"schema":{"@context":"https:\/\/schema.org","@graph":[{"@type":"Article","@id":"https:\/\/quehacerpolitico.mx\/?p=97953#article","isPartOf":{"@id":"https:\/\/quehacerpolitico.mx\/?p=97953"},"author":{"name":"Redacci\u00f3n QP","@id":"https:\/\/quehacerpolitico.mx\/#\/schema\/person\/496d8ad2d1d3f8036101dca7ee39e585"},"headline":"Incongruente ampliaci\u00f3n del decreto de &#8220;autos chocolate&#8221;: AMDA","datePublished":"2022-12-29T21:29:30+00:00","dateModified":"2022-12-29T21:29:32+00:00","mainEntityOfPage":{"@id":"https:\/\/quehacerpolitico.mx\/?p=97953"},"wordCount":406,"commentCount":0,"image":{"@id":"https:\/\/quehacerpolitico.mx\/?p=97953#primaryimage"},"thumbnailUrl":"https:\/\/quehacerpolitico.mx\/wp-content\/uploads\/2022\/12\/F9A60BE1-BEE8-4C3B-9220-27BDC72DE58A.jpeg","articleSection":["Econom\u00eda"],"inLanguage":"es","potentialAction":[{"@type":"CommentAction","name":"Comment","target":["https:\/\/quehacerpolitico.mx\/?p=97953#respond"]}]},{"@type":"WebPage","@id":"https:\/\/quehacerpolitico.mx\/?p=97953","url":"https:\/\/quehacerpolitico.mx\/?p=97953","name":"Incongruente ampliaci\u00f3n del decreto de \"autos chocolate\": AMDA -","isPartOf":{"@id":"https:\/\/quehacerpolitico.mx\/#website"},"primaryImageOfPage":{"@id":"https:\/\/quehacerpolitico.mx\/?p=97953#primaryimage"},"image":{"@id":"https:\/\/quehacerpolitico.mx\/?p=97953#primaryimage"},"thumbnailUrl":"https:\/\/quehacerpolitico.mx\/wp-content\/uploads\/2022\/12\/F9A60BE1-BEE8-4C3B-9220-27BDC72DE58A.jpeg","datePublished":"2022-12-29T21:29:30+00:00","dateModified":"2022-12-29T21:29:32+00:00","author":{"@id":"https:\/\/quehacerpolitico.mx\/#\/schema\/person\/496d8ad2d1d3f8036101dca7ee39e585"},"breadcrumb":{"@id":"https:\/\/quehacerpolitico.mx\/?p=97953#breadcrumb"},"inLanguage":"es","potentialAction":[{"@type":"ReadAction","target":["https:\/\/quehacerpolitico.mx\/?p=97953"]}]},{"@type":"ImageObject","inLanguage":"es","@id":"https:\/\/quehacerpolitico.mx\/?p=97953#primaryimage","url":"https:\/\/quehacerpolitico.mx\/wp-content\/uploads\/2022\/12\/F9A60BE1-BEE8-4C3B-9220-27BDC72DE58A.jpeg","contentUrl":"https:\/\/quehacerpolitico.mx\/wp-content\/uploads\/2022\/12\/F9A60BE1-BEE8-4C3B-9220-27BDC72DE58A.jpeg","width":600,"height":413},{"@type":"BreadcrumbList","@id":"https:\/\/quehacerpolitico.mx\/?p=97953#breadcrumb","itemListElement":[{"@type":"ListItem","position":1,"name":"Inicio","item":"https:\/\/quehacerpolitico.mx\/"},{"@type":"ListItem","position":2,"name":"Incongruente ampliaci\u00f3n del decreto de &#8220;autos chocolate&#8221;: AMDA"}]},{"@type":"WebSite","@id":"https:\/\/quehacerpolitico.mx\/#website","url":"https:\/\/quehacerpolitico.mx\/","name":"","description":"","potentialAction":[{"@type":"SearchAction","target":{"@type":"EntryPoint","urlTemplate":"https:\/\/quehacerpolitico.mx\/?s={search_term_string}"},"query-input":{"@type":"PropertyValueSpecification","valueRequired":true,"valueName":"search_term_string"}}],"inLanguage":"es"},{"@type":"Person","@id":"https:\/\/quehacerpolitico.mx\/#\/schema\/person\/496d8ad2d1d3f8036101dca7ee39e585","name":"Redacci\u00f3n QP","image":{"@type":"ImageObject","inLanguage":"es","@id":"https:\/\/secure.gravatar.com\/avatar\/c7164ed6fdec453195284ad24a5ae5b6e1eed2b848477fa2a4787ba9adf39a41?s=96&d=mm&r=g","url":"https:\/\/secure.gravatar.com\/avatar\/c7164ed6fdec453195284ad24a5ae5b6e1eed2b848477fa2a4787ba9adf39a41?s=96&d=mm&r=g","contentUrl":"https:\/\/secure.gravatar.com\/avatar\/c7164ed6fdec453195284ad24a5ae5b6e1eed2b848477fa2a4787ba9adf39a41?s=96&d=mm&r=g","caption":"Redacci\u00f3n QP"},"url":"https:\/\/quehacerpolitico.mx\/?author=2"}]}},"featured_image_urls":{"full":["https:\/\/quehacerpolitico.mx\/wp-content\/uploads\/2022\/12\/F9A60BE1-BEE8-4C3B-9220-27BDC72DE58A.jpeg",600,413,false],"thumbnail":["https:\/\/quehacerpolitico.mx\/wp-content\/uploads\/2022\/12\/F9A60BE1-BEE8-4C3B-9220-27BDC72DE58A-150x150.jpeg",150,150,true],"medium":["https:\/\/quehacerpolitico.mx\/wp-content\/uploads\/2022\/12\/F9A60BE1-BEE8-4C3B-9220-27BDC72DE58A-300x207.jpeg",300,207,true],"medium_large":["https:\/\/quehacerpolitico.mx\/wp-content\/uploads\/2022\/12\/F9A60BE1-BEE8-4C3B-9220-27BDC72DE58A.jpeg",600,413,false],"large":["https:\/\/quehacerpolitico.mx\/wp-content\/uploads\/2022\/12\/F9A60BE1-BEE8-4C3B-9220-27BDC72DE58A.jpeg",600,413,false],"1536x1536":["https:\/\/quehacerpolitico.mx\/wp-content\/uploads\/2022\/12\/F9A60BE1-BEE8-4C3B-9220-27BDC72DE58A.jpeg",600,413,false],"2048x2048":["https:\/\/quehacerpolitico.mx\/wp-content\/uploads\/2022\/12\/F9A60BE1-BEE8-4C3B-9220-27BDC72DE58A.jpeg",600,413,false],"covernews-featured":["https:\/\/quehacerpolitico.mx\/wp-content\/uploads\/2022\/12\/F9A60BE1-BEE8-4C3B-9220-27BDC72DE58A.jpeg",600,413,false],"covernews-medium":["https:\/\/quehacerpolitico.mx\/wp-content\/uploads\/2022\/12\/F9A60BE1-BEE8-4C3B-9220-27BDC72DE58A.jpeg",494,340,false]},"author_info":{"display_name":"Redacci\u00f3n QP","author_link":"https:\/\/quehacerpolitico.mx\/?author=2"},"category_info":"<a href=\"https:\/\/quehacerpolitico.mx\/?cat=56\" rel=\"category\">Econom\u00eda<\/a>","tag_info":"Econom\u00eda","comment_count":"0","_links":{"self":[{"href":"https:\/\/quehacerpolitico.mx\/index.php?rest_route=\/wp\/v2\/posts\/97953","targetHints":{"allow":["GET"]}}],"collection":[{"href":"https:\/\/quehacerpolitico.mx\/index.php?rest_route=\/wp\/v2\/posts"}],"about":[{"href":"https:\/\/quehacerpolitico.mx\/index.php?rest_route=\/wp\/v2\/types\/post"}],"author":[{"embeddable":true,"href":"https:\/\/quehacerpolitico.mx\/index.php?rest_route=\/wp\/v2\/users\/2"}],"replies":[{"embeddable":true,"href":"https:\/\/quehacerpolitico.mx\/index.php?rest_route=%2Fwp%2Fv2%2Fcomments&post=97953"}],"version-history":[{"count":1,"href":"https:\/\/quehacerpolitico.mx\/index.php?rest_route=\/wp\/v2\/posts\/97953\/revisions"}],"predecessor-version":[{"id":97955,"href":"https:\/\/quehacerpolitico.mx\/index.php?rest_route=\/wp\/v2\/posts\/97953\/revisions\/97955"}],"wp:featuredmedia":[{"embeddable":true,"href":"https:\/\/quehacerpolitico.mx\/index.php?rest_route=\/wp\/v2\/media\/97954"}],"wp:attachment":[{"href":"https:\/\/quehacerpolitico.mx\/index.php?rest_route=%2Fwp%2Fv2%2Fmedia&parent=97953"}],"wp:term":[{"taxonomy":"category","embeddable":true,"href":"https:\/\/quehacerpolitico.mx\/index.php?rest_route=%2Fwp%2Fv2%2Fcategories&post=97953"},{"taxonomy":"post_tag","embeddable":true,"href":"https:\/\/quehacerpolitico.mx\/index.php?rest_route=%2Fwp%2Fv2%2Ftags&post=97953"}],"curies":[{"name":"wp","href":"https:\/\/api.w.org\/{rel}","templated":true}]}}