{"id":97932,"date":"2022-12-29T20:05:28","date_gmt":"2022-12-29T20:05:28","guid":{"rendered":"https:\/\/quehacerpolitico.mx\/?p=97932"},"modified":"2022-12-29T20:05:31","modified_gmt":"2022-12-29T20:05:31","slug":"el-rey-pele-considerado-el-mejor-futbolista-en-la-historia-murio-a-los-82-anos-de-edad-confirmo-su-familia","status":"publish","type":"post","link":"https:\/\/quehacerpolitico.mx\/?p=97932","title":{"rendered":"El rey \u2018Pel\u00e9\u2019, considerado el mejor futbolista en la historia, muri\u00f3 a los 82 a\u00f1os de edad, confirm\u00f3 su familia"},"content":{"rendered":"\n<p>Por Redacci\u00f3n QP<\/p>\n\n\n\n<p>El mundo del futbol est\u00e1 de luto tras confirmarse el deceso de la leyenda brasile\u00f1a<\/p>\n\n\n\n<p>Medios internacionales reportaron este jueves 29 de diciembre la muerte de&nbsp;Pele&nbsp;a los 82 a\u00f1os.<\/p>\n\n\n\n<p>El brasile\u00f1o&nbsp;<strong>Edson Arantes do Nascimento<\/strong>&nbsp;&#8220;Pel\u00e9&#8221;,&nbsp;<strong>considerado por muchos el mejor futbolista de todos los tiempos,<\/strong>&nbsp;falleci\u00f3 hoy&nbsp;<strong>debido a las complicaciones del c\u00e1ncer<\/strong>&nbsp;que padec\u00eda, de acuerdo con reportes de medios de su pa\u00eds.<\/p>\n\n\n\n<p><strong>&#8220;Te amamos infinitamente. Descansa en paz&#8221;<\/strong>, public\u00f3 en su cuenta de Instagram su hija Kely Nascimento, desde el Hospital Albert Einstein, donde O&#8217;Rei ingres\u00f3 el 29 de noviembre para reevaluar su tratamiento.<\/p>\n\n\n\n<figure class=\"wp-block-image size-large\"><img loading=\"lazy\" decoding=\"async\" width=\"1024\" height=\"570\" src=\"https:\/\/quehacerpolitico.mx\/wp-content\/uploads\/2022\/12\/image-39-1024x570.jpeg\" alt=\"\" class=\"wp-image-97933\" srcset=\"https:\/\/quehacerpolitico.mx\/wp-content\/uploads\/2022\/12\/image-39-1024x570.jpeg 1024w, https:\/\/quehacerpolitico.mx\/wp-content\/uploads\/2022\/12\/image-39-300x167.jpeg 300w, https:\/\/quehacerpolitico.mx\/wp-content\/uploads\/2022\/12\/image-39-768x427.jpeg 768w, https:\/\/quehacerpolitico.mx\/wp-content\/uploads\/2022\/12\/image-39-260x146.jpeg 260w, https:\/\/quehacerpolitico.mx\/wp-content\/uploads\/2022\/12\/image-39-50x28.jpeg 50w, https:\/\/quehacerpolitico.mx\/wp-content\/uploads\/2022\/12\/image-39-135x75.jpeg 135w, https:\/\/quehacerpolitico.mx\/wp-content\/uploads\/2022\/12\/image-39.jpeg 1100w\" sizes=\"auto, (max-width: 1024px) 100vw, 1024px\" \/><\/figure>\n\n\n\n<p>El propio hospital hab\u00eda anunciado la semana pasada que el&nbsp;cancer de colon que padec\u00eda hab\u00eda avanzado y que Pel\u00e9&nbsp;<strong>presentaba &#8220;disfunciones renal y card\u00edaca&#8221;.<\/strong><\/p>\n\n\n\n<p>Pel\u00e9 es el \u00fanico futbolista en la historia en ganar tres Mundiales (1958, 1962 y 1970).<\/p>\n\n\n\n<p>&#8216;O Rei&#8217; se hab\u00eda alejado de los eventos p\u00fablicos desde hac\u00eda a\u00f1os por problemas de cadera.&nbsp;En septiembre de 2021 le fue diagnosticado un c\u00e1ncer tras la extirpaci\u00f3n de un tumor en el colon.<\/p>\n\n\n\n<p>Durante el \u00faltimo mes, el triple campe\u00f3n mundial permaneci\u00f3&nbsp;<strong>internado<\/strong>&nbsp;por una \u201cprogresi\u00f3n\u201d de la \u201c<strong>enfermedad oncol\u00f3gica<\/strong>\u201d que padec\u00eda y que le ocasion\u00f3 disfunciones en los ri\u00f1ones y coraz\u00f3n.<\/p>\n\n\n\n<p>El 29 de noviembre \u2018Pel\u00e9\u2019 fue&nbsp;<strong>hospitalizado<\/strong>&nbsp;para reevaluar el tratamiento de&nbsp;<strong>quimioterapia<\/strong>&nbsp;contra el&nbsp;<strong>tumor de colon<\/strong>&nbsp;por el que fue operado en&nbsp;septiembre de 2021<\/p>\n\n\n\n<p>Posteriormente, se inform\u00f3 que tambi\u00e9n estaba trat\u00e1ndose una \u201c<strong>infecci\u00f3n<\/strong>&nbsp;<strong>respiratoria<\/strong>\u201c, consecuencia, seg\u00fan sus hijas, del&nbsp;<strong>COVID-19<\/strong>&nbsp;que contrajo unas tres semanas antes de su entrada al hospital.<\/p>\n\n\n\n<p>En la cuenta de Twitter de Pel\u00e9 se public\u00f3 una fotograf\u00eda del astro brasile\u00f1o en la que se destac\u00f3 la inspiraci\u00f3n y amor que marc\u00f3 su camino dentro del futbol.<\/p>\n\n\n\n<p>\u201cAmor, amor y amor, para siempre\u201d, concluy\u00f3 el tuit.<\/p>\n","protected":false},"excerpt":{"rendered":"<p>Por Redacci\u00f3n QP El mundo del futbol est\u00e1 de luto tras confirmarse el deceso de&#8230;<\/p>\n","protected":false},"author":2,"featured_media":97935,"comment_status":"open","ping_status":"open","sticky":false,"template":"","format":"standard","meta":{"_monsterinsights_skip_tracking":false,"_monsterinsights_sitenote_active":false,"_monsterinsights_sitenote_note":"","_monsterinsights_sitenote_category":0,"footnotes":""},"categories":[54],"tags":[],"class_list":["post-97932","post","type-post","status-publish","format-standard","has-post-thumbnail","hentry","category-deportes"],"yoast_head":"<!-- This site is optimized with the Yoast SEO plugin v27.3 - https:\/\/yoast.com\/product\/yoast-seo-wordpress\/ -->\n<title>El rey \u2018Pel\u00e9\u2019, considerado el mejor futbolista en la historia, muri\u00f3 a los 82 a\u00f1os de edad, confirm\u00f3 su familia -<\/title>\n<meta name=\"robots\" content=\"index, follow, max-snippet:-1, max-image-preview:large, max-video-preview:-1\" \/>\n<link rel=\"canonical\" href=\"https:\/\/quehacerpolitico.mx\/?p=97932\" \/>\n<meta property=\"og:locale\" content=\"es_MX\" \/>\n<meta property=\"og:type\" content=\"article\" \/>\n<meta property=\"og:title\" content=\"El rey \u2018Pel\u00e9\u2019, considerado el mejor futbolista en la historia, muri\u00f3 a los 82 a\u00f1os de edad, confirm\u00f3 su familia -\" \/>\n<meta property=\"og:description\" content=\"Por Redacci\u00f3n QP El mundo del futbol est\u00e1 de luto tras confirmarse el deceso de...\" \/>\n<meta property=\"og:url\" content=\"https:\/\/quehacerpolitico.mx\/?p=97932\" \/>\n<meta property=\"article:published_time\" content=\"2022-12-29T20:05:28+00:00\" \/>\n<meta property=\"article:modified_time\" content=\"2022-12-29T20:05:31+00:00\" \/>\n<meta property=\"og:image\" content=\"https:\/\/quehacerpolitico.mx\/wp-content\/uploads\/2022\/12\/062385FC-AB31-4FA0-A9A9-E7BA9D57D7A1.jpeg\" \/>\n\t<meta property=\"og:image:width\" content=\"1000\" \/>\n\t<meta property=\"og:image:height\" content=\"1000\" \/>\n\t<meta property=\"og:image:type\" content=\"image\/jpeg\" \/>\n<meta name=\"author\" content=\"Redacci\u00f3n QP\" \/>\n<meta name=\"twitter:card\" content=\"summary_large_image\" \/>\n<meta name=\"twitter:label1\" content=\"Escrito por\" \/>\n\t<meta name=\"twitter:data1\" content=\"Redacci\u00f3n QP\" \/>\n\t<meta name=\"twitter:label2\" content=\"Tiempo de lectura\" \/>\n\t<meta name=\"twitter:data2\" content=\"2 minutos\" \/>\n<script type=\"application\/ld+json\" class=\"yoast-schema-graph\">{\"@context\":\"https:\\\/\\\/schema.org\",\"@graph\":[{\"@type\":\"Article\",\"@id\":\"https:\\\/\\\/quehacerpolitico.mx\\\/?p=97932#article\",\"isPartOf\":{\"@id\":\"https:\\\/\\\/quehacerpolitico.mx\\\/?p=97932\"},\"author\":{\"name\":\"Redacci\u00f3n QP\",\"@id\":\"https:\\\/\\\/quehacerpolitico.mx\\\/#\\\/schema\\\/person\\\/496d8ad2d1d3f8036101dca7ee39e585\"},\"headline\":\"El rey \u2018Pel\u00e9\u2019, considerado el mejor futbolista en la historia, muri\u00f3 a los 82 a\u00f1os de edad, confirm\u00f3 su familia\",\"datePublished\":\"2022-12-29T20:05:28+00:00\",\"dateModified\":\"2022-12-29T20:05:31+00:00\",\"mainEntityOfPage\":{\"@id\":\"https:\\\/\\\/quehacerpolitico.mx\\\/?p=97932\"},\"wordCount\":364,\"commentCount\":0,\"image\":{\"@id\":\"https:\\\/\\\/quehacerpolitico.mx\\\/?p=97932#primaryimage\"},\"thumbnailUrl\":\"https:\\\/\\\/quehacerpolitico.mx\\\/wp-content\\\/uploads\\\/2022\\\/12\\\/062385FC-AB31-4FA0-A9A9-E7BA9D57D7A1.jpeg\",\"articleSection\":[\"Deportes\"],\"inLanguage\":\"es\",\"potentialAction\":[{\"@type\":\"CommentAction\",\"name\":\"Comment\",\"target\":[\"https:\\\/\\\/quehacerpolitico.mx\\\/?p=97932#respond\"]}]},{\"@type\":\"WebPage\",\"@id\":\"https:\\\/\\\/quehacerpolitico.mx\\\/?p=97932\",\"url\":\"https:\\\/\\\/quehacerpolitico.mx\\\/?p=97932\",\"name\":\"El rey \u2018Pel\u00e9\u2019, considerado el mejor futbolista en la historia, muri\u00f3 a los 82 a\u00f1os de edad, confirm\u00f3 su familia -\",\"isPartOf\":{\"@id\":\"https:\\\/\\\/quehacerpolitico.mx\\\/#website\"},\"primaryImageOfPage\":{\"@id\":\"https:\\\/\\\/quehacerpolitico.mx\\\/?p=97932#primaryimage\"},\"image\":{\"@id\":\"https:\\\/\\\/quehacerpolitico.mx\\\/?p=97932#primaryimage\"},\"thumbnailUrl\":\"https:\\\/\\\/quehacerpolitico.mx\\\/wp-content\\\/uploads\\\/2022\\\/12\\\/062385FC-AB31-4FA0-A9A9-E7BA9D57D7A1.jpeg\",\"datePublished\":\"2022-12-29T20:05:28+00:00\",\"dateModified\":\"2022-12-29T20:05:31+00:00\",\"author\":{\"@id\":\"https:\\\/\\\/quehacerpolitico.mx\\\/#\\\/schema\\\/person\\\/496d8ad2d1d3f8036101dca7ee39e585\"},\"breadcrumb\":{\"@id\":\"https:\\\/\\\/quehacerpolitico.mx\\\/?p=97932#breadcrumb\"},\"inLanguage\":\"es\",\"potentialAction\":[{\"@type\":\"ReadAction\",\"target\":[\"https:\\\/\\\/quehacerpolitico.mx\\\/?p=97932\"]}]},{\"@type\":\"ImageObject\",\"inLanguage\":\"es\",\"@id\":\"https:\\\/\\\/quehacerpolitico.mx\\\/?p=97932#primaryimage\",\"url\":\"https:\\\/\\\/quehacerpolitico.mx\\\/wp-content\\\/uploads\\\/2022\\\/12\\\/062385FC-AB31-4FA0-A9A9-E7BA9D57D7A1.jpeg\",\"contentUrl\":\"https:\\\/\\\/quehacerpolitico.mx\\\/wp-content\\\/uploads\\\/2022\\\/12\\\/062385FC-AB31-4FA0-A9A9-E7BA9D57D7A1.jpeg\",\"width\":1000,\"height\":1000},{\"@type\":\"BreadcrumbList\",\"@id\":\"https:\\\/\\\/quehacerpolitico.mx\\\/?p=97932#breadcrumb\",\"itemListElement\":[{\"@type\":\"ListItem\",\"position\":1,\"name\":\"Inicio\",\"item\":\"https:\\\/\\\/quehacerpolitico.mx\\\/\"},{\"@type\":\"ListItem\",\"position\":2,\"name\":\"El rey \u2018Pel\u00e9\u2019, considerado el mejor futbolista en la historia, muri\u00f3 a los 82 a\u00f1os de edad, confirm\u00f3 su familia\"}]},{\"@type\":\"WebSite\",\"@id\":\"https:\\\/\\\/quehacerpolitico.mx\\\/#website\",\"url\":\"https:\\\/\\\/quehacerpolitico.mx\\\/\",\"name\":\"\",\"description\":\"\",\"potentialAction\":[{\"@type\":\"SearchAction\",\"target\":{\"@type\":\"EntryPoint\",\"urlTemplate\":\"https:\\\/\\\/quehacerpolitico.mx\\\/?s={search_term_string}\"},\"query-input\":{\"@type\":\"PropertyValueSpecification\",\"valueRequired\":true,\"valueName\":\"search_term_string\"}}],\"inLanguage\":\"es\"},{\"@type\":\"Person\",\"@id\":\"https:\\\/\\\/quehacerpolitico.mx\\\/#\\\/schema\\\/person\\\/496d8ad2d1d3f8036101dca7ee39e585\",\"name\":\"Redacci\u00f3n QP\",\"image\":{\"@type\":\"ImageObject\",\"inLanguage\":\"es\",\"@id\":\"https:\\\/\\\/secure.gravatar.com\\\/avatar\\\/c7164ed6fdec453195284ad24a5ae5b6e1eed2b848477fa2a4787ba9adf39a41?s=96&d=mm&r=g\",\"url\":\"https:\\\/\\\/secure.gravatar.com\\\/avatar\\\/c7164ed6fdec453195284ad24a5ae5b6e1eed2b848477fa2a4787ba9adf39a41?s=96&d=mm&r=g\",\"contentUrl\":\"https:\\\/\\\/secure.gravatar.com\\\/avatar\\\/c7164ed6fdec453195284ad24a5ae5b6e1eed2b848477fa2a4787ba9adf39a41?s=96&d=mm&r=g\",\"caption\":\"Redacci\u00f3n QP\"},\"url\":\"https:\\\/\\\/quehacerpolitico.mx\\\/?author=2\"}]}<\/script>\n<!-- \/ Yoast SEO plugin. -->","yoast_head_json":{"title":"El rey \u2018Pel\u00e9\u2019, considerado el mejor futbolista en la historia, muri\u00f3 a los 82 a\u00f1os de edad, confirm\u00f3 su familia -","robots":{"index":"index","follow":"follow","max-snippet":"max-snippet:-1","max-image-preview":"max-image-preview:large","max-video-preview":"max-video-preview:-1"},"canonical":"https:\/\/quehacerpolitico.mx\/?p=97932","og_locale":"es_MX","og_type":"article","og_title":"El rey \u2018Pel\u00e9\u2019, considerado el mejor futbolista en la historia, muri\u00f3 a los 82 a\u00f1os de edad, confirm\u00f3 su familia -","og_description":"Por Redacci\u00f3n QP El mundo del futbol est\u00e1 de luto tras confirmarse el deceso de...","og_url":"https:\/\/quehacerpolitico.mx\/?p=97932","article_published_time":"2022-12-29T20:05:28+00:00","article_modified_time":"2022-12-29T20:05:31+00:00","og_image":[{"width":1000,"height":1000,"url":"https:\/\/quehacerpolitico.mx\/wp-content\/uploads\/2022\/12\/062385FC-AB31-4FA0-A9A9-E7BA9D57D7A1.jpeg","type":"image\/jpeg"}],"author":"Redacci\u00f3n QP","twitter_card":"summary_large_image","twitter_misc":{"Escrito por":"Redacci\u00f3n QP","Tiempo de lectura":"2 minutos"},"schema":{"@context":"https:\/\/schema.org","@graph":[{"@type":"Article","@id":"https:\/\/quehacerpolitico.mx\/?p=97932#article","isPartOf":{"@id":"https:\/\/quehacerpolitico.mx\/?p=97932"},"author":{"name":"Redacci\u00f3n QP","@id":"https:\/\/quehacerpolitico.mx\/#\/schema\/person\/496d8ad2d1d3f8036101dca7ee39e585"},"headline":"El rey \u2018Pel\u00e9\u2019, considerado el mejor futbolista en la historia, muri\u00f3 a los 82 a\u00f1os de edad, confirm\u00f3 su familia","datePublished":"2022-12-29T20:05:28+00:00","dateModified":"2022-12-29T20:05:31+00:00","mainEntityOfPage":{"@id":"https:\/\/quehacerpolitico.mx\/?p=97932"},"wordCount":364,"commentCount":0,"image":{"@id":"https:\/\/quehacerpolitico.mx\/?p=97932#primaryimage"},"thumbnailUrl":"https:\/\/quehacerpolitico.mx\/wp-content\/uploads\/2022\/12\/062385FC-AB31-4FA0-A9A9-E7BA9D57D7A1.jpeg","articleSection":["Deportes"],"inLanguage":"es","potentialAction":[{"@type":"CommentAction","name":"Comment","target":["https:\/\/quehacerpolitico.mx\/?p=97932#respond"]}]},{"@type":"WebPage","@id":"https:\/\/quehacerpolitico.mx\/?p=97932","url":"https:\/\/quehacerpolitico.mx\/?p=97932","name":"El rey \u2018Pel\u00e9\u2019, considerado el mejor futbolista en la historia, muri\u00f3 a los 82 a\u00f1os de edad, confirm\u00f3 su familia -","isPartOf":{"@id":"https:\/\/quehacerpolitico.mx\/#website"},"primaryImageOfPage":{"@id":"https:\/\/quehacerpolitico.mx\/?p=97932#primaryimage"},"image":{"@id":"https:\/\/quehacerpolitico.mx\/?p=97932#primaryimage"},"thumbnailUrl":"https:\/\/quehacerpolitico.mx\/wp-content\/uploads\/2022\/12\/062385FC-AB31-4FA0-A9A9-E7BA9D57D7A1.jpeg","datePublished":"2022-12-29T20:05:28+00:00","dateModified":"2022-12-29T20:05:31+00:00","author":{"@id":"https:\/\/quehacerpolitico.mx\/#\/schema\/person\/496d8ad2d1d3f8036101dca7ee39e585"},"breadcrumb":{"@id":"https:\/\/quehacerpolitico.mx\/?p=97932#breadcrumb"},"inLanguage":"es","potentialAction":[{"@type":"ReadAction","target":["https:\/\/quehacerpolitico.mx\/?p=97932"]}]},{"@type":"ImageObject","inLanguage":"es","@id":"https:\/\/quehacerpolitico.mx\/?p=97932#primaryimage","url":"https:\/\/quehacerpolitico.mx\/wp-content\/uploads\/2022\/12\/062385FC-AB31-4FA0-A9A9-E7BA9D57D7A1.jpeg","contentUrl":"https:\/\/quehacerpolitico.mx\/wp-content\/uploads\/2022\/12\/062385FC-AB31-4FA0-A9A9-E7BA9D57D7A1.jpeg","width":1000,"height":1000},{"@type":"BreadcrumbList","@id":"https:\/\/quehacerpolitico.mx\/?p=97932#breadcrumb","itemListElement":[{"@type":"ListItem","position":1,"name":"Inicio","item":"https:\/\/quehacerpolitico.mx\/"},{"@type":"ListItem","position":2,"name":"El rey \u2018Pel\u00e9\u2019, considerado el mejor futbolista en la historia, muri\u00f3 a los 82 a\u00f1os de edad, confirm\u00f3 su familia"}]},{"@type":"WebSite","@id":"https:\/\/quehacerpolitico.mx\/#website","url":"https:\/\/quehacerpolitico.mx\/","name":"","description":"","potentialAction":[{"@type":"SearchAction","target":{"@type":"EntryPoint","urlTemplate":"https:\/\/quehacerpolitico.mx\/?s={search_term_string}"},"query-input":{"@type":"PropertyValueSpecification","valueRequired":true,"valueName":"search_term_string"}}],"inLanguage":"es"},{"@type":"Person","@id":"https:\/\/quehacerpolitico.mx\/#\/schema\/person\/496d8ad2d1d3f8036101dca7ee39e585","name":"Redacci\u00f3n QP","image":{"@type":"ImageObject","inLanguage":"es","@id":"https:\/\/secure.gravatar.com\/avatar\/c7164ed6fdec453195284ad24a5ae5b6e1eed2b848477fa2a4787ba9adf39a41?s=96&d=mm&r=g","url":"https:\/\/secure.gravatar.com\/avatar\/c7164ed6fdec453195284ad24a5ae5b6e1eed2b848477fa2a4787ba9adf39a41?s=96&d=mm&r=g","contentUrl":"https:\/\/secure.gravatar.com\/avatar\/c7164ed6fdec453195284ad24a5ae5b6e1eed2b848477fa2a4787ba9adf39a41?s=96&d=mm&r=g","caption":"Redacci\u00f3n QP"},"url":"https:\/\/quehacerpolitico.mx\/?author=2"}]}},"featured_image_urls":{"full":["https:\/\/quehacerpolitico.mx\/wp-content\/uploads\/2022\/12\/062385FC-AB31-4FA0-A9A9-E7BA9D57D7A1.jpeg",1000,1000,false],"thumbnail":["https:\/\/quehacerpolitico.mx\/wp-content\/uploads\/2022\/12\/062385FC-AB31-4FA0-A9A9-E7BA9D57D7A1-150x150.jpeg",150,150,true],"medium":["https:\/\/quehacerpolitico.mx\/wp-content\/uploads\/2022\/12\/062385FC-AB31-4FA0-A9A9-E7BA9D57D7A1-300x300.jpeg",300,300,true],"medium_large":["https:\/\/quehacerpolitico.mx\/wp-content\/uploads\/2022\/12\/062385FC-AB31-4FA0-A9A9-E7BA9D57D7A1-768x768.jpeg",640,640,true],"large":["https:\/\/quehacerpolitico.mx\/wp-content\/uploads\/2022\/12\/062385FC-AB31-4FA0-A9A9-E7BA9D57D7A1.jpeg",640,640,false],"1536x1536":["https:\/\/quehacerpolitico.mx\/wp-content\/uploads\/2022\/12\/062385FC-AB31-4FA0-A9A9-E7BA9D57D7A1.jpeg",1000,1000,false],"2048x2048":["https:\/\/quehacerpolitico.mx\/wp-content\/uploads\/2022\/12\/062385FC-AB31-4FA0-A9A9-E7BA9D57D7A1.jpeg",1000,1000,false],"covernews-featured":["https:\/\/quehacerpolitico.mx\/wp-content\/uploads\/2022\/12\/062385FC-AB31-4FA0-A9A9-E7BA9D57D7A1.jpeg",1000,1000,false],"covernews-medium":["https:\/\/quehacerpolitico.mx\/wp-content\/uploads\/2022\/12\/062385FC-AB31-4FA0-A9A9-E7BA9D57D7A1.jpeg",340,340,false]},"author_info":{"display_name":"Redacci\u00f3n QP","author_link":"https:\/\/quehacerpolitico.mx\/?author=2"},"category_info":"<a href=\"https:\/\/quehacerpolitico.mx\/?cat=54\" rel=\"category\">Deportes<\/a>","tag_info":"Deportes","comment_count":"0","_links":{"self":[{"href":"https:\/\/quehacerpolitico.mx\/index.php?rest_route=\/wp\/v2\/posts\/97932","targetHints":{"allow":["GET"]}}],"collection":[{"href":"https:\/\/quehacerpolitico.mx\/index.php?rest_route=\/wp\/v2\/posts"}],"about":[{"href":"https:\/\/quehacerpolitico.mx\/index.php?rest_route=\/wp\/v2\/types\/post"}],"author":[{"embeddable":true,"href":"https:\/\/quehacerpolitico.mx\/index.php?rest_route=\/wp\/v2\/users\/2"}],"replies":[{"embeddable":true,"href":"https:\/\/quehacerpolitico.mx\/index.php?rest_route=%2Fwp%2Fv2%2Fcomments&post=97932"}],"version-history":[{"count":1,"href":"https:\/\/quehacerpolitico.mx\/index.php?rest_route=\/wp\/v2\/posts\/97932\/revisions"}],"predecessor-version":[{"id":97936,"href":"https:\/\/quehacerpolitico.mx\/index.php?rest_route=\/wp\/v2\/posts\/97932\/revisions\/97936"}],"wp:featuredmedia":[{"embeddable":true,"href":"https:\/\/quehacerpolitico.mx\/index.php?rest_route=\/wp\/v2\/media\/97935"}],"wp:attachment":[{"href":"https:\/\/quehacerpolitico.mx\/index.php?rest_route=%2Fwp%2Fv2%2Fmedia&parent=97932"}],"wp:term":[{"taxonomy":"category","embeddable":true,"href":"https:\/\/quehacerpolitico.mx\/index.php?rest_route=%2Fwp%2Fv2%2Fcategories&post=97932"},{"taxonomy":"post_tag","embeddable":true,"href":"https:\/\/quehacerpolitico.mx\/index.php?rest_route=%2Fwp%2Fv2%2Ftags&post=97932"}],"curies":[{"name":"wp","href":"https:\/\/api.w.org\/{rel}","templated":true}]}}