{"id":97914,"date":"2022-12-28T18:17:52","date_gmt":"2022-12-28T18:17:52","guid":{"rendered":"https:\/\/quehacerpolitico.mx\/?p=97914"},"modified":"2022-12-28T18:17:58","modified_gmt":"2022-12-28T18:17:58","slug":"vamos-muy-bien-y-el-2023-tiene-que-ser-muchisimo-mejor-para-mexico-lopez-obrador","status":"publish","type":"post","link":"https:\/\/quehacerpolitico.mx\/?p=97914","title":{"rendered":"&#8220;Vamos muy bien y el 2023 tiene que ser much\u00edsimo mejor&#8221; para M\u00e9xico: L\u00f3pez Obrador"},"content":{"rendered":"\n<p>Por Redacci\u00f3n QP<\/p>\n\n\n\n<p>Durante la ma\u00f1anera de hoy, el Presidente hizo un balance de su gobierno, destacando los graves que ha enfrentado como la pandemia de COVID-19<\/p>\n\n\n\n<p>El presidente Andr\u00e9s Manuel Lopez Obrador\u00a0hizo un balance de su gobierno, de los retos que enfrent\u00f3 durante la pandemia y reconoci\u00f3 que ha enfrentado problemas de gran calado, muy graves, como la crisis sanitaria que ha sido lo m\u00e1s dif\u00edcil durante su administraci\u00f3n, pero asegur\u00f3 que\u00a0<strong>&#8220;son buenos los resultados<\/strong>&#8221; porque\u00a0<strong>&#8220;vamos muy bien y el 2023 tiene que ser much\u00edsimo mejor&#8221;.<\/strong><\/p>\n\n\n\n<figure class=\"wp-block-embed is-type-rich is-provider-twitter wp-block-embed-twitter\"><div class=\"wp-block-embed__wrapper\">\n<blockquote class=\"twitter-tweet\" data-width=\"550\" data-dnt=\"true\"><p lang=\"es\" dir=\"ltr\">El presidente L\u00f3pez Obrador reconoci\u00f3 que la pandemia fue el problema m\u00e1s dif\u00edcil que enfrent\u00f3 su gobierno.<br><br>\u201cVivimos momentos muy dolorosos y con la oposici\u00f3n encima\u201d <a href=\"https:\/\/t.co\/492unN18of\">pic.twitter.com\/492unN18of<\/a><\/p>&mdash; Joaqu\u00edn L\u00f3pez-D\u00f3riga (@lopezdoriga) <a href=\"https:\/\/twitter.com\/lopezdoriga\/status\/1608112556815618050?ref_src=twsrc%5Etfw\">December 28, 2022<\/a><\/blockquote><script async src=\"https:\/\/platform.twitter.com\/widgets.js\" charset=\"utf-8\"><\/script>\n<\/div><\/figure>\n\n\n\n<p>Durante la conferencia ma\u00f1anera de hoy, expuso que se enfrent\u00f3 con la\u00a0pandemia, la p\u00e9rdida de vidas humanas que &#8220;nos dej\u00f3 mucha tristeza&#8221;, pero salimos adelante porque nos aplicamos a fondo todo el gobierno, el Sector Salud, con la ayuda de los m\u00e9dicos y que nunca hubo un paro de un hospital durante la emergencia sanitaria.<\/p>\n\n\n\n<p>&#8220;S\u00ed hubo momentos muy dolorosos y adem\u00e1s tambi\u00e9n, pues con la oposici\u00f3n encima queriendo que nos fuera mal y ten\u00edamos que estar pendientes de todo,\u00a0<strong>creo que fue un buen resultado el tener las vacunas a tiempo y armar toda la estrategia de vacunaci\u00f3n&#8221;<\/strong>\u00a0para distribuir 250 millones de dosis.<\/p>\n\n\n\n<p>Destac\u00f3 que de acuerdo con una revista inglesa&nbsp;<strong>&#8220;que no es simpatizante de nosotros, sobre el manejo econ\u00f3mico estamos en sexto lugar en el mundo en desempe\u00f1o econ\u00f3mico&#8221;.<\/strong><\/p>\n\n\n\n<p>&#8220;Entonces vamos bien hacia adelante y el 2023 tiene que ser mejor mucho mejor porque ya traemos impulso y en\u00a0politica\u00a0cuenta mucho el impulso y no perder el impulso. Entonces vamos a seguir creciendo,\u00a0<strong>ya somos una de las mejores econom\u00edas del mundo y adem\u00e1s de las m\u00e1s atractivas para invertir en el futuro&#8221;.<\/strong><\/p>\n\n\n\n<p>L\u00f3pez Obrador asegur\u00f3 que M\u00e9xico est\u00e1 en la lista de los pa\u00edses con m\u00e1s ventajas para invertir.<\/p>\n\n\n\n<p>Con Informaci\u00f3n de SUN <\/p>\n","protected":false},"excerpt":{"rendered":"<p>Por Redacci\u00f3n QP Durante la ma\u00f1anera de hoy, el Presidente hizo un balance de su&#8230;<\/p>\n","protected":false},"author":2,"featured_media":97915,"comment_status":"open","ping_status":"open","sticky":false,"template":"","format":"standard","meta":{"_monsterinsights_skip_tracking":false,"_monsterinsights_sitenote_active":false,"_monsterinsights_sitenote_note":"","_monsterinsights_sitenote_category":0,"footnotes":""},"categories":[2],"tags":[],"class_list":["post-97914","post","type-post","status-publish","format-standard","has-post-thumbnail","hentry","category-noticias"],"yoast_head":"<!-- This site is optimized with the Yoast SEO plugin v27.3 - https:\/\/yoast.com\/product\/yoast-seo-wordpress\/ -->\n<title>&quot;Vamos muy bien y el 2023 tiene que ser much\u00edsimo mejor&quot; para M\u00e9xico: L\u00f3pez Obrador -<\/title>\n<meta name=\"robots\" content=\"index, follow, max-snippet:-1, max-image-preview:large, max-video-preview:-1\" \/>\n<link rel=\"canonical\" href=\"https:\/\/quehacerpolitico.mx\/?p=97914\" \/>\n<meta property=\"og:locale\" content=\"es_MX\" \/>\n<meta property=\"og:type\" content=\"article\" \/>\n<meta property=\"og:title\" content=\"&quot;Vamos muy bien y el 2023 tiene que ser much\u00edsimo mejor&quot; para M\u00e9xico: L\u00f3pez Obrador -\" \/>\n<meta property=\"og:description\" content=\"Por Redacci\u00f3n QP Durante la ma\u00f1anera de hoy, el Presidente hizo un balance de su...\" \/>\n<meta property=\"og:url\" content=\"https:\/\/quehacerpolitico.mx\/?p=97914\" \/>\n<meta property=\"article:published_time\" content=\"2022-12-28T18:17:52+00:00\" \/>\n<meta property=\"article:modified_time\" content=\"2022-12-28T18:17:58+00:00\" \/>\n<meta property=\"og:image\" content=\"https:\/\/quehacerpolitico.mx\/wp-content\/uploads\/2022\/12\/837731D6-5C9A-4FB3-BF7B-488BF5330E2F.jpeg\" \/>\n\t<meta property=\"og:image:width\" content=\"1284\" \/>\n\t<meta property=\"og:image:height\" content=\"708\" \/>\n\t<meta property=\"og:image:type\" content=\"image\/jpeg\" \/>\n<meta name=\"author\" content=\"Redacci\u00f3n QP\" \/>\n<meta name=\"twitter:card\" content=\"summary_large_image\" \/>\n<meta name=\"twitter:label1\" content=\"Escrito por\" \/>\n\t<meta name=\"twitter:data1\" content=\"Redacci\u00f3n QP\" \/>\n\t<meta name=\"twitter:label2\" content=\"Tiempo de lectura\" \/>\n\t<meta name=\"twitter:data2\" content=\"2 minutos\" \/>\n<script type=\"application\/ld+json\" class=\"yoast-schema-graph\">{\"@context\":\"https:\\\/\\\/schema.org\",\"@graph\":[{\"@type\":\"Article\",\"@id\":\"https:\\\/\\\/quehacerpolitico.mx\\\/?p=97914#article\",\"isPartOf\":{\"@id\":\"https:\\\/\\\/quehacerpolitico.mx\\\/?p=97914\"},\"author\":{\"name\":\"Redacci\u00f3n QP\",\"@id\":\"https:\\\/\\\/quehacerpolitico.mx\\\/#\\\/schema\\\/person\\\/496d8ad2d1d3f8036101dca7ee39e585\"},\"headline\":\"&#8220;Vamos muy bien y el 2023 tiene que ser much\u00edsimo mejor&#8221; para M\u00e9xico: L\u00f3pez Obrador\",\"datePublished\":\"2022-12-28T18:17:52+00:00\",\"dateModified\":\"2022-12-28T18:17:58+00:00\",\"mainEntityOfPage\":{\"@id\":\"https:\\\/\\\/quehacerpolitico.mx\\\/?p=97914\"},\"wordCount\":353,\"commentCount\":0,\"image\":{\"@id\":\"https:\\\/\\\/quehacerpolitico.mx\\\/?p=97914#primaryimage\"},\"thumbnailUrl\":\"https:\\\/\\\/quehacerpolitico.mx\\\/wp-content\\\/uploads\\\/2022\\\/12\\\/837731D6-5C9A-4FB3-BF7B-488BF5330E2F.jpeg\",\"articleSection\":[\"Noticias\"],\"inLanguage\":\"es\",\"potentialAction\":[{\"@type\":\"CommentAction\",\"name\":\"Comment\",\"target\":[\"https:\\\/\\\/quehacerpolitico.mx\\\/?p=97914#respond\"]}]},{\"@type\":\"WebPage\",\"@id\":\"https:\\\/\\\/quehacerpolitico.mx\\\/?p=97914\",\"url\":\"https:\\\/\\\/quehacerpolitico.mx\\\/?p=97914\",\"name\":\"\\\"Vamos muy bien y el 2023 tiene que ser much\u00edsimo mejor\\\" para M\u00e9xico: L\u00f3pez Obrador -\",\"isPartOf\":{\"@id\":\"https:\\\/\\\/quehacerpolitico.mx\\\/#website\"},\"primaryImageOfPage\":{\"@id\":\"https:\\\/\\\/quehacerpolitico.mx\\\/?p=97914#primaryimage\"},\"image\":{\"@id\":\"https:\\\/\\\/quehacerpolitico.mx\\\/?p=97914#primaryimage\"},\"thumbnailUrl\":\"https:\\\/\\\/quehacerpolitico.mx\\\/wp-content\\\/uploads\\\/2022\\\/12\\\/837731D6-5C9A-4FB3-BF7B-488BF5330E2F.jpeg\",\"datePublished\":\"2022-12-28T18:17:52+00:00\",\"dateModified\":\"2022-12-28T18:17:58+00:00\",\"author\":{\"@id\":\"https:\\\/\\\/quehacerpolitico.mx\\\/#\\\/schema\\\/person\\\/496d8ad2d1d3f8036101dca7ee39e585\"},\"breadcrumb\":{\"@id\":\"https:\\\/\\\/quehacerpolitico.mx\\\/?p=97914#breadcrumb\"},\"inLanguage\":\"es\",\"potentialAction\":[{\"@type\":\"ReadAction\",\"target\":[\"https:\\\/\\\/quehacerpolitico.mx\\\/?p=97914\"]}]},{\"@type\":\"ImageObject\",\"inLanguage\":\"es\",\"@id\":\"https:\\\/\\\/quehacerpolitico.mx\\\/?p=97914#primaryimage\",\"url\":\"https:\\\/\\\/quehacerpolitico.mx\\\/wp-content\\\/uploads\\\/2022\\\/12\\\/837731D6-5C9A-4FB3-BF7B-488BF5330E2F.jpeg\",\"contentUrl\":\"https:\\\/\\\/quehacerpolitico.mx\\\/wp-content\\\/uploads\\\/2022\\\/12\\\/837731D6-5C9A-4FB3-BF7B-488BF5330E2F.jpeg\",\"width\":1284,\"height\":708},{\"@type\":\"BreadcrumbList\",\"@id\":\"https:\\\/\\\/quehacerpolitico.mx\\\/?p=97914#breadcrumb\",\"itemListElement\":[{\"@type\":\"ListItem\",\"position\":1,\"name\":\"Inicio\",\"item\":\"https:\\\/\\\/quehacerpolitico.mx\\\/\"},{\"@type\":\"ListItem\",\"position\":2,\"name\":\"&#8220;Vamos muy bien y el 2023 tiene que ser much\u00edsimo mejor&#8221; para M\u00e9xico: L\u00f3pez Obrador\"}]},{\"@type\":\"WebSite\",\"@id\":\"https:\\\/\\\/quehacerpolitico.mx\\\/#website\",\"url\":\"https:\\\/\\\/quehacerpolitico.mx\\\/\",\"name\":\"\",\"description\":\"\",\"potentialAction\":[{\"@type\":\"SearchAction\",\"target\":{\"@type\":\"EntryPoint\",\"urlTemplate\":\"https:\\\/\\\/quehacerpolitico.mx\\\/?s={search_term_string}\"},\"query-input\":{\"@type\":\"PropertyValueSpecification\",\"valueRequired\":true,\"valueName\":\"search_term_string\"}}],\"inLanguage\":\"es\"},{\"@type\":\"Person\",\"@id\":\"https:\\\/\\\/quehacerpolitico.mx\\\/#\\\/schema\\\/person\\\/496d8ad2d1d3f8036101dca7ee39e585\",\"name\":\"Redacci\u00f3n QP\",\"image\":{\"@type\":\"ImageObject\",\"inLanguage\":\"es\",\"@id\":\"https:\\\/\\\/secure.gravatar.com\\\/avatar\\\/c7164ed6fdec453195284ad24a5ae5b6e1eed2b848477fa2a4787ba9adf39a41?s=96&d=mm&r=g\",\"url\":\"https:\\\/\\\/secure.gravatar.com\\\/avatar\\\/c7164ed6fdec453195284ad24a5ae5b6e1eed2b848477fa2a4787ba9adf39a41?s=96&d=mm&r=g\",\"contentUrl\":\"https:\\\/\\\/secure.gravatar.com\\\/avatar\\\/c7164ed6fdec453195284ad24a5ae5b6e1eed2b848477fa2a4787ba9adf39a41?s=96&d=mm&r=g\",\"caption\":\"Redacci\u00f3n QP\"},\"url\":\"https:\\\/\\\/quehacerpolitico.mx\\\/?author=2\"}]}<\/script>\n<!-- \/ Yoast SEO plugin. -->","yoast_head_json":{"title":"\"Vamos muy bien y el 2023 tiene que ser much\u00edsimo mejor\" para M\u00e9xico: L\u00f3pez Obrador -","robots":{"index":"index","follow":"follow","max-snippet":"max-snippet:-1","max-image-preview":"max-image-preview:large","max-video-preview":"max-video-preview:-1"},"canonical":"https:\/\/quehacerpolitico.mx\/?p=97914","og_locale":"es_MX","og_type":"article","og_title":"\"Vamos muy bien y el 2023 tiene que ser much\u00edsimo mejor\" para M\u00e9xico: L\u00f3pez Obrador -","og_description":"Por Redacci\u00f3n QP Durante la ma\u00f1anera de hoy, el Presidente hizo un balance de su...","og_url":"https:\/\/quehacerpolitico.mx\/?p=97914","article_published_time":"2022-12-28T18:17:52+00:00","article_modified_time":"2022-12-28T18:17:58+00:00","og_image":[{"width":1284,"height":708,"url":"https:\/\/quehacerpolitico.mx\/wp-content\/uploads\/2022\/12\/837731D6-5C9A-4FB3-BF7B-488BF5330E2F.jpeg","type":"image\/jpeg"}],"author":"Redacci\u00f3n QP","twitter_card":"summary_large_image","twitter_misc":{"Escrito por":"Redacci\u00f3n QP","Tiempo de lectura":"2 minutos"},"schema":{"@context":"https:\/\/schema.org","@graph":[{"@type":"Article","@id":"https:\/\/quehacerpolitico.mx\/?p=97914#article","isPartOf":{"@id":"https:\/\/quehacerpolitico.mx\/?p=97914"},"author":{"name":"Redacci\u00f3n QP","@id":"https:\/\/quehacerpolitico.mx\/#\/schema\/person\/496d8ad2d1d3f8036101dca7ee39e585"},"headline":"&#8220;Vamos muy bien y el 2023 tiene que ser much\u00edsimo mejor&#8221; para M\u00e9xico: L\u00f3pez Obrador","datePublished":"2022-12-28T18:17:52+00:00","dateModified":"2022-12-28T18:17:58+00:00","mainEntityOfPage":{"@id":"https:\/\/quehacerpolitico.mx\/?p=97914"},"wordCount":353,"commentCount":0,"image":{"@id":"https:\/\/quehacerpolitico.mx\/?p=97914#primaryimage"},"thumbnailUrl":"https:\/\/quehacerpolitico.mx\/wp-content\/uploads\/2022\/12\/837731D6-5C9A-4FB3-BF7B-488BF5330E2F.jpeg","articleSection":["Noticias"],"inLanguage":"es","potentialAction":[{"@type":"CommentAction","name":"Comment","target":["https:\/\/quehacerpolitico.mx\/?p=97914#respond"]}]},{"@type":"WebPage","@id":"https:\/\/quehacerpolitico.mx\/?p=97914","url":"https:\/\/quehacerpolitico.mx\/?p=97914","name":"\"Vamos muy bien y el 2023 tiene que ser much\u00edsimo mejor\" para M\u00e9xico: L\u00f3pez Obrador -","isPartOf":{"@id":"https:\/\/quehacerpolitico.mx\/#website"},"primaryImageOfPage":{"@id":"https:\/\/quehacerpolitico.mx\/?p=97914#primaryimage"},"image":{"@id":"https:\/\/quehacerpolitico.mx\/?p=97914#primaryimage"},"thumbnailUrl":"https:\/\/quehacerpolitico.mx\/wp-content\/uploads\/2022\/12\/837731D6-5C9A-4FB3-BF7B-488BF5330E2F.jpeg","datePublished":"2022-12-28T18:17:52+00:00","dateModified":"2022-12-28T18:17:58+00:00","author":{"@id":"https:\/\/quehacerpolitico.mx\/#\/schema\/person\/496d8ad2d1d3f8036101dca7ee39e585"},"breadcrumb":{"@id":"https:\/\/quehacerpolitico.mx\/?p=97914#breadcrumb"},"inLanguage":"es","potentialAction":[{"@type":"ReadAction","target":["https:\/\/quehacerpolitico.mx\/?p=97914"]}]},{"@type":"ImageObject","inLanguage":"es","@id":"https:\/\/quehacerpolitico.mx\/?p=97914#primaryimage","url":"https:\/\/quehacerpolitico.mx\/wp-content\/uploads\/2022\/12\/837731D6-5C9A-4FB3-BF7B-488BF5330E2F.jpeg","contentUrl":"https:\/\/quehacerpolitico.mx\/wp-content\/uploads\/2022\/12\/837731D6-5C9A-4FB3-BF7B-488BF5330E2F.jpeg","width":1284,"height":708},{"@type":"BreadcrumbList","@id":"https:\/\/quehacerpolitico.mx\/?p=97914#breadcrumb","itemListElement":[{"@type":"ListItem","position":1,"name":"Inicio","item":"https:\/\/quehacerpolitico.mx\/"},{"@type":"ListItem","position":2,"name":"&#8220;Vamos muy bien y el 2023 tiene que ser much\u00edsimo mejor&#8221; para M\u00e9xico: L\u00f3pez Obrador"}]},{"@type":"WebSite","@id":"https:\/\/quehacerpolitico.mx\/#website","url":"https:\/\/quehacerpolitico.mx\/","name":"","description":"","potentialAction":[{"@type":"SearchAction","target":{"@type":"EntryPoint","urlTemplate":"https:\/\/quehacerpolitico.mx\/?s={search_term_string}"},"query-input":{"@type":"PropertyValueSpecification","valueRequired":true,"valueName":"search_term_string"}}],"inLanguage":"es"},{"@type":"Person","@id":"https:\/\/quehacerpolitico.mx\/#\/schema\/person\/496d8ad2d1d3f8036101dca7ee39e585","name":"Redacci\u00f3n QP","image":{"@type":"ImageObject","inLanguage":"es","@id":"https:\/\/secure.gravatar.com\/avatar\/c7164ed6fdec453195284ad24a5ae5b6e1eed2b848477fa2a4787ba9adf39a41?s=96&d=mm&r=g","url":"https:\/\/secure.gravatar.com\/avatar\/c7164ed6fdec453195284ad24a5ae5b6e1eed2b848477fa2a4787ba9adf39a41?s=96&d=mm&r=g","contentUrl":"https:\/\/secure.gravatar.com\/avatar\/c7164ed6fdec453195284ad24a5ae5b6e1eed2b848477fa2a4787ba9adf39a41?s=96&d=mm&r=g","caption":"Redacci\u00f3n QP"},"url":"https:\/\/quehacerpolitico.mx\/?author=2"}]}},"featured_image_urls":{"full":["https:\/\/quehacerpolitico.mx\/wp-content\/uploads\/2022\/12\/837731D6-5C9A-4FB3-BF7B-488BF5330E2F.jpeg",1284,708,false],"thumbnail":["https:\/\/quehacerpolitico.mx\/wp-content\/uploads\/2022\/12\/837731D6-5C9A-4FB3-BF7B-488BF5330E2F-150x150.jpeg",150,150,true],"medium":["https:\/\/quehacerpolitico.mx\/wp-content\/uploads\/2022\/12\/837731D6-5C9A-4FB3-BF7B-488BF5330E2F-300x165.jpeg",300,165,true],"medium_large":["https:\/\/quehacerpolitico.mx\/wp-content\/uploads\/2022\/12\/837731D6-5C9A-4FB3-BF7B-488BF5330E2F-768x423.jpeg",640,353,true],"large":["https:\/\/quehacerpolitico.mx\/wp-content\/uploads\/2022\/12\/837731D6-5C9A-4FB3-BF7B-488BF5330E2F-1024x565.jpeg",640,353,true],"1536x1536":["https:\/\/quehacerpolitico.mx\/wp-content\/uploads\/2022\/12\/837731D6-5C9A-4FB3-BF7B-488BF5330E2F.jpeg",1284,708,false],"2048x2048":["https:\/\/quehacerpolitico.mx\/wp-content\/uploads\/2022\/12\/837731D6-5C9A-4FB3-BF7B-488BF5330E2F.jpeg",1284,708,false],"covernews-featured":["https:\/\/quehacerpolitico.mx\/wp-content\/uploads\/2022\/12\/837731D6-5C9A-4FB3-BF7B-488BF5330E2F.jpeg",1024,565,false],"covernews-medium":["https:\/\/quehacerpolitico.mx\/wp-content\/uploads\/2022\/12\/837731D6-5C9A-4FB3-BF7B-488BF5330E2F.jpeg",540,298,false]},"author_info":{"display_name":"Redacci\u00f3n QP","author_link":"https:\/\/quehacerpolitico.mx\/?author=2"},"category_info":"<a href=\"https:\/\/quehacerpolitico.mx\/?cat=2\" rel=\"category\">Noticias<\/a>","tag_info":"Noticias","comment_count":"0","_links":{"self":[{"href":"https:\/\/quehacerpolitico.mx\/index.php?rest_route=\/wp\/v2\/posts\/97914","targetHints":{"allow":["GET"]}}],"collection":[{"href":"https:\/\/quehacerpolitico.mx\/index.php?rest_route=\/wp\/v2\/posts"}],"about":[{"href":"https:\/\/quehacerpolitico.mx\/index.php?rest_route=\/wp\/v2\/types\/post"}],"author":[{"embeddable":true,"href":"https:\/\/quehacerpolitico.mx\/index.php?rest_route=\/wp\/v2\/users\/2"}],"replies":[{"embeddable":true,"href":"https:\/\/quehacerpolitico.mx\/index.php?rest_route=%2Fwp%2Fv2%2Fcomments&post=97914"}],"version-history":[{"count":1,"href":"https:\/\/quehacerpolitico.mx\/index.php?rest_route=\/wp\/v2\/posts\/97914\/revisions"}],"predecessor-version":[{"id":97916,"href":"https:\/\/quehacerpolitico.mx\/index.php?rest_route=\/wp\/v2\/posts\/97914\/revisions\/97916"}],"wp:featuredmedia":[{"embeddable":true,"href":"https:\/\/quehacerpolitico.mx\/index.php?rest_route=\/wp\/v2\/media\/97915"}],"wp:attachment":[{"href":"https:\/\/quehacerpolitico.mx\/index.php?rest_route=%2Fwp%2Fv2%2Fmedia&parent=97914"}],"wp:term":[{"taxonomy":"category","embeddable":true,"href":"https:\/\/quehacerpolitico.mx\/index.php?rest_route=%2Fwp%2Fv2%2Fcategories&post=97914"},{"taxonomy":"post_tag","embeddable":true,"href":"https:\/\/quehacerpolitico.mx\/index.php?rest_route=%2Fwp%2Fv2%2Ftags&post=97914"}],"curies":[{"name":"wp","href":"https:\/\/api.w.org\/{rel}","templated":true}]}}