{"id":97901,"date":"2022-12-27T18:29:04","date_gmt":"2022-12-27T18:29:04","guid":{"rendered":"https:\/\/quehacerpolitico.mx\/?p=97901"},"modified":"2022-12-27T18:29:07","modified_gmt":"2022-12-27T18:29:07","slug":"internacionales-carolina-alonso-romei-paises-islamicos-condenan-como-acto-esteril-el-veto-al-trabajo-de-afganas","status":"publish","type":"post","link":"https:\/\/quehacerpolitico.mx\/?p=97901","title":{"rendered":"Internacionales\/\/\/Carolina Alonso Romei\/\/\/Pa\u00edses isl\u00e1micos condenan como &#8220;acto est\u00e9ril&#8221; el veto al trabajo de afganas"},"content":{"rendered":"\n<p>Por Carolina Alonso Romei<\/p>\n\n\n\n<p>Internacionalista <\/p>\n\n\n\n<p>La OCI reprueba las medidas\u00a0talibanas impuestas contra las mujeres afganas, las cuales las privan de sus derechos humanos<\/p>\n\n\n\n<p><strong>La Organizaci\u00f3n de la Cooperaci\u00f3n Isl\u00e1mica (OCI), integrada por 57 miembros, ha condenado el veto de los talibanes al trabajo de las mujeres en organizaciones no gubernamentales en Afganist\u00e1n<\/strong>, que calific\u00f3 de &#8220;acto est\u00e9ril&#8221; contra los derechos de las mujeres.<\/p>\n\n\n\n<p>La decisi\u00f3n talibana &#8220;se produce pocos d\u00edas despu\u00e9s de otra que veta la educaci\u00f3n de las mujeres en las universidades, y representa un golpe duro para los derechos de las afganas&#8221;, denunci\u00f3 un comunicado de la OCI publicado hoy en la cuenta oficial en Twitter.<\/p>\n\n\n\n<p>&#8220;Esta medida no solo privar\u00e1 a las afganas y a sus familias de su fuente de sustento, sino que afectar\u00e1 gravemente a las operaciones humanitarias y de socorro de una amplia red de ONG nacionales e internacionales\u00a0en beneficio de las comunidades afganas vulnerables&#8221;, a\u00f1adi\u00f3.<\/p>\n\n\n\n<p>Los talibanes justifican su \u00faltima decisi\u00f3n con el argumento de que las mujeres que trabajan en ONG humanitarias incumpl\u00edan las leyes de vestimenta propugnadas por su visi\u00f3n fundamentalista del islam.<\/p>\n\n\n\n<p>Varios pa\u00edses \u00e1rabes, entre ellos\u00a0Emiratos \u00c1rabes Unidos (EAU), Om\u00e1n y\u00a0Qatar, han condenado tambi\u00e9n las medidas talibanas contra las mujeres, e instado a los talibanes a revocarlas para asegurar el flujo de ayuda humanitaria a las comunidades afganas.<\/p>\n\n\n\n<p>El ministro de Exteriores de Qatar, pa\u00eds que ha desempe\u00f1ado un papel mediador entre Estados Unidos y los talibanes antes del control por \u00e9stos de Kabul hace un a\u00f1o y medio, subray\u00f3 el lunes en un comunicado la &#8220;importancia de que todos lo afganos obtengan sus derechos, incluido el derecho a trabajar&#8221;.<\/p>\n\n\n\n<p>Por su parte, EAU consider\u00f3 que&nbsp;las \u00faltimas decisiones &#8220;injustificadas&#8221; de los talibanes contra las mujeres afganas &#8220;obstaculizar\u00e1, sin duda, la llegada de la ayuda humanitarias a&nbsp;afganist\u00e1n&nbsp;y afectar\u00e1, sobre todo, a los m\u00e1s vulnerables, incluidos ni\u00f1os, mujeres y ancianos&#8221;.<\/p>\n\n\n\n<p>La asesora del ministro de Exteriores emirat\u00ed Lana Nuseibe, citada por la agencia de noticias oficial de su pa\u00eds, WAM, advirti\u00f3 que &#8220;alrededor de dos tercios del pueblo afgano necesita asistencia humanitaria y cerca de seis millones de personas enfrentan la amenaza de la hambruna&#8221;.<\/p>\n\n\n\n<p><strong>&#8220;Garantizar un futuro pr\u00f3spero para Afganist\u00e1n y su pueblo depende de la plena integraci\u00f3n de las mujeres y las ni\u00f1as en la sociedad&#8221;<\/strong>, concluy\u00f3.<\/p>\n\n\n\n<p>Con informaci\u00f3n de EFE<\/p>\n","protected":false},"excerpt":{"rendered":"<p>Por Carolina Alonso Romei Internacionalista La OCI reprueba las medidas\u00a0talibanas impuestas contra las mujeres afganas,&#8230;<\/p>\n","protected":false},"author":2,"featured_media":97902,"comment_status":"open","ping_status":"open","sticky":false,"template":"","format":"standard","meta":{"_monsterinsights_skip_tracking":false,"_monsterinsights_sitenote_active":false,"_monsterinsights_sitenote_note":"","_monsterinsights_sitenote_category":0,"footnotes":""},"categories":[1],"tags":[],"class_list":["post-97901","post","type-post","status-publish","format-standard","has-post-thumbnail","hentry","category-sin-categoria"],"yoast_head":"<!-- This site is optimized with the Yoast SEO plugin v27.3 - https:\/\/yoast.com\/product\/yoast-seo-wordpress\/ -->\n<title>Internacionales\/\/\/Carolina Alonso Romei\/\/\/Pa\u00edses isl\u00e1micos condenan como &quot;acto est\u00e9ril&quot; el veto al trabajo de afganas -<\/title>\n<meta name=\"robots\" content=\"index, follow, max-snippet:-1, max-image-preview:large, max-video-preview:-1\" \/>\n<link rel=\"canonical\" href=\"https:\/\/quehacerpolitico.mx\/?p=97901\" \/>\n<meta property=\"og:locale\" content=\"es_MX\" \/>\n<meta property=\"og:type\" content=\"article\" \/>\n<meta property=\"og:title\" content=\"Internacionales\/\/\/Carolina Alonso Romei\/\/\/Pa\u00edses isl\u00e1micos condenan como &quot;acto est\u00e9ril&quot; el veto al trabajo de afganas -\" \/>\n<meta property=\"og:description\" content=\"Por Carolina Alonso Romei Internacionalista La OCI reprueba las medidas\u00a0talibanas impuestas contra las mujeres afganas,...\" \/>\n<meta property=\"og:url\" content=\"https:\/\/quehacerpolitico.mx\/?p=97901\" \/>\n<meta property=\"article:published_time\" content=\"2022-12-27T18:29:04+00:00\" \/>\n<meta property=\"article:modified_time\" content=\"2022-12-27T18:29:07+00:00\" \/>\n<meta property=\"og:image\" content=\"https:\/\/quehacerpolitico.mx\/wp-content\/uploads\/2022\/12\/14FCE4EF-64EE-4A5A-A506-22931CB515BB.jpeg\" \/>\n\t<meta property=\"og:image:width\" content=\"450\" \/>\n\t<meta property=\"og:image:height\" content=\"253\" \/>\n\t<meta property=\"og:image:type\" content=\"image\/jpeg\" \/>\n<meta name=\"author\" content=\"Redacci\u00f3n QP\" \/>\n<meta name=\"twitter:card\" content=\"summary_large_image\" \/>\n<meta name=\"twitter:label1\" content=\"Escrito por\" \/>\n\t<meta name=\"twitter:data1\" content=\"Redacci\u00f3n QP\" \/>\n\t<meta name=\"twitter:label2\" content=\"Tiempo de lectura\" \/>\n\t<meta name=\"twitter:data2\" content=\"2 minutos\" \/>\n<script type=\"application\/ld+json\" class=\"yoast-schema-graph\">{\"@context\":\"https:\\\/\\\/schema.org\",\"@graph\":[{\"@type\":\"Article\",\"@id\":\"https:\\\/\\\/quehacerpolitico.mx\\\/?p=97901#article\",\"isPartOf\":{\"@id\":\"https:\\\/\\\/quehacerpolitico.mx\\\/?p=97901\"},\"author\":{\"name\":\"Redacci\u00f3n QP\",\"@id\":\"https:\\\/\\\/quehacerpolitico.mx\\\/#\\\/schema\\\/person\\\/496d8ad2d1d3f8036101dca7ee39e585\"},\"headline\":\"Internacionales\\\/\\\/\\\/Carolina Alonso Romei\\\/\\\/\\\/Pa\u00edses isl\u00e1micos condenan como &#8220;acto est\u00e9ril&#8221; el veto al trabajo de afganas\",\"datePublished\":\"2022-12-27T18:29:04+00:00\",\"dateModified\":\"2022-12-27T18:29:07+00:00\",\"mainEntityOfPage\":{\"@id\":\"https:\\\/\\\/quehacerpolitico.mx\\\/?p=97901\"},\"wordCount\":438,\"commentCount\":0,\"image\":{\"@id\":\"https:\\\/\\\/quehacerpolitico.mx\\\/?p=97901#primaryimage\"},\"thumbnailUrl\":\"https:\\\/\\\/quehacerpolitico.mx\\\/wp-content\\\/uploads\\\/2022\\\/12\\\/14FCE4EF-64EE-4A5A-A506-22931CB515BB.jpeg\",\"articleSection\":[\"Internacionales\"],\"inLanguage\":\"es\",\"potentialAction\":[{\"@type\":\"CommentAction\",\"name\":\"Comment\",\"target\":[\"https:\\\/\\\/quehacerpolitico.mx\\\/?p=97901#respond\"]}]},{\"@type\":\"WebPage\",\"@id\":\"https:\\\/\\\/quehacerpolitico.mx\\\/?p=97901\",\"url\":\"https:\\\/\\\/quehacerpolitico.mx\\\/?p=97901\",\"name\":\"Internacionales\\\/\\\/\\\/Carolina Alonso Romei\\\/\\\/\\\/Pa\u00edses isl\u00e1micos condenan como \\\"acto est\u00e9ril\\\" el veto al trabajo de afganas -\",\"isPartOf\":{\"@id\":\"https:\\\/\\\/quehacerpolitico.mx\\\/#website\"},\"primaryImageOfPage\":{\"@id\":\"https:\\\/\\\/quehacerpolitico.mx\\\/?p=97901#primaryimage\"},\"image\":{\"@id\":\"https:\\\/\\\/quehacerpolitico.mx\\\/?p=97901#primaryimage\"},\"thumbnailUrl\":\"https:\\\/\\\/quehacerpolitico.mx\\\/wp-content\\\/uploads\\\/2022\\\/12\\\/14FCE4EF-64EE-4A5A-A506-22931CB515BB.jpeg\",\"datePublished\":\"2022-12-27T18:29:04+00:00\",\"dateModified\":\"2022-12-27T18:29:07+00:00\",\"author\":{\"@id\":\"https:\\\/\\\/quehacerpolitico.mx\\\/#\\\/schema\\\/person\\\/496d8ad2d1d3f8036101dca7ee39e585\"},\"breadcrumb\":{\"@id\":\"https:\\\/\\\/quehacerpolitico.mx\\\/?p=97901#breadcrumb\"},\"inLanguage\":\"es\",\"potentialAction\":[{\"@type\":\"ReadAction\",\"target\":[\"https:\\\/\\\/quehacerpolitico.mx\\\/?p=97901\"]}]},{\"@type\":\"ImageObject\",\"inLanguage\":\"es\",\"@id\":\"https:\\\/\\\/quehacerpolitico.mx\\\/?p=97901#primaryimage\",\"url\":\"https:\\\/\\\/quehacerpolitico.mx\\\/wp-content\\\/uploads\\\/2022\\\/12\\\/14FCE4EF-64EE-4A5A-A506-22931CB515BB.jpeg\",\"contentUrl\":\"https:\\\/\\\/quehacerpolitico.mx\\\/wp-content\\\/uploads\\\/2022\\\/12\\\/14FCE4EF-64EE-4A5A-A506-22931CB515BB.jpeg\",\"width\":450,\"height\":253},{\"@type\":\"BreadcrumbList\",\"@id\":\"https:\\\/\\\/quehacerpolitico.mx\\\/?p=97901#breadcrumb\",\"itemListElement\":[{\"@type\":\"ListItem\",\"position\":1,\"name\":\"Inicio\",\"item\":\"https:\\\/\\\/quehacerpolitico.mx\\\/\"},{\"@type\":\"ListItem\",\"position\":2,\"name\":\"Internacionales\\\/\\\/\\\/Carolina Alonso Romei\\\/\\\/\\\/Pa\u00edses isl\u00e1micos condenan como &#8220;acto est\u00e9ril&#8221; el veto al trabajo de afganas\"}]},{\"@type\":\"WebSite\",\"@id\":\"https:\\\/\\\/quehacerpolitico.mx\\\/#website\",\"url\":\"https:\\\/\\\/quehacerpolitico.mx\\\/\",\"name\":\"\",\"description\":\"\",\"potentialAction\":[{\"@type\":\"SearchAction\",\"target\":{\"@type\":\"EntryPoint\",\"urlTemplate\":\"https:\\\/\\\/quehacerpolitico.mx\\\/?s={search_term_string}\"},\"query-input\":{\"@type\":\"PropertyValueSpecification\",\"valueRequired\":true,\"valueName\":\"search_term_string\"}}],\"inLanguage\":\"es\"},{\"@type\":\"Person\",\"@id\":\"https:\\\/\\\/quehacerpolitico.mx\\\/#\\\/schema\\\/person\\\/496d8ad2d1d3f8036101dca7ee39e585\",\"name\":\"Redacci\u00f3n QP\",\"image\":{\"@type\":\"ImageObject\",\"inLanguage\":\"es\",\"@id\":\"https:\\\/\\\/secure.gravatar.com\\\/avatar\\\/c7164ed6fdec453195284ad24a5ae5b6e1eed2b848477fa2a4787ba9adf39a41?s=96&d=mm&r=g\",\"url\":\"https:\\\/\\\/secure.gravatar.com\\\/avatar\\\/c7164ed6fdec453195284ad24a5ae5b6e1eed2b848477fa2a4787ba9adf39a41?s=96&d=mm&r=g\",\"contentUrl\":\"https:\\\/\\\/secure.gravatar.com\\\/avatar\\\/c7164ed6fdec453195284ad24a5ae5b6e1eed2b848477fa2a4787ba9adf39a41?s=96&d=mm&r=g\",\"caption\":\"Redacci\u00f3n QP\"},\"url\":\"https:\\\/\\\/quehacerpolitico.mx\\\/?author=2\"}]}<\/script>\n<!-- \/ Yoast SEO plugin. -->","yoast_head_json":{"title":"Internacionales\/\/\/Carolina Alonso Romei\/\/\/Pa\u00edses isl\u00e1micos condenan como \"acto est\u00e9ril\" el veto al trabajo de afganas -","robots":{"index":"index","follow":"follow","max-snippet":"max-snippet:-1","max-image-preview":"max-image-preview:large","max-video-preview":"max-video-preview:-1"},"canonical":"https:\/\/quehacerpolitico.mx\/?p=97901","og_locale":"es_MX","og_type":"article","og_title":"Internacionales\/\/\/Carolina Alonso Romei\/\/\/Pa\u00edses isl\u00e1micos condenan como \"acto est\u00e9ril\" el veto al trabajo de afganas -","og_description":"Por Carolina Alonso Romei Internacionalista La OCI reprueba las medidas\u00a0talibanas impuestas contra las mujeres afganas,...","og_url":"https:\/\/quehacerpolitico.mx\/?p=97901","article_published_time":"2022-12-27T18:29:04+00:00","article_modified_time":"2022-12-27T18:29:07+00:00","og_image":[{"width":450,"height":253,"url":"https:\/\/quehacerpolitico.mx\/wp-content\/uploads\/2022\/12\/14FCE4EF-64EE-4A5A-A506-22931CB515BB.jpeg","type":"image\/jpeg"}],"author":"Redacci\u00f3n QP","twitter_card":"summary_large_image","twitter_misc":{"Escrito por":"Redacci\u00f3n QP","Tiempo de lectura":"2 minutos"},"schema":{"@context":"https:\/\/schema.org","@graph":[{"@type":"Article","@id":"https:\/\/quehacerpolitico.mx\/?p=97901#article","isPartOf":{"@id":"https:\/\/quehacerpolitico.mx\/?p=97901"},"author":{"name":"Redacci\u00f3n QP","@id":"https:\/\/quehacerpolitico.mx\/#\/schema\/person\/496d8ad2d1d3f8036101dca7ee39e585"},"headline":"Internacionales\/\/\/Carolina Alonso Romei\/\/\/Pa\u00edses isl\u00e1micos condenan como &#8220;acto est\u00e9ril&#8221; el veto al trabajo de afganas","datePublished":"2022-12-27T18:29:04+00:00","dateModified":"2022-12-27T18:29:07+00:00","mainEntityOfPage":{"@id":"https:\/\/quehacerpolitico.mx\/?p=97901"},"wordCount":438,"commentCount":0,"image":{"@id":"https:\/\/quehacerpolitico.mx\/?p=97901#primaryimage"},"thumbnailUrl":"https:\/\/quehacerpolitico.mx\/wp-content\/uploads\/2022\/12\/14FCE4EF-64EE-4A5A-A506-22931CB515BB.jpeg","articleSection":["Internacionales"],"inLanguage":"es","potentialAction":[{"@type":"CommentAction","name":"Comment","target":["https:\/\/quehacerpolitico.mx\/?p=97901#respond"]}]},{"@type":"WebPage","@id":"https:\/\/quehacerpolitico.mx\/?p=97901","url":"https:\/\/quehacerpolitico.mx\/?p=97901","name":"Internacionales\/\/\/Carolina Alonso Romei\/\/\/Pa\u00edses isl\u00e1micos condenan como \"acto est\u00e9ril\" el veto al trabajo de afganas -","isPartOf":{"@id":"https:\/\/quehacerpolitico.mx\/#website"},"primaryImageOfPage":{"@id":"https:\/\/quehacerpolitico.mx\/?p=97901#primaryimage"},"image":{"@id":"https:\/\/quehacerpolitico.mx\/?p=97901#primaryimage"},"thumbnailUrl":"https:\/\/quehacerpolitico.mx\/wp-content\/uploads\/2022\/12\/14FCE4EF-64EE-4A5A-A506-22931CB515BB.jpeg","datePublished":"2022-12-27T18:29:04+00:00","dateModified":"2022-12-27T18:29:07+00:00","author":{"@id":"https:\/\/quehacerpolitico.mx\/#\/schema\/person\/496d8ad2d1d3f8036101dca7ee39e585"},"breadcrumb":{"@id":"https:\/\/quehacerpolitico.mx\/?p=97901#breadcrumb"},"inLanguage":"es","potentialAction":[{"@type":"ReadAction","target":["https:\/\/quehacerpolitico.mx\/?p=97901"]}]},{"@type":"ImageObject","inLanguage":"es","@id":"https:\/\/quehacerpolitico.mx\/?p=97901#primaryimage","url":"https:\/\/quehacerpolitico.mx\/wp-content\/uploads\/2022\/12\/14FCE4EF-64EE-4A5A-A506-22931CB515BB.jpeg","contentUrl":"https:\/\/quehacerpolitico.mx\/wp-content\/uploads\/2022\/12\/14FCE4EF-64EE-4A5A-A506-22931CB515BB.jpeg","width":450,"height":253},{"@type":"BreadcrumbList","@id":"https:\/\/quehacerpolitico.mx\/?p=97901#breadcrumb","itemListElement":[{"@type":"ListItem","position":1,"name":"Inicio","item":"https:\/\/quehacerpolitico.mx\/"},{"@type":"ListItem","position":2,"name":"Internacionales\/\/\/Carolina Alonso Romei\/\/\/Pa\u00edses isl\u00e1micos condenan como &#8220;acto est\u00e9ril&#8221; el veto al trabajo de afganas"}]},{"@type":"WebSite","@id":"https:\/\/quehacerpolitico.mx\/#website","url":"https:\/\/quehacerpolitico.mx\/","name":"","description":"","potentialAction":[{"@type":"SearchAction","target":{"@type":"EntryPoint","urlTemplate":"https:\/\/quehacerpolitico.mx\/?s={search_term_string}"},"query-input":{"@type":"PropertyValueSpecification","valueRequired":true,"valueName":"search_term_string"}}],"inLanguage":"es"},{"@type":"Person","@id":"https:\/\/quehacerpolitico.mx\/#\/schema\/person\/496d8ad2d1d3f8036101dca7ee39e585","name":"Redacci\u00f3n QP","image":{"@type":"ImageObject","inLanguage":"es","@id":"https:\/\/secure.gravatar.com\/avatar\/c7164ed6fdec453195284ad24a5ae5b6e1eed2b848477fa2a4787ba9adf39a41?s=96&d=mm&r=g","url":"https:\/\/secure.gravatar.com\/avatar\/c7164ed6fdec453195284ad24a5ae5b6e1eed2b848477fa2a4787ba9adf39a41?s=96&d=mm&r=g","contentUrl":"https:\/\/secure.gravatar.com\/avatar\/c7164ed6fdec453195284ad24a5ae5b6e1eed2b848477fa2a4787ba9adf39a41?s=96&d=mm&r=g","caption":"Redacci\u00f3n QP"},"url":"https:\/\/quehacerpolitico.mx\/?author=2"}]}},"featured_image_urls":{"full":["https:\/\/quehacerpolitico.mx\/wp-content\/uploads\/2022\/12\/14FCE4EF-64EE-4A5A-A506-22931CB515BB.jpeg",450,253,false],"thumbnail":["https:\/\/quehacerpolitico.mx\/wp-content\/uploads\/2022\/12\/14FCE4EF-64EE-4A5A-A506-22931CB515BB-150x150.jpeg",150,150,true],"medium":["https:\/\/quehacerpolitico.mx\/wp-content\/uploads\/2022\/12\/14FCE4EF-64EE-4A5A-A506-22931CB515BB-300x169.jpeg",300,169,true],"medium_large":["https:\/\/quehacerpolitico.mx\/wp-content\/uploads\/2022\/12\/14FCE4EF-64EE-4A5A-A506-22931CB515BB.jpeg",450,253,false],"large":["https:\/\/quehacerpolitico.mx\/wp-content\/uploads\/2022\/12\/14FCE4EF-64EE-4A5A-A506-22931CB515BB.jpeg",450,253,false],"1536x1536":["https:\/\/quehacerpolitico.mx\/wp-content\/uploads\/2022\/12\/14FCE4EF-64EE-4A5A-A506-22931CB515BB.jpeg",450,253,false],"2048x2048":["https:\/\/quehacerpolitico.mx\/wp-content\/uploads\/2022\/12\/14FCE4EF-64EE-4A5A-A506-22931CB515BB.jpeg",450,253,false],"covernews-featured":["https:\/\/quehacerpolitico.mx\/wp-content\/uploads\/2022\/12\/14FCE4EF-64EE-4A5A-A506-22931CB515BB.jpeg",450,253,false],"covernews-medium":["https:\/\/quehacerpolitico.mx\/wp-content\/uploads\/2022\/12\/14FCE4EF-64EE-4A5A-A506-22931CB515BB.jpeg",450,253,false]},"author_info":{"display_name":"Redacci\u00f3n QP","author_link":"https:\/\/quehacerpolitico.mx\/?author=2"},"category_info":"<a href=\"https:\/\/quehacerpolitico.mx\/?cat=1\" rel=\"category\">Internacionales<\/a>","tag_info":"Internacionales","comment_count":"0","_links":{"self":[{"href":"https:\/\/quehacerpolitico.mx\/index.php?rest_route=\/wp\/v2\/posts\/97901","targetHints":{"allow":["GET"]}}],"collection":[{"href":"https:\/\/quehacerpolitico.mx\/index.php?rest_route=\/wp\/v2\/posts"}],"about":[{"href":"https:\/\/quehacerpolitico.mx\/index.php?rest_route=\/wp\/v2\/types\/post"}],"author":[{"embeddable":true,"href":"https:\/\/quehacerpolitico.mx\/index.php?rest_route=\/wp\/v2\/users\/2"}],"replies":[{"embeddable":true,"href":"https:\/\/quehacerpolitico.mx\/index.php?rest_route=%2Fwp%2Fv2%2Fcomments&post=97901"}],"version-history":[{"count":1,"href":"https:\/\/quehacerpolitico.mx\/index.php?rest_route=\/wp\/v2\/posts\/97901\/revisions"}],"predecessor-version":[{"id":97903,"href":"https:\/\/quehacerpolitico.mx\/index.php?rest_route=\/wp\/v2\/posts\/97901\/revisions\/97903"}],"wp:featuredmedia":[{"embeddable":true,"href":"https:\/\/quehacerpolitico.mx\/index.php?rest_route=\/wp\/v2\/media\/97902"}],"wp:attachment":[{"href":"https:\/\/quehacerpolitico.mx\/index.php?rest_route=%2Fwp%2Fv2%2Fmedia&parent=97901"}],"wp:term":[{"taxonomy":"category","embeddable":true,"href":"https:\/\/quehacerpolitico.mx\/index.php?rest_route=%2Fwp%2Fv2%2Fcategories&post=97901"},{"taxonomy":"post_tag","embeddable":true,"href":"https:\/\/quehacerpolitico.mx\/index.php?rest_route=%2Fwp%2Fv2%2Ftags&post=97901"}],"curies":[{"name":"wp","href":"https:\/\/api.w.org\/{rel}","templated":true}]}}