{"id":9790,"date":"2018-11-20T17:03:24","date_gmt":"2018-11-20T17:03:24","guid":{"rendered":"http:\/\/quehacerpolitico.mx\/morena-presenta-iniciativa-en-la-camara-de-diputados-para-crear-la-guardia-nacional\/"},"modified":"2018-11-20T17:03:24","modified_gmt":"2018-11-20T17:03:24","slug":"morena-presenta-iniciativa-en-la-camara-de-diputados-para-crear-la-guardia-nacional","status":"publish","type":"post","link":"https:\/\/quehacerpolitico.mx\/?p=9790","title":{"rendered":"Morena presenta iniciativa en la C\u00e1mara de Diputados para crear la Guardia Nacional"},"content":{"rendered":"<h3 class=\"mtitle\">Morena presenta iniciativa en la C\u00e1mara de Diputados para crear la Guardia Nacional<\/h3>\n<p>Por Redacci\u00f3n QP<\/p>\n<div class=\"sumary single\">\n<p>El Congreso de la Uni\u00f3n ser\u00e1 el encargado de expedir las leyes que la reglamenten.<\/p>\n<\/div>\n<div class=\"singleNote\">\n<p><strong>Morena<\/strong> present\u00f3 este martes en la <strong>C\u00e1mara de Diputados<\/strong> <strong>una iniciativa para crear la Guardia Nacional<\/strong>, que estar\u00e1 integrada por polic\u00edas militares, navales, y elementos de la <strong>Polic\u00eda Federal,<\/strong> as\u00ed como de civiles y elementos de tropa para que se integren a la formaci\u00f3n de nuevos elementos, pero el mando ser\u00e1 de las fuerzas castrenses.<\/p>\n<p>La reforma busca modificar los art\u00edculos 13,16, 21,31,32,36,55,73,76,78,82,89 y 123 de la <strong>Carta Magna de M\u00e9xico.<\/strong><\/p>\n<p>La <strong>Guardia Nacional<\/strong> permanecer\u00e1 hasta que acabe crisis de violencia en el pa\u00eds y se revisar\u00e1n sus resultados en tres a\u00f1os, de acuerdo con la iniciativa.<\/p>\n<p>Entre sus facultades estar\u00e1 que podr\u00e1 actuar como auxiliar del <strong>Ministerio P\u00fablico Federal<\/strong>, bajo su conducci\u00f3n y mando.<\/p>\n<p>Ser\u00e1 una instituci\u00f3n del<strong> Estado<\/strong> que participar\u00e1 en la salvaguarda de la libertad, la vida, la integridad, y el pleno ejercicio de los derechos de todas las personas.<\/p>\n<p>Lo anterior, para proteger su seguridad, sus bienes, as\u00ed como preservar el orden, la paz p\u00fablica, los bienes y recursos de la naci\u00f3n.<\/p>\n<h3><strong>-Hombres y mujeres la integrar\u00e1n-\u00a0<\/strong><\/h3>\n<p>La Guardia Nacional estar\u00e1 conformada por hombres y mujeres que previo a los requisitos de ley, la aplicaci\u00f3n de los requisitos de ley, como la aplicaci\u00f3n de los ex\u00e1menes de ingreso, permanencia y ascenso, as\u00ed como los procesos de profesionalizaci\u00f3n.<\/p>\n<p>Asimismo, integrar\u00e1n un cuerpo especializado con estructura, funciones y est\u00e1ndares sobre el uso de la fuerza debidamente establecidas en su ley org\u00e1nica.<\/p>\n<p>El <strong>Congreso de la Uni\u00f3n<\/strong> ser\u00e1 el encargado de expedir las leyes que reglamenten la organizaci\u00f3n, adscripci\u00f3n, armamento, disciplina, profesionalizaci\u00f3n y uso de la fuerza de la<strong> Guardia Nacional.<\/strong><\/p>\n<\/div>\n","protected":false},"excerpt":{"rendered":"<p>Morena presenta iniciativa en la C\u00e1mara de Diputados para crear la Guardia Nacional<br \/>\nPor Redacci\u00f3n QP<\/p>\n","protected":false},"author":2,"featured_media":9789,"comment_status":"open","ping_status":"open","sticky":false,"template":"","format":"standard","meta":{"_monsterinsights_skip_tracking":false,"_monsterinsights_sitenote_active":false,"_monsterinsights_sitenote_note":"","_monsterinsights_sitenote_category":0,"footnotes":""},"categories":[2],"tags":[],"class_list":["post-9790","post","type-post","status-publish","format-standard","has-post-thumbnail","hentry","category-noticias"],"yoast_head":"<!-- This site is optimized with the Yoast SEO plugin v27.3 - https:\/\/yoast.com\/product\/yoast-seo-wordpress\/ -->\n<title>Morena presenta iniciativa en la C\u00e1mara de Diputados para crear la Guardia Nacional -<\/title>\n<meta name=\"robots\" content=\"index, follow, max-snippet:-1, max-image-preview:large, max-video-preview:-1\" \/>\n<link rel=\"canonical\" href=\"https:\/\/quehacerpolitico.mx\/?p=9790\" \/>\n<meta property=\"og:locale\" content=\"es_MX\" \/>\n<meta property=\"og:type\" content=\"article\" \/>\n<meta property=\"og:title\" content=\"Morena presenta iniciativa en la C\u00e1mara de Diputados para crear la Guardia Nacional -\" \/>\n<meta property=\"og:description\" content=\"Morena presenta iniciativa en la C\u00e1mara de Diputados para crear la Guardia Nacional Por Redacci\u00f3n QP\" \/>\n<meta property=\"og:url\" content=\"https:\/\/quehacerpolitico.mx\/?p=9790\" \/>\n<meta property=\"article:published_time\" content=\"2018-11-20T17:03:24+00:00\" \/>\n<meta name=\"author\" content=\"Redacci\u00f3n QP\" \/>\n<meta name=\"twitter:card\" content=\"summary_large_image\" \/>\n<meta name=\"twitter:label1\" content=\"Escrito por\" \/>\n\t<meta name=\"twitter:data1\" content=\"Redacci\u00f3n QP\" \/>\n\t<meta name=\"twitter:label2\" content=\"Tiempo de lectura\" \/>\n\t<meta name=\"twitter:data2\" content=\"2 minutos\" \/>\n<script type=\"application\/ld+json\" class=\"yoast-schema-graph\">{\"@context\":\"https:\\\/\\\/schema.org\",\"@graph\":[{\"@type\":\"Article\",\"@id\":\"https:\\\/\\\/quehacerpolitico.mx\\\/?p=9790#article\",\"isPartOf\":{\"@id\":\"https:\\\/\\\/quehacerpolitico.mx\\\/?p=9790\"},\"author\":{\"name\":\"Redacci\u00f3n QP\",\"@id\":\"https:\\\/\\\/quehacerpolitico.mx\\\/#\\\/schema\\\/person\\\/496d8ad2d1d3f8036101dca7ee39e585\"},\"headline\":\"Morena presenta iniciativa en la C\u00e1mara de Diputados para crear la Guardia Nacional\",\"datePublished\":\"2018-11-20T17:03:24+00:00\",\"mainEntityOfPage\":{\"@id\":\"https:\\\/\\\/quehacerpolitico.mx\\\/?p=9790\"},\"wordCount\":333,\"commentCount\":0,\"image\":{\"@id\":\"https:\\\/\\\/quehacerpolitico.mx\\\/?p=9790#primaryimage\"},\"thumbnailUrl\":\"\",\"articleSection\":[\"Noticias\"],\"inLanguage\":\"es\",\"potentialAction\":[{\"@type\":\"CommentAction\",\"name\":\"Comment\",\"target\":[\"https:\\\/\\\/quehacerpolitico.mx\\\/?p=9790#respond\"]}]},{\"@type\":\"WebPage\",\"@id\":\"https:\\\/\\\/quehacerpolitico.mx\\\/?p=9790\",\"url\":\"https:\\\/\\\/quehacerpolitico.mx\\\/?p=9790\",\"name\":\"Morena presenta iniciativa en la C\u00e1mara de Diputados para crear la Guardia Nacional -\",\"isPartOf\":{\"@id\":\"https:\\\/\\\/quehacerpolitico.mx\\\/#website\"},\"primaryImageOfPage\":{\"@id\":\"https:\\\/\\\/quehacerpolitico.mx\\\/?p=9790#primaryimage\"},\"image\":{\"@id\":\"https:\\\/\\\/quehacerpolitico.mx\\\/?p=9790#primaryimage\"},\"thumbnailUrl\":\"\",\"datePublished\":\"2018-11-20T17:03:24+00:00\",\"author\":{\"@id\":\"https:\\\/\\\/quehacerpolitico.mx\\\/#\\\/schema\\\/person\\\/496d8ad2d1d3f8036101dca7ee39e585\"},\"breadcrumb\":{\"@id\":\"https:\\\/\\\/quehacerpolitico.mx\\\/?p=9790#breadcrumb\"},\"inLanguage\":\"es\",\"potentialAction\":[{\"@type\":\"ReadAction\",\"target\":[\"https:\\\/\\\/quehacerpolitico.mx\\\/?p=9790\"]}]},{\"@type\":\"ImageObject\",\"inLanguage\":\"es\",\"@id\":\"https:\\\/\\\/quehacerpolitico.mx\\\/?p=9790#primaryimage\",\"url\":\"\",\"contentUrl\":\"\"},{\"@type\":\"BreadcrumbList\",\"@id\":\"https:\\\/\\\/quehacerpolitico.mx\\\/?p=9790#breadcrumb\",\"itemListElement\":[{\"@type\":\"ListItem\",\"position\":1,\"name\":\"Inicio\",\"item\":\"https:\\\/\\\/quehacerpolitico.mx\\\/\"},{\"@type\":\"ListItem\",\"position\":2,\"name\":\"Morena presenta iniciativa en la C\u00e1mara de Diputados para crear la Guardia Nacional\"}]},{\"@type\":\"WebSite\",\"@id\":\"https:\\\/\\\/quehacerpolitico.mx\\\/#website\",\"url\":\"https:\\\/\\\/quehacerpolitico.mx\\\/\",\"name\":\"\",\"description\":\"\",\"potentialAction\":[{\"@type\":\"SearchAction\",\"target\":{\"@type\":\"EntryPoint\",\"urlTemplate\":\"https:\\\/\\\/quehacerpolitico.mx\\\/?s={search_term_string}\"},\"query-input\":{\"@type\":\"PropertyValueSpecification\",\"valueRequired\":true,\"valueName\":\"search_term_string\"}}],\"inLanguage\":\"es\"},{\"@type\":\"Person\",\"@id\":\"https:\\\/\\\/quehacerpolitico.mx\\\/#\\\/schema\\\/person\\\/496d8ad2d1d3f8036101dca7ee39e585\",\"name\":\"Redacci\u00f3n QP\",\"image\":{\"@type\":\"ImageObject\",\"inLanguage\":\"es\",\"@id\":\"https:\\\/\\\/secure.gravatar.com\\\/avatar\\\/c7164ed6fdec453195284ad24a5ae5b6e1eed2b848477fa2a4787ba9adf39a41?s=96&d=mm&r=g\",\"url\":\"https:\\\/\\\/secure.gravatar.com\\\/avatar\\\/c7164ed6fdec453195284ad24a5ae5b6e1eed2b848477fa2a4787ba9adf39a41?s=96&d=mm&r=g\",\"contentUrl\":\"https:\\\/\\\/secure.gravatar.com\\\/avatar\\\/c7164ed6fdec453195284ad24a5ae5b6e1eed2b848477fa2a4787ba9adf39a41?s=96&d=mm&r=g\",\"caption\":\"Redacci\u00f3n QP\"},\"url\":\"https:\\\/\\\/quehacerpolitico.mx\\\/?author=2\"}]}<\/script>\n<!-- \/ Yoast SEO plugin. -->","yoast_head_json":{"title":"Morena presenta iniciativa en la C\u00e1mara de Diputados para crear la Guardia Nacional -","robots":{"index":"index","follow":"follow","max-snippet":"max-snippet:-1","max-image-preview":"max-image-preview:large","max-video-preview":"max-video-preview:-1"},"canonical":"https:\/\/quehacerpolitico.mx\/?p=9790","og_locale":"es_MX","og_type":"article","og_title":"Morena presenta iniciativa en la C\u00e1mara de Diputados para crear la Guardia Nacional -","og_description":"Morena presenta iniciativa en la C\u00e1mara de Diputados para crear la Guardia Nacional Por Redacci\u00f3n QP","og_url":"https:\/\/quehacerpolitico.mx\/?p=9790","article_published_time":"2018-11-20T17:03:24+00:00","author":"Redacci\u00f3n QP","twitter_card":"summary_large_image","twitter_misc":{"Escrito por":"Redacci\u00f3n QP","Tiempo de lectura":"2 minutos"},"schema":{"@context":"https:\/\/schema.org","@graph":[{"@type":"Article","@id":"https:\/\/quehacerpolitico.mx\/?p=9790#article","isPartOf":{"@id":"https:\/\/quehacerpolitico.mx\/?p=9790"},"author":{"name":"Redacci\u00f3n QP","@id":"https:\/\/quehacerpolitico.mx\/#\/schema\/person\/496d8ad2d1d3f8036101dca7ee39e585"},"headline":"Morena presenta iniciativa en la C\u00e1mara de Diputados para crear la Guardia Nacional","datePublished":"2018-11-20T17:03:24+00:00","mainEntityOfPage":{"@id":"https:\/\/quehacerpolitico.mx\/?p=9790"},"wordCount":333,"commentCount":0,"image":{"@id":"https:\/\/quehacerpolitico.mx\/?p=9790#primaryimage"},"thumbnailUrl":"","articleSection":["Noticias"],"inLanguage":"es","potentialAction":[{"@type":"CommentAction","name":"Comment","target":["https:\/\/quehacerpolitico.mx\/?p=9790#respond"]}]},{"@type":"WebPage","@id":"https:\/\/quehacerpolitico.mx\/?p=9790","url":"https:\/\/quehacerpolitico.mx\/?p=9790","name":"Morena presenta iniciativa en la C\u00e1mara de Diputados para crear la Guardia Nacional -","isPartOf":{"@id":"https:\/\/quehacerpolitico.mx\/#website"},"primaryImageOfPage":{"@id":"https:\/\/quehacerpolitico.mx\/?p=9790#primaryimage"},"image":{"@id":"https:\/\/quehacerpolitico.mx\/?p=9790#primaryimage"},"thumbnailUrl":"","datePublished":"2018-11-20T17:03:24+00:00","author":{"@id":"https:\/\/quehacerpolitico.mx\/#\/schema\/person\/496d8ad2d1d3f8036101dca7ee39e585"},"breadcrumb":{"@id":"https:\/\/quehacerpolitico.mx\/?p=9790#breadcrumb"},"inLanguage":"es","potentialAction":[{"@type":"ReadAction","target":["https:\/\/quehacerpolitico.mx\/?p=9790"]}]},{"@type":"ImageObject","inLanguage":"es","@id":"https:\/\/quehacerpolitico.mx\/?p=9790#primaryimage","url":"","contentUrl":""},{"@type":"BreadcrumbList","@id":"https:\/\/quehacerpolitico.mx\/?p=9790#breadcrumb","itemListElement":[{"@type":"ListItem","position":1,"name":"Inicio","item":"https:\/\/quehacerpolitico.mx\/"},{"@type":"ListItem","position":2,"name":"Morena presenta iniciativa en la C\u00e1mara de Diputados para crear la Guardia Nacional"}]},{"@type":"WebSite","@id":"https:\/\/quehacerpolitico.mx\/#website","url":"https:\/\/quehacerpolitico.mx\/","name":"","description":"","potentialAction":[{"@type":"SearchAction","target":{"@type":"EntryPoint","urlTemplate":"https:\/\/quehacerpolitico.mx\/?s={search_term_string}"},"query-input":{"@type":"PropertyValueSpecification","valueRequired":true,"valueName":"search_term_string"}}],"inLanguage":"es"},{"@type":"Person","@id":"https:\/\/quehacerpolitico.mx\/#\/schema\/person\/496d8ad2d1d3f8036101dca7ee39e585","name":"Redacci\u00f3n QP","image":{"@type":"ImageObject","inLanguage":"es","@id":"https:\/\/secure.gravatar.com\/avatar\/c7164ed6fdec453195284ad24a5ae5b6e1eed2b848477fa2a4787ba9adf39a41?s=96&d=mm&r=g","url":"https:\/\/secure.gravatar.com\/avatar\/c7164ed6fdec453195284ad24a5ae5b6e1eed2b848477fa2a4787ba9adf39a41?s=96&d=mm&r=g","contentUrl":"https:\/\/secure.gravatar.com\/avatar\/c7164ed6fdec453195284ad24a5ae5b6e1eed2b848477fa2a4787ba9adf39a41?s=96&d=mm&r=g","caption":"Redacci\u00f3n QP"},"url":"https:\/\/quehacerpolitico.mx\/?author=2"}]}},"featured_image_urls":{"full":"","thumbnail":"","medium":"","medium_large":"","large":"","1536x1536":"","2048x2048":"","covernews-featured":"","covernews-medium":""},"author_info":{"display_name":"Redacci\u00f3n QP","author_link":"https:\/\/quehacerpolitico.mx\/?author=2"},"category_info":"<a href=\"https:\/\/quehacerpolitico.mx\/?cat=2\" rel=\"category\">Noticias<\/a>","tag_info":"Noticias","comment_count":"0","_links":{"self":[{"href":"https:\/\/quehacerpolitico.mx\/index.php?rest_route=\/wp\/v2\/posts\/9790","targetHints":{"allow":["GET"]}}],"collection":[{"href":"https:\/\/quehacerpolitico.mx\/index.php?rest_route=\/wp\/v2\/posts"}],"about":[{"href":"https:\/\/quehacerpolitico.mx\/index.php?rest_route=\/wp\/v2\/types\/post"}],"author":[{"embeddable":true,"href":"https:\/\/quehacerpolitico.mx\/index.php?rest_route=\/wp\/v2\/users\/2"}],"replies":[{"embeddable":true,"href":"https:\/\/quehacerpolitico.mx\/index.php?rest_route=%2Fwp%2Fv2%2Fcomments&post=9790"}],"version-history":[{"count":0,"href":"https:\/\/quehacerpolitico.mx\/index.php?rest_route=\/wp\/v2\/posts\/9790\/revisions"}],"wp:featuredmedia":[{"embeddable":true,"href":"https:\/\/quehacerpolitico.mx\/index.php?rest_route=\/"}],"wp:attachment":[{"href":"https:\/\/quehacerpolitico.mx\/index.php?rest_route=%2Fwp%2Fv2%2Fmedia&parent=9790"}],"wp:term":[{"taxonomy":"category","embeddable":true,"href":"https:\/\/quehacerpolitico.mx\/index.php?rest_route=%2Fwp%2Fv2%2Fcategories&post=9790"},{"taxonomy":"post_tag","embeddable":true,"href":"https:\/\/quehacerpolitico.mx\/index.php?rest_route=%2Fwp%2Fv2%2Ftags&post=9790"}],"curies":[{"name":"wp","href":"https:\/\/api.w.org\/{rel}","templated":true}]}}