{"id":97888,"date":"2022-12-27T17:23:05","date_gmt":"2022-12-27T17:23:05","guid":{"rendered":"https:\/\/quehacerpolitico.mx\/?p=97888"},"modified":"2022-12-27T17:23:07","modified_gmt":"2022-12-27T17:23:07","slug":"se-pierden-9-jovenes-en-el-ajusco-ya-los-buscan-las-autoridades","status":"publish","type":"post","link":"https:\/\/quehacerpolitico.mx\/?p=97888","title":{"rendered":"Se pierden 9 j\u00f3venes en el Ajusco; ya los buscan las autoridades"},"content":{"rendered":"\n<p>Por Redacci\u00f3n QP<\/p>\n\n\n\n<p>De acuerdo con la informaci\u00f3n preliminar, los j\u00f3venes habr\u00edan logrado llamar a sus familiares para pedir ayuda, pues no habr\u00edan podido regresar a casa<\/p>\n\n\n\n<p>Familiares de nueve j\u00f3venes pidieron ayuda a las autoridades capitalinas, pues\u00a0<strong>recibieron una llamada de auxilio por parte de uno de ellos pues aseguraron estar perdidos en el\u00a0Ajusco,\u00a0<\/strong>por lo que elementos de la Secretar\u00eda de Seguridad Ciudadana (SSC) de la Ciudad de M\u00e9xico (CDMX).<\/p>\n\n\n\n<p>De acuerdo con el medio noticioso ForoTv,&nbsp;<strong>los desaparecidos habr\u00edan llegado al lugar en la tarde del lunes,&nbsp;<\/strong>sin embargo, la noche los alcanz\u00f3 y, por la oscuridad, no pudieron encontrar el camino de regreso a casa, adem\u00e1s de provocarse varias heridas en los pies por la caminata sin buena visibilidad.<\/p>\n\n\n\n<p>Hasta el momento\u00a0<strong>se desconoce si las autoridades ya lograron localizar a los j\u00f3venes<\/strong>\u00a0o si el operativo con el fin de encontrarlos contin\u00faa.<\/p>\n\n\n\n<p>Cabe recordar que, en la zona del Ajusco,&nbsp;<strong>la temperatura llega hasta 3 grados cent\u00edgrados<\/strong>&nbsp;y en la parte alta del cerro el fr\u00edo es mucho m\u00e1s severo, clima que ha cubierto de aguanieve estos \u00faltimos d\u00edas.<\/p>\n\n\n\n<h4 class=\"wp-block-heading\">En agosto rescataron a otros desaparecidos del Ajusco<\/h4>\n\n\n\n<p>&#8220;Hubo m\u00e1s de uno que dijo &#8216;ya no puedo m\u00e1s&#8217;, pero entre todos nos animamos&#8221;, narr\u00f3 para EL UNIVERSAL, Elizabeth Camarillo,<strong>\u00a0una de las 13 personas que fueron rescatadas en El Pico del \u00c1guila,\u00a0<\/strong>en el Ajusco y que se hizo viral por un tuit de rescate.<\/p>\n\n\n\n<p>El lugar en donde,&nbsp;<strong>a partir de las 15:00 horas el grupo tom\u00f3 conciencia de que se encontraba perdido,&nbsp;<\/strong>es un pico de la cadena monta\u00f1osa llamado Volc\u00e1n Ajusco, ubicado en el Parque Nacional Cumbres del Ajusco.<\/p>\n\n\n\n<p>Cont\u00f3 que, como era de esperarse, no hab\u00eda se\u00f1al y que\u00a0<strong>cuando hab\u00eda era muy poca y que &#8220;se iba r\u00e1pido&#8221;.\u00a0<\/strong>Entre todos buscaban avisar a sus familiares que se encontraban perdidos despu\u00e9s de que el celular que les mostraba el mapa de la ruta ya no les serv\u00eda para continuar, pues su carga se termin\u00f3.<\/p>\n\n\n\n<p>Todos intentaban comunicarse y es entonces cuando alguno logr\u00f3 hacer contacto con el C5 y brind\u00f3 la informaci\u00f3n del grupo perdido, as\u00ed como&nbsp;<strong>algunos n\u00fameros de tel\u00e9fono para que las autoridades pudieran localizarlos<\/strong>, &#8220;pero la llamada se cortaba mucho&#8221;.<\/p>\n\n\n\n<p>Es entonces que Elizabeth decide escribir<strong>&nbsp;el tuit que se hizo viral para pedir ayuda.&nbsp;<\/strong>En \u00e9l puso los datos de localizaci\u00f3n y solo esperaba que alguien lo leyese, pues la incertidumbre ya estaba en todos porque la noche se aproximaba, los alimentos, que de por s\u00ed era una cantidad b\u00e1sica para no cargar demasiado, y el agua escaseaba. &#8220;Ya solo nos quedaba como dos litros de agua&#8221;, mencion\u00f3.<\/p>\n\n\n\n<p>Ella describe el&nbsp;<strong>momento en que lograron encontrarlos fue como en la &#8220;prehistoria&#8221;.<\/strong><\/p>\n\n\n\n<p>&#8220;Con gritos fue que lograron llegar hasta donde est\u00e1bamos y ellos, a trav\u00e9s de su silbato,&nbsp;<strong>nosotros les \u00edbamos diciendo \u2018s\u00ed te escucho cada vez m\u00e1s cerca,&nbsp;<\/strong>no te escucho ahora m\u00e1s lejos\u2019 y as\u00ed fue como llegaron hasta nosotros\u201d, agreg\u00f3.<\/p>\n\n\n\n<p>La mujer se dice agradecida por la ayuda y respuesta de los rescatistas as\u00ed como de quienes leyeron su tuit y\u00a0<strong>subray\u00f3 la importancia del &#8220;buen uso&#8221; de las redes sociales\u00a0<\/strong>as\u00ed como siempre ir a ese tipo de excursiones a lado de profesionales que conozcan los caminos y rutas, as\u00ed como que garanticen su regreso.<\/p>\n\n\n\n<p>Con Informaci\u00f3n de SUN <\/p>\n","protected":false},"excerpt":{"rendered":"<p>Por Redacci\u00f3n QP De acuerdo con la informaci\u00f3n preliminar, los j\u00f3venes habr\u00edan logrado llamar a&#8230;<\/p>\n","protected":false},"author":2,"featured_media":97889,"comment_status":"open","ping_status":"open","sticky":false,"template":"","format":"standard","meta":{"_monsterinsights_skip_tracking":false,"_monsterinsights_sitenote_active":false,"_monsterinsights_sitenote_note":"","_monsterinsights_sitenote_category":0,"footnotes":""},"categories":[55],"tags":[],"class_list":["post-97888","post","type-post","status-publish","format-standard","has-post-thumbnail","hentry","category-cdmx"],"yoast_head":"<!-- This site is optimized with the Yoast SEO plugin v27.3 - https:\/\/yoast.com\/product\/yoast-seo-wordpress\/ -->\n<title>Se pierden 9 j\u00f3venes en el Ajusco; ya los buscan las autoridades -<\/title>\n<meta name=\"robots\" content=\"index, follow, max-snippet:-1, max-image-preview:large, max-video-preview:-1\" \/>\n<link rel=\"canonical\" href=\"https:\/\/quehacerpolitico.mx\/?p=97888\" \/>\n<meta property=\"og:locale\" content=\"es_MX\" \/>\n<meta property=\"og:type\" content=\"article\" \/>\n<meta property=\"og:title\" content=\"Se pierden 9 j\u00f3venes en el Ajusco; ya los buscan las autoridades -\" \/>\n<meta property=\"og:description\" content=\"Por Redacci\u00f3n QP De acuerdo con la informaci\u00f3n preliminar, los j\u00f3venes habr\u00edan logrado llamar a...\" \/>\n<meta property=\"og:url\" content=\"https:\/\/quehacerpolitico.mx\/?p=97888\" \/>\n<meta property=\"article:published_time\" content=\"2022-12-27T17:23:05+00:00\" \/>\n<meta property=\"article:modified_time\" content=\"2022-12-27T17:23:07+00:00\" \/>\n<meta property=\"og:image\" content=\"https:\/\/quehacerpolitico.mx\/wp-content\/uploads\/2022\/12\/E69B624A-FF26-4313-9473-698B37F00E8E.jpeg\" \/>\n\t<meta property=\"og:image:width\" content=\"696\" \/>\n\t<meta property=\"og:image:height\" content=\"440\" \/>\n\t<meta property=\"og:image:type\" content=\"image\/jpeg\" \/>\n<meta name=\"author\" content=\"Redacci\u00f3n QP\" \/>\n<meta name=\"twitter:card\" content=\"summary_large_image\" \/>\n<meta name=\"twitter:label1\" content=\"Escrito por\" \/>\n\t<meta name=\"twitter:data1\" content=\"Redacci\u00f3n QP\" \/>\n\t<meta name=\"twitter:label2\" content=\"Tiempo de lectura\" \/>\n\t<meta name=\"twitter:data2\" content=\"3 minutos\" \/>\n<script type=\"application\/ld+json\" class=\"yoast-schema-graph\">{\"@context\":\"https:\\\/\\\/schema.org\",\"@graph\":[{\"@type\":\"Article\",\"@id\":\"https:\\\/\\\/quehacerpolitico.mx\\\/?p=97888#article\",\"isPartOf\":{\"@id\":\"https:\\\/\\\/quehacerpolitico.mx\\\/?p=97888\"},\"author\":{\"name\":\"Redacci\u00f3n QP\",\"@id\":\"https:\\\/\\\/quehacerpolitico.mx\\\/#\\\/schema\\\/person\\\/496d8ad2d1d3f8036101dca7ee39e585\"},\"headline\":\"Se pierden 9 j\u00f3venes en el Ajusco; ya los buscan las autoridades\",\"datePublished\":\"2022-12-27T17:23:05+00:00\",\"dateModified\":\"2022-12-27T17:23:07+00:00\",\"mainEntityOfPage\":{\"@id\":\"https:\\\/\\\/quehacerpolitico.mx\\\/?p=97888\"},\"wordCount\":612,\"commentCount\":0,\"image\":{\"@id\":\"https:\\\/\\\/quehacerpolitico.mx\\\/?p=97888#primaryimage\"},\"thumbnailUrl\":\"https:\\\/\\\/quehacerpolitico.mx\\\/wp-content\\\/uploads\\\/2022\\\/12\\\/E69B624A-FF26-4313-9473-698B37F00E8E.jpeg\",\"articleSection\":[\"CDMX\"],\"inLanguage\":\"es\",\"potentialAction\":[{\"@type\":\"CommentAction\",\"name\":\"Comment\",\"target\":[\"https:\\\/\\\/quehacerpolitico.mx\\\/?p=97888#respond\"]}]},{\"@type\":\"WebPage\",\"@id\":\"https:\\\/\\\/quehacerpolitico.mx\\\/?p=97888\",\"url\":\"https:\\\/\\\/quehacerpolitico.mx\\\/?p=97888\",\"name\":\"Se pierden 9 j\u00f3venes en el Ajusco; ya los buscan las autoridades -\",\"isPartOf\":{\"@id\":\"https:\\\/\\\/quehacerpolitico.mx\\\/#website\"},\"primaryImageOfPage\":{\"@id\":\"https:\\\/\\\/quehacerpolitico.mx\\\/?p=97888#primaryimage\"},\"image\":{\"@id\":\"https:\\\/\\\/quehacerpolitico.mx\\\/?p=97888#primaryimage\"},\"thumbnailUrl\":\"https:\\\/\\\/quehacerpolitico.mx\\\/wp-content\\\/uploads\\\/2022\\\/12\\\/E69B624A-FF26-4313-9473-698B37F00E8E.jpeg\",\"datePublished\":\"2022-12-27T17:23:05+00:00\",\"dateModified\":\"2022-12-27T17:23:07+00:00\",\"author\":{\"@id\":\"https:\\\/\\\/quehacerpolitico.mx\\\/#\\\/schema\\\/person\\\/496d8ad2d1d3f8036101dca7ee39e585\"},\"breadcrumb\":{\"@id\":\"https:\\\/\\\/quehacerpolitico.mx\\\/?p=97888#breadcrumb\"},\"inLanguage\":\"es\",\"potentialAction\":[{\"@type\":\"ReadAction\",\"target\":[\"https:\\\/\\\/quehacerpolitico.mx\\\/?p=97888\"]}]},{\"@type\":\"ImageObject\",\"inLanguage\":\"es\",\"@id\":\"https:\\\/\\\/quehacerpolitico.mx\\\/?p=97888#primaryimage\",\"url\":\"https:\\\/\\\/quehacerpolitico.mx\\\/wp-content\\\/uploads\\\/2022\\\/12\\\/E69B624A-FF26-4313-9473-698B37F00E8E.jpeg\",\"contentUrl\":\"https:\\\/\\\/quehacerpolitico.mx\\\/wp-content\\\/uploads\\\/2022\\\/12\\\/E69B624A-FF26-4313-9473-698B37F00E8E.jpeg\",\"width\":696,\"height\":440},{\"@type\":\"BreadcrumbList\",\"@id\":\"https:\\\/\\\/quehacerpolitico.mx\\\/?p=97888#breadcrumb\",\"itemListElement\":[{\"@type\":\"ListItem\",\"position\":1,\"name\":\"Inicio\",\"item\":\"https:\\\/\\\/quehacerpolitico.mx\\\/\"},{\"@type\":\"ListItem\",\"position\":2,\"name\":\"Se pierden 9 j\u00f3venes en el Ajusco; ya los buscan las autoridades\"}]},{\"@type\":\"WebSite\",\"@id\":\"https:\\\/\\\/quehacerpolitico.mx\\\/#website\",\"url\":\"https:\\\/\\\/quehacerpolitico.mx\\\/\",\"name\":\"\",\"description\":\"\",\"potentialAction\":[{\"@type\":\"SearchAction\",\"target\":{\"@type\":\"EntryPoint\",\"urlTemplate\":\"https:\\\/\\\/quehacerpolitico.mx\\\/?s={search_term_string}\"},\"query-input\":{\"@type\":\"PropertyValueSpecification\",\"valueRequired\":true,\"valueName\":\"search_term_string\"}}],\"inLanguage\":\"es\"},{\"@type\":\"Person\",\"@id\":\"https:\\\/\\\/quehacerpolitico.mx\\\/#\\\/schema\\\/person\\\/496d8ad2d1d3f8036101dca7ee39e585\",\"name\":\"Redacci\u00f3n QP\",\"image\":{\"@type\":\"ImageObject\",\"inLanguage\":\"es\",\"@id\":\"https:\\\/\\\/secure.gravatar.com\\\/avatar\\\/c7164ed6fdec453195284ad24a5ae5b6e1eed2b848477fa2a4787ba9adf39a41?s=96&d=mm&r=g\",\"url\":\"https:\\\/\\\/secure.gravatar.com\\\/avatar\\\/c7164ed6fdec453195284ad24a5ae5b6e1eed2b848477fa2a4787ba9adf39a41?s=96&d=mm&r=g\",\"contentUrl\":\"https:\\\/\\\/secure.gravatar.com\\\/avatar\\\/c7164ed6fdec453195284ad24a5ae5b6e1eed2b848477fa2a4787ba9adf39a41?s=96&d=mm&r=g\",\"caption\":\"Redacci\u00f3n QP\"},\"url\":\"https:\\\/\\\/quehacerpolitico.mx\\\/?author=2\"}]}<\/script>\n<!-- \/ Yoast SEO plugin. -->","yoast_head_json":{"title":"Se pierden 9 j\u00f3venes en el Ajusco; ya los buscan las autoridades -","robots":{"index":"index","follow":"follow","max-snippet":"max-snippet:-1","max-image-preview":"max-image-preview:large","max-video-preview":"max-video-preview:-1"},"canonical":"https:\/\/quehacerpolitico.mx\/?p=97888","og_locale":"es_MX","og_type":"article","og_title":"Se pierden 9 j\u00f3venes en el Ajusco; ya los buscan las autoridades -","og_description":"Por Redacci\u00f3n QP De acuerdo con la informaci\u00f3n preliminar, los j\u00f3venes habr\u00edan logrado llamar a...","og_url":"https:\/\/quehacerpolitico.mx\/?p=97888","article_published_time":"2022-12-27T17:23:05+00:00","article_modified_time":"2022-12-27T17:23:07+00:00","og_image":[{"width":696,"height":440,"url":"https:\/\/quehacerpolitico.mx\/wp-content\/uploads\/2022\/12\/E69B624A-FF26-4313-9473-698B37F00E8E.jpeg","type":"image\/jpeg"}],"author":"Redacci\u00f3n QP","twitter_card":"summary_large_image","twitter_misc":{"Escrito por":"Redacci\u00f3n QP","Tiempo de lectura":"3 minutos"},"schema":{"@context":"https:\/\/schema.org","@graph":[{"@type":"Article","@id":"https:\/\/quehacerpolitico.mx\/?p=97888#article","isPartOf":{"@id":"https:\/\/quehacerpolitico.mx\/?p=97888"},"author":{"name":"Redacci\u00f3n QP","@id":"https:\/\/quehacerpolitico.mx\/#\/schema\/person\/496d8ad2d1d3f8036101dca7ee39e585"},"headline":"Se pierden 9 j\u00f3venes en el Ajusco; ya los buscan las autoridades","datePublished":"2022-12-27T17:23:05+00:00","dateModified":"2022-12-27T17:23:07+00:00","mainEntityOfPage":{"@id":"https:\/\/quehacerpolitico.mx\/?p=97888"},"wordCount":612,"commentCount":0,"image":{"@id":"https:\/\/quehacerpolitico.mx\/?p=97888#primaryimage"},"thumbnailUrl":"https:\/\/quehacerpolitico.mx\/wp-content\/uploads\/2022\/12\/E69B624A-FF26-4313-9473-698B37F00E8E.jpeg","articleSection":["CDMX"],"inLanguage":"es","potentialAction":[{"@type":"CommentAction","name":"Comment","target":["https:\/\/quehacerpolitico.mx\/?p=97888#respond"]}]},{"@type":"WebPage","@id":"https:\/\/quehacerpolitico.mx\/?p=97888","url":"https:\/\/quehacerpolitico.mx\/?p=97888","name":"Se pierden 9 j\u00f3venes en el Ajusco; ya los buscan las autoridades -","isPartOf":{"@id":"https:\/\/quehacerpolitico.mx\/#website"},"primaryImageOfPage":{"@id":"https:\/\/quehacerpolitico.mx\/?p=97888#primaryimage"},"image":{"@id":"https:\/\/quehacerpolitico.mx\/?p=97888#primaryimage"},"thumbnailUrl":"https:\/\/quehacerpolitico.mx\/wp-content\/uploads\/2022\/12\/E69B624A-FF26-4313-9473-698B37F00E8E.jpeg","datePublished":"2022-12-27T17:23:05+00:00","dateModified":"2022-12-27T17:23:07+00:00","author":{"@id":"https:\/\/quehacerpolitico.mx\/#\/schema\/person\/496d8ad2d1d3f8036101dca7ee39e585"},"breadcrumb":{"@id":"https:\/\/quehacerpolitico.mx\/?p=97888#breadcrumb"},"inLanguage":"es","potentialAction":[{"@type":"ReadAction","target":["https:\/\/quehacerpolitico.mx\/?p=97888"]}]},{"@type":"ImageObject","inLanguage":"es","@id":"https:\/\/quehacerpolitico.mx\/?p=97888#primaryimage","url":"https:\/\/quehacerpolitico.mx\/wp-content\/uploads\/2022\/12\/E69B624A-FF26-4313-9473-698B37F00E8E.jpeg","contentUrl":"https:\/\/quehacerpolitico.mx\/wp-content\/uploads\/2022\/12\/E69B624A-FF26-4313-9473-698B37F00E8E.jpeg","width":696,"height":440},{"@type":"BreadcrumbList","@id":"https:\/\/quehacerpolitico.mx\/?p=97888#breadcrumb","itemListElement":[{"@type":"ListItem","position":1,"name":"Inicio","item":"https:\/\/quehacerpolitico.mx\/"},{"@type":"ListItem","position":2,"name":"Se pierden 9 j\u00f3venes en el Ajusco; ya los buscan las autoridades"}]},{"@type":"WebSite","@id":"https:\/\/quehacerpolitico.mx\/#website","url":"https:\/\/quehacerpolitico.mx\/","name":"","description":"","potentialAction":[{"@type":"SearchAction","target":{"@type":"EntryPoint","urlTemplate":"https:\/\/quehacerpolitico.mx\/?s={search_term_string}"},"query-input":{"@type":"PropertyValueSpecification","valueRequired":true,"valueName":"search_term_string"}}],"inLanguage":"es"},{"@type":"Person","@id":"https:\/\/quehacerpolitico.mx\/#\/schema\/person\/496d8ad2d1d3f8036101dca7ee39e585","name":"Redacci\u00f3n QP","image":{"@type":"ImageObject","inLanguage":"es","@id":"https:\/\/secure.gravatar.com\/avatar\/c7164ed6fdec453195284ad24a5ae5b6e1eed2b848477fa2a4787ba9adf39a41?s=96&d=mm&r=g","url":"https:\/\/secure.gravatar.com\/avatar\/c7164ed6fdec453195284ad24a5ae5b6e1eed2b848477fa2a4787ba9adf39a41?s=96&d=mm&r=g","contentUrl":"https:\/\/secure.gravatar.com\/avatar\/c7164ed6fdec453195284ad24a5ae5b6e1eed2b848477fa2a4787ba9adf39a41?s=96&d=mm&r=g","caption":"Redacci\u00f3n QP"},"url":"https:\/\/quehacerpolitico.mx\/?author=2"}]}},"featured_image_urls":{"full":["https:\/\/quehacerpolitico.mx\/wp-content\/uploads\/2022\/12\/E69B624A-FF26-4313-9473-698B37F00E8E.jpeg",696,440,false],"thumbnail":["https:\/\/quehacerpolitico.mx\/wp-content\/uploads\/2022\/12\/E69B624A-FF26-4313-9473-698B37F00E8E-150x150.jpeg",150,150,true],"medium":["https:\/\/quehacerpolitico.mx\/wp-content\/uploads\/2022\/12\/E69B624A-FF26-4313-9473-698B37F00E8E-300x190.jpeg",300,190,true],"medium_large":["https:\/\/quehacerpolitico.mx\/wp-content\/uploads\/2022\/12\/E69B624A-FF26-4313-9473-698B37F00E8E.jpeg",640,405,false],"large":["https:\/\/quehacerpolitico.mx\/wp-content\/uploads\/2022\/12\/E69B624A-FF26-4313-9473-698B37F00E8E.jpeg",640,405,false],"1536x1536":["https:\/\/quehacerpolitico.mx\/wp-content\/uploads\/2022\/12\/E69B624A-FF26-4313-9473-698B37F00E8E.jpeg",696,440,false],"2048x2048":["https:\/\/quehacerpolitico.mx\/wp-content\/uploads\/2022\/12\/E69B624A-FF26-4313-9473-698B37F00E8E.jpeg",696,440,false],"covernews-featured":["https:\/\/quehacerpolitico.mx\/wp-content\/uploads\/2022\/12\/E69B624A-FF26-4313-9473-698B37F00E8E.jpeg",696,440,false],"covernews-medium":["https:\/\/quehacerpolitico.mx\/wp-content\/uploads\/2022\/12\/E69B624A-FF26-4313-9473-698B37F00E8E.jpeg",538,340,false]},"author_info":{"display_name":"Redacci\u00f3n QP","author_link":"https:\/\/quehacerpolitico.mx\/?author=2"},"category_info":"<a href=\"https:\/\/quehacerpolitico.mx\/?cat=55\" rel=\"category\">CDMX<\/a>","tag_info":"CDMX","comment_count":"0","_links":{"self":[{"href":"https:\/\/quehacerpolitico.mx\/index.php?rest_route=\/wp\/v2\/posts\/97888","targetHints":{"allow":["GET"]}}],"collection":[{"href":"https:\/\/quehacerpolitico.mx\/index.php?rest_route=\/wp\/v2\/posts"}],"about":[{"href":"https:\/\/quehacerpolitico.mx\/index.php?rest_route=\/wp\/v2\/types\/post"}],"author":[{"embeddable":true,"href":"https:\/\/quehacerpolitico.mx\/index.php?rest_route=\/wp\/v2\/users\/2"}],"replies":[{"embeddable":true,"href":"https:\/\/quehacerpolitico.mx\/index.php?rest_route=%2Fwp%2Fv2%2Fcomments&post=97888"}],"version-history":[{"count":1,"href":"https:\/\/quehacerpolitico.mx\/index.php?rest_route=\/wp\/v2\/posts\/97888\/revisions"}],"predecessor-version":[{"id":97890,"href":"https:\/\/quehacerpolitico.mx\/index.php?rest_route=\/wp\/v2\/posts\/97888\/revisions\/97890"}],"wp:featuredmedia":[{"embeddable":true,"href":"https:\/\/quehacerpolitico.mx\/index.php?rest_route=\/wp\/v2\/media\/97889"}],"wp:attachment":[{"href":"https:\/\/quehacerpolitico.mx\/index.php?rest_route=%2Fwp%2Fv2%2Fmedia&parent=97888"}],"wp:term":[{"taxonomy":"category","embeddable":true,"href":"https:\/\/quehacerpolitico.mx\/index.php?rest_route=%2Fwp%2Fv2%2Fcategories&post=97888"},{"taxonomy":"post_tag","embeddable":true,"href":"https:\/\/quehacerpolitico.mx\/index.php?rest_route=%2Fwp%2Fv2%2Ftags&post=97888"}],"curies":[{"name":"wp","href":"https:\/\/api.w.org\/{rel}","templated":true}]}}