{"id":97875,"date":"2022-12-27T16:04:47","date_gmt":"2022-12-27T16:04:47","guid":{"rendered":"https:\/\/quehacerpolitico.mx\/?p=97875"},"modified":"2022-12-27T16:04:52","modified_gmt":"2022-12-27T16:04:52","slug":"se-consolidara-el-sistema-de-salud-en-2023-asegura-jorge-alcocer","status":"publish","type":"post","link":"https:\/\/quehacerpolitico.mx\/?p=97875","title":{"rendered":"Se consolidar\u00e1 el sistema de salud en 2023, asegura Jorge Alcocer"},"content":{"rendered":"\n<p>Por Redacci\u00f3n QP<\/p>\n\n\n\n<p>En la \u00faltima exposici\u00f3n de el &#8220;Pulso de la Salud&#8221; del a\u00f1o, Jorge Alcocer\u00a0comparti\u00f3 el \u00edmpetu para consolidar el sistema de salud en nuestro pa\u00eds<\/p>\n\n\n\n<p>El secretario de Salud, Jorge Alcocer Varela, afirm\u00f3 que en\u00a0<strong>2023 se consolidar\u00e1 la transformaci\u00f3n del sistema de salud en M\u00e9xico.<\/strong><\/p>\n\n\n\n<p>Al presentar el Pulso de la Salud, el \u00faltimo del a\u00f1o, en la ma\u00f1anera, del Presidente Andr\u00e9s Manuel L\u00f3pez Obrador, el titular de la SSA envi\u00f3 un mensaje de fin de a\u00f1o.<\/p>\n\n\n\n<p>\u201cEn cinco d\u00edas despedimos al 2022, algunos con dudas, con cansancio, pero la mayor\u00eda de los mexicanos lo haremos con esperanza, con \u00e1nimo, solidaridad y alegr\u00eda, pues\u00a0<strong>el a\u00f1o que llega se consolidar\u00e1 la transformaci\u00f3n del sistema de salud,<\/strong>\u00a0entre muchos otros logros, para las familias mexicanas, por lo tanto, nadie se va a rendir, menos ahora, dijera el cantor\u201d, se\u00f1al\u00f3 el secretario de Salud.<\/p>\n\n\n\n<figure class=\"wp-block-embed is-type-video is-provider-youtube wp-block-embed-youtube wp-embed-aspect-16-9 wp-has-aspect-ratio\"><div class=\"wp-block-embed__wrapper\">\n<iframe loading=\"lazy\" title=\"Promete Alcocer transformaci\u00f3n en sistema de salud para 2023\" width=\"640\" height=\"360\" src=\"https:\/\/www.youtube.com\/embed\/nor_6mivmDw?feature=oembed\" frameborder=\"0\" allow=\"accelerometer; autoplay; clipboard-write; encrypted-media; gyroscope; picture-in-picture; web-share\" referrerpolicy=\"strict-origin-when-cross-origin\" allowfullscreen><\/iframe>\n<\/div><\/figure>\n\n\n\n<p>Con Informaci\u00f3n de SUN <\/p>\n","protected":false},"excerpt":{"rendered":"<p>Por Redacci\u00f3n QP En la \u00faltima exposici\u00f3n de el &#8220;Pulso de la Salud&#8221; del a\u00f1o,&#8230;<\/p>\n","protected":false},"author":2,"featured_media":97876,"comment_status":"open","ping_status":"open","sticky":false,"template":"","format":"standard","meta":{"_monsterinsights_skip_tracking":false,"_monsterinsights_sitenote_active":false,"_monsterinsights_sitenote_note":"","_monsterinsights_sitenote_category":0,"footnotes":""},"categories":[2],"tags":[],"class_list":["post-97875","post","type-post","status-publish","format-standard","has-post-thumbnail","hentry","category-noticias"],"yoast_head":"<!-- This site is optimized with the Yoast SEO plugin v27.3 - https:\/\/yoast.com\/product\/yoast-seo-wordpress\/ -->\n<title>Se consolidar\u00e1 el sistema de salud en 2023, asegura Jorge Alcocer -<\/title>\n<meta name=\"robots\" content=\"index, follow, max-snippet:-1, max-image-preview:large, max-video-preview:-1\" \/>\n<link rel=\"canonical\" href=\"https:\/\/quehacerpolitico.mx\/?p=97875\" \/>\n<meta property=\"og:locale\" content=\"es_MX\" \/>\n<meta property=\"og:type\" content=\"article\" \/>\n<meta property=\"og:title\" content=\"Se consolidar\u00e1 el sistema de salud en 2023, asegura Jorge Alcocer -\" \/>\n<meta property=\"og:description\" content=\"Por Redacci\u00f3n QP En la \u00faltima exposici\u00f3n de el &#8220;Pulso de la Salud&#8221; del a\u00f1o,...\" \/>\n<meta property=\"og:url\" content=\"https:\/\/quehacerpolitico.mx\/?p=97875\" \/>\n<meta property=\"article:published_time\" content=\"2022-12-27T16:04:47+00:00\" \/>\n<meta property=\"article:modified_time\" content=\"2022-12-27T16:04:52+00:00\" \/>\n<meta property=\"og:image\" content=\"https:\/\/quehacerpolitico.mx\/wp-content\/uploads\/2022\/12\/91C8A822-1668-4B1F-8F63-9F821AEFF177.jpeg\" \/>\n\t<meta property=\"og:image:width\" content=\"1284\" \/>\n\t<meta property=\"og:image:height\" content=\"704\" \/>\n\t<meta property=\"og:image:type\" content=\"image\/jpeg\" \/>\n<meta name=\"author\" content=\"Redacci\u00f3n QP\" \/>\n<meta name=\"twitter:card\" content=\"summary_large_image\" \/>\n<meta name=\"twitter:label1\" content=\"Escrito por\" \/>\n\t<meta name=\"twitter:data1\" content=\"Redacci\u00f3n QP\" \/>\n\t<meta name=\"twitter:label2\" content=\"Tiempo de lectura\" \/>\n\t<meta name=\"twitter:data2\" content=\"1 minuto\" \/>\n<script type=\"application\/ld+json\" class=\"yoast-schema-graph\">{\"@context\":\"https:\\\/\\\/schema.org\",\"@graph\":[{\"@type\":\"Article\",\"@id\":\"https:\\\/\\\/quehacerpolitico.mx\\\/?p=97875#article\",\"isPartOf\":{\"@id\":\"https:\\\/\\\/quehacerpolitico.mx\\\/?p=97875\"},\"author\":{\"name\":\"Redacci\u00f3n QP\",\"@id\":\"https:\\\/\\\/quehacerpolitico.mx\\\/#\\\/schema\\\/person\\\/496d8ad2d1d3f8036101dca7ee39e585\"},\"headline\":\"Se consolidar\u00e1 el sistema de salud en 2023, asegura Jorge Alcocer\",\"datePublished\":\"2022-12-27T16:04:47+00:00\",\"dateModified\":\"2022-12-27T16:04:52+00:00\",\"mainEntityOfPage\":{\"@id\":\"https:\\\/\\\/quehacerpolitico.mx\\\/?p=97875\"},\"wordCount\":182,\"commentCount\":0,\"image\":{\"@id\":\"https:\\\/\\\/quehacerpolitico.mx\\\/?p=97875#primaryimage\"},\"thumbnailUrl\":\"https:\\\/\\\/quehacerpolitico.mx\\\/wp-content\\\/uploads\\\/2022\\\/12\\\/91C8A822-1668-4B1F-8F63-9F821AEFF177.jpeg\",\"articleSection\":[\"Noticias\"],\"inLanguage\":\"es\",\"potentialAction\":[{\"@type\":\"CommentAction\",\"name\":\"Comment\",\"target\":[\"https:\\\/\\\/quehacerpolitico.mx\\\/?p=97875#respond\"]}]},{\"@type\":\"WebPage\",\"@id\":\"https:\\\/\\\/quehacerpolitico.mx\\\/?p=97875\",\"url\":\"https:\\\/\\\/quehacerpolitico.mx\\\/?p=97875\",\"name\":\"Se consolidar\u00e1 el sistema de salud en 2023, asegura Jorge Alcocer -\",\"isPartOf\":{\"@id\":\"https:\\\/\\\/quehacerpolitico.mx\\\/#website\"},\"primaryImageOfPage\":{\"@id\":\"https:\\\/\\\/quehacerpolitico.mx\\\/?p=97875#primaryimage\"},\"image\":{\"@id\":\"https:\\\/\\\/quehacerpolitico.mx\\\/?p=97875#primaryimage\"},\"thumbnailUrl\":\"https:\\\/\\\/quehacerpolitico.mx\\\/wp-content\\\/uploads\\\/2022\\\/12\\\/91C8A822-1668-4B1F-8F63-9F821AEFF177.jpeg\",\"datePublished\":\"2022-12-27T16:04:47+00:00\",\"dateModified\":\"2022-12-27T16:04:52+00:00\",\"author\":{\"@id\":\"https:\\\/\\\/quehacerpolitico.mx\\\/#\\\/schema\\\/person\\\/496d8ad2d1d3f8036101dca7ee39e585\"},\"breadcrumb\":{\"@id\":\"https:\\\/\\\/quehacerpolitico.mx\\\/?p=97875#breadcrumb\"},\"inLanguage\":\"es\",\"potentialAction\":[{\"@type\":\"ReadAction\",\"target\":[\"https:\\\/\\\/quehacerpolitico.mx\\\/?p=97875\"]}]},{\"@type\":\"ImageObject\",\"inLanguage\":\"es\",\"@id\":\"https:\\\/\\\/quehacerpolitico.mx\\\/?p=97875#primaryimage\",\"url\":\"https:\\\/\\\/quehacerpolitico.mx\\\/wp-content\\\/uploads\\\/2022\\\/12\\\/91C8A822-1668-4B1F-8F63-9F821AEFF177.jpeg\",\"contentUrl\":\"https:\\\/\\\/quehacerpolitico.mx\\\/wp-content\\\/uploads\\\/2022\\\/12\\\/91C8A822-1668-4B1F-8F63-9F821AEFF177.jpeg\",\"width\":1284,\"height\":704},{\"@type\":\"BreadcrumbList\",\"@id\":\"https:\\\/\\\/quehacerpolitico.mx\\\/?p=97875#breadcrumb\",\"itemListElement\":[{\"@type\":\"ListItem\",\"position\":1,\"name\":\"Inicio\",\"item\":\"https:\\\/\\\/quehacerpolitico.mx\\\/\"},{\"@type\":\"ListItem\",\"position\":2,\"name\":\"Se consolidar\u00e1 el sistema de salud en 2023, asegura Jorge Alcocer\"}]},{\"@type\":\"WebSite\",\"@id\":\"https:\\\/\\\/quehacerpolitico.mx\\\/#website\",\"url\":\"https:\\\/\\\/quehacerpolitico.mx\\\/\",\"name\":\"\",\"description\":\"\",\"potentialAction\":[{\"@type\":\"SearchAction\",\"target\":{\"@type\":\"EntryPoint\",\"urlTemplate\":\"https:\\\/\\\/quehacerpolitico.mx\\\/?s={search_term_string}\"},\"query-input\":{\"@type\":\"PropertyValueSpecification\",\"valueRequired\":true,\"valueName\":\"search_term_string\"}}],\"inLanguage\":\"es\"},{\"@type\":\"Person\",\"@id\":\"https:\\\/\\\/quehacerpolitico.mx\\\/#\\\/schema\\\/person\\\/496d8ad2d1d3f8036101dca7ee39e585\",\"name\":\"Redacci\u00f3n QP\",\"image\":{\"@type\":\"ImageObject\",\"inLanguage\":\"es\",\"@id\":\"https:\\\/\\\/secure.gravatar.com\\\/avatar\\\/c7164ed6fdec453195284ad24a5ae5b6e1eed2b848477fa2a4787ba9adf39a41?s=96&d=mm&r=g\",\"url\":\"https:\\\/\\\/secure.gravatar.com\\\/avatar\\\/c7164ed6fdec453195284ad24a5ae5b6e1eed2b848477fa2a4787ba9adf39a41?s=96&d=mm&r=g\",\"contentUrl\":\"https:\\\/\\\/secure.gravatar.com\\\/avatar\\\/c7164ed6fdec453195284ad24a5ae5b6e1eed2b848477fa2a4787ba9adf39a41?s=96&d=mm&r=g\",\"caption\":\"Redacci\u00f3n QP\"},\"url\":\"https:\\\/\\\/quehacerpolitico.mx\\\/?author=2\"}]}<\/script>\n<!-- \/ Yoast SEO plugin. -->","yoast_head_json":{"title":"Se consolidar\u00e1 el sistema de salud en 2023, asegura Jorge Alcocer -","robots":{"index":"index","follow":"follow","max-snippet":"max-snippet:-1","max-image-preview":"max-image-preview:large","max-video-preview":"max-video-preview:-1"},"canonical":"https:\/\/quehacerpolitico.mx\/?p=97875","og_locale":"es_MX","og_type":"article","og_title":"Se consolidar\u00e1 el sistema de salud en 2023, asegura Jorge Alcocer -","og_description":"Por Redacci\u00f3n QP En la \u00faltima exposici\u00f3n de el &#8220;Pulso de la Salud&#8221; del a\u00f1o,...","og_url":"https:\/\/quehacerpolitico.mx\/?p=97875","article_published_time":"2022-12-27T16:04:47+00:00","article_modified_time":"2022-12-27T16:04:52+00:00","og_image":[{"width":1284,"height":704,"url":"https:\/\/quehacerpolitico.mx\/wp-content\/uploads\/2022\/12\/91C8A822-1668-4B1F-8F63-9F821AEFF177.jpeg","type":"image\/jpeg"}],"author":"Redacci\u00f3n QP","twitter_card":"summary_large_image","twitter_misc":{"Escrito por":"Redacci\u00f3n QP","Tiempo de lectura":"1 minuto"},"schema":{"@context":"https:\/\/schema.org","@graph":[{"@type":"Article","@id":"https:\/\/quehacerpolitico.mx\/?p=97875#article","isPartOf":{"@id":"https:\/\/quehacerpolitico.mx\/?p=97875"},"author":{"name":"Redacci\u00f3n QP","@id":"https:\/\/quehacerpolitico.mx\/#\/schema\/person\/496d8ad2d1d3f8036101dca7ee39e585"},"headline":"Se consolidar\u00e1 el sistema de salud en 2023, asegura Jorge Alcocer","datePublished":"2022-12-27T16:04:47+00:00","dateModified":"2022-12-27T16:04:52+00:00","mainEntityOfPage":{"@id":"https:\/\/quehacerpolitico.mx\/?p=97875"},"wordCount":182,"commentCount":0,"image":{"@id":"https:\/\/quehacerpolitico.mx\/?p=97875#primaryimage"},"thumbnailUrl":"https:\/\/quehacerpolitico.mx\/wp-content\/uploads\/2022\/12\/91C8A822-1668-4B1F-8F63-9F821AEFF177.jpeg","articleSection":["Noticias"],"inLanguage":"es","potentialAction":[{"@type":"CommentAction","name":"Comment","target":["https:\/\/quehacerpolitico.mx\/?p=97875#respond"]}]},{"@type":"WebPage","@id":"https:\/\/quehacerpolitico.mx\/?p=97875","url":"https:\/\/quehacerpolitico.mx\/?p=97875","name":"Se consolidar\u00e1 el sistema de salud en 2023, asegura Jorge Alcocer -","isPartOf":{"@id":"https:\/\/quehacerpolitico.mx\/#website"},"primaryImageOfPage":{"@id":"https:\/\/quehacerpolitico.mx\/?p=97875#primaryimage"},"image":{"@id":"https:\/\/quehacerpolitico.mx\/?p=97875#primaryimage"},"thumbnailUrl":"https:\/\/quehacerpolitico.mx\/wp-content\/uploads\/2022\/12\/91C8A822-1668-4B1F-8F63-9F821AEFF177.jpeg","datePublished":"2022-12-27T16:04:47+00:00","dateModified":"2022-12-27T16:04:52+00:00","author":{"@id":"https:\/\/quehacerpolitico.mx\/#\/schema\/person\/496d8ad2d1d3f8036101dca7ee39e585"},"breadcrumb":{"@id":"https:\/\/quehacerpolitico.mx\/?p=97875#breadcrumb"},"inLanguage":"es","potentialAction":[{"@type":"ReadAction","target":["https:\/\/quehacerpolitico.mx\/?p=97875"]}]},{"@type":"ImageObject","inLanguage":"es","@id":"https:\/\/quehacerpolitico.mx\/?p=97875#primaryimage","url":"https:\/\/quehacerpolitico.mx\/wp-content\/uploads\/2022\/12\/91C8A822-1668-4B1F-8F63-9F821AEFF177.jpeg","contentUrl":"https:\/\/quehacerpolitico.mx\/wp-content\/uploads\/2022\/12\/91C8A822-1668-4B1F-8F63-9F821AEFF177.jpeg","width":1284,"height":704},{"@type":"BreadcrumbList","@id":"https:\/\/quehacerpolitico.mx\/?p=97875#breadcrumb","itemListElement":[{"@type":"ListItem","position":1,"name":"Inicio","item":"https:\/\/quehacerpolitico.mx\/"},{"@type":"ListItem","position":2,"name":"Se consolidar\u00e1 el sistema de salud en 2023, asegura Jorge Alcocer"}]},{"@type":"WebSite","@id":"https:\/\/quehacerpolitico.mx\/#website","url":"https:\/\/quehacerpolitico.mx\/","name":"","description":"","potentialAction":[{"@type":"SearchAction","target":{"@type":"EntryPoint","urlTemplate":"https:\/\/quehacerpolitico.mx\/?s={search_term_string}"},"query-input":{"@type":"PropertyValueSpecification","valueRequired":true,"valueName":"search_term_string"}}],"inLanguage":"es"},{"@type":"Person","@id":"https:\/\/quehacerpolitico.mx\/#\/schema\/person\/496d8ad2d1d3f8036101dca7ee39e585","name":"Redacci\u00f3n QP","image":{"@type":"ImageObject","inLanguage":"es","@id":"https:\/\/secure.gravatar.com\/avatar\/c7164ed6fdec453195284ad24a5ae5b6e1eed2b848477fa2a4787ba9adf39a41?s=96&d=mm&r=g","url":"https:\/\/secure.gravatar.com\/avatar\/c7164ed6fdec453195284ad24a5ae5b6e1eed2b848477fa2a4787ba9adf39a41?s=96&d=mm&r=g","contentUrl":"https:\/\/secure.gravatar.com\/avatar\/c7164ed6fdec453195284ad24a5ae5b6e1eed2b848477fa2a4787ba9adf39a41?s=96&d=mm&r=g","caption":"Redacci\u00f3n QP"},"url":"https:\/\/quehacerpolitico.mx\/?author=2"}]}},"featured_image_urls":{"full":["https:\/\/quehacerpolitico.mx\/wp-content\/uploads\/2022\/12\/91C8A822-1668-4B1F-8F63-9F821AEFF177.jpeg",1284,704,false],"thumbnail":["https:\/\/quehacerpolitico.mx\/wp-content\/uploads\/2022\/12\/91C8A822-1668-4B1F-8F63-9F821AEFF177-150x150.jpeg",150,150,true],"medium":["https:\/\/quehacerpolitico.mx\/wp-content\/uploads\/2022\/12\/91C8A822-1668-4B1F-8F63-9F821AEFF177-300x164.jpeg",300,164,true],"medium_large":["https:\/\/quehacerpolitico.mx\/wp-content\/uploads\/2022\/12\/91C8A822-1668-4B1F-8F63-9F821AEFF177-768x421.jpeg",640,351,true],"large":["https:\/\/quehacerpolitico.mx\/wp-content\/uploads\/2022\/12\/91C8A822-1668-4B1F-8F63-9F821AEFF177-1024x561.jpeg",640,351,true],"1536x1536":["https:\/\/quehacerpolitico.mx\/wp-content\/uploads\/2022\/12\/91C8A822-1668-4B1F-8F63-9F821AEFF177.jpeg",1284,704,false],"2048x2048":["https:\/\/quehacerpolitico.mx\/wp-content\/uploads\/2022\/12\/91C8A822-1668-4B1F-8F63-9F821AEFF177.jpeg",1284,704,false],"covernews-featured":["https:\/\/quehacerpolitico.mx\/wp-content\/uploads\/2022\/12\/91C8A822-1668-4B1F-8F63-9F821AEFF177.jpeg",1024,561,false],"covernews-medium":["https:\/\/quehacerpolitico.mx\/wp-content\/uploads\/2022\/12\/91C8A822-1668-4B1F-8F63-9F821AEFF177.jpeg",540,296,false]},"author_info":{"display_name":"Redacci\u00f3n QP","author_link":"https:\/\/quehacerpolitico.mx\/?author=2"},"category_info":"<a href=\"https:\/\/quehacerpolitico.mx\/?cat=2\" rel=\"category\">Noticias<\/a>","tag_info":"Noticias","comment_count":"0","_links":{"self":[{"href":"https:\/\/quehacerpolitico.mx\/index.php?rest_route=\/wp\/v2\/posts\/97875","targetHints":{"allow":["GET"]}}],"collection":[{"href":"https:\/\/quehacerpolitico.mx\/index.php?rest_route=\/wp\/v2\/posts"}],"about":[{"href":"https:\/\/quehacerpolitico.mx\/index.php?rest_route=\/wp\/v2\/types\/post"}],"author":[{"embeddable":true,"href":"https:\/\/quehacerpolitico.mx\/index.php?rest_route=\/wp\/v2\/users\/2"}],"replies":[{"embeddable":true,"href":"https:\/\/quehacerpolitico.mx\/index.php?rest_route=%2Fwp%2Fv2%2Fcomments&post=97875"}],"version-history":[{"count":1,"href":"https:\/\/quehacerpolitico.mx\/index.php?rest_route=\/wp\/v2\/posts\/97875\/revisions"}],"predecessor-version":[{"id":97877,"href":"https:\/\/quehacerpolitico.mx\/index.php?rest_route=\/wp\/v2\/posts\/97875\/revisions\/97877"}],"wp:featuredmedia":[{"embeddable":true,"href":"https:\/\/quehacerpolitico.mx\/index.php?rest_route=\/wp\/v2\/media\/97876"}],"wp:attachment":[{"href":"https:\/\/quehacerpolitico.mx\/index.php?rest_route=%2Fwp%2Fv2%2Fmedia&parent=97875"}],"wp:term":[{"taxonomy":"category","embeddable":true,"href":"https:\/\/quehacerpolitico.mx\/index.php?rest_route=%2Fwp%2Fv2%2Fcategories&post=97875"},{"taxonomy":"post_tag","embeddable":true,"href":"https:\/\/quehacerpolitico.mx\/index.php?rest_route=%2Fwp%2Fv2%2Ftags&post=97875"}],"curies":[{"name":"wp","href":"https:\/\/api.w.org\/{rel}","templated":true}]}}