{"id":97869,"date":"2022-12-26T22:58:49","date_gmt":"2022-12-26T22:58:49","guid":{"rendered":"https:\/\/quehacerpolitico.mx\/?p=97869"},"modified":"2022-12-26T22:58:53","modified_gmt":"2022-12-26T22:58:53","slug":"senadora-lopez-rabadan-pide-separar-de-la-scjn-a-yasmin-esquivel","status":"publish","type":"post","link":"https:\/\/quehacerpolitico.mx\/?p=97869","title":{"rendered":"Senadora L\u00f3pez Rabad\u00e1n pide separar de la SCJN a Yasmin Esquivel"},"content":{"rendered":"\n<p>Por Redacci\u00f3n QP<\/p>\n\n\n\n<p>La senadora panista pidi\u00f3 que la ministra fuera separada de su cargo mientras se esclarece el presunto plagio con el que habr\u00eda obtenido su grado en Derecho<\/p>\n\n\n\n<p>La vicecoordinadora de la bancada del Partido Acci\u00f3n Nacional (PAN) en el Senado,<strong>\u00a0Kenia L\u00f3pez Rabad\u00e1n<\/strong>, solicit\u00f3 que la Universidad Nacional Aut\u00f3noma de M\u00e9xico (UNAM) realice una profunda investigaci\u00f3n sobre el presunto plagio de tesis en el que habr\u00eda incurrido la ministra Yasm\u00edn Esquivel Mossa para obtener su t\u00edtulo como licenciada en Derecho por la m\u00e1xima casa de estudios.<\/p>\n\n\n\n<p>En su conferencia de prensa semanal, la legisladora panista tambi\u00e9n advirti\u00f3 que mientras el caso se resuelve,\u00a0<strong>la ministra se debe separar de la Suprema Corte de Justicia de la Naci\u00f3n<\/strong>(SCJN), y que, de comprobarse un plagio, se debe comenzar un juicio pol\u00edtico en su contra para retirarla definitivamente del cargo.<\/p>\n\n\n\n<p>L\u00f3pez Rabad\u00e1n, quien tambi\u00e9n es presidenta de la Comisi\u00f3n de Derechos Humanos del Senado, asegur\u00f3 que por esta situaci\u00f3n,\u00a0<strong>la SCJN est\u00e1 inmersa en un grave conflicto.<\/strong><\/p>\n\n\n\n<p><strong>Denunci\u00f3 que L\u00f3pez Obrador pretende no solo una ministra c\u00f3moda<\/strong>, sino tambi\u00e9n una presidenta de la SCJN a modo, y lament\u00f3 que no entienda la divisi\u00f3n de poderes.<\/p>\n\n\n\n<p>&#8220;AMLO sin lugar a dudas ha intentado y ha metido las manos en el\u00a0<strong>Poder Judicial, ha definido quienes son sus ministras a modo,<\/strong>\u00a0ha decidido volverse un referente inmoral para las decisiones de la Corte&#8221;, subray\u00f3.<\/p>\n\n\n\n<p>Aunque todav\u00eda no han concluido las investigaciones que realiza la UNAM, la senadora L\u00f3pez Rabad\u00e1n afirm\u00f3 que la ministra Yasm\u00edn Esquivel&nbsp;<strong>se adue\u00f1\u00f3 ilegalmente de la tesis de otra persona para titularse.<\/strong><\/p>\n\n\n\n<p><strong>La legisladora panista mostr\u00f3 un trabajo comparativo de las coincidencias entre la tesis&nbsp;<\/strong>que present\u00f3 Edgar Ulises B\u00e1ez Guti\u00e9rrez, en julio de 1986, para titularse como licenciado en Derecho, as\u00ed como la que Esquivel Mossa registr\u00f3 en septiembre de 1987<strong>&nbsp;para la obtenci\u00f3n de su t\u00edtulo como licenciada en Derecho.<\/strong><\/p>\n\n\n\n<p>Acus\u00f3 que la ministra Esquivel Mossa ha tomado una serie de&nbsp;<strong>decisiones para beneficiar al r\u00e9gimen del Presidente L\u00f3pez Obrador<\/strong>&nbsp;o para beneficiarse ella misma.<\/p>\n\n\n\n<p>Asimismo, critic\u00f3 que la ministra en vez de presentar pruebas que demuestren la autenticidad de su tesis,\u00a0<strong>despleg\u00f3 una cortina de humo para encubrir su falta,\u00a0<\/strong>con el argumento de que esta es una campa\u00f1a de difamaci\u00f3n en su contra por su aspiraci\u00f3n a suceder a Arturo Zald\u00edvar en la presidencia de la Suprema Corte.<\/p>\n\n\n\n<figure class=\"wp-block-embed is-type-rich is-provider-twitter wp-block-embed-twitter\"><div class=\"wp-block-embed__wrapper\">\n<blockquote class=\"twitter-tweet\" data-width=\"550\" data-dnt=\"true\"><p lang=\"es\" dir=\"ltr\">El plagio de Yasm\u00edn Esquivel la obliga a dejar la <a href=\"https:\/\/twitter.com\/SCJN?ref_src=twsrc%5Etfw\">@SCJN<\/a>, no puede ser Ministra y mucho menos Presidenta.<br><br>El Art. 95 Constitucional establece que debe ser Licenciada en Derecho y gozar de buena reputaci\u00f3n.<br><br>Si Amlo la disculpa, la Constituci\u00f3n no.<br><br>Queda claro: La 4t es corrupta. <a href=\"https:\/\/t.co\/TCpHRNlmYc\">pic.twitter.com\/TCpHRNlmYc<\/a><\/p>&mdash; Dra. Kenia L\u00f3pez Rabad\u00e1n (@kenialopezr) <a href=\"https:\/\/twitter.com\/kenialopezr\/status\/1606374811306958849?ref_src=twsrc%5Etfw\">December 23, 2022<\/a><\/blockquote><script async src=\"https:\/\/platform.twitter.com\/widgets.js\" charset=\"utf-8\"><\/script>\n<\/div><\/figure>\n\n\n\n<p>&#8220;Estamos el d\u00eda de hoy exigiendo tres cosas de manera puntual: Primero, que se investigue,&nbsp;<strong>que se investigue de manera eficiente y que se investigue para dar claridad en este asunto<\/strong>, y quien debe de investigar, evidentemente, es la UNAM.<\/p>\n\n\n\n<p>&#8220;Segundo, que en tanto se resuelva esta investigaci\u00f3n, la ministra Esquivel se separe del cargo, y tercero, que una vez que se compruebe que hubo plagio, se inicie un juicio pol\u00edtico para retirarla del cargo.\u00a0<strong>No puede ser ministra de la Corte si ha plagiado en la Universidad una tesis&#8221;<\/strong>, argument\u00f3.<\/p>\n\n\n\n<figure class=\"wp-block-embed is-type-rich is-provider-twitter wp-block-embed-twitter\"><div class=\"wp-block-embed__wrapper\">\n<blockquote class=\"twitter-tweet\" data-width=\"550\" data-dnt=\"true\"><p lang=\"es\" dir=\"ltr\">En tanto se deslindan responsabilidades, Yasm\u00edn Esquivel debe separarse de su encargo como ministra de la SCJN.<br>\u00a0<br>Y, de comprobarse el plagio, debe ser separada definitivamente.<br><br>Aqu\u00ed <a href=\"https:\/\/twitter.com\/hashtag\/LaContraMa%C3%B1anera?src=hash&amp;ref_src=twsrc%5Etfw\">#LaContraMa\u00f1anera<\/a>:<a href=\"https:\/\/t.co\/cjszDFRUU5\">https:\/\/t.co\/cjszDFRUU5<\/a><\/p>&mdash; Dra. Kenia L\u00f3pez Rabad\u00e1n (@kenialopezr) <a href=\"https:\/\/twitter.com\/kenialopezr\/status\/1607447344529956864?ref_src=twsrc%5Etfw\">December 26, 2022<\/a><\/blockquote><script async src=\"https:\/\/platform.twitter.com\/widgets.js\" charset=\"utf-8\"><\/script>\n<\/div><\/figure>\n\n\n\n<p>Con informaci\u00f3n de SUN<\/p>\n","protected":false},"excerpt":{"rendered":"<p>Por Redacci\u00f3n QP La senadora panista pidi\u00f3 que la ministra fuera separada de su cargo&#8230;<\/p>\n","protected":false},"author":2,"featured_media":97870,"comment_status":"open","ping_status":"open","sticky":false,"template":"","format":"standard","meta":{"_monsterinsights_skip_tracking":false,"_monsterinsights_sitenote_active":false,"_monsterinsights_sitenote_note":"","_monsterinsights_sitenote_category":0,"footnotes":""},"categories":[2],"tags":[],"class_list":["post-97869","post","type-post","status-publish","format-standard","has-post-thumbnail","hentry","category-noticias"],"yoast_head":"<!-- This site is optimized with the Yoast SEO plugin v27.3 - https:\/\/yoast.com\/product\/yoast-seo-wordpress\/ -->\n<title>Senadora L\u00f3pez Rabad\u00e1n pide separar de la SCJN a Yasmin Esquivel -<\/title>\n<meta name=\"robots\" content=\"index, follow, max-snippet:-1, max-image-preview:large, max-video-preview:-1\" \/>\n<link rel=\"canonical\" href=\"https:\/\/quehacerpolitico.mx\/?p=97869\" \/>\n<meta property=\"og:locale\" content=\"es_MX\" \/>\n<meta property=\"og:type\" content=\"article\" \/>\n<meta property=\"og:title\" content=\"Senadora L\u00f3pez Rabad\u00e1n pide separar de la SCJN a Yasmin Esquivel -\" \/>\n<meta property=\"og:description\" content=\"Por Redacci\u00f3n QP La senadora panista pidi\u00f3 que la ministra fuera separada de su cargo...\" \/>\n<meta property=\"og:url\" content=\"https:\/\/quehacerpolitico.mx\/?p=97869\" \/>\n<meta property=\"article:published_time\" content=\"2022-12-26T22:58:49+00:00\" \/>\n<meta property=\"article:modified_time\" content=\"2022-12-26T22:58:53+00:00\" \/>\n<meta property=\"og:image\" content=\"https:\/\/quehacerpolitico.mx\/wp-content\/uploads\/2022\/12\/09EB2C5E-B09A-4C4E-8627-E1C8C441CC75.jpeg\" \/>\n\t<meta property=\"og:image:width\" content=\"639\" \/>\n\t<meta property=\"og:image:height\" content=\"394\" \/>\n\t<meta property=\"og:image:type\" content=\"image\/jpeg\" \/>\n<meta name=\"author\" content=\"Redacci\u00f3n QP\" \/>\n<meta name=\"twitter:card\" content=\"summary_large_image\" \/>\n<meta name=\"twitter:label1\" content=\"Escrito por\" \/>\n\t<meta name=\"twitter:data1\" content=\"Redacci\u00f3n QP\" \/>\n\t<meta name=\"twitter:label2\" content=\"Tiempo de lectura\" \/>\n\t<meta name=\"twitter:data2\" content=\"3 minutos\" \/>\n<script type=\"application\/ld+json\" class=\"yoast-schema-graph\">{\"@context\":\"https:\\\/\\\/schema.org\",\"@graph\":[{\"@type\":\"Article\",\"@id\":\"https:\\\/\\\/quehacerpolitico.mx\\\/?p=97869#article\",\"isPartOf\":{\"@id\":\"https:\\\/\\\/quehacerpolitico.mx\\\/?p=97869\"},\"author\":{\"name\":\"Redacci\u00f3n QP\",\"@id\":\"https:\\\/\\\/quehacerpolitico.mx\\\/#\\\/schema\\\/person\\\/496d8ad2d1d3f8036101dca7ee39e585\"},\"headline\":\"Senadora L\u00f3pez Rabad\u00e1n pide separar de la SCJN a Yasmin Esquivel\",\"datePublished\":\"2022-12-26T22:58:49+00:00\",\"dateModified\":\"2022-12-26T22:58:53+00:00\",\"mainEntityOfPage\":{\"@id\":\"https:\\\/\\\/quehacerpolitico.mx\\\/?p=97869\"},\"wordCount\":575,\"commentCount\":0,\"image\":{\"@id\":\"https:\\\/\\\/quehacerpolitico.mx\\\/?p=97869#primaryimage\"},\"thumbnailUrl\":\"https:\\\/\\\/quehacerpolitico.mx\\\/wp-content\\\/uploads\\\/2022\\\/12\\\/09EB2C5E-B09A-4C4E-8627-E1C8C441CC75.jpeg\",\"articleSection\":[\"Noticias\"],\"inLanguage\":\"es\",\"potentialAction\":[{\"@type\":\"CommentAction\",\"name\":\"Comment\",\"target\":[\"https:\\\/\\\/quehacerpolitico.mx\\\/?p=97869#respond\"]}]},{\"@type\":\"WebPage\",\"@id\":\"https:\\\/\\\/quehacerpolitico.mx\\\/?p=97869\",\"url\":\"https:\\\/\\\/quehacerpolitico.mx\\\/?p=97869\",\"name\":\"Senadora L\u00f3pez Rabad\u00e1n pide separar de la SCJN a Yasmin Esquivel -\",\"isPartOf\":{\"@id\":\"https:\\\/\\\/quehacerpolitico.mx\\\/#website\"},\"primaryImageOfPage\":{\"@id\":\"https:\\\/\\\/quehacerpolitico.mx\\\/?p=97869#primaryimage\"},\"image\":{\"@id\":\"https:\\\/\\\/quehacerpolitico.mx\\\/?p=97869#primaryimage\"},\"thumbnailUrl\":\"https:\\\/\\\/quehacerpolitico.mx\\\/wp-content\\\/uploads\\\/2022\\\/12\\\/09EB2C5E-B09A-4C4E-8627-E1C8C441CC75.jpeg\",\"datePublished\":\"2022-12-26T22:58:49+00:00\",\"dateModified\":\"2022-12-26T22:58:53+00:00\",\"author\":{\"@id\":\"https:\\\/\\\/quehacerpolitico.mx\\\/#\\\/schema\\\/person\\\/496d8ad2d1d3f8036101dca7ee39e585\"},\"breadcrumb\":{\"@id\":\"https:\\\/\\\/quehacerpolitico.mx\\\/?p=97869#breadcrumb\"},\"inLanguage\":\"es\",\"potentialAction\":[{\"@type\":\"ReadAction\",\"target\":[\"https:\\\/\\\/quehacerpolitico.mx\\\/?p=97869\"]}]},{\"@type\":\"ImageObject\",\"inLanguage\":\"es\",\"@id\":\"https:\\\/\\\/quehacerpolitico.mx\\\/?p=97869#primaryimage\",\"url\":\"https:\\\/\\\/quehacerpolitico.mx\\\/wp-content\\\/uploads\\\/2022\\\/12\\\/09EB2C5E-B09A-4C4E-8627-E1C8C441CC75.jpeg\",\"contentUrl\":\"https:\\\/\\\/quehacerpolitico.mx\\\/wp-content\\\/uploads\\\/2022\\\/12\\\/09EB2C5E-B09A-4C4E-8627-E1C8C441CC75.jpeg\",\"width\":639,\"height\":394},{\"@type\":\"BreadcrumbList\",\"@id\":\"https:\\\/\\\/quehacerpolitico.mx\\\/?p=97869#breadcrumb\",\"itemListElement\":[{\"@type\":\"ListItem\",\"position\":1,\"name\":\"Inicio\",\"item\":\"https:\\\/\\\/quehacerpolitico.mx\\\/\"},{\"@type\":\"ListItem\",\"position\":2,\"name\":\"Senadora L\u00f3pez Rabad\u00e1n pide separar de la SCJN a Yasmin Esquivel\"}]},{\"@type\":\"WebSite\",\"@id\":\"https:\\\/\\\/quehacerpolitico.mx\\\/#website\",\"url\":\"https:\\\/\\\/quehacerpolitico.mx\\\/\",\"name\":\"\",\"description\":\"\",\"potentialAction\":[{\"@type\":\"SearchAction\",\"target\":{\"@type\":\"EntryPoint\",\"urlTemplate\":\"https:\\\/\\\/quehacerpolitico.mx\\\/?s={search_term_string}\"},\"query-input\":{\"@type\":\"PropertyValueSpecification\",\"valueRequired\":true,\"valueName\":\"search_term_string\"}}],\"inLanguage\":\"es\"},{\"@type\":\"Person\",\"@id\":\"https:\\\/\\\/quehacerpolitico.mx\\\/#\\\/schema\\\/person\\\/496d8ad2d1d3f8036101dca7ee39e585\",\"name\":\"Redacci\u00f3n QP\",\"image\":{\"@type\":\"ImageObject\",\"inLanguage\":\"es\",\"@id\":\"https:\\\/\\\/secure.gravatar.com\\\/avatar\\\/c7164ed6fdec453195284ad24a5ae5b6e1eed2b848477fa2a4787ba9adf39a41?s=96&d=mm&r=g\",\"url\":\"https:\\\/\\\/secure.gravatar.com\\\/avatar\\\/c7164ed6fdec453195284ad24a5ae5b6e1eed2b848477fa2a4787ba9adf39a41?s=96&d=mm&r=g\",\"contentUrl\":\"https:\\\/\\\/secure.gravatar.com\\\/avatar\\\/c7164ed6fdec453195284ad24a5ae5b6e1eed2b848477fa2a4787ba9adf39a41?s=96&d=mm&r=g\",\"caption\":\"Redacci\u00f3n QP\"},\"url\":\"https:\\\/\\\/quehacerpolitico.mx\\\/?author=2\"}]}<\/script>\n<!-- \/ Yoast SEO plugin. -->","yoast_head_json":{"title":"Senadora L\u00f3pez Rabad\u00e1n pide separar de la SCJN a Yasmin Esquivel -","robots":{"index":"index","follow":"follow","max-snippet":"max-snippet:-1","max-image-preview":"max-image-preview:large","max-video-preview":"max-video-preview:-1"},"canonical":"https:\/\/quehacerpolitico.mx\/?p=97869","og_locale":"es_MX","og_type":"article","og_title":"Senadora L\u00f3pez Rabad\u00e1n pide separar de la SCJN a Yasmin Esquivel -","og_description":"Por Redacci\u00f3n QP La senadora panista pidi\u00f3 que la ministra fuera separada de su cargo...","og_url":"https:\/\/quehacerpolitico.mx\/?p=97869","article_published_time":"2022-12-26T22:58:49+00:00","article_modified_time":"2022-12-26T22:58:53+00:00","og_image":[{"width":639,"height":394,"url":"https:\/\/quehacerpolitico.mx\/wp-content\/uploads\/2022\/12\/09EB2C5E-B09A-4C4E-8627-E1C8C441CC75.jpeg","type":"image\/jpeg"}],"author":"Redacci\u00f3n QP","twitter_card":"summary_large_image","twitter_misc":{"Escrito por":"Redacci\u00f3n QP","Tiempo de lectura":"3 minutos"},"schema":{"@context":"https:\/\/schema.org","@graph":[{"@type":"Article","@id":"https:\/\/quehacerpolitico.mx\/?p=97869#article","isPartOf":{"@id":"https:\/\/quehacerpolitico.mx\/?p=97869"},"author":{"name":"Redacci\u00f3n QP","@id":"https:\/\/quehacerpolitico.mx\/#\/schema\/person\/496d8ad2d1d3f8036101dca7ee39e585"},"headline":"Senadora L\u00f3pez Rabad\u00e1n pide separar de la SCJN a Yasmin Esquivel","datePublished":"2022-12-26T22:58:49+00:00","dateModified":"2022-12-26T22:58:53+00:00","mainEntityOfPage":{"@id":"https:\/\/quehacerpolitico.mx\/?p=97869"},"wordCount":575,"commentCount":0,"image":{"@id":"https:\/\/quehacerpolitico.mx\/?p=97869#primaryimage"},"thumbnailUrl":"https:\/\/quehacerpolitico.mx\/wp-content\/uploads\/2022\/12\/09EB2C5E-B09A-4C4E-8627-E1C8C441CC75.jpeg","articleSection":["Noticias"],"inLanguage":"es","potentialAction":[{"@type":"CommentAction","name":"Comment","target":["https:\/\/quehacerpolitico.mx\/?p=97869#respond"]}]},{"@type":"WebPage","@id":"https:\/\/quehacerpolitico.mx\/?p=97869","url":"https:\/\/quehacerpolitico.mx\/?p=97869","name":"Senadora L\u00f3pez Rabad\u00e1n pide separar de la SCJN a Yasmin Esquivel -","isPartOf":{"@id":"https:\/\/quehacerpolitico.mx\/#website"},"primaryImageOfPage":{"@id":"https:\/\/quehacerpolitico.mx\/?p=97869#primaryimage"},"image":{"@id":"https:\/\/quehacerpolitico.mx\/?p=97869#primaryimage"},"thumbnailUrl":"https:\/\/quehacerpolitico.mx\/wp-content\/uploads\/2022\/12\/09EB2C5E-B09A-4C4E-8627-E1C8C441CC75.jpeg","datePublished":"2022-12-26T22:58:49+00:00","dateModified":"2022-12-26T22:58:53+00:00","author":{"@id":"https:\/\/quehacerpolitico.mx\/#\/schema\/person\/496d8ad2d1d3f8036101dca7ee39e585"},"breadcrumb":{"@id":"https:\/\/quehacerpolitico.mx\/?p=97869#breadcrumb"},"inLanguage":"es","potentialAction":[{"@type":"ReadAction","target":["https:\/\/quehacerpolitico.mx\/?p=97869"]}]},{"@type":"ImageObject","inLanguage":"es","@id":"https:\/\/quehacerpolitico.mx\/?p=97869#primaryimage","url":"https:\/\/quehacerpolitico.mx\/wp-content\/uploads\/2022\/12\/09EB2C5E-B09A-4C4E-8627-E1C8C441CC75.jpeg","contentUrl":"https:\/\/quehacerpolitico.mx\/wp-content\/uploads\/2022\/12\/09EB2C5E-B09A-4C4E-8627-E1C8C441CC75.jpeg","width":639,"height":394},{"@type":"BreadcrumbList","@id":"https:\/\/quehacerpolitico.mx\/?p=97869#breadcrumb","itemListElement":[{"@type":"ListItem","position":1,"name":"Inicio","item":"https:\/\/quehacerpolitico.mx\/"},{"@type":"ListItem","position":2,"name":"Senadora L\u00f3pez Rabad\u00e1n pide separar de la SCJN a Yasmin Esquivel"}]},{"@type":"WebSite","@id":"https:\/\/quehacerpolitico.mx\/#website","url":"https:\/\/quehacerpolitico.mx\/","name":"","description":"","potentialAction":[{"@type":"SearchAction","target":{"@type":"EntryPoint","urlTemplate":"https:\/\/quehacerpolitico.mx\/?s={search_term_string}"},"query-input":{"@type":"PropertyValueSpecification","valueRequired":true,"valueName":"search_term_string"}}],"inLanguage":"es"},{"@type":"Person","@id":"https:\/\/quehacerpolitico.mx\/#\/schema\/person\/496d8ad2d1d3f8036101dca7ee39e585","name":"Redacci\u00f3n QP","image":{"@type":"ImageObject","inLanguage":"es","@id":"https:\/\/secure.gravatar.com\/avatar\/c7164ed6fdec453195284ad24a5ae5b6e1eed2b848477fa2a4787ba9adf39a41?s=96&d=mm&r=g","url":"https:\/\/secure.gravatar.com\/avatar\/c7164ed6fdec453195284ad24a5ae5b6e1eed2b848477fa2a4787ba9adf39a41?s=96&d=mm&r=g","contentUrl":"https:\/\/secure.gravatar.com\/avatar\/c7164ed6fdec453195284ad24a5ae5b6e1eed2b848477fa2a4787ba9adf39a41?s=96&d=mm&r=g","caption":"Redacci\u00f3n QP"},"url":"https:\/\/quehacerpolitico.mx\/?author=2"}]}},"featured_image_urls":{"full":["https:\/\/quehacerpolitico.mx\/wp-content\/uploads\/2022\/12\/09EB2C5E-B09A-4C4E-8627-E1C8C441CC75.jpeg",639,394,false],"thumbnail":["https:\/\/quehacerpolitico.mx\/wp-content\/uploads\/2022\/12\/09EB2C5E-B09A-4C4E-8627-E1C8C441CC75-150x150.jpeg",150,150,true],"medium":["https:\/\/quehacerpolitico.mx\/wp-content\/uploads\/2022\/12\/09EB2C5E-B09A-4C4E-8627-E1C8C441CC75-300x185.jpeg",300,185,true],"medium_large":["https:\/\/quehacerpolitico.mx\/wp-content\/uploads\/2022\/12\/09EB2C5E-B09A-4C4E-8627-E1C8C441CC75.jpeg",639,394,false],"large":["https:\/\/quehacerpolitico.mx\/wp-content\/uploads\/2022\/12\/09EB2C5E-B09A-4C4E-8627-E1C8C441CC75.jpeg",639,394,false],"1536x1536":["https:\/\/quehacerpolitico.mx\/wp-content\/uploads\/2022\/12\/09EB2C5E-B09A-4C4E-8627-E1C8C441CC75.jpeg",639,394,false],"2048x2048":["https:\/\/quehacerpolitico.mx\/wp-content\/uploads\/2022\/12\/09EB2C5E-B09A-4C4E-8627-E1C8C441CC75.jpeg",639,394,false],"covernews-featured":["https:\/\/quehacerpolitico.mx\/wp-content\/uploads\/2022\/12\/09EB2C5E-B09A-4C4E-8627-E1C8C441CC75.jpeg",639,394,false],"covernews-medium":["https:\/\/quehacerpolitico.mx\/wp-content\/uploads\/2022\/12\/09EB2C5E-B09A-4C4E-8627-E1C8C441CC75.jpeg",540,333,false]},"author_info":{"display_name":"Redacci\u00f3n QP","author_link":"https:\/\/quehacerpolitico.mx\/?author=2"},"category_info":"<a href=\"https:\/\/quehacerpolitico.mx\/?cat=2\" rel=\"category\">Noticias<\/a>","tag_info":"Noticias","comment_count":"0","_links":{"self":[{"href":"https:\/\/quehacerpolitico.mx\/index.php?rest_route=\/wp\/v2\/posts\/97869","targetHints":{"allow":["GET"]}}],"collection":[{"href":"https:\/\/quehacerpolitico.mx\/index.php?rest_route=\/wp\/v2\/posts"}],"about":[{"href":"https:\/\/quehacerpolitico.mx\/index.php?rest_route=\/wp\/v2\/types\/post"}],"author":[{"embeddable":true,"href":"https:\/\/quehacerpolitico.mx\/index.php?rest_route=\/wp\/v2\/users\/2"}],"replies":[{"embeddable":true,"href":"https:\/\/quehacerpolitico.mx\/index.php?rest_route=%2Fwp%2Fv2%2Fcomments&post=97869"}],"version-history":[{"count":1,"href":"https:\/\/quehacerpolitico.mx\/index.php?rest_route=\/wp\/v2\/posts\/97869\/revisions"}],"predecessor-version":[{"id":97871,"href":"https:\/\/quehacerpolitico.mx\/index.php?rest_route=\/wp\/v2\/posts\/97869\/revisions\/97871"}],"wp:featuredmedia":[{"embeddable":true,"href":"https:\/\/quehacerpolitico.mx\/index.php?rest_route=\/wp\/v2\/media\/97870"}],"wp:attachment":[{"href":"https:\/\/quehacerpolitico.mx\/index.php?rest_route=%2Fwp%2Fv2%2Fmedia&parent=97869"}],"wp:term":[{"taxonomy":"category","embeddable":true,"href":"https:\/\/quehacerpolitico.mx\/index.php?rest_route=%2Fwp%2Fv2%2Fcategories&post=97869"},{"taxonomy":"post_tag","embeddable":true,"href":"https:\/\/quehacerpolitico.mx\/index.php?rest_route=%2Fwp%2Fv2%2Ftags&post=97869"}],"curies":[{"name":"wp","href":"https:\/\/api.w.org\/{rel}","templated":true}]}}