{"id":97866,"date":"2022-12-26T18:42:30","date_gmt":"2022-12-26T18:42:30","guid":{"rendered":"https:\/\/quehacerpolitico.mx\/?p=97866"},"modified":"2022-12-26T18:42:33","modified_gmt":"2022-12-26T18:42:33","slug":"oficial-cesar-montes-es-nuevo-jugador-del-espanyol-hoy-viaja-a-espana","status":"publish","type":"post","link":"https:\/\/quehacerpolitico.mx\/?p=97866","title":{"rendered":"\u00a1OFICIAL! C\u00e9sar Montes es nuevo jugador del Espanyol; hoy viaja a Espa\u00f1a"},"content":{"rendered":"\n<p>Por Redacci\u00f3n QP<\/p>\n\n\n\n<p>El club rayado despidi\u00f3 al Cachorro y record\u00f3 sus logros en la instituci\u00f3n.<\/p>\n\n\n\n<p>Grandes noticias para el futbol mexicano, pues los Rayados\u00a0de Monterrey confirmaron la transferencia del zaguero, C\u00e9sar Montes al Espanyol de Barcelona, y hoy emprender\u00e1 el viaje a su nueva aventura. Tras varias semanas de negociaciones y de tener la operaci\u00f3n pr\u00e1cticamente hecha, fue este lunes cuando los Rayados dieron por finalizada la transacci\u00f3n, en la que gana el Cachorro y el futbol mexicano.<\/p>\n\n\n\n<p>\u201cInformamos a nuestra Afici\u00f3n y a los Medios de Comunicaci\u00f3n que hemos llegado a un acuerdo para transferir al jugador C\u00e9sar Montes al RCD Espanyol de Barcelona\u201d, anunci\u00f3 el club. \u201cEl defensa mexicano, de 25 a\u00f1os de edad, viajar\u00e1 hoy lunes 26 de diciembre a Espa\u00f1a\u00a0para practicarse ex\u00e1menes m\u00e9dicos&#8221;, agreg\u00f3 el conjunto regiomontano.<\/p>\n\n\n\n<figure class=\"wp-block-embed is-type-rich is-provider-twitter wp-block-embed-twitter\"><div class=\"wp-block-embed__wrapper\">\n<blockquote class=\"twitter-tweet\" data-width=\"550\" data-dnt=\"true\"><p lang=\"es\" dir=\"ltr\">C\u00e9sar Montes ya viaja a Barcelona para firmar con el Espanyol.<br><br>El segundo mexicano que se va a Europa luego del Mundial de Qatar. <a href=\"https:\/\/t.co\/jt3avskG78\">pic.twitter.com\/jt3avskG78<\/a><\/p>&mdash; Jorge Rosales (@rosaleesj) <a href=\"https:\/\/twitter.com\/rosaleesj\/status\/1607445487430287361?ref_src=twsrc%5Etfw\">December 26, 2022<\/a><\/blockquote><script async src=\"https:\/\/platform.twitter.com\/widgets.js\" charset=\"utf-8\"><\/script>\n<\/div><\/figure>\n\n\n\n<p>Montes deja una huella importante en el club, con logros como el haber anotado el primer gol en el Estadio BBVA; levant\u00f3 el t\u00edtulo de Liga en Sub-17 y ya con el primer equipo gan\u00f3 Copa, Liga MX y Concachampions.<\/p>\n\n\n\n<p>\u201cLa formalizaci\u00f3n de la transferencia est\u00e1 sujeta a que Montes apruebe el protocolo m\u00e9dico. El canterano deja una huella en el Club, al haber anotado el primer gol en la historia del Estadio BBVA, adem\u00e1s de haber colaborado en la conquista de campeonatos en la Sub-17, Copa MX, Liga MX y CONCACAF\u201d, a\u00f1adi\u00f3. \u201cDestaca tambi\u00e9n la participaci\u00f3n de Montes en las selecciones nacionales que compitieron en los Juegos Ol\u00edmpicos R\u00edo de Janeiro 2016 y Tokio 2020, y en la reci\u00e9n concluida Copa del Mundo de la FIFA Qatar 2022&#8243;.<\/p>\n\n\n\n<figure class=\"wp-block-embed is-type-rich is-provider-twitter wp-block-embed-twitter\"><div class=\"wp-block-embed__wrapper\">\n<blockquote class=\"twitter-tweet\" data-width=\"550\" data-dnt=\"true\"><p lang=\"es\" dir=\"ltr\">Comunicado a nuestra Afici\u00f3n sobre la transferencia de <a href=\"https:\/\/twitter.com\/CJasib?ref_src=twsrc%5Etfw\">@Cjasib<\/a>. \ud83d\udcdd<a href=\"https:\/\/twitter.com\/hashtag\/EnLaVidaYEnLaCancha?src=hash&amp;ref_src=twsrc%5Etfw\">#EnLaVidaYEnLaCancha<\/a><a href=\"https:\/\/t.co\/KU8y6LHB8a\">https:\/\/t.co\/KU8y6LHB8a<\/a><\/p>&mdash; Rayados (@Rayados) <a href=\"https:\/\/twitter.com\/Rayados\/status\/1607432617111994368?ref_src=twsrc%5Etfw\">December 26, 2022<\/a><\/blockquote><script async src=\"https:\/\/platform.twitter.com\/widgets.js\" charset=\"utf-8\"><\/script>\n<\/div><\/figure>\n\n\n\n<p>Con Informaci\u00f3n de Medio Tiempo <\/p>\n","protected":false},"excerpt":{"rendered":"<p>Por Redacci\u00f3n QP El club rayado despidi\u00f3 al Cachorro y record\u00f3 sus logros en la&#8230;<\/p>\n","protected":false},"author":2,"featured_media":97867,"comment_status":"open","ping_status":"open","sticky":false,"template":"","format":"standard","meta":{"_monsterinsights_skip_tracking":false,"_monsterinsights_sitenote_active":false,"_monsterinsights_sitenote_note":"","_monsterinsights_sitenote_category":0,"footnotes":""},"categories":[54],"tags":[],"class_list":["post-97866","post","type-post","status-publish","format-standard","has-post-thumbnail","hentry","category-deportes"],"yoast_head":"<!-- This site is optimized with the Yoast SEO plugin v27.3 - https:\/\/yoast.com\/product\/yoast-seo-wordpress\/ -->\n<title>\u00a1OFICIAL! C\u00e9sar Montes es nuevo jugador del Espanyol; hoy viaja a Espa\u00f1a -<\/title>\n<meta name=\"robots\" content=\"index, follow, max-snippet:-1, max-image-preview:large, max-video-preview:-1\" \/>\n<link rel=\"canonical\" href=\"https:\/\/quehacerpolitico.mx\/?p=97866\" \/>\n<meta property=\"og:locale\" content=\"es_MX\" \/>\n<meta property=\"og:type\" content=\"article\" \/>\n<meta property=\"og:title\" content=\"\u00a1OFICIAL! C\u00e9sar Montes es nuevo jugador del Espanyol; hoy viaja a Espa\u00f1a -\" \/>\n<meta property=\"og:description\" content=\"Por Redacci\u00f3n QP El club rayado despidi\u00f3 al Cachorro y record\u00f3 sus logros en la...\" \/>\n<meta property=\"og:url\" content=\"https:\/\/quehacerpolitico.mx\/?p=97866\" \/>\n<meta property=\"article:published_time\" content=\"2022-12-26T18:42:30+00:00\" \/>\n<meta property=\"article:modified_time\" content=\"2022-12-26T18:42:33+00:00\" \/>\n<meta property=\"og:image\" content=\"https:\/\/quehacerpolitico.mx\/wp-content\/uploads\/2022\/12\/E57A6F1C-C2BB-404D-BFC5-99864912408D.jpeg\" \/>\n\t<meta property=\"og:image:width\" content=\"739\" \/>\n\t<meta property=\"og:image:height\" content=\"415\" \/>\n\t<meta property=\"og:image:type\" content=\"image\/jpeg\" \/>\n<meta name=\"author\" content=\"Redacci\u00f3n QP\" \/>\n<meta name=\"twitter:card\" content=\"summary_large_image\" \/>\n<meta name=\"twitter:label1\" content=\"Escrito por\" \/>\n\t<meta name=\"twitter:data1\" content=\"Redacci\u00f3n QP\" \/>\n\t<meta name=\"twitter:label2\" content=\"Tiempo de lectura\" \/>\n\t<meta name=\"twitter:data2\" content=\"2 minutos\" \/>\n<script type=\"application\/ld+json\" class=\"yoast-schema-graph\">{\"@context\":\"https:\\\/\\\/schema.org\",\"@graph\":[{\"@type\":\"Article\",\"@id\":\"https:\\\/\\\/quehacerpolitico.mx\\\/?p=97866#article\",\"isPartOf\":{\"@id\":\"https:\\\/\\\/quehacerpolitico.mx\\\/?p=97866\"},\"author\":{\"name\":\"Redacci\u00f3n QP\",\"@id\":\"https:\\\/\\\/quehacerpolitico.mx\\\/#\\\/schema\\\/person\\\/496d8ad2d1d3f8036101dca7ee39e585\"},\"headline\":\"\u00a1OFICIAL! C\u00e9sar Montes es nuevo jugador del Espanyol; hoy viaja a Espa\u00f1a\",\"datePublished\":\"2022-12-26T18:42:30+00:00\",\"dateModified\":\"2022-12-26T18:42:33+00:00\",\"mainEntityOfPage\":{\"@id\":\"https:\\\/\\\/quehacerpolitico.mx\\\/?p=97866\"},\"wordCount\":326,\"commentCount\":0,\"image\":{\"@id\":\"https:\\\/\\\/quehacerpolitico.mx\\\/?p=97866#primaryimage\"},\"thumbnailUrl\":\"https:\\\/\\\/quehacerpolitico.mx\\\/wp-content\\\/uploads\\\/2022\\\/12\\\/E57A6F1C-C2BB-404D-BFC5-99864912408D.jpeg\",\"articleSection\":[\"Deportes\"],\"inLanguage\":\"es\",\"potentialAction\":[{\"@type\":\"CommentAction\",\"name\":\"Comment\",\"target\":[\"https:\\\/\\\/quehacerpolitico.mx\\\/?p=97866#respond\"]}]},{\"@type\":\"WebPage\",\"@id\":\"https:\\\/\\\/quehacerpolitico.mx\\\/?p=97866\",\"url\":\"https:\\\/\\\/quehacerpolitico.mx\\\/?p=97866\",\"name\":\"\u00a1OFICIAL! C\u00e9sar Montes es nuevo jugador del Espanyol; hoy viaja a Espa\u00f1a -\",\"isPartOf\":{\"@id\":\"https:\\\/\\\/quehacerpolitico.mx\\\/#website\"},\"primaryImageOfPage\":{\"@id\":\"https:\\\/\\\/quehacerpolitico.mx\\\/?p=97866#primaryimage\"},\"image\":{\"@id\":\"https:\\\/\\\/quehacerpolitico.mx\\\/?p=97866#primaryimage\"},\"thumbnailUrl\":\"https:\\\/\\\/quehacerpolitico.mx\\\/wp-content\\\/uploads\\\/2022\\\/12\\\/E57A6F1C-C2BB-404D-BFC5-99864912408D.jpeg\",\"datePublished\":\"2022-12-26T18:42:30+00:00\",\"dateModified\":\"2022-12-26T18:42:33+00:00\",\"author\":{\"@id\":\"https:\\\/\\\/quehacerpolitico.mx\\\/#\\\/schema\\\/person\\\/496d8ad2d1d3f8036101dca7ee39e585\"},\"breadcrumb\":{\"@id\":\"https:\\\/\\\/quehacerpolitico.mx\\\/?p=97866#breadcrumb\"},\"inLanguage\":\"es\",\"potentialAction\":[{\"@type\":\"ReadAction\",\"target\":[\"https:\\\/\\\/quehacerpolitico.mx\\\/?p=97866\"]}]},{\"@type\":\"ImageObject\",\"inLanguage\":\"es\",\"@id\":\"https:\\\/\\\/quehacerpolitico.mx\\\/?p=97866#primaryimage\",\"url\":\"https:\\\/\\\/quehacerpolitico.mx\\\/wp-content\\\/uploads\\\/2022\\\/12\\\/E57A6F1C-C2BB-404D-BFC5-99864912408D.jpeg\",\"contentUrl\":\"https:\\\/\\\/quehacerpolitico.mx\\\/wp-content\\\/uploads\\\/2022\\\/12\\\/E57A6F1C-C2BB-404D-BFC5-99864912408D.jpeg\",\"width\":739,\"height\":415},{\"@type\":\"BreadcrumbList\",\"@id\":\"https:\\\/\\\/quehacerpolitico.mx\\\/?p=97866#breadcrumb\",\"itemListElement\":[{\"@type\":\"ListItem\",\"position\":1,\"name\":\"Inicio\",\"item\":\"https:\\\/\\\/quehacerpolitico.mx\\\/\"},{\"@type\":\"ListItem\",\"position\":2,\"name\":\"\u00a1OFICIAL! C\u00e9sar Montes es nuevo jugador del Espanyol; hoy viaja a Espa\u00f1a\"}]},{\"@type\":\"WebSite\",\"@id\":\"https:\\\/\\\/quehacerpolitico.mx\\\/#website\",\"url\":\"https:\\\/\\\/quehacerpolitico.mx\\\/\",\"name\":\"\",\"description\":\"\",\"potentialAction\":[{\"@type\":\"SearchAction\",\"target\":{\"@type\":\"EntryPoint\",\"urlTemplate\":\"https:\\\/\\\/quehacerpolitico.mx\\\/?s={search_term_string}\"},\"query-input\":{\"@type\":\"PropertyValueSpecification\",\"valueRequired\":true,\"valueName\":\"search_term_string\"}}],\"inLanguage\":\"es\"},{\"@type\":\"Person\",\"@id\":\"https:\\\/\\\/quehacerpolitico.mx\\\/#\\\/schema\\\/person\\\/496d8ad2d1d3f8036101dca7ee39e585\",\"name\":\"Redacci\u00f3n QP\",\"image\":{\"@type\":\"ImageObject\",\"inLanguage\":\"es\",\"@id\":\"https:\\\/\\\/secure.gravatar.com\\\/avatar\\\/c7164ed6fdec453195284ad24a5ae5b6e1eed2b848477fa2a4787ba9adf39a41?s=96&d=mm&r=g\",\"url\":\"https:\\\/\\\/secure.gravatar.com\\\/avatar\\\/c7164ed6fdec453195284ad24a5ae5b6e1eed2b848477fa2a4787ba9adf39a41?s=96&d=mm&r=g\",\"contentUrl\":\"https:\\\/\\\/secure.gravatar.com\\\/avatar\\\/c7164ed6fdec453195284ad24a5ae5b6e1eed2b848477fa2a4787ba9adf39a41?s=96&d=mm&r=g\",\"caption\":\"Redacci\u00f3n QP\"},\"url\":\"https:\\\/\\\/quehacerpolitico.mx\\\/?author=2\"}]}<\/script>\n<!-- \/ Yoast SEO plugin. -->","yoast_head_json":{"title":"\u00a1OFICIAL! C\u00e9sar Montes es nuevo jugador del Espanyol; hoy viaja a Espa\u00f1a -","robots":{"index":"index","follow":"follow","max-snippet":"max-snippet:-1","max-image-preview":"max-image-preview:large","max-video-preview":"max-video-preview:-1"},"canonical":"https:\/\/quehacerpolitico.mx\/?p=97866","og_locale":"es_MX","og_type":"article","og_title":"\u00a1OFICIAL! C\u00e9sar Montes es nuevo jugador del Espanyol; hoy viaja a Espa\u00f1a -","og_description":"Por Redacci\u00f3n QP El club rayado despidi\u00f3 al Cachorro y record\u00f3 sus logros en la...","og_url":"https:\/\/quehacerpolitico.mx\/?p=97866","article_published_time":"2022-12-26T18:42:30+00:00","article_modified_time":"2022-12-26T18:42:33+00:00","og_image":[{"width":739,"height":415,"url":"https:\/\/quehacerpolitico.mx\/wp-content\/uploads\/2022\/12\/E57A6F1C-C2BB-404D-BFC5-99864912408D.jpeg","type":"image\/jpeg"}],"author":"Redacci\u00f3n QP","twitter_card":"summary_large_image","twitter_misc":{"Escrito por":"Redacci\u00f3n QP","Tiempo de lectura":"2 minutos"},"schema":{"@context":"https:\/\/schema.org","@graph":[{"@type":"Article","@id":"https:\/\/quehacerpolitico.mx\/?p=97866#article","isPartOf":{"@id":"https:\/\/quehacerpolitico.mx\/?p=97866"},"author":{"name":"Redacci\u00f3n QP","@id":"https:\/\/quehacerpolitico.mx\/#\/schema\/person\/496d8ad2d1d3f8036101dca7ee39e585"},"headline":"\u00a1OFICIAL! C\u00e9sar Montes es nuevo jugador del Espanyol; hoy viaja a Espa\u00f1a","datePublished":"2022-12-26T18:42:30+00:00","dateModified":"2022-12-26T18:42:33+00:00","mainEntityOfPage":{"@id":"https:\/\/quehacerpolitico.mx\/?p=97866"},"wordCount":326,"commentCount":0,"image":{"@id":"https:\/\/quehacerpolitico.mx\/?p=97866#primaryimage"},"thumbnailUrl":"https:\/\/quehacerpolitico.mx\/wp-content\/uploads\/2022\/12\/E57A6F1C-C2BB-404D-BFC5-99864912408D.jpeg","articleSection":["Deportes"],"inLanguage":"es","potentialAction":[{"@type":"CommentAction","name":"Comment","target":["https:\/\/quehacerpolitico.mx\/?p=97866#respond"]}]},{"@type":"WebPage","@id":"https:\/\/quehacerpolitico.mx\/?p=97866","url":"https:\/\/quehacerpolitico.mx\/?p=97866","name":"\u00a1OFICIAL! C\u00e9sar Montes es nuevo jugador del Espanyol; hoy viaja a Espa\u00f1a -","isPartOf":{"@id":"https:\/\/quehacerpolitico.mx\/#website"},"primaryImageOfPage":{"@id":"https:\/\/quehacerpolitico.mx\/?p=97866#primaryimage"},"image":{"@id":"https:\/\/quehacerpolitico.mx\/?p=97866#primaryimage"},"thumbnailUrl":"https:\/\/quehacerpolitico.mx\/wp-content\/uploads\/2022\/12\/E57A6F1C-C2BB-404D-BFC5-99864912408D.jpeg","datePublished":"2022-12-26T18:42:30+00:00","dateModified":"2022-12-26T18:42:33+00:00","author":{"@id":"https:\/\/quehacerpolitico.mx\/#\/schema\/person\/496d8ad2d1d3f8036101dca7ee39e585"},"breadcrumb":{"@id":"https:\/\/quehacerpolitico.mx\/?p=97866#breadcrumb"},"inLanguage":"es","potentialAction":[{"@type":"ReadAction","target":["https:\/\/quehacerpolitico.mx\/?p=97866"]}]},{"@type":"ImageObject","inLanguage":"es","@id":"https:\/\/quehacerpolitico.mx\/?p=97866#primaryimage","url":"https:\/\/quehacerpolitico.mx\/wp-content\/uploads\/2022\/12\/E57A6F1C-C2BB-404D-BFC5-99864912408D.jpeg","contentUrl":"https:\/\/quehacerpolitico.mx\/wp-content\/uploads\/2022\/12\/E57A6F1C-C2BB-404D-BFC5-99864912408D.jpeg","width":739,"height":415},{"@type":"BreadcrumbList","@id":"https:\/\/quehacerpolitico.mx\/?p=97866#breadcrumb","itemListElement":[{"@type":"ListItem","position":1,"name":"Inicio","item":"https:\/\/quehacerpolitico.mx\/"},{"@type":"ListItem","position":2,"name":"\u00a1OFICIAL! C\u00e9sar Montes es nuevo jugador del Espanyol; hoy viaja a Espa\u00f1a"}]},{"@type":"WebSite","@id":"https:\/\/quehacerpolitico.mx\/#website","url":"https:\/\/quehacerpolitico.mx\/","name":"","description":"","potentialAction":[{"@type":"SearchAction","target":{"@type":"EntryPoint","urlTemplate":"https:\/\/quehacerpolitico.mx\/?s={search_term_string}"},"query-input":{"@type":"PropertyValueSpecification","valueRequired":true,"valueName":"search_term_string"}}],"inLanguage":"es"},{"@type":"Person","@id":"https:\/\/quehacerpolitico.mx\/#\/schema\/person\/496d8ad2d1d3f8036101dca7ee39e585","name":"Redacci\u00f3n QP","image":{"@type":"ImageObject","inLanguage":"es","@id":"https:\/\/secure.gravatar.com\/avatar\/c7164ed6fdec453195284ad24a5ae5b6e1eed2b848477fa2a4787ba9adf39a41?s=96&d=mm&r=g","url":"https:\/\/secure.gravatar.com\/avatar\/c7164ed6fdec453195284ad24a5ae5b6e1eed2b848477fa2a4787ba9adf39a41?s=96&d=mm&r=g","contentUrl":"https:\/\/secure.gravatar.com\/avatar\/c7164ed6fdec453195284ad24a5ae5b6e1eed2b848477fa2a4787ba9adf39a41?s=96&d=mm&r=g","caption":"Redacci\u00f3n QP"},"url":"https:\/\/quehacerpolitico.mx\/?author=2"}]}},"featured_image_urls":{"full":["https:\/\/quehacerpolitico.mx\/wp-content\/uploads\/2022\/12\/E57A6F1C-C2BB-404D-BFC5-99864912408D.jpeg",739,415,false],"thumbnail":["https:\/\/quehacerpolitico.mx\/wp-content\/uploads\/2022\/12\/E57A6F1C-C2BB-404D-BFC5-99864912408D-150x150.jpeg",150,150,true],"medium":["https:\/\/quehacerpolitico.mx\/wp-content\/uploads\/2022\/12\/E57A6F1C-C2BB-404D-BFC5-99864912408D-300x168.jpeg",300,168,true],"medium_large":["https:\/\/quehacerpolitico.mx\/wp-content\/uploads\/2022\/12\/E57A6F1C-C2BB-404D-BFC5-99864912408D.jpeg",640,359,false],"large":["https:\/\/quehacerpolitico.mx\/wp-content\/uploads\/2022\/12\/E57A6F1C-C2BB-404D-BFC5-99864912408D.jpeg",640,359,false],"1536x1536":["https:\/\/quehacerpolitico.mx\/wp-content\/uploads\/2022\/12\/E57A6F1C-C2BB-404D-BFC5-99864912408D.jpeg",739,415,false],"2048x2048":["https:\/\/quehacerpolitico.mx\/wp-content\/uploads\/2022\/12\/E57A6F1C-C2BB-404D-BFC5-99864912408D.jpeg",739,415,false],"covernews-featured":["https:\/\/quehacerpolitico.mx\/wp-content\/uploads\/2022\/12\/E57A6F1C-C2BB-404D-BFC5-99864912408D.jpeg",739,415,false],"covernews-medium":["https:\/\/quehacerpolitico.mx\/wp-content\/uploads\/2022\/12\/E57A6F1C-C2BB-404D-BFC5-99864912408D.jpeg",540,303,false]},"author_info":{"display_name":"Redacci\u00f3n QP","author_link":"https:\/\/quehacerpolitico.mx\/?author=2"},"category_info":"<a href=\"https:\/\/quehacerpolitico.mx\/?cat=54\" rel=\"category\">Deportes<\/a>","tag_info":"Deportes","comment_count":"0","_links":{"self":[{"href":"https:\/\/quehacerpolitico.mx\/index.php?rest_route=\/wp\/v2\/posts\/97866","targetHints":{"allow":["GET"]}}],"collection":[{"href":"https:\/\/quehacerpolitico.mx\/index.php?rest_route=\/wp\/v2\/posts"}],"about":[{"href":"https:\/\/quehacerpolitico.mx\/index.php?rest_route=\/wp\/v2\/types\/post"}],"author":[{"embeddable":true,"href":"https:\/\/quehacerpolitico.mx\/index.php?rest_route=\/wp\/v2\/users\/2"}],"replies":[{"embeddable":true,"href":"https:\/\/quehacerpolitico.mx\/index.php?rest_route=%2Fwp%2Fv2%2Fcomments&post=97866"}],"version-history":[{"count":1,"href":"https:\/\/quehacerpolitico.mx\/index.php?rest_route=\/wp\/v2\/posts\/97866\/revisions"}],"predecessor-version":[{"id":97868,"href":"https:\/\/quehacerpolitico.mx\/index.php?rest_route=\/wp\/v2\/posts\/97866\/revisions\/97868"}],"wp:featuredmedia":[{"embeddable":true,"href":"https:\/\/quehacerpolitico.mx\/index.php?rest_route=\/wp\/v2\/media\/97867"}],"wp:attachment":[{"href":"https:\/\/quehacerpolitico.mx\/index.php?rest_route=%2Fwp%2Fv2%2Fmedia&parent=97866"}],"wp:term":[{"taxonomy":"category","embeddable":true,"href":"https:\/\/quehacerpolitico.mx\/index.php?rest_route=%2Fwp%2Fv2%2Fcategories&post=97866"},{"taxonomy":"post_tag","embeddable":true,"href":"https:\/\/quehacerpolitico.mx\/index.php?rest_route=%2Fwp%2Fv2%2Ftags&post=97866"}],"curies":[{"name":"wp","href":"https:\/\/api.w.org\/{rel}","templated":true}]}}