{"id":97863,"date":"2022-12-26T18:25:33","date_gmt":"2022-12-26T18:25:33","guid":{"rendered":"https:\/\/quehacerpolitico.mx\/?p=97863"},"modified":"2022-12-26T18:25:36","modified_gmt":"2022-12-26T18:25:36","slug":"inai-pide-a-diconsa-mostrar-contratos-con-empresa","status":"publish","type":"post","link":"https:\/\/quehacerpolitico.mx\/?p=97863","title":{"rendered":"INAI pide a Diconsa mostrar contratos con empresa"},"content":{"rendered":"\n<p>Por Redacci\u00f3n QP<\/p>\n\n\n\n<p>El organismo indic\u00f3 que los contratos se\u00f1alados entre la dependencia y una empresa de comedores industriales por presunto uso de recursos p\u00fablicos para celebrarlos<\/p>\n\n\n\n<p>El Instituto Nacional de Transparencia, Acceso a la Informaci\u00f3n y Protecci\u00f3n de Datos Personales (Inai) instruy\u00f3 a Diconsa\u00a0<strong>compartir una versi\u00f3n p\u00fablica de los contratos realizados con la empresa\u00a0Gainmate\u00a0Comedores Industriales<\/strong>, entre el 1 de enero de 2019 y el 17 de octubre de 2022.<\/p>\n\n\n\n<p>La empresa ha sido vinculada a una red se\u00f1alada de haber cometido&nbsp;<strong>irregularidades en contrataciones con la dependencia durante la administraci\u00f3n de Ignacio&nbsp;Ovalle,<\/strong>&nbsp;quien tambi\u00e9n est\u00e1 acusado de desviar de 10 mil millones de pesos.<\/p>\n\n\n\n<p>Diconsa hab\u00eda reservado dicha informaci\u00f3n por\u00a0<strong>cinco a\u00f1os para no entregarla ante una solicitud de transparencia,\u00a0<\/strong>alegando que forma parte de la investigaci\u00f3n judicial.<\/p>\n\n\n\n<p>Por su parte, la comisionada Norma Julieta del R\u00edo Venegas se\u00f1al\u00f3 que<strong>&nbsp;&#8220;ning\u00fan derecho es absoluto<\/strong>&nbsp;y las autoridades no pueden aludir esta causal de reserva sin antes llevar a cabo un an\u00e1lisis exhaustivo que permita fundamentar y motivar la negativa&#8221;.<\/p>\n\n\n\n<p>El inconforme present\u00f3 un recurso de revisi\u00f3n ante el Inai\u00a0<strong>argumentando que se trata de contrataciones con recursos p\u00fablicos,<\/strong>\u00a0raz\u00f3n por la cual debe dar acceso a los contratos, aun cuando est\u00e9n bajo investigaci\u00f3n.<\/p>\n\n\n\n<p>En alegatos, la empresa de participaci\u00f3n estatal reiter\u00f3 su respuesta al mencionar que los registros de investigaci\u00f3n son&nbsp;<strong>estrictamente reservados y accesibles solamente para las partes, pues est\u00e1 salvaguardando la vida privada,&nbsp;<\/strong>la administraci\u00f3n de justicia y la presunci\u00f3n de inocencia.<\/p>\n\n\n\n<p>Al analizar este situaci\u00f3n, la ponencia de la comisionada Norma Julieta del R\u00edo Venegas se\u00f1al\u00f3 que&nbsp;<strong>el sujeto obligado no tiene el car\u00e1cter de autoridad en las carpetas de investigaci\u00f3n,<\/strong>&nbsp;pues es una facultad exclusiva del Ministerio P\u00fablico (MP) de la Federaci\u00f3n investigar delitos federales, por lo que no se actualiza la causal de reserva prevista.<\/p>\n\n\n\n<p>Es importante subrayar que la persona solicitante pidi\u00f3&nbsp;<strong>documentos relacionados con obligaciones de transparencia.<\/strong><\/p>\n\n\n\n<p>El pleno del\u00a0<strong>Inai\u00a0rechaz\u00f3 la respuesta de\u00a0Diconsa y le instruy\u00f3 a compartir la versi\u00f3n p\u00fablica<\/strong>\u00a0de los contratos celebrados.<\/p>\n\n\n\n<p>Con Informaci\u00f3n de SUN <\/p>\n","protected":false},"excerpt":{"rendered":"<p>Por Redacci\u00f3n QP El organismo indic\u00f3 que los contratos se\u00f1alados entre la dependencia y una&#8230;<\/p>\n","protected":false},"author":2,"featured_media":97864,"comment_status":"open","ping_status":"open","sticky":false,"template":"","format":"standard","meta":{"_monsterinsights_skip_tracking":false,"_monsterinsights_sitenote_active":false,"_monsterinsights_sitenote_note":"","_monsterinsights_sitenote_category":0,"footnotes":""},"categories":[2],"tags":[],"class_list":["post-97863","post","type-post","status-publish","format-standard","has-post-thumbnail","hentry","category-noticias"],"yoast_head":"<!-- This site is optimized with the Yoast SEO plugin v27.3 - https:\/\/yoast.com\/product\/yoast-seo-wordpress\/ -->\n<title>INAI pide a Diconsa mostrar contratos con empresa -<\/title>\n<meta name=\"robots\" content=\"index, follow, max-snippet:-1, max-image-preview:large, max-video-preview:-1\" \/>\n<link rel=\"canonical\" href=\"https:\/\/quehacerpolitico.mx\/?p=97863\" \/>\n<meta property=\"og:locale\" content=\"es_MX\" \/>\n<meta property=\"og:type\" content=\"article\" \/>\n<meta property=\"og:title\" content=\"INAI pide a Diconsa mostrar contratos con empresa -\" \/>\n<meta property=\"og:description\" content=\"Por Redacci\u00f3n QP El organismo indic\u00f3 que los contratos se\u00f1alados entre la dependencia y una...\" \/>\n<meta property=\"og:url\" content=\"https:\/\/quehacerpolitico.mx\/?p=97863\" \/>\n<meta property=\"article:published_time\" content=\"2022-12-26T18:25:33+00:00\" \/>\n<meta property=\"article:modified_time\" content=\"2022-12-26T18:25:36+00:00\" \/>\n<meta property=\"og:image\" content=\"https:\/\/quehacerpolitico.mx\/wp-content\/uploads\/2022\/12\/CD2293AC-2938-49DA-80E6-189B8214102A.jpeg\" \/>\n\t<meta property=\"og:image:width\" content=\"290\" \/>\n\t<meta property=\"og:image:height\" content=\"174\" \/>\n\t<meta property=\"og:image:type\" content=\"image\/jpeg\" \/>\n<meta name=\"author\" content=\"Redacci\u00f3n QP\" \/>\n<meta name=\"twitter:card\" content=\"summary_large_image\" \/>\n<meta name=\"twitter:label1\" content=\"Escrito por\" \/>\n\t<meta name=\"twitter:data1\" content=\"Redacci\u00f3n QP\" \/>\n\t<meta name=\"twitter:label2\" content=\"Tiempo de lectura\" \/>\n\t<meta name=\"twitter:data2\" content=\"2 minutos\" \/>\n<script type=\"application\/ld+json\" class=\"yoast-schema-graph\">{\"@context\":\"https:\\\/\\\/schema.org\",\"@graph\":[{\"@type\":\"Article\",\"@id\":\"https:\\\/\\\/quehacerpolitico.mx\\\/?p=97863#article\",\"isPartOf\":{\"@id\":\"https:\\\/\\\/quehacerpolitico.mx\\\/?p=97863\"},\"author\":{\"name\":\"Redacci\u00f3n QP\",\"@id\":\"https:\\\/\\\/quehacerpolitico.mx\\\/#\\\/schema\\\/person\\\/496d8ad2d1d3f8036101dca7ee39e585\"},\"headline\":\"INAI pide a Diconsa mostrar contratos con empresa\",\"datePublished\":\"2022-12-26T18:25:33+00:00\",\"dateModified\":\"2022-12-26T18:25:36+00:00\",\"mainEntityOfPage\":{\"@id\":\"https:\\\/\\\/quehacerpolitico.mx\\\/?p=97863\"},\"wordCount\":394,\"commentCount\":0,\"image\":{\"@id\":\"https:\\\/\\\/quehacerpolitico.mx\\\/?p=97863#primaryimage\"},\"thumbnailUrl\":\"https:\\\/\\\/quehacerpolitico.mx\\\/wp-content\\\/uploads\\\/2022\\\/12\\\/CD2293AC-2938-49DA-80E6-189B8214102A.jpeg\",\"articleSection\":[\"Noticias\"],\"inLanguage\":\"es\",\"potentialAction\":[{\"@type\":\"CommentAction\",\"name\":\"Comment\",\"target\":[\"https:\\\/\\\/quehacerpolitico.mx\\\/?p=97863#respond\"]}]},{\"@type\":\"WebPage\",\"@id\":\"https:\\\/\\\/quehacerpolitico.mx\\\/?p=97863\",\"url\":\"https:\\\/\\\/quehacerpolitico.mx\\\/?p=97863\",\"name\":\"INAI pide a Diconsa mostrar contratos con empresa -\",\"isPartOf\":{\"@id\":\"https:\\\/\\\/quehacerpolitico.mx\\\/#website\"},\"primaryImageOfPage\":{\"@id\":\"https:\\\/\\\/quehacerpolitico.mx\\\/?p=97863#primaryimage\"},\"image\":{\"@id\":\"https:\\\/\\\/quehacerpolitico.mx\\\/?p=97863#primaryimage\"},\"thumbnailUrl\":\"https:\\\/\\\/quehacerpolitico.mx\\\/wp-content\\\/uploads\\\/2022\\\/12\\\/CD2293AC-2938-49DA-80E6-189B8214102A.jpeg\",\"datePublished\":\"2022-12-26T18:25:33+00:00\",\"dateModified\":\"2022-12-26T18:25:36+00:00\",\"author\":{\"@id\":\"https:\\\/\\\/quehacerpolitico.mx\\\/#\\\/schema\\\/person\\\/496d8ad2d1d3f8036101dca7ee39e585\"},\"breadcrumb\":{\"@id\":\"https:\\\/\\\/quehacerpolitico.mx\\\/?p=97863#breadcrumb\"},\"inLanguage\":\"es\",\"potentialAction\":[{\"@type\":\"ReadAction\",\"target\":[\"https:\\\/\\\/quehacerpolitico.mx\\\/?p=97863\"]}]},{\"@type\":\"ImageObject\",\"inLanguage\":\"es\",\"@id\":\"https:\\\/\\\/quehacerpolitico.mx\\\/?p=97863#primaryimage\",\"url\":\"https:\\\/\\\/quehacerpolitico.mx\\\/wp-content\\\/uploads\\\/2022\\\/12\\\/CD2293AC-2938-49DA-80E6-189B8214102A.jpeg\",\"contentUrl\":\"https:\\\/\\\/quehacerpolitico.mx\\\/wp-content\\\/uploads\\\/2022\\\/12\\\/CD2293AC-2938-49DA-80E6-189B8214102A.jpeg\",\"width\":290,\"height\":174},{\"@type\":\"BreadcrumbList\",\"@id\":\"https:\\\/\\\/quehacerpolitico.mx\\\/?p=97863#breadcrumb\",\"itemListElement\":[{\"@type\":\"ListItem\",\"position\":1,\"name\":\"Inicio\",\"item\":\"https:\\\/\\\/quehacerpolitico.mx\\\/\"},{\"@type\":\"ListItem\",\"position\":2,\"name\":\"INAI pide a Diconsa mostrar contratos con empresa\"}]},{\"@type\":\"WebSite\",\"@id\":\"https:\\\/\\\/quehacerpolitico.mx\\\/#website\",\"url\":\"https:\\\/\\\/quehacerpolitico.mx\\\/\",\"name\":\"\",\"description\":\"\",\"potentialAction\":[{\"@type\":\"SearchAction\",\"target\":{\"@type\":\"EntryPoint\",\"urlTemplate\":\"https:\\\/\\\/quehacerpolitico.mx\\\/?s={search_term_string}\"},\"query-input\":{\"@type\":\"PropertyValueSpecification\",\"valueRequired\":true,\"valueName\":\"search_term_string\"}}],\"inLanguage\":\"es\"},{\"@type\":\"Person\",\"@id\":\"https:\\\/\\\/quehacerpolitico.mx\\\/#\\\/schema\\\/person\\\/496d8ad2d1d3f8036101dca7ee39e585\",\"name\":\"Redacci\u00f3n QP\",\"image\":{\"@type\":\"ImageObject\",\"inLanguage\":\"es\",\"@id\":\"https:\\\/\\\/secure.gravatar.com\\\/avatar\\\/c7164ed6fdec453195284ad24a5ae5b6e1eed2b848477fa2a4787ba9adf39a41?s=96&d=mm&r=g\",\"url\":\"https:\\\/\\\/secure.gravatar.com\\\/avatar\\\/c7164ed6fdec453195284ad24a5ae5b6e1eed2b848477fa2a4787ba9adf39a41?s=96&d=mm&r=g\",\"contentUrl\":\"https:\\\/\\\/secure.gravatar.com\\\/avatar\\\/c7164ed6fdec453195284ad24a5ae5b6e1eed2b848477fa2a4787ba9adf39a41?s=96&d=mm&r=g\",\"caption\":\"Redacci\u00f3n QP\"},\"url\":\"https:\\\/\\\/quehacerpolitico.mx\\\/?author=2\"}]}<\/script>\n<!-- \/ Yoast SEO plugin. -->","yoast_head_json":{"title":"INAI pide a Diconsa mostrar contratos con empresa -","robots":{"index":"index","follow":"follow","max-snippet":"max-snippet:-1","max-image-preview":"max-image-preview:large","max-video-preview":"max-video-preview:-1"},"canonical":"https:\/\/quehacerpolitico.mx\/?p=97863","og_locale":"es_MX","og_type":"article","og_title":"INAI pide a Diconsa mostrar contratos con empresa -","og_description":"Por Redacci\u00f3n QP El organismo indic\u00f3 que los contratos se\u00f1alados entre la dependencia y una...","og_url":"https:\/\/quehacerpolitico.mx\/?p=97863","article_published_time":"2022-12-26T18:25:33+00:00","article_modified_time":"2022-12-26T18:25:36+00:00","og_image":[{"width":290,"height":174,"url":"https:\/\/quehacerpolitico.mx\/wp-content\/uploads\/2022\/12\/CD2293AC-2938-49DA-80E6-189B8214102A.jpeg","type":"image\/jpeg"}],"author":"Redacci\u00f3n QP","twitter_card":"summary_large_image","twitter_misc":{"Escrito por":"Redacci\u00f3n QP","Tiempo de lectura":"2 minutos"},"schema":{"@context":"https:\/\/schema.org","@graph":[{"@type":"Article","@id":"https:\/\/quehacerpolitico.mx\/?p=97863#article","isPartOf":{"@id":"https:\/\/quehacerpolitico.mx\/?p=97863"},"author":{"name":"Redacci\u00f3n QP","@id":"https:\/\/quehacerpolitico.mx\/#\/schema\/person\/496d8ad2d1d3f8036101dca7ee39e585"},"headline":"INAI pide a Diconsa mostrar contratos con empresa","datePublished":"2022-12-26T18:25:33+00:00","dateModified":"2022-12-26T18:25:36+00:00","mainEntityOfPage":{"@id":"https:\/\/quehacerpolitico.mx\/?p=97863"},"wordCount":394,"commentCount":0,"image":{"@id":"https:\/\/quehacerpolitico.mx\/?p=97863#primaryimage"},"thumbnailUrl":"https:\/\/quehacerpolitico.mx\/wp-content\/uploads\/2022\/12\/CD2293AC-2938-49DA-80E6-189B8214102A.jpeg","articleSection":["Noticias"],"inLanguage":"es","potentialAction":[{"@type":"CommentAction","name":"Comment","target":["https:\/\/quehacerpolitico.mx\/?p=97863#respond"]}]},{"@type":"WebPage","@id":"https:\/\/quehacerpolitico.mx\/?p=97863","url":"https:\/\/quehacerpolitico.mx\/?p=97863","name":"INAI pide a Diconsa mostrar contratos con empresa -","isPartOf":{"@id":"https:\/\/quehacerpolitico.mx\/#website"},"primaryImageOfPage":{"@id":"https:\/\/quehacerpolitico.mx\/?p=97863#primaryimage"},"image":{"@id":"https:\/\/quehacerpolitico.mx\/?p=97863#primaryimage"},"thumbnailUrl":"https:\/\/quehacerpolitico.mx\/wp-content\/uploads\/2022\/12\/CD2293AC-2938-49DA-80E6-189B8214102A.jpeg","datePublished":"2022-12-26T18:25:33+00:00","dateModified":"2022-12-26T18:25:36+00:00","author":{"@id":"https:\/\/quehacerpolitico.mx\/#\/schema\/person\/496d8ad2d1d3f8036101dca7ee39e585"},"breadcrumb":{"@id":"https:\/\/quehacerpolitico.mx\/?p=97863#breadcrumb"},"inLanguage":"es","potentialAction":[{"@type":"ReadAction","target":["https:\/\/quehacerpolitico.mx\/?p=97863"]}]},{"@type":"ImageObject","inLanguage":"es","@id":"https:\/\/quehacerpolitico.mx\/?p=97863#primaryimage","url":"https:\/\/quehacerpolitico.mx\/wp-content\/uploads\/2022\/12\/CD2293AC-2938-49DA-80E6-189B8214102A.jpeg","contentUrl":"https:\/\/quehacerpolitico.mx\/wp-content\/uploads\/2022\/12\/CD2293AC-2938-49DA-80E6-189B8214102A.jpeg","width":290,"height":174},{"@type":"BreadcrumbList","@id":"https:\/\/quehacerpolitico.mx\/?p=97863#breadcrumb","itemListElement":[{"@type":"ListItem","position":1,"name":"Inicio","item":"https:\/\/quehacerpolitico.mx\/"},{"@type":"ListItem","position":2,"name":"INAI pide a Diconsa mostrar contratos con empresa"}]},{"@type":"WebSite","@id":"https:\/\/quehacerpolitico.mx\/#website","url":"https:\/\/quehacerpolitico.mx\/","name":"","description":"","potentialAction":[{"@type":"SearchAction","target":{"@type":"EntryPoint","urlTemplate":"https:\/\/quehacerpolitico.mx\/?s={search_term_string}"},"query-input":{"@type":"PropertyValueSpecification","valueRequired":true,"valueName":"search_term_string"}}],"inLanguage":"es"},{"@type":"Person","@id":"https:\/\/quehacerpolitico.mx\/#\/schema\/person\/496d8ad2d1d3f8036101dca7ee39e585","name":"Redacci\u00f3n QP","image":{"@type":"ImageObject","inLanguage":"es","@id":"https:\/\/secure.gravatar.com\/avatar\/c7164ed6fdec453195284ad24a5ae5b6e1eed2b848477fa2a4787ba9adf39a41?s=96&d=mm&r=g","url":"https:\/\/secure.gravatar.com\/avatar\/c7164ed6fdec453195284ad24a5ae5b6e1eed2b848477fa2a4787ba9adf39a41?s=96&d=mm&r=g","contentUrl":"https:\/\/secure.gravatar.com\/avatar\/c7164ed6fdec453195284ad24a5ae5b6e1eed2b848477fa2a4787ba9adf39a41?s=96&d=mm&r=g","caption":"Redacci\u00f3n QP"},"url":"https:\/\/quehacerpolitico.mx\/?author=2"}]}},"featured_image_urls":{"full":["https:\/\/quehacerpolitico.mx\/wp-content\/uploads\/2022\/12\/CD2293AC-2938-49DA-80E6-189B8214102A.jpeg",290,174,false],"thumbnail":["https:\/\/quehacerpolitico.mx\/wp-content\/uploads\/2022\/12\/CD2293AC-2938-49DA-80E6-189B8214102A-150x150.jpeg",150,150,true],"medium":["https:\/\/quehacerpolitico.mx\/wp-content\/uploads\/2022\/12\/CD2293AC-2938-49DA-80E6-189B8214102A.jpeg",290,174,false],"medium_large":["https:\/\/quehacerpolitico.mx\/wp-content\/uploads\/2022\/12\/CD2293AC-2938-49DA-80E6-189B8214102A.jpeg",290,174,false],"large":["https:\/\/quehacerpolitico.mx\/wp-content\/uploads\/2022\/12\/CD2293AC-2938-49DA-80E6-189B8214102A.jpeg",290,174,false],"1536x1536":["https:\/\/quehacerpolitico.mx\/wp-content\/uploads\/2022\/12\/CD2293AC-2938-49DA-80E6-189B8214102A.jpeg",290,174,false],"2048x2048":["https:\/\/quehacerpolitico.mx\/wp-content\/uploads\/2022\/12\/CD2293AC-2938-49DA-80E6-189B8214102A.jpeg",290,174,false],"covernews-featured":["https:\/\/quehacerpolitico.mx\/wp-content\/uploads\/2022\/12\/CD2293AC-2938-49DA-80E6-189B8214102A.jpeg",290,174,false],"covernews-medium":["https:\/\/quehacerpolitico.mx\/wp-content\/uploads\/2022\/12\/CD2293AC-2938-49DA-80E6-189B8214102A.jpeg",290,174,false]},"author_info":{"display_name":"Redacci\u00f3n QP","author_link":"https:\/\/quehacerpolitico.mx\/?author=2"},"category_info":"<a href=\"https:\/\/quehacerpolitico.mx\/?cat=2\" rel=\"category\">Noticias<\/a>","tag_info":"Noticias","comment_count":"0","_links":{"self":[{"href":"https:\/\/quehacerpolitico.mx\/index.php?rest_route=\/wp\/v2\/posts\/97863","targetHints":{"allow":["GET"]}}],"collection":[{"href":"https:\/\/quehacerpolitico.mx\/index.php?rest_route=\/wp\/v2\/posts"}],"about":[{"href":"https:\/\/quehacerpolitico.mx\/index.php?rest_route=\/wp\/v2\/types\/post"}],"author":[{"embeddable":true,"href":"https:\/\/quehacerpolitico.mx\/index.php?rest_route=\/wp\/v2\/users\/2"}],"replies":[{"embeddable":true,"href":"https:\/\/quehacerpolitico.mx\/index.php?rest_route=%2Fwp%2Fv2%2Fcomments&post=97863"}],"version-history":[{"count":1,"href":"https:\/\/quehacerpolitico.mx\/index.php?rest_route=\/wp\/v2\/posts\/97863\/revisions"}],"predecessor-version":[{"id":97865,"href":"https:\/\/quehacerpolitico.mx\/index.php?rest_route=\/wp\/v2\/posts\/97863\/revisions\/97865"}],"wp:featuredmedia":[{"embeddable":true,"href":"https:\/\/quehacerpolitico.mx\/index.php?rest_route=\/wp\/v2\/media\/97864"}],"wp:attachment":[{"href":"https:\/\/quehacerpolitico.mx\/index.php?rest_route=%2Fwp%2Fv2%2Fmedia&parent=97863"}],"wp:term":[{"taxonomy":"category","embeddable":true,"href":"https:\/\/quehacerpolitico.mx\/index.php?rest_route=%2Fwp%2Fv2%2Fcategories&post=97863"},{"taxonomy":"post_tag","embeddable":true,"href":"https:\/\/quehacerpolitico.mx\/index.php?rest_route=%2Fwp%2Fv2%2Ftags&post=97863"}],"curies":[{"name":"wp","href":"https:\/\/api.w.org\/{rel}","templated":true}]}}