{"id":97860,"date":"2022-12-26T17:59:17","date_gmt":"2022-12-26T17:59:17","guid":{"rendered":"https:\/\/quehacerpolitico.mx\/?p=97860"},"modified":"2022-12-26T17:59:21","modified_gmt":"2022-12-26T17:59:21","slug":"lopez-obrador-arremete-contra-periodistas-y-asegura-que-no-tienen-autoridad-moral","status":"publish","type":"post","link":"https:\/\/quehacerpolitico.mx\/?p=97860","title":{"rendered":"L\u00f3pez Obrador arremete contra periodistas y asegura que &#8220;no tienen autoridad moral&#8221;"},"content":{"rendered":"\n<p>Por Redacci\u00f3n QP<\/p>\n\n\n\n<p>Durante la &#8220;ma\u00f1anera&#8221; de este lunes, el Presidente de la rep\u00fablica critic\u00f3 a los medios de comunicaci\u00f3n por atacar\u00a0a su gobierno y encubrir delitos durante el gobierno de Calder\u00f3n<\/p>\n\n\n\n<p>El Presidente Andr\u00e9s Manuel L\u00f3pez Obrador\u00a0<strong>arremeti\u00f3 contra los medios de informaci\u00f3n y periodistas\u00a0<\/strong>que exigen un alto a la violencia hacia ese gremio, pues se\u00f1al\u00f3 que son los mismos que en 2011 hicieron un<strong>\u00a0&#8220;pacto de silencio&#8221;\u00a0<\/strong>para callar la violencia en la guerra contra el narcotr\u00e1fico del expresidente Felipe Calder\u00f3n Hinojosa.<\/p>\n\n\n\n<p><strong>&#8220;Encubrieron delitos como lo que signific\u00f3 la guerra contra el narcotr\u00e1fico<\/strong>; es sabido que Calder\u00f3n da a conocer que va a iniciar esa guerra y se atreve a decir que va a costar vidas, vidas de civiles; y c\u00f3mo fue una guerra con altos niveles de letalidad, a los delincuentes los remataban, eran masacres&#8221;, mencion\u00f3 en la \u201cma\u00f1anera\u201d de este lunes desde Palacio Nacional.<\/p>\n\n\n\n<figure class=\"wp-block-embed is-type-rich is-provider-twitter wp-block-embed-twitter\"><div class=\"wp-block-embed__wrapper\">\n<blockquote class=\"twitter-tweet\" data-width=\"550\" data-dnt=\"true\"><p lang=\"es\" dir=\"ltr\">Ya ni la navidad perdona\u2026<br><br>AMLO afirma que muchos medios de comunicaci\u00f3n no dijeron nada cuando estaban saqueando a M\u00e9xico <a href=\"https:\/\/t.co\/bxWK7h1WVG\">pic.twitter.com\/bxWK7h1WVG<\/a><\/p>&mdash; Ruido en la Red (@RuidoEnLaRed) <a href=\"https:\/\/twitter.com\/RuidoEnLaRed\/status\/1607380345346719746?ref_src=twsrc%5Etfw\">December 26, 2022<\/a><\/blockquote><script async src=\"https:\/\/platform.twitter.com\/widgets.js\" charset=\"utf-8\"><\/script>\n<\/div><\/figure>\n\n\n\n<p>&#8220;Estos medios que est\u00e1n en contra de nosotros; hablando de que no se permite la libertad de expresi\u00f3n\u00a0<strong>fueron convocados y Calder\u00f3n les pidi\u00f3 que guardaran silencio\u00a0<\/strong>sobre esas atrocidades&#8221;, a\u00f1adi\u00f3.<\/p>\n\n\n\n<p>Desde el Sal\u00f3n Tesorer\u00eda,<strong>&nbsp;el Mandatario exhibi\u00f3 a periodistas<\/strong>&nbsp;como Pedro Ferriz de Con, Joaqu\u00edn L\u00f3pez-D\u00f3riga, Denise Maerker, Ciro G\u00f3mez Leyva, Roberto Rock, Jos\u00e9 C\u00e1rdenas, Javier Alatorre, Carlos Loret de Mola, Pascal Beltr\u00e1n del R\u00edo y Leonardo Curzio, as\u00ed como a Emilio Azc\u00e1rraga Jean y Ricardo Salinas Pliego.<\/p>\n\n\n\n<p>Asimismo, L\u00f3pez Obrador se\u00f1al\u00f3 que pueden sacar un manifiesto diario y pueden seguir atacando a su Gobierno en peri\u00f3dicos, radio y televisi\u00f3n, pero\u00a0<strong>&#8220;no tienen autoridad moral&#8221;.<\/strong><\/p>\n\n\n\n<p><strong>&#8220;Nosotros no vamos a reprimir a ning\u00fan medio de comunicaci\u00f3n<\/strong>, ni lo haremos por convicci\u00f3n, venimos de la lucha en contra del poder y triunfamos porque triunfo la justicia sobre el poder&#8221;, agreg\u00f3.<\/p>\n\n\n\n<p>Con Informaci\u00f3n de SUN <\/p>\n","protected":false},"excerpt":{"rendered":"<p>Por Redacci\u00f3n QP Durante la &#8220;ma\u00f1anera&#8221; de este lunes, el Presidente de la rep\u00fablica critic\u00f3&#8230;<\/p>\n","protected":false},"author":2,"featured_media":97861,"comment_status":"open","ping_status":"open","sticky":false,"template":"","format":"standard","meta":{"_monsterinsights_skip_tracking":false,"_monsterinsights_sitenote_active":false,"_monsterinsights_sitenote_note":"","_monsterinsights_sitenote_category":0,"footnotes":""},"categories":[2],"tags":[],"class_list":["post-97860","post","type-post","status-publish","format-standard","has-post-thumbnail","hentry","category-noticias"],"yoast_head":"<!-- This site is optimized with the Yoast SEO plugin v27.3 - https:\/\/yoast.com\/product\/yoast-seo-wordpress\/ -->\n<title>L\u00f3pez Obrador arremete contra periodistas y asegura que &quot;no tienen autoridad moral&quot; -<\/title>\n<meta name=\"robots\" content=\"index, follow, max-snippet:-1, max-image-preview:large, max-video-preview:-1\" \/>\n<link rel=\"canonical\" href=\"https:\/\/quehacerpolitico.mx\/?p=97860\" \/>\n<meta property=\"og:locale\" content=\"es_MX\" \/>\n<meta property=\"og:type\" content=\"article\" \/>\n<meta property=\"og:title\" content=\"L\u00f3pez Obrador arremete contra periodistas y asegura que &quot;no tienen autoridad moral&quot; -\" \/>\n<meta property=\"og:description\" content=\"Por Redacci\u00f3n QP Durante la &#8220;ma\u00f1anera&#8221; de este lunes, el Presidente de la rep\u00fablica critic\u00f3...\" \/>\n<meta property=\"og:url\" content=\"https:\/\/quehacerpolitico.mx\/?p=97860\" \/>\n<meta property=\"article:published_time\" content=\"2022-12-26T17:59:17+00:00\" \/>\n<meta property=\"article:modified_time\" content=\"2022-12-26T17:59:21+00:00\" \/>\n<meta property=\"og:image\" content=\"https:\/\/quehacerpolitico.mx\/wp-content\/uploads\/2022\/12\/AD4FEE74-925B-43F6-BCD5-2E18B042B3B6.jpeg\" \/>\n\t<meta property=\"og:image:width\" content=\"1284\" \/>\n\t<meta property=\"og:image:height\" content=\"682\" \/>\n\t<meta property=\"og:image:type\" content=\"image\/jpeg\" \/>\n<meta name=\"author\" content=\"Redacci\u00f3n QP\" \/>\n<meta name=\"twitter:card\" content=\"summary_large_image\" \/>\n<meta name=\"twitter:label1\" content=\"Escrito por\" \/>\n\t<meta name=\"twitter:data1\" content=\"Redacci\u00f3n QP\" \/>\n\t<meta name=\"twitter:label2\" content=\"Tiempo de lectura\" \/>\n\t<meta name=\"twitter:data2\" content=\"2 minutos\" \/>\n<script type=\"application\/ld+json\" class=\"yoast-schema-graph\">{\"@context\":\"https:\\\/\\\/schema.org\",\"@graph\":[{\"@type\":\"Article\",\"@id\":\"https:\\\/\\\/quehacerpolitico.mx\\\/?p=97860#article\",\"isPartOf\":{\"@id\":\"https:\\\/\\\/quehacerpolitico.mx\\\/?p=97860\"},\"author\":{\"name\":\"Redacci\u00f3n QP\",\"@id\":\"https:\\\/\\\/quehacerpolitico.mx\\\/#\\\/schema\\\/person\\\/496d8ad2d1d3f8036101dca7ee39e585\"},\"headline\":\"L\u00f3pez Obrador arremete contra periodistas y asegura que &#8220;no tienen autoridad moral&#8221;\",\"datePublished\":\"2022-12-26T17:59:17+00:00\",\"dateModified\":\"2022-12-26T17:59:21+00:00\",\"mainEntityOfPage\":{\"@id\":\"https:\\\/\\\/quehacerpolitico.mx\\\/?p=97860\"},\"wordCount\":355,\"commentCount\":0,\"image\":{\"@id\":\"https:\\\/\\\/quehacerpolitico.mx\\\/?p=97860#primaryimage\"},\"thumbnailUrl\":\"https:\\\/\\\/quehacerpolitico.mx\\\/wp-content\\\/uploads\\\/2022\\\/12\\\/AD4FEE74-925B-43F6-BCD5-2E18B042B3B6.jpeg\",\"articleSection\":[\"Noticias\"],\"inLanguage\":\"es\",\"potentialAction\":[{\"@type\":\"CommentAction\",\"name\":\"Comment\",\"target\":[\"https:\\\/\\\/quehacerpolitico.mx\\\/?p=97860#respond\"]}]},{\"@type\":\"WebPage\",\"@id\":\"https:\\\/\\\/quehacerpolitico.mx\\\/?p=97860\",\"url\":\"https:\\\/\\\/quehacerpolitico.mx\\\/?p=97860\",\"name\":\"L\u00f3pez Obrador arremete contra periodistas y asegura que \\\"no tienen autoridad moral\\\" -\",\"isPartOf\":{\"@id\":\"https:\\\/\\\/quehacerpolitico.mx\\\/#website\"},\"primaryImageOfPage\":{\"@id\":\"https:\\\/\\\/quehacerpolitico.mx\\\/?p=97860#primaryimage\"},\"image\":{\"@id\":\"https:\\\/\\\/quehacerpolitico.mx\\\/?p=97860#primaryimage\"},\"thumbnailUrl\":\"https:\\\/\\\/quehacerpolitico.mx\\\/wp-content\\\/uploads\\\/2022\\\/12\\\/AD4FEE74-925B-43F6-BCD5-2E18B042B3B6.jpeg\",\"datePublished\":\"2022-12-26T17:59:17+00:00\",\"dateModified\":\"2022-12-26T17:59:21+00:00\",\"author\":{\"@id\":\"https:\\\/\\\/quehacerpolitico.mx\\\/#\\\/schema\\\/person\\\/496d8ad2d1d3f8036101dca7ee39e585\"},\"breadcrumb\":{\"@id\":\"https:\\\/\\\/quehacerpolitico.mx\\\/?p=97860#breadcrumb\"},\"inLanguage\":\"es\",\"potentialAction\":[{\"@type\":\"ReadAction\",\"target\":[\"https:\\\/\\\/quehacerpolitico.mx\\\/?p=97860\"]}]},{\"@type\":\"ImageObject\",\"inLanguage\":\"es\",\"@id\":\"https:\\\/\\\/quehacerpolitico.mx\\\/?p=97860#primaryimage\",\"url\":\"https:\\\/\\\/quehacerpolitico.mx\\\/wp-content\\\/uploads\\\/2022\\\/12\\\/AD4FEE74-925B-43F6-BCD5-2E18B042B3B6.jpeg\",\"contentUrl\":\"https:\\\/\\\/quehacerpolitico.mx\\\/wp-content\\\/uploads\\\/2022\\\/12\\\/AD4FEE74-925B-43F6-BCD5-2E18B042B3B6.jpeg\",\"width\":1284,\"height\":682},{\"@type\":\"BreadcrumbList\",\"@id\":\"https:\\\/\\\/quehacerpolitico.mx\\\/?p=97860#breadcrumb\",\"itemListElement\":[{\"@type\":\"ListItem\",\"position\":1,\"name\":\"Inicio\",\"item\":\"https:\\\/\\\/quehacerpolitico.mx\\\/\"},{\"@type\":\"ListItem\",\"position\":2,\"name\":\"L\u00f3pez Obrador arremete contra periodistas y asegura que &#8220;no tienen autoridad moral&#8221;\"}]},{\"@type\":\"WebSite\",\"@id\":\"https:\\\/\\\/quehacerpolitico.mx\\\/#website\",\"url\":\"https:\\\/\\\/quehacerpolitico.mx\\\/\",\"name\":\"\",\"description\":\"\",\"potentialAction\":[{\"@type\":\"SearchAction\",\"target\":{\"@type\":\"EntryPoint\",\"urlTemplate\":\"https:\\\/\\\/quehacerpolitico.mx\\\/?s={search_term_string}\"},\"query-input\":{\"@type\":\"PropertyValueSpecification\",\"valueRequired\":true,\"valueName\":\"search_term_string\"}}],\"inLanguage\":\"es\"},{\"@type\":\"Person\",\"@id\":\"https:\\\/\\\/quehacerpolitico.mx\\\/#\\\/schema\\\/person\\\/496d8ad2d1d3f8036101dca7ee39e585\",\"name\":\"Redacci\u00f3n QP\",\"image\":{\"@type\":\"ImageObject\",\"inLanguage\":\"es\",\"@id\":\"https:\\\/\\\/secure.gravatar.com\\\/avatar\\\/c7164ed6fdec453195284ad24a5ae5b6e1eed2b848477fa2a4787ba9adf39a41?s=96&d=mm&r=g\",\"url\":\"https:\\\/\\\/secure.gravatar.com\\\/avatar\\\/c7164ed6fdec453195284ad24a5ae5b6e1eed2b848477fa2a4787ba9adf39a41?s=96&d=mm&r=g\",\"contentUrl\":\"https:\\\/\\\/secure.gravatar.com\\\/avatar\\\/c7164ed6fdec453195284ad24a5ae5b6e1eed2b848477fa2a4787ba9adf39a41?s=96&d=mm&r=g\",\"caption\":\"Redacci\u00f3n QP\"},\"url\":\"https:\\\/\\\/quehacerpolitico.mx\\\/?author=2\"}]}<\/script>\n<!-- \/ Yoast SEO plugin. -->","yoast_head_json":{"title":"L\u00f3pez Obrador arremete contra periodistas y asegura que \"no tienen autoridad moral\" -","robots":{"index":"index","follow":"follow","max-snippet":"max-snippet:-1","max-image-preview":"max-image-preview:large","max-video-preview":"max-video-preview:-1"},"canonical":"https:\/\/quehacerpolitico.mx\/?p=97860","og_locale":"es_MX","og_type":"article","og_title":"L\u00f3pez Obrador arremete contra periodistas y asegura que \"no tienen autoridad moral\" -","og_description":"Por Redacci\u00f3n QP Durante la &#8220;ma\u00f1anera&#8221; de este lunes, el Presidente de la rep\u00fablica critic\u00f3...","og_url":"https:\/\/quehacerpolitico.mx\/?p=97860","article_published_time":"2022-12-26T17:59:17+00:00","article_modified_time":"2022-12-26T17:59:21+00:00","og_image":[{"width":1284,"height":682,"url":"https:\/\/quehacerpolitico.mx\/wp-content\/uploads\/2022\/12\/AD4FEE74-925B-43F6-BCD5-2E18B042B3B6.jpeg","type":"image\/jpeg"}],"author":"Redacci\u00f3n QP","twitter_card":"summary_large_image","twitter_misc":{"Escrito por":"Redacci\u00f3n QP","Tiempo de lectura":"2 minutos"},"schema":{"@context":"https:\/\/schema.org","@graph":[{"@type":"Article","@id":"https:\/\/quehacerpolitico.mx\/?p=97860#article","isPartOf":{"@id":"https:\/\/quehacerpolitico.mx\/?p=97860"},"author":{"name":"Redacci\u00f3n QP","@id":"https:\/\/quehacerpolitico.mx\/#\/schema\/person\/496d8ad2d1d3f8036101dca7ee39e585"},"headline":"L\u00f3pez Obrador arremete contra periodistas y asegura que &#8220;no tienen autoridad moral&#8221;","datePublished":"2022-12-26T17:59:17+00:00","dateModified":"2022-12-26T17:59:21+00:00","mainEntityOfPage":{"@id":"https:\/\/quehacerpolitico.mx\/?p=97860"},"wordCount":355,"commentCount":0,"image":{"@id":"https:\/\/quehacerpolitico.mx\/?p=97860#primaryimage"},"thumbnailUrl":"https:\/\/quehacerpolitico.mx\/wp-content\/uploads\/2022\/12\/AD4FEE74-925B-43F6-BCD5-2E18B042B3B6.jpeg","articleSection":["Noticias"],"inLanguage":"es","potentialAction":[{"@type":"CommentAction","name":"Comment","target":["https:\/\/quehacerpolitico.mx\/?p=97860#respond"]}]},{"@type":"WebPage","@id":"https:\/\/quehacerpolitico.mx\/?p=97860","url":"https:\/\/quehacerpolitico.mx\/?p=97860","name":"L\u00f3pez Obrador arremete contra periodistas y asegura que \"no tienen autoridad moral\" -","isPartOf":{"@id":"https:\/\/quehacerpolitico.mx\/#website"},"primaryImageOfPage":{"@id":"https:\/\/quehacerpolitico.mx\/?p=97860#primaryimage"},"image":{"@id":"https:\/\/quehacerpolitico.mx\/?p=97860#primaryimage"},"thumbnailUrl":"https:\/\/quehacerpolitico.mx\/wp-content\/uploads\/2022\/12\/AD4FEE74-925B-43F6-BCD5-2E18B042B3B6.jpeg","datePublished":"2022-12-26T17:59:17+00:00","dateModified":"2022-12-26T17:59:21+00:00","author":{"@id":"https:\/\/quehacerpolitico.mx\/#\/schema\/person\/496d8ad2d1d3f8036101dca7ee39e585"},"breadcrumb":{"@id":"https:\/\/quehacerpolitico.mx\/?p=97860#breadcrumb"},"inLanguage":"es","potentialAction":[{"@type":"ReadAction","target":["https:\/\/quehacerpolitico.mx\/?p=97860"]}]},{"@type":"ImageObject","inLanguage":"es","@id":"https:\/\/quehacerpolitico.mx\/?p=97860#primaryimage","url":"https:\/\/quehacerpolitico.mx\/wp-content\/uploads\/2022\/12\/AD4FEE74-925B-43F6-BCD5-2E18B042B3B6.jpeg","contentUrl":"https:\/\/quehacerpolitico.mx\/wp-content\/uploads\/2022\/12\/AD4FEE74-925B-43F6-BCD5-2E18B042B3B6.jpeg","width":1284,"height":682},{"@type":"BreadcrumbList","@id":"https:\/\/quehacerpolitico.mx\/?p=97860#breadcrumb","itemListElement":[{"@type":"ListItem","position":1,"name":"Inicio","item":"https:\/\/quehacerpolitico.mx\/"},{"@type":"ListItem","position":2,"name":"L\u00f3pez Obrador arremete contra periodistas y asegura que &#8220;no tienen autoridad moral&#8221;"}]},{"@type":"WebSite","@id":"https:\/\/quehacerpolitico.mx\/#website","url":"https:\/\/quehacerpolitico.mx\/","name":"","description":"","potentialAction":[{"@type":"SearchAction","target":{"@type":"EntryPoint","urlTemplate":"https:\/\/quehacerpolitico.mx\/?s={search_term_string}"},"query-input":{"@type":"PropertyValueSpecification","valueRequired":true,"valueName":"search_term_string"}}],"inLanguage":"es"},{"@type":"Person","@id":"https:\/\/quehacerpolitico.mx\/#\/schema\/person\/496d8ad2d1d3f8036101dca7ee39e585","name":"Redacci\u00f3n QP","image":{"@type":"ImageObject","inLanguage":"es","@id":"https:\/\/secure.gravatar.com\/avatar\/c7164ed6fdec453195284ad24a5ae5b6e1eed2b848477fa2a4787ba9adf39a41?s=96&d=mm&r=g","url":"https:\/\/secure.gravatar.com\/avatar\/c7164ed6fdec453195284ad24a5ae5b6e1eed2b848477fa2a4787ba9adf39a41?s=96&d=mm&r=g","contentUrl":"https:\/\/secure.gravatar.com\/avatar\/c7164ed6fdec453195284ad24a5ae5b6e1eed2b848477fa2a4787ba9adf39a41?s=96&d=mm&r=g","caption":"Redacci\u00f3n QP"},"url":"https:\/\/quehacerpolitico.mx\/?author=2"}]}},"featured_image_urls":{"full":["https:\/\/quehacerpolitico.mx\/wp-content\/uploads\/2022\/12\/AD4FEE74-925B-43F6-BCD5-2E18B042B3B6.jpeg",1284,682,false],"thumbnail":["https:\/\/quehacerpolitico.mx\/wp-content\/uploads\/2022\/12\/AD4FEE74-925B-43F6-BCD5-2E18B042B3B6-150x150.jpeg",150,150,true],"medium":["https:\/\/quehacerpolitico.mx\/wp-content\/uploads\/2022\/12\/AD4FEE74-925B-43F6-BCD5-2E18B042B3B6-300x159.jpeg",300,159,true],"medium_large":["https:\/\/quehacerpolitico.mx\/wp-content\/uploads\/2022\/12\/AD4FEE74-925B-43F6-BCD5-2E18B042B3B6-768x408.jpeg",640,340,true],"large":["https:\/\/quehacerpolitico.mx\/wp-content\/uploads\/2022\/12\/AD4FEE74-925B-43F6-BCD5-2E18B042B3B6-1024x544.jpeg",640,340,true],"1536x1536":["https:\/\/quehacerpolitico.mx\/wp-content\/uploads\/2022\/12\/AD4FEE74-925B-43F6-BCD5-2E18B042B3B6.jpeg",1284,682,false],"2048x2048":["https:\/\/quehacerpolitico.mx\/wp-content\/uploads\/2022\/12\/AD4FEE74-925B-43F6-BCD5-2E18B042B3B6.jpeg",1284,682,false],"covernews-featured":["https:\/\/quehacerpolitico.mx\/wp-content\/uploads\/2022\/12\/AD4FEE74-925B-43F6-BCD5-2E18B042B3B6.jpeg",1024,544,false],"covernews-medium":["https:\/\/quehacerpolitico.mx\/wp-content\/uploads\/2022\/12\/AD4FEE74-925B-43F6-BCD5-2E18B042B3B6.jpeg",540,287,false]},"author_info":{"display_name":"Redacci\u00f3n QP","author_link":"https:\/\/quehacerpolitico.mx\/?author=2"},"category_info":"<a href=\"https:\/\/quehacerpolitico.mx\/?cat=2\" rel=\"category\">Noticias<\/a>","tag_info":"Noticias","comment_count":"0","_links":{"self":[{"href":"https:\/\/quehacerpolitico.mx\/index.php?rest_route=\/wp\/v2\/posts\/97860","targetHints":{"allow":["GET"]}}],"collection":[{"href":"https:\/\/quehacerpolitico.mx\/index.php?rest_route=\/wp\/v2\/posts"}],"about":[{"href":"https:\/\/quehacerpolitico.mx\/index.php?rest_route=\/wp\/v2\/types\/post"}],"author":[{"embeddable":true,"href":"https:\/\/quehacerpolitico.mx\/index.php?rest_route=\/wp\/v2\/users\/2"}],"replies":[{"embeddable":true,"href":"https:\/\/quehacerpolitico.mx\/index.php?rest_route=%2Fwp%2Fv2%2Fcomments&post=97860"}],"version-history":[{"count":1,"href":"https:\/\/quehacerpolitico.mx\/index.php?rest_route=\/wp\/v2\/posts\/97860\/revisions"}],"predecessor-version":[{"id":97862,"href":"https:\/\/quehacerpolitico.mx\/index.php?rest_route=\/wp\/v2\/posts\/97860\/revisions\/97862"}],"wp:featuredmedia":[{"embeddable":true,"href":"https:\/\/quehacerpolitico.mx\/index.php?rest_route=\/wp\/v2\/media\/97861"}],"wp:attachment":[{"href":"https:\/\/quehacerpolitico.mx\/index.php?rest_route=%2Fwp%2Fv2%2Fmedia&parent=97860"}],"wp:term":[{"taxonomy":"category","embeddable":true,"href":"https:\/\/quehacerpolitico.mx\/index.php?rest_route=%2Fwp%2Fv2%2Fcategories&post=97860"},{"taxonomy":"post_tag","embeddable":true,"href":"https:\/\/quehacerpolitico.mx\/index.php?rest_route=%2Fwp%2Fv2%2Ftags&post=97860"}],"curies":[{"name":"wp","href":"https:\/\/api.w.org\/{rel}","templated":true}]}}