{"id":97857,"date":"2022-12-26T17:44:44","date_gmt":"2022-12-26T17:44:44","guid":{"rendered":"https:\/\/quehacerpolitico.mx\/?p=97857"},"modified":"2022-12-26T17:44:48","modified_gmt":"2022-12-26T17:44:48","slug":"no-hay-duda-lopez-obrador-admite-coincidencias-en-tesis-de-ministra-yasmin-esquivel","status":"publish","type":"post","link":"https:\/\/quehacerpolitico.mx\/?p=97857","title":{"rendered":"No hay duda: L\u00f3pez Obrador admite &#8220;coincidencias&#8221; en tesis de ministra Yasm\u00edn Esquivel"},"content":{"rendered":"\n<p>Por Redacci\u00f3n QP<\/p>\n\n\n\n<p>El Presidente se\u00f1al\u00f3 durante la ma\u00f1anera que ahora la UNAM deber\u00e1 resolver cu\u00e1l es la original<\/p>\n\n\n\n<p>El presidente Andr\u00e9s Manuel Lopez Obrador refiri\u00f3 que no hay duda de que la tesis presentada por la ministra de la Suprema Corte de Justicia de la Naci\u00f3n (SCJN),\u00a0<strong>Yasm\u00edn Esquivel<\/strong>, es una copia de otra presentada un a\u00f1o antes, pero dijo que la Universidad Nacional Aut\u00f3noma de M\u00e9xico (UNAM) deber\u00e1 resolver cu\u00e1l es la original.<\/p>\n\n\n\n<p><strong>&#8220;S\u00ed hay coincidencias, de que es una copia, de eso no hay duda, lo que hay que ver es qui\u00e9n copi\u00f3 a qui\u00e9n,<\/strong>\u00a0qui\u00e9n plagi\u00f3 a qui\u00e9n y hacer la investigaci\u00f3n. Pero que bien que la UNAM va a resolver este asunto y se aclare, y\u00a0<strong>ojal\u00e1 lo haga pronto, antes del d\u00eda 2 (de enero)<\/strong>&#8220;, dijo L\u00f3pez Obrador en su conferencia ma\u00f1anera de este lunes en Palacio Nacional.<\/p>\n\n\n\n<figure class=\"wp-block-embed is-type-rich is-provider-twitter wp-block-embed-twitter\"><div class=\"wp-block-embed__wrapper\">\n<blockquote class=\"twitter-tweet\" data-width=\"550\" data-dnt=\"true\"><p lang=\"es\" dir=\"ltr\">\u00bfQui\u00e9n copi\u00f3 a qui\u00e9n? <br><br>El presidente est\u00e1 de acuerdo con que la UNAM investigue sobre la tesis de la ministra Yasmin Esquivel para saber la verdad del plagio. <a href=\"https:\/\/t.co\/O3J22kFneU\">pic.twitter.com\/O3J22kFneU<\/a><\/p>&mdash; Ruido en la Red (@RuidoEnLaRed) <a href=\"https:\/\/twitter.com\/RuidoEnLaRed\/status\/1607391339599237121?ref_src=twsrc%5Etfw\">December 26, 2022<\/a><\/blockquote><script async src=\"https:\/\/platform.twitter.com\/widgets.js\" charset=\"utf-8\"><\/script>\n<\/div><\/figure>\n\n\n\n<p>El Presidente se\u00f1al\u00f3 que la controversia que ha causado el presunto plagio de tesis de la ministra de la\u00a0SCJN es porque es af\u00edn a la transformaci\u00f3n del pa\u00eds.<\/p>\n\n\n\n<p>&#8220;El golpe a esta candidata tambi\u00e9n tiene que ver con nosotros, porque sostienen que es la candidata de nosotros, cosa que no es cierto, porque nosotros no tenemos candidatos, porque a nosotros no nos toca elegir, y porque somos respetuosos de la independencia del Poder Judicial&#8221;, declar\u00f3.<\/p>\n\n\n\n<p>L\u00f3pez Obrador se\u00f1al\u00f3 que\u00a0<strong>la oposici\u00f3n quiere que el presidente de la Corte &#8220;sea el ministro m\u00e1s rico&#8221; de los 11 que la conforman.<\/strong>\u00a0&#8220;\u00bfA qui\u00e9n quieren? No me voy a meter en eso, nada m\u00e1s les voy a decir que quieren al ministro m\u00e1s rico de todos, a ese quieren de presidente&#8221;.<\/p>\n\n\n\n<p>A\u00f1adi\u00f3 que existe miedo de que la ministra Yasm\u00edn Esquivel sea quien presida la SCJN porque suponen que es la candidata del gobierno que encabeza, ya que ha defendido temas que la oposici\u00f3n ha pedido que se declaren inconstitucionales.<\/p>\n\n\n\n<p>&#8220;Tienen miedo, mucho miedo los del conservadurismo y, sobre todo, los tranzas, de que ella quede de presidenta\u00a0<strong>porque es una mujer que est\u00e1 de acuerdo en la transformaci\u00f3n del pa\u00eds&#8221;.<\/strong><\/p>\n\n\n\n<figure class=\"wp-block-embed is-type-video is-provider-youtube wp-block-embed-youtube wp-embed-aspect-16-9 wp-has-aspect-ratio\"><div class=\"wp-block-embed__wrapper\">\n<iframe loading=\"lazy\" title=\"Elogia AMLO a Yasm\u00edn Esquivel y presume su apoyo a 4T\" width=\"640\" height=\"360\" src=\"https:\/\/www.youtube.com\/embed\/ChndalBWf5g?feature=oembed\" frameborder=\"0\" allow=\"accelerometer; autoplay; clipboard-write; encrypted-media; gyroscope; picture-in-picture; web-share\" referrerpolicy=\"strict-origin-when-cross-origin\" allowfullscreen><\/iframe>\n<\/div><\/figure>\n\n\n\n<p>&#8220;Cuando todos estaban en contra de la ley el\u00e9ctrica, ella defendi\u00f3 la postura nuestra y todo lo que quieren declarar como inconstitucional, todo lo que presentamos, ella ha votado, junto con la ministra Loretta Ortiz, y muy poquitos, pero ella ha sido muy consecuente&#8221;, dijo durante su\u00a0ma\u00f1anera  hoy.<\/p>\n\n\n\n<p>Con Informaci\u00f3n de SUN <\/p>\n","protected":false},"excerpt":{"rendered":"<p>Por Redacci\u00f3n QP El Presidente se\u00f1al\u00f3 durante la ma\u00f1anera que ahora la UNAM deber\u00e1 resolver&#8230;<\/p>\n","protected":false},"author":2,"featured_media":97858,"comment_status":"open","ping_status":"open","sticky":false,"template":"","format":"standard","meta":{"_monsterinsights_skip_tracking":false,"_monsterinsights_sitenote_active":false,"_monsterinsights_sitenote_note":"","_monsterinsights_sitenote_category":0,"footnotes":""},"categories":[2],"tags":[],"class_list":["post-97857","post","type-post","status-publish","format-standard","has-post-thumbnail","hentry","category-noticias"],"yoast_head":"<!-- This site is optimized with the Yoast SEO plugin v27.3 - https:\/\/yoast.com\/product\/yoast-seo-wordpress\/ -->\n<title>No hay duda: L\u00f3pez Obrador admite &quot;coincidencias&quot; en tesis de ministra Yasm\u00edn Esquivel -<\/title>\n<meta name=\"robots\" content=\"index, follow, max-snippet:-1, max-image-preview:large, max-video-preview:-1\" \/>\n<link rel=\"canonical\" href=\"https:\/\/quehacerpolitico.mx\/?p=97857\" \/>\n<meta property=\"og:locale\" content=\"es_MX\" \/>\n<meta property=\"og:type\" content=\"article\" \/>\n<meta property=\"og:title\" content=\"No hay duda: L\u00f3pez Obrador admite &quot;coincidencias&quot; en tesis de ministra Yasm\u00edn Esquivel -\" \/>\n<meta property=\"og:description\" content=\"Por Redacci\u00f3n QP El Presidente se\u00f1al\u00f3 durante la ma\u00f1anera que ahora la UNAM deber\u00e1 resolver...\" \/>\n<meta property=\"og:url\" content=\"https:\/\/quehacerpolitico.mx\/?p=97857\" \/>\n<meta property=\"article:published_time\" content=\"2022-12-26T17:44:44+00:00\" \/>\n<meta property=\"article:modified_time\" content=\"2022-12-26T17:44:48+00:00\" \/>\n<meta property=\"og:image\" content=\"https:\/\/quehacerpolitico.mx\/wp-content\/uploads\/2022\/12\/D911CF70-6781-4ABF-A60A-8E79754D410F.jpeg\" \/>\n\t<meta property=\"og:image:width\" content=\"1284\" \/>\n\t<meta property=\"og:image:height\" content=\"699\" \/>\n\t<meta property=\"og:image:type\" content=\"image\/jpeg\" \/>\n<meta name=\"author\" content=\"Redacci\u00f3n QP\" \/>\n<meta name=\"twitter:card\" content=\"summary_large_image\" \/>\n<meta name=\"twitter:label1\" content=\"Escrito por\" \/>\n\t<meta name=\"twitter:data1\" content=\"Redacci\u00f3n QP\" \/>\n\t<meta name=\"twitter:label2\" content=\"Tiempo de lectura\" \/>\n\t<meta name=\"twitter:data2\" content=\"2 minutos\" \/>\n<script type=\"application\/ld+json\" class=\"yoast-schema-graph\">{\"@context\":\"https:\\\/\\\/schema.org\",\"@graph\":[{\"@type\":\"Article\",\"@id\":\"https:\\\/\\\/quehacerpolitico.mx\\\/?p=97857#article\",\"isPartOf\":{\"@id\":\"https:\\\/\\\/quehacerpolitico.mx\\\/?p=97857\"},\"author\":{\"name\":\"Redacci\u00f3n QP\",\"@id\":\"https:\\\/\\\/quehacerpolitico.mx\\\/#\\\/schema\\\/person\\\/496d8ad2d1d3f8036101dca7ee39e585\"},\"headline\":\"No hay duda: L\u00f3pez Obrador admite &#8220;coincidencias&#8221; en tesis de ministra Yasm\u00edn Esquivel\",\"datePublished\":\"2022-12-26T17:44:44+00:00\",\"dateModified\":\"2022-12-26T17:44:48+00:00\",\"mainEntityOfPage\":{\"@id\":\"https:\\\/\\\/quehacerpolitico.mx\\\/?p=97857\"},\"wordCount\":464,\"commentCount\":0,\"image\":{\"@id\":\"https:\\\/\\\/quehacerpolitico.mx\\\/?p=97857#primaryimage\"},\"thumbnailUrl\":\"https:\\\/\\\/quehacerpolitico.mx\\\/wp-content\\\/uploads\\\/2022\\\/12\\\/D911CF70-6781-4ABF-A60A-8E79754D410F.jpeg\",\"articleSection\":[\"Noticias\"],\"inLanguage\":\"es\",\"potentialAction\":[{\"@type\":\"CommentAction\",\"name\":\"Comment\",\"target\":[\"https:\\\/\\\/quehacerpolitico.mx\\\/?p=97857#respond\"]}]},{\"@type\":\"WebPage\",\"@id\":\"https:\\\/\\\/quehacerpolitico.mx\\\/?p=97857\",\"url\":\"https:\\\/\\\/quehacerpolitico.mx\\\/?p=97857\",\"name\":\"No hay duda: L\u00f3pez Obrador admite \\\"coincidencias\\\" en tesis de ministra Yasm\u00edn Esquivel -\",\"isPartOf\":{\"@id\":\"https:\\\/\\\/quehacerpolitico.mx\\\/#website\"},\"primaryImageOfPage\":{\"@id\":\"https:\\\/\\\/quehacerpolitico.mx\\\/?p=97857#primaryimage\"},\"image\":{\"@id\":\"https:\\\/\\\/quehacerpolitico.mx\\\/?p=97857#primaryimage\"},\"thumbnailUrl\":\"https:\\\/\\\/quehacerpolitico.mx\\\/wp-content\\\/uploads\\\/2022\\\/12\\\/D911CF70-6781-4ABF-A60A-8E79754D410F.jpeg\",\"datePublished\":\"2022-12-26T17:44:44+00:00\",\"dateModified\":\"2022-12-26T17:44:48+00:00\",\"author\":{\"@id\":\"https:\\\/\\\/quehacerpolitico.mx\\\/#\\\/schema\\\/person\\\/496d8ad2d1d3f8036101dca7ee39e585\"},\"breadcrumb\":{\"@id\":\"https:\\\/\\\/quehacerpolitico.mx\\\/?p=97857#breadcrumb\"},\"inLanguage\":\"es\",\"potentialAction\":[{\"@type\":\"ReadAction\",\"target\":[\"https:\\\/\\\/quehacerpolitico.mx\\\/?p=97857\"]}]},{\"@type\":\"ImageObject\",\"inLanguage\":\"es\",\"@id\":\"https:\\\/\\\/quehacerpolitico.mx\\\/?p=97857#primaryimage\",\"url\":\"https:\\\/\\\/quehacerpolitico.mx\\\/wp-content\\\/uploads\\\/2022\\\/12\\\/D911CF70-6781-4ABF-A60A-8E79754D410F.jpeg\",\"contentUrl\":\"https:\\\/\\\/quehacerpolitico.mx\\\/wp-content\\\/uploads\\\/2022\\\/12\\\/D911CF70-6781-4ABF-A60A-8E79754D410F.jpeg\",\"width\":1284,\"height\":699},{\"@type\":\"BreadcrumbList\",\"@id\":\"https:\\\/\\\/quehacerpolitico.mx\\\/?p=97857#breadcrumb\",\"itemListElement\":[{\"@type\":\"ListItem\",\"position\":1,\"name\":\"Inicio\",\"item\":\"https:\\\/\\\/quehacerpolitico.mx\\\/\"},{\"@type\":\"ListItem\",\"position\":2,\"name\":\"No hay duda: L\u00f3pez Obrador admite &#8220;coincidencias&#8221; en tesis de ministra Yasm\u00edn Esquivel\"}]},{\"@type\":\"WebSite\",\"@id\":\"https:\\\/\\\/quehacerpolitico.mx\\\/#website\",\"url\":\"https:\\\/\\\/quehacerpolitico.mx\\\/\",\"name\":\"\",\"description\":\"\",\"potentialAction\":[{\"@type\":\"SearchAction\",\"target\":{\"@type\":\"EntryPoint\",\"urlTemplate\":\"https:\\\/\\\/quehacerpolitico.mx\\\/?s={search_term_string}\"},\"query-input\":{\"@type\":\"PropertyValueSpecification\",\"valueRequired\":true,\"valueName\":\"search_term_string\"}}],\"inLanguage\":\"es\"},{\"@type\":\"Person\",\"@id\":\"https:\\\/\\\/quehacerpolitico.mx\\\/#\\\/schema\\\/person\\\/496d8ad2d1d3f8036101dca7ee39e585\",\"name\":\"Redacci\u00f3n QP\",\"image\":{\"@type\":\"ImageObject\",\"inLanguage\":\"es\",\"@id\":\"https:\\\/\\\/secure.gravatar.com\\\/avatar\\\/c7164ed6fdec453195284ad24a5ae5b6e1eed2b848477fa2a4787ba9adf39a41?s=96&d=mm&r=g\",\"url\":\"https:\\\/\\\/secure.gravatar.com\\\/avatar\\\/c7164ed6fdec453195284ad24a5ae5b6e1eed2b848477fa2a4787ba9adf39a41?s=96&d=mm&r=g\",\"contentUrl\":\"https:\\\/\\\/secure.gravatar.com\\\/avatar\\\/c7164ed6fdec453195284ad24a5ae5b6e1eed2b848477fa2a4787ba9adf39a41?s=96&d=mm&r=g\",\"caption\":\"Redacci\u00f3n QP\"},\"url\":\"https:\\\/\\\/quehacerpolitico.mx\\\/?author=2\"}]}<\/script>\n<!-- \/ Yoast SEO plugin. -->","yoast_head_json":{"title":"No hay duda: L\u00f3pez Obrador admite \"coincidencias\" en tesis de ministra Yasm\u00edn Esquivel -","robots":{"index":"index","follow":"follow","max-snippet":"max-snippet:-1","max-image-preview":"max-image-preview:large","max-video-preview":"max-video-preview:-1"},"canonical":"https:\/\/quehacerpolitico.mx\/?p=97857","og_locale":"es_MX","og_type":"article","og_title":"No hay duda: L\u00f3pez Obrador admite \"coincidencias\" en tesis de ministra Yasm\u00edn Esquivel -","og_description":"Por Redacci\u00f3n QP El Presidente se\u00f1al\u00f3 durante la ma\u00f1anera que ahora la UNAM deber\u00e1 resolver...","og_url":"https:\/\/quehacerpolitico.mx\/?p=97857","article_published_time":"2022-12-26T17:44:44+00:00","article_modified_time":"2022-12-26T17:44:48+00:00","og_image":[{"width":1284,"height":699,"url":"https:\/\/quehacerpolitico.mx\/wp-content\/uploads\/2022\/12\/D911CF70-6781-4ABF-A60A-8E79754D410F.jpeg","type":"image\/jpeg"}],"author":"Redacci\u00f3n QP","twitter_card":"summary_large_image","twitter_misc":{"Escrito por":"Redacci\u00f3n QP","Tiempo de lectura":"2 minutos"},"schema":{"@context":"https:\/\/schema.org","@graph":[{"@type":"Article","@id":"https:\/\/quehacerpolitico.mx\/?p=97857#article","isPartOf":{"@id":"https:\/\/quehacerpolitico.mx\/?p=97857"},"author":{"name":"Redacci\u00f3n QP","@id":"https:\/\/quehacerpolitico.mx\/#\/schema\/person\/496d8ad2d1d3f8036101dca7ee39e585"},"headline":"No hay duda: L\u00f3pez Obrador admite &#8220;coincidencias&#8221; en tesis de ministra Yasm\u00edn Esquivel","datePublished":"2022-12-26T17:44:44+00:00","dateModified":"2022-12-26T17:44:48+00:00","mainEntityOfPage":{"@id":"https:\/\/quehacerpolitico.mx\/?p=97857"},"wordCount":464,"commentCount":0,"image":{"@id":"https:\/\/quehacerpolitico.mx\/?p=97857#primaryimage"},"thumbnailUrl":"https:\/\/quehacerpolitico.mx\/wp-content\/uploads\/2022\/12\/D911CF70-6781-4ABF-A60A-8E79754D410F.jpeg","articleSection":["Noticias"],"inLanguage":"es","potentialAction":[{"@type":"CommentAction","name":"Comment","target":["https:\/\/quehacerpolitico.mx\/?p=97857#respond"]}]},{"@type":"WebPage","@id":"https:\/\/quehacerpolitico.mx\/?p=97857","url":"https:\/\/quehacerpolitico.mx\/?p=97857","name":"No hay duda: L\u00f3pez Obrador admite \"coincidencias\" en tesis de ministra Yasm\u00edn Esquivel -","isPartOf":{"@id":"https:\/\/quehacerpolitico.mx\/#website"},"primaryImageOfPage":{"@id":"https:\/\/quehacerpolitico.mx\/?p=97857#primaryimage"},"image":{"@id":"https:\/\/quehacerpolitico.mx\/?p=97857#primaryimage"},"thumbnailUrl":"https:\/\/quehacerpolitico.mx\/wp-content\/uploads\/2022\/12\/D911CF70-6781-4ABF-A60A-8E79754D410F.jpeg","datePublished":"2022-12-26T17:44:44+00:00","dateModified":"2022-12-26T17:44:48+00:00","author":{"@id":"https:\/\/quehacerpolitico.mx\/#\/schema\/person\/496d8ad2d1d3f8036101dca7ee39e585"},"breadcrumb":{"@id":"https:\/\/quehacerpolitico.mx\/?p=97857#breadcrumb"},"inLanguage":"es","potentialAction":[{"@type":"ReadAction","target":["https:\/\/quehacerpolitico.mx\/?p=97857"]}]},{"@type":"ImageObject","inLanguage":"es","@id":"https:\/\/quehacerpolitico.mx\/?p=97857#primaryimage","url":"https:\/\/quehacerpolitico.mx\/wp-content\/uploads\/2022\/12\/D911CF70-6781-4ABF-A60A-8E79754D410F.jpeg","contentUrl":"https:\/\/quehacerpolitico.mx\/wp-content\/uploads\/2022\/12\/D911CF70-6781-4ABF-A60A-8E79754D410F.jpeg","width":1284,"height":699},{"@type":"BreadcrumbList","@id":"https:\/\/quehacerpolitico.mx\/?p=97857#breadcrumb","itemListElement":[{"@type":"ListItem","position":1,"name":"Inicio","item":"https:\/\/quehacerpolitico.mx\/"},{"@type":"ListItem","position":2,"name":"No hay duda: L\u00f3pez Obrador admite &#8220;coincidencias&#8221; en tesis de ministra Yasm\u00edn Esquivel"}]},{"@type":"WebSite","@id":"https:\/\/quehacerpolitico.mx\/#website","url":"https:\/\/quehacerpolitico.mx\/","name":"","description":"","potentialAction":[{"@type":"SearchAction","target":{"@type":"EntryPoint","urlTemplate":"https:\/\/quehacerpolitico.mx\/?s={search_term_string}"},"query-input":{"@type":"PropertyValueSpecification","valueRequired":true,"valueName":"search_term_string"}}],"inLanguage":"es"},{"@type":"Person","@id":"https:\/\/quehacerpolitico.mx\/#\/schema\/person\/496d8ad2d1d3f8036101dca7ee39e585","name":"Redacci\u00f3n QP","image":{"@type":"ImageObject","inLanguage":"es","@id":"https:\/\/secure.gravatar.com\/avatar\/c7164ed6fdec453195284ad24a5ae5b6e1eed2b848477fa2a4787ba9adf39a41?s=96&d=mm&r=g","url":"https:\/\/secure.gravatar.com\/avatar\/c7164ed6fdec453195284ad24a5ae5b6e1eed2b848477fa2a4787ba9adf39a41?s=96&d=mm&r=g","contentUrl":"https:\/\/secure.gravatar.com\/avatar\/c7164ed6fdec453195284ad24a5ae5b6e1eed2b848477fa2a4787ba9adf39a41?s=96&d=mm&r=g","caption":"Redacci\u00f3n QP"},"url":"https:\/\/quehacerpolitico.mx\/?author=2"}]}},"featured_image_urls":{"full":["https:\/\/quehacerpolitico.mx\/wp-content\/uploads\/2022\/12\/D911CF70-6781-4ABF-A60A-8E79754D410F.jpeg",1284,699,false],"thumbnail":["https:\/\/quehacerpolitico.mx\/wp-content\/uploads\/2022\/12\/D911CF70-6781-4ABF-A60A-8E79754D410F-150x150.jpeg",150,150,true],"medium":["https:\/\/quehacerpolitico.mx\/wp-content\/uploads\/2022\/12\/D911CF70-6781-4ABF-A60A-8E79754D410F-300x163.jpeg",300,163,true],"medium_large":["https:\/\/quehacerpolitico.mx\/wp-content\/uploads\/2022\/12\/D911CF70-6781-4ABF-A60A-8E79754D410F-768x418.jpeg",640,348,true],"large":["https:\/\/quehacerpolitico.mx\/wp-content\/uploads\/2022\/12\/D911CF70-6781-4ABF-A60A-8E79754D410F-1024x557.jpeg",640,348,true],"1536x1536":["https:\/\/quehacerpolitico.mx\/wp-content\/uploads\/2022\/12\/D911CF70-6781-4ABF-A60A-8E79754D410F.jpeg",1284,699,false],"2048x2048":["https:\/\/quehacerpolitico.mx\/wp-content\/uploads\/2022\/12\/D911CF70-6781-4ABF-A60A-8E79754D410F.jpeg",1284,699,false],"covernews-featured":["https:\/\/quehacerpolitico.mx\/wp-content\/uploads\/2022\/12\/D911CF70-6781-4ABF-A60A-8E79754D410F.jpeg",1024,557,false],"covernews-medium":["https:\/\/quehacerpolitico.mx\/wp-content\/uploads\/2022\/12\/D911CF70-6781-4ABF-A60A-8E79754D410F.jpeg",540,294,false]},"author_info":{"display_name":"Redacci\u00f3n QP","author_link":"https:\/\/quehacerpolitico.mx\/?author=2"},"category_info":"<a href=\"https:\/\/quehacerpolitico.mx\/?cat=2\" rel=\"category\">Noticias<\/a>","tag_info":"Noticias","comment_count":"0","_links":{"self":[{"href":"https:\/\/quehacerpolitico.mx\/index.php?rest_route=\/wp\/v2\/posts\/97857","targetHints":{"allow":["GET"]}}],"collection":[{"href":"https:\/\/quehacerpolitico.mx\/index.php?rest_route=\/wp\/v2\/posts"}],"about":[{"href":"https:\/\/quehacerpolitico.mx\/index.php?rest_route=\/wp\/v2\/types\/post"}],"author":[{"embeddable":true,"href":"https:\/\/quehacerpolitico.mx\/index.php?rest_route=\/wp\/v2\/users\/2"}],"replies":[{"embeddable":true,"href":"https:\/\/quehacerpolitico.mx\/index.php?rest_route=%2Fwp%2Fv2%2Fcomments&post=97857"}],"version-history":[{"count":1,"href":"https:\/\/quehacerpolitico.mx\/index.php?rest_route=\/wp\/v2\/posts\/97857\/revisions"}],"predecessor-version":[{"id":97859,"href":"https:\/\/quehacerpolitico.mx\/index.php?rest_route=\/wp\/v2\/posts\/97857\/revisions\/97859"}],"wp:featuredmedia":[{"embeddable":true,"href":"https:\/\/quehacerpolitico.mx\/index.php?rest_route=\/wp\/v2\/media\/97858"}],"wp:attachment":[{"href":"https:\/\/quehacerpolitico.mx\/index.php?rest_route=%2Fwp%2Fv2%2Fmedia&parent=97857"}],"wp:term":[{"taxonomy":"category","embeddable":true,"href":"https:\/\/quehacerpolitico.mx\/index.php?rest_route=%2Fwp%2Fv2%2Fcategories&post=97857"},{"taxonomy":"post_tag","embeddable":true,"href":"https:\/\/quehacerpolitico.mx\/index.php?rest_route=%2Fwp%2Fv2%2Ftags&post=97857"}],"curies":[{"name":"wp","href":"https:\/\/api.w.org\/{rel}","templated":true}]}}